{"id":104735,"date":"2024-07-08T07:37:19","date_gmt":"2024-07-08T10:37:19","guid":{"rendered":"https:\/\/www.noticiasradioreflejos.com.ar\/2021\/?p=104735"},"modified":"2024-07-08T07:37:19","modified_gmt":"2024-07-08T10:37:19","slug":"inflacion-julio-trajo-remarcaciones-y-una-aceleracion-de-precios-en-alimentos-y-bebidas","status":"publish","type":"post","link":"https:\/\/www.noticiasradioreflejos.com.ar\/2021\/inflacion-julio-trajo-remarcaciones-y-una-aceleracion-de-precios-en-alimentos-y-bebidas\/","title":{"rendered":"Inflaci\u00f3n: julio trajo remarcaciones y una aceleraci\u00f3n de precios en alimentos y bebidas"},"content":{"rendered":"<p>Los registros privados dan cuenta de un aumento que no se registraba desde mediados de marzo. \u00bfLe ponen un piso a la inflaci\u00f3n mensual?<!--more--><\/p>\n<div class=\"columns\" data-tadevel-template=\"web\/article-columns\">\n<div class=\"column-main\">\n<div class=\"article-body\" data-tadevel-template=\"web\/article-body\">\n<div class=\"article-body-content\">\n<p>La\u00a0inflaci\u00f3n de alimentos y bebidas se aceler\u00f3 al 1,8%\u00a0en la primera semana de julio, seg\u00fan el relevamiento de la consultora LCG.<\/p>\n<p>De esta forma,\u00a0marca una aceleraci\u00f3n de 1,2 puntos porcentuales respecto a la semana anterior y escala a 4,2% en las \u00faltimas 4 semanas.<\/p>\n<p>Para encontrar una semana mayor a un \u00edndice de 1,8% semanal hay que remontarse al 3,3% de la segunda semana de marzo.<\/p>\n<figure class=\"multimedia\" data-type=\"photo\" data-tadevel-template=\"web\/multimedia\">\n<div class=\"content\">\n<div class=\"sizer\" data-sizer=\"aspect-ratio\" data-tadevel-template=\"web\/aspect-ratio\">\n<div class=\"backdrop\" data-tadevel-template=\"web\/picture\"><\/div>\n<picture data-tadevel-template=\"web\/picture\"><source srcset=\"https:\/\/alpha-assets.tadevel-cdn.com\/6688616d1a018c1adc30a958\/180.webp 262w, https:\/\/alpha-assets.tadevel-cdn.com\/6688616d1a018c1adc30a958\/360.webp 523w, https:\/\/alpha-assets.tadevel-cdn.com\/6688616d1a018c1adc30a958\/720.webp 1047w\" type=\"image\/webp\" sizes=\"(min-device-width: 768px) 768px, 200px\" \/><source srcset=\"https:\/\/alpha-assets.tadevel-cdn.com\/6688616d1a018c1adc30a958\/720.jpeg 1047w\" type=\"image\/jpeg\" sizes=\"(min-device-width: 768px) 768px, 200px\" \/><\/picture>\n<div class=\"overlay\"><\/div>\n<p><a title=\"bebidas y alimentos\" href=\"https:\/\/www.flickr.com\/photos\/182279889@N02\/53842036747\/in\/dateposted-public\/\" data-flickr-embed=\"true\"><img loading=\"lazy\" decoding=\"async\" class=\"aligncenter\" src=\"https:\/\/live.staticflickr.com\/65535\/53842036747_490e96ca76_z.jpg\" alt=\"bebidas y alimentos\" width=\"640\" height=\"440\" \/><\/a><\/p>\n<p>En la primer semana de julio, la que adem\u00e1s coincide con una disparada de los tipos de cambio que puede haber llegado a tener alg\u00fan impacto, las principales alzas se dieron en Bebidas, Frutas y Verduras los que justifican el 66% del aumento.<\/p>\n<p>Un rubro sensible con gran peso en la dieta de los argentinos como es la Carne, moder\u00f3 el alza del \u00edndice con subas por pr\u00e1cticamente la mitad que el promedio general.<\/p>\n<p>En el comienzo del s\u00e9ptimo mes del a\u00f1o, 1 de cada 4 \u00a0productos relevados presentaron aumentos. Tambi\u00e9n se observ\u00f3 que los productos con ca\u00edda de precios tambi\u00e9n aumentaron llegando pr\u00e1cticamente a 1 de cada 5. Lo que advierte la heterogeneidad y el reacomodamiento de precios en diferentes rubros.<\/p>\n<p>Tanto la inflaci\u00f3n mensual promedio como la medici\u00f3n entre puntas volvieron a acelerarse, trepando a 4,2% y 4,9%, indica el informe.<\/p>\n<p><a title=\"indie\" href=\"https:\/\/www.flickr.com\/photos\/182279889@N02\/53842036752\/in\/dateposted-public\/\" data-flickr-embed=\"true\"><img loading=\"lazy\" decoding=\"async\" class=\"aligncenter\" src=\"https:\/\/live.staticflickr.com\/65535\/53842036752_baae61017a_z.jpg\" alt=\"indie\" width=\"640\" height=\"469\" \/><\/a><br \/>\nEn lo que respecta al 4,2% mensual y a pesar de la desaceleraci\u00f3n de esta semana en Carnes y L\u00e1cteos, estas categor\u00edas explican el 43% de la inflaci\u00f3n mensual de alimentos.<\/p>\n<p>No obstante la aceleraci\u00f3n inflacionaria en alimentos, de acuerdo con las consultoras participantes del Relevamiento de Expectativa Mercado, en julio la inflaci\u00f3n volver\u00e1 a perforar el piso del 5%, ya que en este mes no habr\u00e1 subas de tarifas.<\/p>\n<p>Los expertos consultados proyectaron un IPC del 4,8% para julio, del 4,7% para agosto, del 4,6% para septiembre, del 4,5% para octubre y del 4,4% para noviembre y diciembre.<\/p>\n<p>Dichos n\u00fameros son consistentes con el 130% de inflaci\u00f3n anual que proyecta terminar el Gobierno este 2024 y que figura en el Anteproyecto de Presupuesto 2025 enviado esta semana al Congreso. De esta forma, el oficialismo tambi\u00e9n espera niveles inflacionarios entre 4% y 5% para los meses que restan del a\u00f1o.<br \/>\n<strong><br \/>\nFuente NA<\/strong><\/p>\n<\/div>\n<\/div>\n<\/figure>\n<\/div>\n<\/div>\n<\/div>\n<\/div>\n","protected":false},"excerpt":{"rendered":"<p>Los registros privados dan cuenta de un aumento que no se registraba desde mediados de marzo. \u00bfLe ponen un piso a la inflaci\u00f3n mensual?<\/p>\n","protected":false},"author":3,"featured_media":99200,"comment_status":"closed","ping_status":"closed","sticky":false,"template":"","format":"standard","meta":{"footnotes":""},"categories":[36],"tags":[],"class_list":["post-104735","post","type-post","status-publish","format-standard","has-post-thumbnail","hentry","category-economia"],"yoast_head":"<!-- This site is optimized with the Yoast SEO plugin v25.9 - https:\/\/yoast.com\/wordpress\/plugins\/seo\/ -->\n<title>Inflaci\u00f3n: julio trajo remarcaciones y una aceleraci\u00f3n de precios en alimentos y bebidas - Noticias Radio Reflejos<\/title>\n<meta name=\"robots\" content=\"index, follow, max-snippet:-1, max-image-preview:large, max-video-preview:-1\" \/>\n<link rel=\"canonical\" href=\"https:\/\/www.noticiasradioreflejos.com.ar\/2021\/inflacion-julio-trajo-remarcaciones-y-una-aceleracion-de-precios-en-alimentos-y-bebidas\/\" \/>\n<meta property=\"og:locale\" content=\"es_ES\" \/>\n<meta property=\"og:type\" content=\"article\" \/>\n<meta property=\"og:title\" content=\"Inflaci\u00f3n: julio trajo remarcaciones y una aceleraci\u00f3n de precios en alimentos y bebidas - Noticias Radio Reflejos\" \/>\n<meta property=\"og:description\" content=\"Los registros privados dan cuenta de un aumento que no se registraba desde mediados de marzo. \u00bfLe ponen un piso a la inflaci\u00f3n mensual?\" \/>\n<meta property=\"og:url\" content=\"https:\/\/www.noticiasradioreflejos.com.ar\/2021\/inflacion-julio-trajo-remarcaciones-y-una-aceleracion-de-precios-en-alimentos-y-bebidas\/\" \/>\n<meta property=\"og:site_name\" content=\"Noticias Radio Reflejos\" \/>\n<meta property=\"article:published_time\" content=\"2024-07-08T10:37:19+00:00\" \/>\n<meta property=\"og:image\" content=\"https:\/\/www.noticiasradioreflejos.com.ar\/2021\/wp-content\/uploads\/2024\/02\/supermer.jpg\" \/>\n\t<meta property=\"og:image:width\" content=\"1200\" \/>\n\t<meta property=\"og:image:height\" content=\"675\" \/>\n\t<meta property=\"og:image:type\" content=\"image\/jpeg\" \/>\n<meta name=\"author\" content=\"Arnaldo Botto\" \/>\n<meta name=\"twitter:card\" content=\"summary_large_image\" \/>\n<script type=\"application\/ld+json\" class=\"yoast-schema-graph\">{\"@context\":\"https:\/\/schema.org\",\"@graph\":[{\"@type\":\"WebPage\",\"@id\":\"https:\/\/www.noticiasradioreflejos.com.ar\/2021\/inflacion-julio-trajo-remarcaciones-y-una-aceleracion-de-precios-en-alimentos-y-bebidas\/\",\"url\":\"https:\/\/www.noticiasradioreflejos.com.ar\/2021\/inflacion-julio-trajo-remarcaciones-y-una-aceleracion-de-precios-en-alimentos-y-bebidas\/\",\"name\":\"Inflaci\u00f3n: julio trajo remarcaciones y una aceleraci\u00f3n de precios en alimentos y bebidas - Noticias Radio Reflejos\",\"isPartOf\":{\"@id\":\"https:\/\/www.noticiasradioreflejos.com.ar\/2021\/#website\"},\"primaryImageOfPage\":{\"@id\":\"https:\/\/www.noticiasradioreflejos.com.ar\/2021\/inflacion-julio-trajo-remarcaciones-y-una-aceleracion-de-precios-en-alimentos-y-bebidas\/#primaryimage\"},\"image\":{\"@id\":\"https:\/\/www.noticiasradioreflejos.com.ar\/2021\/inflacion-julio-trajo-remarcaciones-y-una-aceleracion-de-precios-en-alimentos-y-bebidas\/#primaryimage\"},\"thumbnailUrl\":\"https:\/\/www.noticiasradioreflejos.com.ar\/2021\/wp-content\/uploads\/2024\/02\/supermer.jpg\",\"datePublished\":\"2024-07-08T10:37:19+00:00\",\"author\":{\"@id\":\"https:\/\/www.noticiasradioreflejos.com.ar\/2021\/#\/schema\/person\/ad82545263dcc5ec0996818884fd5fb1\"},\"breadcrumb\":{\"@id\":\"https:\/\/www.noticiasradioreflejos.com.ar\/2021\/inflacion-julio-trajo-remarcaciones-y-una-aceleracion-de-precios-en-alimentos-y-bebidas\/#breadcrumb\"},\"inLanguage\":\"es\",\"potentialAction\":[{\"@type\":\"ReadAction\",\"target\":[\"https:\/\/www.noticiasradioreflejos.com.ar\/2021\/inflacion-julio-trajo-remarcaciones-y-una-aceleracion-de-precios-en-alimentos-y-bebidas\/\"]}]},{\"@type\":\"ImageObject\",\"inLanguage\":\"es\",\"@id\":\"https:\/\/www.noticiasradioreflejos.com.ar\/2021\/inflacion-julio-trajo-remarcaciones-y-una-aceleracion-de-precios-en-alimentos-y-bebidas\/#primaryimage\",\"url\":\"https:\/\/www.noticiasradioreflejos.com.ar\/2021\/wp-content\/uploads\/2024\/02\/supermer.jpg\",\"contentUrl\":\"https:\/\/www.noticiasradioreflejos.com.ar\/2021\/wp-content\/uploads\/2024\/02\/supermer.jpg\",\"width\":1200,\"height\":675},{\"@type\":\"BreadcrumbList\",\"@id\":\"https:\/\/www.noticiasradioreflejos.com.ar\/2021\/inflacion-julio-trajo-remarcaciones-y-una-aceleracion-de-precios-en-alimentos-y-bebidas\/#breadcrumb\",\"itemListElement\":[{\"@type\":\"ListItem\",\"position\":1,\"name\":\"Portada\",\"item\":\"https:\/\/www.noticiasradioreflejos.com.ar\/2021\/\"},{\"@type\":\"ListItem\",\"position\":2,\"name\":\"Inflaci\u00f3n: julio trajo remarcaciones y una aceleraci\u00f3n de precios en alimentos y bebidas\"}]},{\"@type\":\"WebSite\",\"@id\":\"https:\/\/www.noticiasradioreflejos.com.ar\/2021\/#website\",\"url\":\"https:\/\/www.noticiasradioreflejos.com.ar\/2021\/\",\"name\":\"Noticias Radio Reflejos\",\"description\":\"Las noticias de mi comarca\",\"potentialAction\":[{\"@type\":\"SearchAction\",\"target\":{\"@type\":\"EntryPoint\",\"urlTemplate\":\"https:\/\/www.noticiasradioreflejos.com.ar\/2021\/?s={search_term_string}\"},\"query-input\":{\"@type\":\"PropertyValueSpecification\",\"valueRequired\":true,\"valueName\":\"search_term_string\"}}],\"inLanguage\":\"es\"},{\"@type\":\"Person\",\"@id\":\"https:\/\/www.noticiasradioreflejos.com.ar\/2021\/#\/schema\/person\/ad82545263dcc5ec0996818884fd5fb1\",\"name\":\"Arnaldo Botto\",\"image\":{\"@type\":\"ImageObject\",\"inLanguage\":\"es\",\"@id\":\"https:\/\/www.noticiasradioreflejos.com.ar\/2021\/#\/schema\/person\/image\/\",\"url\":\"https:\/\/secure.gravatar.com\/avatar\/55cb5e37c1efa326397366e6974cb338056df65cb50e7d64d1cf314e87504837?s=96&d=mm&r=g\",\"contentUrl\":\"https:\/\/secure.gravatar.com\/avatar\/55cb5e37c1efa326397366e6974cb338056df65cb50e7d64d1cf314e87504837?s=96&d=mm&r=g\",\"caption\":\"Arnaldo Botto\"},\"url\":\"https:\/\/www.noticiasradioreflejos.com.ar\/2021\/author\/arnaldo\/\"}]}<\/script>\n<!-- \/ Yoast SEO plugin. -->","yoast_head_json":{"title":"Inflaci\u00f3n: julio trajo remarcaciones y una aceleraci\u00f3n de precios en alimentos y bebidas - Noticias Radio Reflejos","robots":{"index":"index","follow":"follow","max-snippet":"max-snippet:-1","max-image-preview":"max-image-preview:large","max-video-preview":"max-video-preview:-1"},"canonical":"https:\/\/www.noticiasradioreflejos.com.ar\/2021\/inflacion-julio-trajo-remarcaciones-y-una-aceleracion-de-precios-en-alimentos-y-bebidas\/","og_locale":"es_ES","og_type":"article","og_title":"Inflaci\u00f3n: julio trajo remarcaciones y una aceleraci\u00f3n de precios en alimentos y bebidas - Noticias Radio Reflejos","og_description":"Los registros privados dan cuenta de un aumento que no se registraba desde mediados de marzo. \u00bfLe ponen un piso a la inflaci\u00f3n mensual?","og_url":"https:\/\/www.noticiasradioreflejos.com.ar\/2021\/inflacion-julio-trajo-remarcaciones-y-una-aceleracion-de-precios-en-alimentos-y-bebidas\/","og_site_name":"Noticias Radio Reflejos","article_published_time":"2024-07-08T10:37:19+00:00","og_image":[{"width":1200,"height":675,"url":"https:\/\/www.noticiasradioreflejos.com.ar\/2021\/wp-content\/uploads\/2024\/02\/supermer.jpg","type":"image\/jpeg"}],"author":"Arnaldo Botto","twitter_card":"summary_large_image","schema":{"@context":"https:\/\/schema.org","@graph":[{"@type":"WebPage","@id":"https:\/\/www.noticiasradioreflejos.com.ar\/2021\/inflacion-julio-trajo-remarcaciones-y-una-aceleracion-de-precios-en-alimentos-y-bebidas\/","url":"https:\/\/www.noticiasradioreflejos.com.ar\/2021\/inflacion-julio-trajo-remarcaciones-y-una-aceleracion-de-precios-en-alimentos-y-bebidas\/","name":"Inflaci\u00f3n: julio trajo remarcaciones y una aceleraci\u00f3n de precios en alimentos y bebidas - Noticias Radio Reflejos","isPartOf":{"@id":"https:\/\/www.noticiasradioreflejos.com.ar\/2021\/#website"},"primaryImageOfPage":{"@id":"https:\/\/www.noticiasradioreflejos.com.ar\/2021\/inflacion-julio-trajo-remarcaciones-y-una-aceleracion-de-precios-en-alimentos-y-bebidas\/#primaryimage"},"image":{"@id":"https:\/\/www.noticiasradioreflejos.com.ar\/2021\/inflacion-julio-trajo-remarcaciones-y-una-aceleracion-de-precios-en-alimentos-y-bebidas\/#primaryimage"},"thumbnailUrl":"https:\/\/www.noticiasradioreflejos.com.ar\/2021\/wp-content\/uploads\/2024\/02\/supermer.jpg","datePublished":"2024-07-08T10:37:19+00:00","author":{"@id":"https:\/\/www.noticiasradioreflejos.com.ar\/2021\/#\/schema\/person\/ad82545263dcc5ec0996818884fd5fb1"},"breadcrumb":{"@id":"https:\/\/www.noticiasradioreflejos.com.ar\/2021\/inflacion-julio-trajo-remarcaciones-y-una-aceleracion-de-precios-en-alimentos-y-bebidas\/#breadcrumb"},"inLanguage":"es","potentialAction":[{"@type":"ReadAction","target":["https:\/\/www.noticiasradioreflejos.com.ar\/2021\/inflacion-julio-trajo-remarcaciones-y-una-aceleracion-de-precios-en-alimentos-y-bebidas\/"]}]},{"@type":"ImageObject","inLanguage":"es","@id":"https:\/\/www.noticiasradioreflejos.com.ar\/2021\/inflacion-julio-trajo-remarcaciones-y-una-aceleracion-de-precios-en-alimentos-y-bebidas\/#primaryimage","url":"https:\/\/www.noticiasradioreflejos.com.ar\/2021\/wp-content\/uploads\/2024\/02\/supermer.jpg","contentUrl":"https:\/\/www.noticiasradioreflejos.com.ar\/2021\/wp-content\/uploads\/2024\/02\/supermer.jpg","width":1200,"height":675},{"@type":"BreadcrumbList","@id":"https:\/\/www.noticiasradioreflejos.com.ar\/2021\/inflacion-julio-trajo-remarcaciones-y-una-aceleracion-de-precios-en-alimentos-y-bebidas\/#breadcrumb","itemListElement":[{"@type":"ListItem","position":1,"name":"Portada","item":"https:\/\/www.noticiasradioreflejos.com.ar\/2021\/"},{"@type":"ListItem","position":2,"name":"Inflaci\u00f3n: julio trajo remarcaciones y una aceleraci\u00f3n de precios en alimentos y bebidas"}]},{"@type":"WebSite","@id":"https:\/\/www.noticiasradioreflejos.com.ar\/2021\/#website","url":"https:\/\/www.noticiasradioreflejos.com.ar\/2021\/","name":"Noticias Radio Reflejos","description":"Las noticias de mi comarca","potentialAction":[{"@type":"SearchAction","target":{"@type":"EntryPoint","urlTemplate":"https:\/\/www.noticiasradioreflejos.com.ar\/2021\/?s={search_term_string}"},"query-input":{"@type":"PropertyValueSpecification","valueRequired":true,"valueName":"search_term_string"}}],"inLanguage":"es"},{"@type":"Person","@id":"https:\/\/www.noticiasradioreflejos.com.ar\/2021\/#\/schema\/person\/ad82545263dcc5ec0996818884fd5fb1","name":"Arnaldo Botto","image":{"@type":"ImageObject","inLanguage":"es","@id":"https:\/\/www.noticiasradioreflejos.com.ar\/2021\/#\/schema\/person\/image\/","url":"https:\/\/secure.gravatar.com\/avatar\/55cb5e37c1efa326397366e6974cb338056df65cb50e7d64d1cf314e87504837?s=96&d=mm&r=g","contentUrl":"https:\/\/secure.gravatar.com\/avatar\/55cb5e37c1efa326397366e6974cb338056df65cb50e7d64d1cf314e87504837?s=96&d=mm&r=g","caption":"Arnaldo Botto"},"url":"https:\/\/www.noticiasradioreflejos.com.ar\/2021\/author\/arnaldo\/"}]}},"_links":{"self":[{"href":"https:\/\/www.noticiasradioreflejos.com.ar\/2021\/wp-json\/wp\/v2\/posts\/104735","targetHints":{"allow":["GET"]}}],"collection":[{"href":"https:\/\/www.noticiasradioreflejos.com.ar\/2021\/wp-json\/wp\/v2\/posts"}],"about":[{"href":"https:\/\/www.noticiasradioreflejos.com.ar\/2021\/wp-json\/wp\/v2\/types\/post"}],"author":[{"embeddable":true,"href":"https:\/\/www.noticiasradioreflejos.com.ar\/2021\/wp-json\/wp\/v2\/users\/3"}],"replies":[{"embeddable":true,"href":"https:\/\/www.noticiasradioreflejos.com.ar\/2021\/wp-json\/wp\/v2\/comments?post=104735"}],"version-history":[{"count":1,"href":"https:\/\/www.noticiasradioreflejos.com.ar\/2021\/wp-json\/wp\/v2\/posts\/104735\/revisions"}],"predecessor-version":[{"id":104736,"href":"https:\/\/www.noticiasradioreflejos.com.ar\/2021\/wp-json\/wp\/v2\/posts\/104735\/revisions\/104736"}],"wp:featuredmedia":[{"embeddable":true,"href":"https:\/\/www.noticiasradioreflejos.com.ar\/2021\/wp-json\/wp\/v2\/media\/99200"}],"wp:attachment":[{"href":"https:\/\/www.noticiasradioreflejos.com.ar\/2021\/wp-json\/wp\/v2\/media?parent=104735"}],"wp:term":[{"taxonomy":"category","embeddable":true,"href":"https:\/\/www.noticiasradioreflejos.com.ar\/2021\/wp-json\/wp\/v2\/categories?post=104735"},{"taxonomy":"post_tag","embeddable":true,"href":"https:\/\/www.noticiasradioreflejos.com.ar\/2021\/wp-json\/wp\/v2\/tags?post=104735"}],"curies":[{"name":"wp","href":"https:\/\/api.w.org\/{rel}","templated":true}]}}