{"id":104710,"date":"2024-07-06T10:31:38","date_gmt":"2024-07-06T13:31:38","guid":{"rendered":"https:\/\/www.noticiasradioreflejos.com.ar\/2021\/?p=104710"},"modified":"2024-07-06T10:32:58","modified_gmt":"2024-07-06T13:32:58","slug":"prision-preventiva-para-laudelina-la-tia-de-loan-quedo-detenida-por-participar-de-la-sustraccion-y-ocultamiento","status":"publish","type":"post","link":"https:\/\/www.noticiasradioreflejos.com.ar\/2021\/prision-preventiva-para-laudelina-la-tia-de-loan-quedo-detenida-por-participar-de-la-sustraccion-y-ocultamiento\/","title":{"rendered":"Prisi\u00f3n preventiva para Laudelina: la t\u00eda de Loan qued\u00f3 detenida por participar de la sustracci\u00f3n y ocultamiento"},"content":{"rendered":"<p>La mujer declar\u00f3 durante varias horas frente a los fiscales y se dictamin\u00f3 sus inapropiadas conductas en el caso.<br \/>\n<!--more--><\/p>\n<p>Laudelina, la t\u00eda de Loan Danilo Pe\u00f1a, qued\u00f3 detenida luego de que le hayan dictaminado la prisi\u00f3n preventiva. Este viernes la mujer fue imputada en la causa por la desaparici\u00f3n de su sobrino.<\/p>\n<p>Seg\u00fan pudo saber Noticias Argentinas, la Justicia Federal la imput\u00f3 por \u201csustracci\u00f3n, alteraci\u00f3n de evidencias del caso, ocultamiento de Loan y por tener un rol activo en esos delitos\u201d.<\/p>\n<p>\u00abEl Juzgado Federal de Goya tom\u00f3 esta tarde-noche orden\u00f3 la detenci\u00f3n provisoria de Laudelina Pe\u00f1a tras tomarle declaraci\u00f3n indagatoria por su presunta participaci\u00f3n en la sustracci\u00f3n y el ocultamiento de su sobrino de cinco a\u00f1os de edad y en la alteraci\u00f3n de evidencia del caso. El llamado a declaraci\u00f3n indagatoria de la mujer fue propiciado por el Ministerio P\u00fablico Fiscal\u00bb, informaron a este medio desde el MPF.<\/p>\n<p>La imputaci\u00f3n a la t\u00eda de Loan fue realizada por el fiscal federal de Goya, Mariano de Guzm\u00e1n, y la Procuradur\u00eda de Trata y Explotaci\u00f3n de Personas (PROTEX), quienes hab\u00edan reiterado este jueves la solicitud de que se convoque a Laudelina a prestar declaraci\u00f3n indagatoria.<\/p>\n<p>\u201cEn esa presentaci\u00f3n, ampliaron los fundamentos explicando que en el caso se han incorporado nuevos elementos de prueba que resultan cruciales para el avance de la causa, inclusive por fuera de la declaraci\u00f3n prestada por la mujer en el fuero provincial, y que la ubican como una persona de especial inter\u00e9s para la investigaci\u00f3n, con un claro rol activo\u201d, detallaron.<\/p>\n<p>Para la fiscal\u00eda \u201chay motivos suficientes para sospechar que la conducta imputada a Pe\u00f1a se corresponde, en principio, con su posible participaci\u00f3n en una maniobra de sustracci\u00f3n y ocultamiento del ni\u00f1o, sin perder de vista que el hecho imputado podr\u00eda haber sucedido en un contexto de criminalidad organizada o compleja, y como parte de un supuesto enmarcado en un delito federal\u201d.<\/p>\n<p>Fue este viernes al mediod\u00eda cuando la acusada arrib\u00f3 al Juzgado Federal de Goya donde dio testimonio durante varias horas en el caso que lleva m\u00e1s de tres semanas.<\/p>\n<p>Se inform\u00f3 adem\u00e1s que, durante su declaraci\u00f3n, respondi\u00f3 m\u00e1s de 60 preguntas.<\/p>\n<p>Aunque no hay informaci\u00f3n certera hasta el momento, se estima que ser\u00e1 trasladada a un penal federal en las pr\u00f3ximas horas.<\/p>\n<p>Desde el MPF tambi\u00e9n indicaron en el comunicado que, con la intervenci\u00f3n del Programa Nacional de Rescate y Acompa\u00f1amiento de V\u00edctimas Damnificadas por el Delito de Trata de Personas, se permanecer\u00e1 asistiendo a la familia de Loan.<\/p>\n<p>Asimismo, desde el Instituto M\u00e9dico Forense del Poder Judicial de Corrientes, tambi\u00e9n se llev\u00f3 a cabo hoy un procedimiento en la vivienda del ni\u00f1o, en el que se obtuvieron muestras gen\u00e9ticas del grupo familiar.<\/p>\n<p>Hace una semana, la mujer hab\u00eda dicho frente a un fiscal provincial, el cual no tenia fuero en el caso, que el menor fue atropellado y enterrado por el matrimonio detenido el 13 de junio cuando desapareci\u00f3 en 9 de Julio.<\/p>\n<p>Esta declaraci\u00f3n provoc\u00f3 un giro sorpresivo en la causa y que conllev\u00f3 a la realizaci\u00f3n de diversas pericias.<\/p>\n<p>En este sentido, una de las ruedas de la camioneta de Mar\u00eda Victoria Caillava y Carlos P\u00e9rez dio positivo de luminol.<\/p>\n<p>Asimismo, se hallaron manchas hem\u00e1ticas y el paragolpes est\u00e1 hundido y tiene \u201cadherencia de sustancias rojas\u201d.<\/p>\n<p>&nbsp;<\/p>\n<p>&nbsp;<\/p>\n<p><em><strong>Fuente NA<\/strong><\/em><\/p>\n","protected":false},"excerpt":{"rendered":"<p>La mujer declar\u00f3 durante varias horas frente a los fiscales y se dictamin\u00f3 sus inapropiadas conductas en el caso.<\/p>\n","protected":false},"author":3,"featured_media":0,"comment_status":"closed","ping_status":"closed","sticky":false,"template":"","format":"standard","meta":{"footnotes":""},"categories":[57,29],"tags":[],"class_list":["post-104710","post","type-post","status-publish","format-standard","hentry","category-judiciales","category-policiales"],"yoast_head":"<!-- This site is optimized with the Yoast SEO plugin v25.9 - https:\/\/yoast.com\/wordpress\/plugins\/seo\/ -->\n<title>Prisi\u00f3n preventiva para Laudelina: la t\u00eda de Loan qued\u00f3 detenida por participar de la sustracci\u00f3n y ocultamiento - Noticias Radio Reflejos<\/title>\n<meta name=\"robots\" content=\"index, follow, max-snippet:-1, max-image-preview:large, max-video-preview:-1\" \/>\n<link rel=\"canonical\" href=\"https:\/\/www.noticiasradioreflejos.com.ar\/2021\/prision-preventiva-para-laudelina-la-tia-de-loan-quedo-detenida-por-participar-de-la-sustraccion-y-ocultamiento\/\" \/>\n<meta property=\"og:locale\" content=\"es_ES\" \/>\n<meta property=\"og:type\" content=\"article\" \/>\n<meta property=\"og:title\" content=\"Prisi\u00f3n preventiva para Laudelina: la t\u00eda de Loan qued\u00f3 detenida por participar de la sustracci\u00f3n y ocultamiento - Noticias Radio Reflejos\" \/>\n<meta property=\"og:description\" content=\"La mujer declar\u00f3 durante varias horas frente a los fiscales y se dictamin\u00f3 sus inapropiadas conductas en el caso.\" \/>\n<meta property=\"og:url\" content=\"https:\/\/www.noticiasradioreflejos.com.ar\/2021\/prision-preventiva-para-laudelina-la-tia-de-loan-quedo-detenida-por-participar-de-la-sustraccion-y-ocultamiento\/\" \/>\n<meta property=\"og:site_name\" content=\"Noticias Radio Reflejos\" \/>\n<meta property=\"article:published_time\" content=\"2024-07-06T13:31:38+00:00\" \/>\n<meta property=\"article:modified_time\" content=\"2024-07-06T13:32:58+00:00\" \/>\n<meta property=\"og:image\" content=\"https:\/\/www.noticiasradioreflejos.com.ar\/2021\/wp-content\/uploads\/2024\/07\/loan-laudelina.jpg\" \/>\n\t<meta property=\"og:image:width\" content=\"640\" \/>\n\t<meta property=\"og:image:height\" content=\"360\" \/>\n\t<meta property=\"og:image:type\" content=\"image\/jpeg\" \/>\n<meta name=\"author\" content=\"Arnaldo Botto\" \/>\n<meta name=\"twitter:card\" content=\"summary_large_image\" \/>\n<script type=\"application\/ld+json\" class=\"yoast-schema-graph\">{\"@context\":\"https:\/\/schema.org\",\"@graph\":[{\"@type\":\"WebPage\",\"@id\":\"https:\/\/www.noticiasradioreflejos.com.ar\/2021\/prision-preventiva-para-laudelina-la-tia-de-loan-quedo-detenida-por-participar-de-la-sustraccion-y-ocultamiento\/\",\"url\":\"https:\/\/www.noticiasradioreflejos.com.ar\/2021\/prision-preventiva-para-laudelina-la-tia-de-loan-quedo-detenida-por-participar-de-la-sustraccion-y-ocultamiento\/\",\"name\":\"Prisi\u00f3n preventiva para Laudelina: la t\u00eda de Loan qued\u00f3 detenida por participar de la sustracci\u00f3n y ocultamiento - Noticias Radio Reflejos\",\"isPartOf\":{\"@id\":\"https:\/\/www.noticiasradioreflejos.com.ar\/2021\/#website\"},\"datePublished\":\"2024-07-06T13:31:38+00:00\",\"dateModified\":\"2024-07-06T13:32:58+00:00\",\"author\":{\"@id\":\"https:\/\/www.noticiasradioreflejos.com.ar\/2021\/#\/schema\/person\/ad82545263dcc5ec0996818884fd5fb1\"},\"breadcrumb\":{\"@id\":\"https:\/\/www.noticiasradioreflejos.com.ar\/2021\/prision-preventiva-para-laudelina-la-tia-de-loan-quedo-detenida-por-participar-de-la-sustraccion-y-ocultamiento\/#breadcrumb\"},\"inLanguage\":\"es\",\"potentialAction\":[{\"@type\":\"ReadAction\",\"target\":[\"https:\/\/www.noticiasradioreflejos.com.ar\/2021\/prision-preventiva-para-laudelina-la-tia-de-loan-quedo-detenida-por-participar-de-la-sustraccion-y-ocultamiento\/\"]}]},{\"@type\":\"BreadcrumbList\",\"@id\":\"https:\/\/www.noticiasradioreflejos.com.ar\/2021\/prision-preventiva-para-laudelina-la-tia-de-loan-quedo-detenida-por-participar-de-la-sustraccion-y-ocultamiento\/#breadcrumb\",\"itemListElement\":[{\"@type\":\"ListItem\",\"position\":1,\"name\":\"Portada\",\"item\":\"https:\/\/www.noticiasradioreflejos.com.ar\/2021\/\"},{\"@type\":\"ListItem\",\"position\":2,\"name\":\"Prisi\u00f3n preventiva para Laudelina: la t\u00eda de Loan qued\u00f3 detenida por participar de la sustracci\u00f3n y ocultamiento\"}]},{\"@type\":\"WebSite\",\"@id\":\"https:\/\/www.noticiasradioreflejos.com.ar\/2021\/#website\",\"url\":\"https:\/\/www.noticiasradioreflejos.com.ar\/2021\/\",\"name\":\"Noticias Radio Reflejos\",\"description\":\"Las noticias de mi comarca\",\"potentialAction\":[{\"@type\":\"SearchAction\",\"target\":{\"@type\":\"EntryPoint\",\"urlTemplate\":\"https:\/\/www.noticiasradioreflejos.com.ar\/2021\/?s={search_term_string}\"},\"query-input\":{\"@type\":\"PropertyValueSpecification\",\"valueRequired\":true,\"valueName\":\"search_term_string\"}}],\"inLanguage\":\"es\"},{\"@type\":\"Person\",\"@id\":\"https:\/\/www.noticiasradioreflejos.com.ar\/2021\/#\/schema\/person\/ad82545263dcc5ec0996818884fd5fb1\",\"name\":\"Arnaldo Botto\",\"image\":{\"@type\":\"ImageObject\",\"inLanguage\":\"es\",\"@id\":\"https:\/\/www.noticiasradioreflejos.com.ar\/2021\/#\/schema\/person\/image\/\",\"url\":\"https:\/\/secure.gravatar.com\/avatar\/55cb5e37c1efa326397366e6974cb338056df65cb50e7d64d1cf314e87504837?s=96&d=mm&r=g\",\"contentUrl\":\"https:\/\/secure.gravatar.com\/avatar\/55cb5e37c1efa326397366e6974cb338056df65cb50e7d64d1cf314e87504837?s=96&d=mm&r=g\",\"caption\":\"Arnaldo Botto\"},\"url\":\"https:\/\/www.noticiasradioreflejos.com.ar\/2021\/author\/arnaldo\/\"}]}<\/script>\n<!-- \/ Yoast SEO plugin. -->","yoast_head_json":{"title":"Prisi\u00f3n preventiva para Laudelina: la t\u00eda de Loan qued\u00f3 detenida por participar de la sustracci\u00f3n y ocultamiento - Noticias Radio Reflejos","robots":{"index":"index","follow":"follow","max-snippet":"max-snippet:-1","max-image-preview":"max-image-preview:large","max-video-preview":"max-video-preview:-1"},"canonical":"https:\/\/www.noticiasradioreflejos.com.ar\/2021\/prision-preventiva-para-laudelina-la-tia-de-loan-quedo-detenida-por-participar-de-la-sustraccion-y-ocultamiento\/","og_locale":"es_ES","og_type":"article","og_title":"Prisi\u00f3n preventiva para Laudelina: la t\u00eda de Loan qued\u00f3 detenida por participar de la sustracci\u00f3n y ocultamiento - Noticias Radio Reflejos","og_description":"La mujer declar\u00f3 durante varias horas frente a los fiscales y se dictamin\u00f3 sus inapropiadas conductas en el caso.","og_url":"https:\/\/www.noticiasradioreflejos.com.ar\/2021\/prision-preventiva-para-laudelina-la-tia-de-loan-quedo-detenida-por-participar-de-la-sustraccion-y-ocultamiento\/","og_site_name":"Noticias Radio Reflejos","article_published_time":"2024-07-06T13:31:38+00:00","article_modified_time":"2024-07-06T13:32:58+00:00","og_image":[{"width":640,"height":360,"url":"https:\/\/www.noticiasradioreflejos.com.ar\/2021\/wp-content\/uploads\/2024\/07\/loan-laudelina.jpg","type":"image\/jpeg"}],"author":"Arnaldo Botto","twitter_card":"summary_large_image","schema":{"@context":"https:\/\/schema.org","@graph":[{"@type":"WebPage","@id":"https:\/\/www.noticiasradioreflejos.com.ar\/2021\/prision-preventiva-para-laudelina-la-tia-de-loan-quedo-detenida-por-participar-de-la-sustraccion-y-ocultamiento\/","url":"https:\/\/www.noticiasradioreflejos.com.ar\/2021\/prision-preventiva-para-laudelina-la-tia-de-loan-quedo-detenida-por-participar-de-la-sustraccion-y-ocultamiento\/","name":"Prisi\u00f3n preventiva para Laudelina: la t\u00eda de Loan qued\u00f3 detenida por participar de la sustracci\u00f3n y ocultamiento - Noticias Radio Reflejos","isPartOf":{"@id":"https:\/\/www.noticiasradioreflejos.com.ar\/2021\/#website"},"datePublished":"2024-07-06T13:31:38+00:00","dateModified":"2024-07-06T13:32:58+00:00","author":{"@id":"https:\/\/www.noticiasradioreflejos.com.ar\/2021\/#\/schema\/person\/ad82545263dcc5ec0996818884fd5fb1"},"breadcrumb":{"@id":"https:\/\/www.noticiasradioreflejos.com.ar\/2021\/prision-preventiva-para-laudelina-la-tia-de-loan-quedo-detenida-por-participar-de-la-sustraccion-y-ocultamiento\/#breadcrumb"},"inLanguage":"es","potentialAction":[{"@type":"ReadAction","target":["https:\/\/www.noticiasradioreflejos.com.ar\/2021\/prision-preventiva-para-laudelina-la-tia-de-loan-quedo-detenida-por-participar-de-la-sustraccion-y-ocultamiento\/"]}]},{"@type":"BreadcrumbList","@id":"https:\/\/www.noticiasradioreflejos.com.ar\/2021\/prision-preventiva-para-laudelina-la-tia-de-loan-quedo-detenida-por-participar-de-la-sustraccion-y-ocultamiento\/#breadcrumb","itemListElement":[{"@type":"ListItem","position":1,"name":"Portada","item":"https:\/\/www.noticiasradioreflejos.com.ar\/2021\/"},{"@type":"ListItem","position":2,"name":"Prisi\u00f3n preventiva para Laudelina: la t\u00eda de Loan qued\u00f3 detenida por participar de la sustracci\u00f3n y ocultamiento"}]},{"@type":"WebSite","@id":"https:\/\/www.noticiasradioreflejos.com.ar\/2021\/#website","url":"https:\/\/www.noticiasradioreflejos.com.ar\/2021\/","name":"Noticias Radio Reflejos","description":"Las noticias de mi comarca","potentialAction":[{"@type":"SearchAction","target":{"@type":"EntryPoint","urlTemplate":"https:\/\/www.noticiasradioreflejos.com.ar\/2021\/?s={search_term_string}"},"query-input":{"@type":"PropertyValueSpecification","valueRequired":true,"valueName":"search_term_string"}}],"inLanguage":"es"},{"@type":"Person","@id":"https:\/\/www.noticiasradioreflejos.com.ar\/2021\/#\/schema\/person\/ad82545263dcc5ec0996818884fd5fb1","name":"Arnaldo Botto","image":{"@type":"ImageObject","inLanguage":"es","@id":"https:\/\/www.noticiasradioreflejos.com.ar\/2021\/#\/schema\/person\/image\/","url":"https:\/\/secure.gravatar.com\/avatar\/55cb5e37c1efa326397366e6974cb338056df65cb50e7d64d1cf314e87504837?s=96&d=mm&r=g","contentUrl":"https:\/\/secure.gravatar.com\/avatar\/55cb5e37c1efa326397366e6974cb338056df65cb50e7d64d1cf314e87504837?s=96&d=mm&r=g","caption":"Arnaldo Botto"},"url":"https:\/\/www.noticiasradioreflejos.com.ar\/2021\/author\/arnaldo\/"}]}},"_links":{"self":[{"href":"https:\/\/www.noticiasradioreflejos.com.ar\/2021\/wp-json\/wp\/v2\/posts\/104710","targetHints":{"allow":["GET"]}}],"collection":[{"href":"https:\/\/www.noticiasradioreflejos.com.ar\/2021\/wp-json\/wp\/v2\/posts"}],"about":[{"href":"https:\/\/www.noticiasradioreflejos.com.ar\/2021\/wp-json\/wp\/v2\/types\/post"}],"author":[{"embeddable":true,"href":"https:\/\/www.noticiasradioreflejos.com.ar\/2021\/wp-json\/wp\/v2\/users\/3"}],"replies":[{"embeddable":true,"href":"https:\/\/www.noticiasradioreflejos.com.ar\/2021\/wp-json\/wp\/v2\/comments?post=104710"}],"version-history":[{"count":2,"href":"https:\/\/www.noticiasradioreflejos.com.ar\/2021\/wp-json\/wp\/v2\/posts\/104710\/revisions"}],"predecessor-version":[{"id":104713,"href":"https:\/\/www.noticiasradioreflejos.com.ar\/2021\/wp-json\/wp\/v2\/posts\/104710\/revisions\/104713"}],"wp:attachment":[{"href":"https:\/\/www.noticiasradioreflejos.com.ar\/2021\/wp-json\/wp\/v2\/media?parent=104710"}],"wp:term":[{"taxonomy":"category","embeddable":true,"href":"https:\/\/www.noticiasradioreflejos.com.ar\/2021\/wp-json\/wp\/v2\/categories?post=104710"},{"taxonomy":"post_tag","embeddable":true,"href":"https:\/\/www.noticiasradioreflejos.com.ar\/2021\/wp-json\/wp\/v2\/tags?post=104710"}],"curies":[{"name":"wp","href":"https:\/\/api.w.org\/{rel}","templated":true}]}}