{"id":104692,"date":"2024-07-06T09:42:34","date_gmt":"2024-07-06T12:42:34","guid":{"rendered":"https:\/\/www.noticiasradioreflejos.com.ar\/2021\/?p=104692"},"modified":"2024-07-06T09:42:34","modified_gmt":"2024-07-06T12:42:34","slug":"la-provincia-extiende-la-inscripcion-a-cocina-de-festivales","status":"publish","type":"post","link":"https:\/\/www.noticiasradioreflejos.com.ar\/2021\/la-provincia-extiende-la-inscripcion-a-cocina-de-festivales\/","title":{"rendered":"La Provincia extiende la inscripci\u00f3n a \u201cCocina de Festivales\u201d"},"content":{"rendered":"<p dir=\"ltr\">Se trata de un programa que busca acompa\u00f1ar a festivales de gesti\u00f3n no estatal que se desarrollan en el territorio bonaerense. La inscripci\u00f3n es gratuita y se extiende hasta el domingo 14 de julio.<!--more--><\/p>\n<p dir=\"ltr\">El Instituto Cultural de la Provincia de Buenos Aires comunica la extensi\u00f3n del plazo de inscripci\u00f3n a \u201cCocina de Festivales\u201d hasta el domingo 14 de julio, la cual es gratuita y se realiza de manera online en la web de <a href=\"https:\/\/culturaenterritorio.gba.gob.ar\/\" target=\"_blank\" rel=\"noopener\" data-saferedirecturl=\"https:\/\/www.google.com\/url?q=https:\/\/culturaenterritorio.gba.gob.ar\/&amp;source=gmail&amp;ust=1720355819013000&amp;usg=AOvVaw2LQyw-KZDoogqAdn7zaMa9\">culturaenterritorio.gba.gob.ar<\/a><wbr \/>. Por medio de este programa se busca acompa\u00f1ar a festivales de gesti\u00f3n no estatal que se desarrollan en el territorio bonaerense.<\/p>\n<p>&nbsp;<\/p>\n<p dir=\"ltr\">En esta convocatoria podr\u00e1n anotarse festivales que est\u00e9n programados para desarrollarse entre el 1 de septiembre de 2024 y el 28 de febrero de 2025 en el territorio bonaerense y contempla el otorgamiento de acompa\u00f1amientos econ\u00f3micos para la producci\u00f3n general de estos encuentros.<\/p>\n<p>&nbsp;<\/p>\n<p dir=\"ltr\">Este programa busca fortalecer la sostenibilidad de festivales en sus territorios, impulsar la circulaci\u00f3n y el trabajo de artistas bonaerenses, incentivar el intercambio y el trabajo colectivo en red. Adem\u00e1s, se realizar\u00e1n capacitaciones para la realizaci\u00f3n y profesionalizaci\u00f3n del sector.<\/p>\n<p>&nbsp;<\/p>\n<p dir=\"ltr\">Vale destacar que se entiende a los festivales como los eventos que, con periodicidad estipulada y sostenida en el tiempo, ofrecen al menos tres propuestas art\u00edstico culturales de misma o distinta \u00edndole tales como espect\u00e1culos en vivo, charlas, talleres, conferencias, etc. y programadas de forma coherente y conjunta en un mismo cronograma de actividades.<\/p>\n<p>&nbsp;<\/p>\n<p dir=\"ltr\">Por consultas, comunicarse a <a href=\"mailto:festivalesyeventos@ic.gba.gob.ar\" target=\"_blank\" rel=\"noopener\">festivalesyeventos@ic.gba.gob.<wbr \/>ar<\/a> con el asunto \u201cCocina de Festivales 2024\u201d.<\/p>\n<p>&nbsp;<\/p>\n<h4 dir=\"ltr\">Sobre el Plan de Fortalecimiento a la Cultura Comunitaria<\/h4>\n<p dir=\"ltr\">El Plan de Fortalecimiento a la Cultura Comunitaria es una pol\u00edtica impulsada por el Instituto Cultural bonaerense destinada a acompa\u00f1ar e incentivar espacios, centros culturales y salas de teatro independientes, colectivos art\u00edsticos y\/o culturales y festivales de gesti\u00f3n no estatal.<\/p>\n<p dir=\"ltr\">Se acompa\u00f1a procesos de formalizaci\u00f3n de los espacios culturales comunitarios y se suma a una serie de pol\u00edticas p\u00fablicas que se vienen realizando, como capacitaciones y talleres de oficios culturales, encuentros de trabajo y asistencias art\u00edsticas.<\/p>\n<p dir=\"ltr\">\n","protected":false},"excerpt":{"rendered":"<p>Se trata de un programa que busca acompa\u00f1ar a festivales de gesti\u00f3n no estatal que se desarrollan en el territorio bonaerense. La inscripci\u00f3n es gratuita y se extiende hasta el domingo 14 de julio.<\/p>\n","protected":false},"author":3,"featured_media":0,"comment_status":"closed","ping_status":"closed","sticky":false,"template":"","format":"standard","meta":{"footnotes":""},"categories":[35],"tags":[],"class_list":["post-104692","post","type-post","status-publish","format-standard","hentry","category-cultura"],"yoast_head":"<!-- This site is optimized with the Yoast SEO plugin v25.9 - https:\/\/yoast.com\/wordpress\/plugins\/seo\/ -->\n<title>La Provincia extiende la inscripci\u00f3n a \u201cCocina de Festivales\u201d - Noticias Radio Reflejos<\/title>\n<meta name=\"robots\" content=\"index, follow, max-snippet:-1, max-image-preview:large, max-video-preview:-1\" \/>\n<link rel=\"canonical\" href=\"https:\/\/www.noticiasradioreflejos.com.ar\/2021\/la-provincia-extiende-la-inscripcion-a-cocina-de-festivales\/\" \/>\n<meta property=\"og:locale\" content=\"es_ES\" \/>\n<meta property=\"og:type\" content=\"article\" \/>\n<meta property=\"og:title\" content=\"La Provincia extiende la inscripci\u00f3n a \u201cCocina de Festivales\u201d - Noticias Radio Reflejos\" \/>\n<meta property=\"og:description\" content=\"Se trata de un programa que busca acompa\u00f1ar a festivales de gesti\u00f3n no estatal que se desarrollan en el territorio bonaerense. La inscripci\u00f3n es gratuita y se extiende hasta el domingo 14 de julio.\" \/>\n<meta property=\"og:url\" content=\"https:\/\/www.noticiasradioreflejos.com.ar\/2021\/la-provincia-extiende-la-inscripcion-a-cocina-de-festivales\/\" \/>\n<meta property=\"og:site_name\" content=\"Noticias Radio Reflejos\" \/>\n<meta property=\"article:published_time\" content=\"2024-07-06T12:42:34+00:00\" \/>\n<meta property=\"og:image\" content=\"https:\/\/www.noticiasradioreflejos.com.ar\/2021\/wp-content\/uploads\/2024\/07\/Mesa-de-trabajo-1.png\" \/>\n\t<meta property=\"og:image:width\" content=\"1080\" \/>\n\t<meta property=\"og:image:height\" content=\"1080\" \/>\n\t<meta property=\"og:image:type\" content=\"image\/png\" \/>\n<meta name=\"author\" content=\"Arnaldo Botto\" \/>\n<meta name=\"twitter:card\" content=\"summary_large_image\" \/>\n<script type=\"application\/ld+json\" class=\"yoast-schema-graph\">{\"@context\":\"https:\/\/schema.org\",\"@graph\":[{\"@type\":\"WebPage\",\"@id\":\"https:\/\/www.noticiasradioreflejos.com.ar\/2021\/la-provincia-extiende-la-inscripcion-a-cocina-de-festivales\/\",\"url\":\"https:\/\/www.noticiasradioreflejos.com.ar\/2021\/la-provincia-extiende-la-inscripcion-a-cocina-de-festivales\/\",\"name\":\"La Provincia extiende la inscripci\u00f3n a \u201cCocina de Festivales\u201d - Noticias Radio Reflejos\",\"isPartOf\":{\"@id\":\"https:\/\/www.noticiasradioreflejos.com.ar\/2021\/#website\"},\"datePublished\":\"2024-07-06T12:42:34+00:00\",\"author\":{\"@id\":\"https:\/\/www.noticiasradioreflejos.com.ar\/2021\/#\/schema\/person\/ad82545263dcc5ec0996818884fd5fb1\"},\"breadcrumb\":{\"@id\":\"https:\/\/www.noticiasradioreflejos.com.ar\/2021\/la-provincia-extiende-la-inscripcion-a-cocina-de-festivales\/#breadcrumb\"},\"inLanguage\":\"es\",\"potentialAction\":[{\"@type\":\"ReadAction\",\"target\":[\"https:\/\/www.noticiasradioreflejos.com.ar\/2021\/la-provincia-extiende-la-inscripcion-a-cocina-de-festivales\/\"]}]},{\"@type\":\"BreadcrumbList\",\"@id\":\"https:\/\/www.noticiasradioreflejos.com.ar\/2021\/la-provincia-extiende-la-inscripcion-a-cocina-de-festivales\/#breadcrumb\",\"itemListElement\":[{\"@type\":\"ListItem\",\"position\":1,\"name\":\"Portada\",\"item\":\"https:\/\/www.noticiasradioreflejos.com.ar\/2021\/\"},{\"@type\":\"ListItem\",\"position\":2,\"name\":\"La Provincia extiende la inscripci\u00f3n a \u201cCocina de Festivales\u201d\"}]},{\"@type\":\"WebSite\",\"@id\":\"https:\/\/www.noticiasradioreflejos.com.ar\/2021\/#website\",\"url\":\"https:\/\/www.noticiasradioreflejos.com.ar\/2021\/\",\"name\":\"Noticias Radio Reflejos\",\"description\":\"Las noticias de mi comarca\",\"potentialAction\":[{\"@type\":\"SearchAction\",\"target\":{\"@type\":\"EntryPoint\",\"urlTemplate\":\"https:\/\/www.noticiasradioreflejos.com.ar\/2021\/?s={search_term_string}\"},\"query-input\":{\"@type\":\"PropertyValueSpecification\",\"valueRequired\":true,\"valueName\":\"search_term_string\"}}],\"inLanguage\":\"es\"},{\"@type\":\"Person\",\"@id\":\"https:\/\/www.noticiasradioreflejos.com.ar\/2021\/#\/schema\/person\/ad82545263dcc5ec0996818884fd5fb1\",\"name\":\"Arnaldo Botto\",\"image\":{\"@type\":\"ImageObject\",\"inLanguage\":\"es\",\"@id\":\"https:\/\/www.noticiasradioreflejos.com.ar\/2021\/#\/schema\/person\/image\/\",\"url\":\"https:\/\/secure.gravatar.com\/avatar\/55cb5e37c1efa326397366e6974cb338056df65cb50e7d64d1cf314e87504837?s=96&d=mm&r=g\",\"contentUrl\":\"https:\/\/secure.gravatar.com\/avatar\/55cb5e37c1efa326397366e6974cb338056df65cb50e7d64d1cf314e87504837?s=96&d=mm&r=g\",\"caption\":\"Arnaldo Botto\"},\"url\":\"https:\/\/www.noticiasradioreflejos.com.ar\/2021\/author\/arnaldo\/\"}]}<\/script>\n<!-- \/ Yoast SEO plugin. -->","yoast_head_json":{"title":"La Provincia extiende la inscripci\u00f3n a \u201cCocina de Festivales\u201d - Noticias Radio Reflejos","robots":{"index":"index","follow":"follow","max-snippet":"max-snippet:-1","max-image-preview":"max-image-preview:large","max-video-preview":"max-video-preview:-1"},"canonical":"https:\/\/www.noticiasradioreflejos.com.ar\/2021\/la-provincia-extiende-la-inscripcion-a-cocina-de-festivales\/","og_locale":"es_ES","og_type":"article","og_title":"La Provincia extiende la inscripci\u00f3n a \u201cCocina de Festivales\u201d - Noticias Radio Reflejos","og_description":"Se trata de un programa que busca acompa\u00f1ar a festivales de gesti\u00f3n no estatal que se desarrollan en el territorio bonaerense. La inscripci\u00f3n es gratuita y se extiende hasta el domingo 14 de julio.","og_url":"https:\/\/www.noticiasradioreflejos.com.ar\/2021\/la-provincia-extiende-la-inscripcion-a-cocina-de-festivales\/","og_site_name":"Noticias Radio Reflejos","article_published_time":"2024-07-06T12:42:34+00:00","og_image":[{"width":1080,"height":1080,"url":"https:\/\/www.noticiasradioreflejos.com.ar\/2021\/wp-content\/uploads\/2024\/07\/Mesa-de-trabajo-1.png","type":"image\/png"}],"author":"Arnaldo Botto","twitter_card":"summary_large_image","schema":{"@context":"https:\/\/schema.org","@graph":[{"@type":"WebPage","@id":"https:\/\/www.noticiasradioreflejos.com.ar\/2021\/la-provincia-extiende-la-inscripcion-a-cocina-de-festivales\/","url":"https:\/\/www.noticiasradioreflejos.com.ar\/2021\/la-provincia-extiende-la-inscripcion-a-cocina-de-festivales\/","name":"La Provincia extiende la inscripci\u00f3n a \u201cCocina de Festivales\u201d - Noticias Radio Reflejos","isPartOf":{"@id":"https:\/\/www.noticiasradioreflejos.com.ar\/2021\/#website"},"datePublished":"2024-07-06T12:42:34+00:00","author":{"@id":"https:\/\/www.noticiasradioreflejos.com.ar\/2021\/#\/schema\/person\/ad82545263dcc5ec0996818884fd5fb1"},"breadcrumb":{"@id":"https:\/\/www.noticiasradioreflejos.com.ar\/2021\/la-provincia-extiende-la-inscripcion-a-cocina-de-festivales\/#breadcrumb"},"inLanguage":"es","potentialAction":[{"@type":"ReadAction","target":["https:\/\/www.noticiasradioreflejos.com.ar\/2021\/la-provincia-extiende-la-inscripcion-a-cocina-de-festivales\/"]}]},{"@type":"BreadcrumbList","@id":"https:\/\/www.noticiasradioreflejos.com.ar\/2021\/la-provincia-extiende-la-inscripcion-a-cocina-de-festivales\/#breadcrumb","itemListElement":[{"@type":"ListItem","position":1,"name":"Portada","item":"https:\/\/www.noticiasradioreflejos.com.ar\/2021\/"},{"@type":"ListItem","position":2,"name":"La Provincia extiende la inscripci\u00f3n a \u201cCocina de Festivales\u201d"}]},{"@type":"WebSite","@id":"https:\/\/www.noticiasradioreflejos.com.ar\/2021\/#website","url":"https:\/\/www.noticiasradioreflejos.com.ar\/2021\/","name":"Noticias Radio Reflejos","description":"Las noticias de mi comarca","potentialAction":[{"@type":"SearchAction","target":{"@type":"EntryPoint","urlTemplate":"https:\/\/www.noticiasradioreflejos.com.ar\/2021\/?s={search_term_string}"},"query-input":{"@type":"PropertyValueSpecification","valueRequired":true,"valueName":"search_term_string"}}],"inLanguage":"es"},{"@type":"Person","@id":"https:\/\/www.noticiasradioreflejos.com.ar\/2021\/#\/schema\/person\/ad82545263dcc5ec0996818884fd5fb1","name":"Arnaldo Botto","image":{"@type":"ImageObject","inLanguage":"es","@id":"https:\/\/www.noticiasradioreflejos.com.ar\/2021\/#\/schema\/person\/image\/","url":"https:\/\/secure.gravatar.com\/avatar\/55cb5e37c1efa326397366e6974cb338056df65cb50e7d64d1cf314e87504837?s=96&d=mm&r=g","contentUrl":"https:\/\/secure.gravatar.com\/avatar\/55cb5e37c1efa326397366e6974cb338056df65cb50e7d64d1cf314e87504837?s=96&d=mm&r=g","caption":"Arnaldo Botto"},"url":"https:\/\/www.noticiasradioreflejos.com.ar\/2021\/author\/arnaldo\/"}]}},"_links":{"self":[{"href":"https:\/\/www.noticiasradioreflejos.com.ar\/2021\/wp-json\/wp\/v2\/posts\/104692","targetHints":{"allow":["GET"]}}],"collection":[{"href":"https:\/\/www.noticiasradioreflejos.com.ar\/2021\/wp-json\/wp\/v2\/posts"}],"about":[{"href":"https:\/\/www.noticiasradioreflejos.com.ar\/2021\/wp-json\/wp\/v2\/types\/post"}],"author":[{"embeddable":true,"href":"https:\/\/www.noticiasradioreflejos.com.ar\/2021\/wp-json\/wp\/v2\/users\/3"}],"replies":[{"embeddable":true,"href":"https:\/\/www.noticiasradioreflejos.com.ar\/2021\/wp-json\/wp\/v2\/comments?post=104692"}],"version-history":[{"count":1,"href":"https:\/\/www.noticiasradioreflejos.com.ar\/2021\/wp-json\/wp\/v2\/posts\/104692\/revisions"}],"predecessor-version":[{"id":104694,"href":"https:\/\/www.noticiasradioreflejos.com.ar\/2021\/wp-json\/wp\/v2\/posts\/104692\/revisions\/104694"}],"wp:attachment":[{"href":"https:\/\/www.noticiasradioreflejos.com.ar\/2021\/wp-json\/wp\/v2\/media?parent=104692"}],"wp:term":[{"taxonomy":"category","embeddable":true,"href":"https:\/\/www.noticiasradioreflejos.com.ar\/2021\/wp-json\/wp\/v2\/categories?post=104692"},{"taxonomy":"post_tag","embeddable":true,"href":"https:\/\/www.noticiasradioreflejos.com.ar\/2021\/wp-json\/wp\/v2\/tags?post=104692"}],"curies":[{"name":"wp","href":"https:\/\/api.w.org\/{rel}","templated":true}]}}