{"id":104631,"date":"2024-07-04T08:21:07","date_gmt":"2024-07-04T11:21:07","guid":{"rendered":"https:\/\/www.noticiasradioreflejos.com.ar\/2021\/?p=104631"},"modified":"2024-07-04T08:21:07","modified_gmt":"2024-07-04T11:21:07","slug":"la-patria-no-se-hizo-sola-los-comienzos-de-nuestra-soberania","status":"publish","type":"post","link":"https:\/\/www.noticiasradioreflejos.com.ar\/2021\/la-patria-no-se-hizo-sola-los-comienzos-de-nuestra-soberania\/","title":{"rendered":"LA PATRIA NO SE HIZO SOLA: los comienzos de nuestra soberan\u00eda."},"content":{"rendered":"<p><strong>\u201cLos derechos de los habitantes del Estado son, la vida, la honra, la libertad, la igualdad, la propiedad, y la seguridad\u201d (Estatuto provisional de 1815- Cap.1 De los derechos que competen a todos los habitantes del Estado)<\/strong><!--more--><\/p>\n<p>El 31 de enero de 1813 la Asamblea inaugur\u00f3 sus sesiones, con el nombre de Asamblea General Constituyente. Era general porque estaban representadas todas las ciudades capitales del antiguo virreinato, excepto Paraguay; constituyente porque deb\u00eda dictar una constituci\u00f3n y aunque no lo hizo, sus resoluciones equivales a ella; soberana, porque de acuerdo con su primer decreto, resid\u00eda en ella \u201cla representaci\u00f3n y ejercicio de la soberan\u00eda de las Provincias Unidas del R\u00edo de la Plata\u201d. Con esto se desconoc\u00eda abiertamente la autoridad de Fernando VII.<\/p>\n<p>En el seno de la Asamblea se destacaron dos tendencias definidas y opuestas: los alvearistas (fracci\u00f3n que predomin\u00f3) respond\u00eda a las directivas de Alvear, que no deseaba a\u00fan la declaraci\u00f3n de la independencia; en cambio el sector que respond\u00eda a San Martin bregaba por esta declaraci\u00f3n como el requisito previo e ineludible para realizar las guerras de independencia continental. Esta caracter\u00edstica del alvearismo influy\u00f3 en el rechazo de los diputados orientales (aunque se dio como motivo que sus diplomas no estaban en regla) porque sus instrucciones eran totalmente contrarias, ya que ped\u00edan que se declarara la independencia, que la capital estuviera fuera de Buenos Aires, que se estableciera el sistema de confederaci\u00f3n. El rechazo de los diputados debilit\u00f3 sensiblemente las relaciones con Artigas, que poco despu\u00e9s se retir\u00f3 del sitio de Montevideo en enero de 1814.<\/p>\n<p>En cuanto a la obra de la Asamblea podemos decir que fue un serio intento de poder legislativo como lo demuestra la labor que desarroll\u00f3. Durante el a\u00f1o 1813 realiz\u00f3 una serie de reformas y entr\u00f3 en receso.<\/p>\n<p>Entre sus medidas que implican el concepto de soberan\u00eda podemos decir que ella misma se reconoci\u00f3 en estos t\u00e9rminos; los diputados lo eran de la naci\u00f3n y no pod\u00edan trabajar en comisi\u00f3n; aprob\u00f3 el uso del escudo y del himno como s\u00edmbolos patrios; estableci\u00f3 que en las monedas que se acu\u00f1aran, el antiguo sello, ser\u00eda reemplazado por el escudo, rodeado de la inscripci\u00f3n \u201cEn Uni\u00f3n y Libertad, 1813\u201d y en el reverso un sol y la inscripci\u00f3n \u201cProvincias del R\u00edo de la Plata\u201d.<\/p>\n<p>En cuanto a las reformas sociales la Asamblea se ocup\u00f3 de la situaci\u00f3n de indios, negros y blancos; declar\u00f3 a los primeros libre e iguales; con respecto a los negros, se declar\u00f3 la libertad de vientres al declarar libres a los hijos de los esclavos nacidos despu\u00e9s del 31 de enero de 1813 y a los esclavos que pisasen nuestro territorio.<\/p>\n<p>En cuanto a los blancos, dispuso abolir los t\u00edtulos de nobleza, los escudos her\u00e1ldicos y el derecho de mayorazgo.<\/p>\n<p>Como garant\u00eda de que ser\u00eda respetada la seguridad individual establecida por el Primer Triunvirato, mand\u00f3 quemar los instrumentos de tortura.<\/p>\n<p>La Revoluci\u00f3n se \u00a0consider\u00f3 \u00a0heredera del derecho de patronato, que pose\u00edan los reyes de Espa\u00f1a, y declar\u00f3 que \u201cel Estado de las Provincias Unidas del R\u00edo de la Plata es independiente de toda autoridad eclesi\u00e1stica que exist\u00eda fuera de su territorio\u201d. Desde entonces se interrumpieron las relaciones con la Santa Sede, reanudadas durante el primer gobierno de Rosas.<\/p>\n<p>En cuanto a la cuesti\u00f3n de fondo que era el dictado de una Constituci\u00f3n se trataron cuatro proyectos, de los cuales dos fueron los m\u00e1s importantes: el redactado por la Comisi\u00f3n Oficial y el presentado por la Sociedad Patri\u00f3tica. En ambos se establec\u00eda que la religi\u00f3n oficial ser\u00eda la cat\u00f3lica, pero daba libertad de cultos; las autoridades ser\u00edan elegidas por la voluntad popular y la soberan\u00eda resid\u00eda en el pueblo. La capital se establecer\u00eda fuera de Buenos Aires.<\/p>\n<p>Si se tiene en cuenta la pol\u00edtica dominante en la Asamblea de no declarar a\u00fan nuestra independencia ,propiciada por la facci\u00f3n alvearista, se puede comprender f\u00e1cilmente que estos proyectos no prosperasen. Se dict\u00f3 entonces el Estatuto Provisorio de febrero de 1813, destinado a establecer las atribuciones de los poderes existentes.<\/p>\n<p>La Asamblea suprimi\u00f3 el tribunal de la Inquisici\u00f3n.<\/p>\n<p>Como continuaba en vigencia la divisi\u00f3n territorial establecida en la \u00e9poca hisp\u00e1nica por la Real Ordenanza de Intendentes, se realizaron durante este per\u00edodo reformas territoriales que completaban las modificaciones iniciadas en 1810.<\/p>\n<p>En 1811 ya se hab\u00eda separado la Intendencia del Paraguay; en 1812 el Primer Triunvirato hab\u00eda establecido en Buenos Aires un gobierno local, el gobernador intendente de Buenos Aires; en 1814 se crearon las intendencias de Cuyo y Tucum\u00e1n; en ese mismo a\u00f1o para disminuir la autoridad de Artigas, despu\u00e9s del Segundo Sitio de Montevideo, se cre\u00f3 el gobierno militar de Montevideo, y se nombraron gobernadores, tanto en Corrientes (Misiones estar\u00eda bajo su dependencia)\u00a0 como en Entre R\u00edos.<\/p>\n<p>Al iniciarse el a\u00f1o 1814 como la situaci\u00f3n era extremadamente comprometida resultaba necesario unificar el poder para tomar resoluciones r\u00e1pidas.<\/p>\n<p>En el norte,\u00a0 se acababan de producir las derrotas de Vilcapugio\u00a0 y Ayohuma, que dejaba el Alto Per\u00fa en manos de los realistas.<\/p>\n<p>En Chile los patriotas estaban a las puertas de la derrota en Rancagua.<\/p>\n<p>En el Paraguay a fines de 1813 se hab\u00eda reunido un congreso que declar\u00f3 independiente el territorio, lo que significaba un gran peligro porque Paraguay pod\u00eda unirse con Artigas y con los portugueses.<\/p>\n<p>En la Banda Oriental continuaba el Segundo Sitio de Montevideo.<\/p>\n<p>En Brasil el representante ingl\u00e9s Lord\u00a0 Strangford,\u00a0 se\u00a0 manten\u00eda al margende toda intervenci\u00f3n; todo este panorama se agravaba con la restauraci\u00f3n de Fernando VII.<\/p>\n<p>Coincid\u00eda esto con el viaje de San Mart\u00edn al Norte para hacerse cargo del ej\u00e9rcito, con lo que Alvear quedaba libre de toda oposici\u00f3n para realizar sus proyectos centralizadores. Por medio de la Logia propuso la concentraci\u00f3n del gobierno en una sola mano, siendo convocada la Asamblea con la excusa de tratar las reclamaciones del Brasil por la ley de libertad de vientres.<\/p>\n<p>Cuando la Asamblea se reuni\u00f3, el Segundo Triunvirato envi\u00f3 el pedido de que se concentrara el poder, medida aprobada\u00a0 casi por unanimidad. Fue elegido como Director Jos\u00e9 Gervacio de Posadas, porque Alvear no deseaba ocupar ese cargo, pues sus ambiciones se orientaban hacia la Banda Oriental y el Norte, donde esperaba obtener triunfos militares.<\/p>\n<p>El Directorio, que fue nuestro primer poder ejecutivo unipersonal, dur\u00f3 desde 1814 hasta 1820.<\/p>\n<p>Desde su instalaci\u00f3n hasta la desaparici\u00f3n de la Asamblea en 1815, gobernaron Posadas y Alvear con funciones ejecutivas.<\/p>\n<p>Posadas enfrent\u00f3 la lucha contra Montevideo, durante el Segundo Sitio y empoz\u00f3 a extender su influencia sobre el litoral.<\/p>\n<p>Para contar con las fuerzas necesarias procur\u00f3 mejorar las finanzas ayudado por su ministro Larrea, y cre\u00f3\u00a0 la escuadra que puso al mando de Brown.<\/p>\n<p>Cuando Montevideo capitul\u00f3 y Alvear regres\u00f3, Posadas lo design\u00f3 para reemplazar a Rondeau como jefe del ej\u00e9rcito del Norte, que ante esta noticia se sublev\u00f3 impidi\u00e9ndole tomar posesi\u00f3n del cargo. Ante esa desobediencia Posadas renunci\u00f3 y la Asamblea design\u00f3 a Alvear.<\/p>\n<p>El nuevo gobernante fue apoyado solamente por la Logia, los conflictos con Artigas se profundizaron y la situaci\u00f3n externa se agrav\u00f3 ante la restituci\u00f3n de la monarqu\u00eda y la posibilidad de la llegada de una fuerte expedici\u00f3n al mando de Morillo para recuperar el R\u00edo de la Plata,\u00a0 esto deriv\u00f3 en la sublevaci\u00f3n de Fontezuelas llevada a cabo por\u00a0 Ignacio Alvarez Thomas que exigi\u00f3 la renuncia de Alvear.<\/p>\n<p>La Asamblea nombr\u00f3 un Tercer Triunvirato el 14 de abril, formado por Nicol\u00e1s Rodr\u00edguez Pe\u00f1a, Jos\u00e9 de San Mart\u00edn y Mat\u00edas\u00a0 Irigoyen, pero al conocer esta resoluci\u00f3n, la multitud \u00a0enardecida pidi\u00f3 al Cabildo que Alvear cesara en el mando militar y que este cuerpo reasumiera el mando, disolvi\u00e9ndose la Asamblea y anul\u00e1ndose el triunvirato nombrado por ella.<\/p>\n<p>Alvear trat\u00f3 por todos los medios de conservar el mando, pero finalmente debi\u00f3 renunciar el 17 de abril de 1815, dirigi\u00e9ndose al Brasil.<\/p>\n<p>Terminaba as\u00ed la Asamblea del A\u00f1o XIII que por su pol\u00edtica centralizadora provoc\u00f3 la oposici\u00f3n de las provincias iniciada por Artigas.<\/p>\n<p><strong>Las disposiciones adoptadas por este cuerpo dejaron abierto el camino a la declaraci\u00f3n de la independencia, que por influencia de la pol\u00edtica europea s\u00f3lo pudo concretarse en 1816.<\/strong><\/p>\n<p>&nbsp;<\/p>\n","protected":false},"excerpt":{"rendered":"<p>\u201cLos derechos de los habitantes del Estado son, la vida, la honra, la libertad, la igualdad, la propiedad, y la seguridad\u201d (Estatuto provisional de 1815- Cap.1 De los derechos que competen a todos los habitantes del Estado)<\/p>\n","protected":false},"author":3,"featured_media":104632,"comment_status":"closed","ping_status":"closed","sticky":false,"template":"","format":"standard","meta":{"footnotes":""},"categories":[35],"tags":[48],"class_list":["post-104631","post","type-post","status-publish","format-standard","has-post-thumbnail","hentry","category-cultura","tag-destacada"],"yoast_head":"<!-- This site is optimized with the Yoast SEO plugin v25.9 - https:\/\/yoast.com\/wordpress\/plugins\/seo\/ -->\n<title>LA PATRIA NO SE HIZO SOLA: los comienzos de nuestra soberan\u00eda. - Noticias Radio Reflejos<\/title>\n<meta name=\"robots\" content=\"index, follow, max-snippet:-1, max-image-preview:large, max-video-preview:-1\" \/>\n<link rel=\"canonical\" href=\"https:\/\/www.noticiasradioreflejos.com.ar\/2021\/la-patria-no-se-hizo-sola-los-comienzos-de-nuestra-soberania\/\" \/>\n<meta property=\"og:locale\" content=\"es_ES\" \/>\n<meta property=\"og:type\" content=\"article\" \/>\n<meta property=\"og:title\" content=\"LA PATRIA NO SE HIZO SOLA: los comienzos de nuestra soberan\u00eda. - Noticias Radio Reflejos\" \/>\n<meta property=\"og:description\" content=\"\u201cLos derechos de los habitantes del Estado son, la vida, la honra, la libertad, la igualdad, la propiedad, y la seguridad\u201d (Estatuto provisional de 1815- Cap.1 De los derechos que competen a todos los habitantes del Estado)\" \/>\n<meta property=\"og:url\" content=\"https:\/\/www.noticiasradioreflejos.com.ar\/2021\/la-patria-no-se-hizo-sola-los-comienzos-de-nuestra-soberania\/\" \/>\n<meta property=\"og:site_name\" content=\"Noticias Radio Reflejos\" \/>\n<meta property=\"article:published_time\" content=\"2024-07-04T11:21:07+00:00\" \/>\n<meta property=\"og:image\" content=\"https:\/\/www.noticiasradioreflejos.com.ar\/2021\/wp-content\/uploads\/2024\/07\/Soberania-Pozos.jpg\" \/>\n\t<meta property=\"og:image:width\" content=\"974\" \/>\n\t<meta property=\"og:image:height\" content=\"599\" \/>\n\t<meta property=\"og:image:type\" content=\"image\/jpeg\" \/>\n<meta name=\"author\" content=\"Arnaldo Botto\" \/>\n<meta name=\"twitter:card\" content=\"summary_large_image\" \/>\n<script type=\"application\/ld+json\" class=\"yoast-schema-graph\">{\"@context\":\"https:\/\/schema.org\",\"@graph\":[{\"@type\":\"WebPage\",\"@id\":\"https:\/\/www.noticiasradioreflejos.com.ar\/2021\/la-patria-no-se-hizo-sola-los-comienzos-de-nuestra-soberania\/\",\"url\":\"https:\/\/www.noticiasradioreflejos.com.ar\/2021\/la-patria-no-se-hizo-sola-los-comienzos-de-nuestra-soberania\/\",\"name\":\"LA PATRIA NO SE HIZO SOLA: los comienzos de nuestra soberan\u00eda. - Noticias Radio Reflejos\",\"isPartOf\":{\"@id\":\"https:\/\/www.noticiasradioreflejos.com.ar\/2021\/#website\"},\"primaryImageOfPage\":{\"@id\":\"https:\/\/www.noticiasradioreflejos.com.ar\/2021\/la-patria-no-se-hizo-sola-los-comienzos-de-nuestra-soberania\/#primaryimage\"},\"image\":{\"@id\":\"https:\/\/www.noticiasradioreflejos.com.ar\/2021\/la-patria-no-se-hizo-sola-los-comienzos-de-nuestra-soberania\/#primaryimage\"},\"thumbnailUrl\":\"https:\/\/www.noticiasradioreflejos.com.ar\/2021\/wp-content\/uploads\/2024\/07\/Soberania-Pozos.jpg\",\"datePublished\":\"2024-07-04T11:21:07+00:00\",\"author\":{\"@id\":\"https:\/\/www.noticiasradioreflejos.com.ar\/2021\/#\/schema\/person\/ad82545263dcc5ec0996818884fd5fb1\"},\"breadcrumb\":{\"@id\":\"https:\/\/www.noticiasradioreflejos.com.ar\/2021\/la-patria-no-se-hizo-sola-los-comienzos-de-nuestra-soberania\/#breadcrumb\"},\"inLanguage\":\"es\",\"potentialAction\":[{\"@type\":\"ReadAction\",\"target\":[\"https:\/\/www.noticiasradioreflejos.com.ar\/2021\/la-patria-no-se-hizo-sola-los-comienzos-de-nuestra-soberania\/\"]}]},{\"@type\":\"ImageObject\",\"inLanguage\":\"es\",\"@id\":\"https:\/\/www.noticiasradioreflejos.com.ar\/2021\/la-patria-no-se-hizo-sola-los-comienzos-de-nuestra-soberania\/#primaryimage\",\"url\":\"https:\/\/www.noticiasradioreflejos.com.ar\/2021\/wp-content\/uploads\/2024\/07\/Soberania-Pozos.jpg\",\"contentUrl\":\"https:\/\/www.noticiasradioreflejos.com.ar\/2021\/wp-content\/uploads\/2024\/07\/Soberania-Pozos.jpg\",\"width\":974,\"height\":599},{\"@type\":\"BreadcrumbList\",\"@id\":\"https:\/\/www.noticiasradioreflejos.com.ar\/2021\/la-patria-no-se-hizo-sola-los-comienzos-de-nuestra-soberania\/#breadcrumb\",\"itemListElement\":[{\"@type\":\"ListItem\",\"position\":1,\"name\":\"Portada\",\"item\":\"https:\/\/www.noticiasradioreflejos.com.ar\/2021\/\"},{\"@type\":\"ListItem\",\"position\":2,\"name\":\"LA PATRIA NO SE HIZO SOLA: los comienzos de nuestra soberan\u00eda.\"}]},{\"@type\":\"WebSite\",\"@id\":\"https:\/\/www.noticiasradioreflejos.com.ar\/2021\/#website\",\"url\":\"https:\/\/www.noticiasradioreflejos.com.ar\/2021\/\",\"name\":\"Noticias Radio Reflejos\",\"description\":\"Las noticias de mi comarca\",\"potentialAction\":[{\"@type\":\"SearchAction\",\"target\":{\"@type\":\"EntryPoint\",\"urlTemplate\":\"https:\/\/www.noticiasradioreflejos.com.ar\/2021\/?s={search_term_string}\"},\"query-input\":{\"@type\":\"PropertyValueSpecification\",\"valueRequired\":true,\"valueName\":\"search_term_string\"}}],\"inLanguage\":\"es\"},{\"@type\":\"Person\",\"@id\":\"https:\/\/www.noticiasradioreflejos.com.ar\/2021\/#\/schema\/person\/ad82545263dcc5ec0996818884fd5fb1\",\"name\":\"Arnaldo Botto\",\"image\":{\"@type\":\"ImageObject\",\"inLanguage\":\"es\",\"@id\":\"https:\/\/www.noticiasradioreflejos.com.ar\/2021\/#\/schema\/person\/image\/\",\"url\":\"https:\/\/secure.gravatar.com\/avatar\/55cb5e37c1efa326397366e6974cb338056df65cb50e7d64d1cf314e87504837?s=96&d=mm&r=g\",\"contentUrl\":\"https:\/\/secure.gravatar.com\/avatar\/55cb5e37c1efa326397366e6974cb338056df65cb50e7d64d1cf314e87504837?s=96&d=mm&r=g\",\"caption\":\"Arnaldo Botto\"},\"url\":\"https:\/\/www.noticiasradioreflejos.com.ar\/2021\/author\/arnaldo\/\"}]}<\/script>\n<!-- \/ Yoast SEO plugin. -->","yoast_head_json":{"title":"LA PATRIA NO SE HIZO SOLA: los comienzos de nuestra soberan\u00eda. - Noticias Radio Reflejos","robots":{"index":"index","follow":"follow","max-snippet":"max-snippet:-1","max-image-preview":"max-image-preview:large","max-video-preview":"max-video-preview:-1"},"canonical":"https:\/\/www.noticiasradioreflejos.com.ar\/2021\/la-patria-no-se-hizo-sola-los-comienzos-de-nuestra-soberania\/","og_locale":"es_ES","og_type":"article","og_title":"LA PATRIA NO SE HIZO SOLA: los comienzos de nuestra soberan\u00eda. - Noticias Radio Reflejos","og_description":"\u201cLos derechos de los habitantes del Estado son, la vida, la honra, la libertad, la igualdad, la propiedad, y la seguridad\u201d (Estatuto provisional de 1815- Cap.1 De los derechos que competen a todos los habitantes del Estado)","og_url":"https:\/\/www.noticiasradioreflejos.com.ar\/2021\/la-patria-no-se-hizo-sola-los-comienzos-de-nuestra-soberania\/","og_site_name":"Noticias Radio Reflejos","article_published_time":"2024-07-04T11:21:07+00:00","og_image":[{"width":974,"height":599,"url":"https:\/\/www.noticiasradioreflejos.com.ar\/2021\/wp-content\/uploads\/2024\/07\/Soberania-Pozos.jpg","type":"image\/jpeg"}],"author":"Arnaldo Botto","twitter_card":"summary_large_image","schema":{"@context":"https:\/\/schema.org","@graph":[{"@type":"WebPage","@id":"https:\/\/www.noticiasradioreflejos.com.ar\/2021\/la-patria-no-se-hizo-sola-los-comienzos-de-nuestra-soberania\/","url":"https:\/\/www.noticiasradioreflejos.com.ar\/2021\/la-patria-no-se-hizo-sola-los-comienzos-de-nuestra-soberania\/","name":"LA PATRIA NO SE HIZO SOLA: los comienzos de nuestra soberan\u00eda. - Noticias Radio Reflejos","isPartOf":{"@id":"https:\/\/www.noticiasradioreflejos.com.ar\/2021\/#website"},"primaryImageOfPage":{"@id":"https:\/\/www.noticiasradioreflejos.com.ar\/2021\/la-patria-no-se-hizo-sola-los-comienzos-de-nuestra-soberania\/#primaryimage"},"image":{"@id":"https:\/\/www.noticiasradioreflejos.com.ar\/2021\/la-patria-no-se-hizo-sola-los-comienzos-de-nuestra-soberania\/#primaryimage"},"thumbnailUrl":"https:\/\/www.noticiasradioreflejos.com.ar\/2021\/wp-content\/uploads\/2024\/07\/Soberania-Pozos.jpg","datePublished":"2024-07-04T11:21:07+00:00","author":{"@id":"https:\/\/www.noticiasradioreflejos.com.ar\/2021\/#\/schema\/person\/ad82545263dcc5ec0996818884fd5fb1"},"breadcrumb":{"@id":"https:\/\/www.noticiasradioreflejos.com.ar\/2021\/la-patria-no-se-hizo-sola-los-comienzos-de-nuestra-soberania\/#breadcrumb"},"inLanguage":"es","potentialAction":[{"@type":"ReadAction","target":["https:\/\/www.noticiasradioreflejos.com.ar\/2021\/la-patria-no-se-hizo-sola-los-comienzos-de-nuestra-soberania\/"]}]},{"@type":"ImageObject","inLanguage":"es","@id":"https:\/\/www.noticiasradioreflejos.com.ar\/2021\/la-patria-no-se-hizo-sola-los-comienzos-de-nuestra-soberania\/#primaryimage","url":"https:\/\/www.noticiasradioreflejos.com.ar\/2021\/wp-content\/uploads\/2024\/07\/Soberania-Pozos.jpg","contentUrl":"https:\/\/www.noticiasradioreflejos.com.ar\/2021\/wp-content\/uploads\/2024\/07\/Soberania-Pozos.jpg","width":974,"height":599},{"@type":"BreadcrumbList","@id":"https:\/\/www.noticiasradioreflejos.com.ar\/2021\/la-patria-no-se-hizo-sola-los-comienzos-de-nuestra-soberania\/#breadcrumb","itemListElement":[{"@type":"ListItem","position":1,"name":"Portada","item":"https:\/\/www.noticiasradioreflejos.com.ar\/2021\/"},{"@type":"ListItem","position":2,"name":"LA PATRIA NO SE HIZO SOLA: los comienzos de nuestra soberan\u00eda."}]},{"@type":"WebSite","@id":"https:\/\/www.noticiasradioreflejos.com.ar\/2021\/#website","url":"https:\/\/www.noticiasradioreflejos.com.ar\/2021\/","name":"Noticias Radio Reflejos","description":"Las noticias de mi comarca","potentialAction":[{"@type":"SearchAction","target":{"@type":"EntryPoint","urlTemplate":"https:\/\/www.noticiasradioreflejos.com.ar\/2021\/?s={search_term_string}"},"query-input":{"@type":"PropertyValueSpecification","valueRequired":true,"valueName":"search_term_string"}}],"inLanguage":"es"},{"@type":"Person","@id":"https:\/\/www.noticiasradioreflejos.com.ar\/2021\/#\/schema\/person\/ad82545263dcc5ec0996818884fd5fb1","name":"Arnaldo Botto","image":{"@type":"ImageObject","inLanguage":"es","@id":"https:\/\/www.noticiasradioreflejos.com.ar\/2021\/#\/schema\/person\/image\/","url":"https:\/\/secure.gravatar.com\/avatar\/55cb5e37c1efa326397366e6974cb338056df65cb50e7d64d1cf314e87504837?s=96&d=mm&r=g","contentUrl":"https:\/\/secure.gravatar.com\/avatar\/55cb5e37c1efa326397366e6974cb338056df65cb50e7d64d1cf314e87504837?s=96&d=mm&r=g","caption":"Arnaldo Botto"},"url":"https:\/\/www.noticiasradioreflejos.com.ar\/2021\/author\/arnaldo\/"}]}},"_links":{"self":[{"href":"https:\/\/www.noticiasradioreflejos.com.ar\/2021\/wp-json\/wp\/v2\/posts\/104631","targetHints":{"allow":["GET"]}}],"collection":[{"href":"https:\/\/www.noticiasradioreflejos.com.ar\/2021\/wp-json\/wp\/v2\/posts"}],"about":[{"href":"https:\/\/www.noticiasradioreflejos.com.ar\/2021\/wp-json\/wp\/v2\/types\/post"}],"author":[{"embeddable":true,"href":"https:\/\/www.noticiasradioreflejos.com.ar\/2021\/wp-json\/wp\/v2\/users\/3"}],"replies":[{"embeddable":true,"href":"https:\/\/www.noticiasradioreflejos.com.ar\/2021\/wp-json\/wp\/v2\/comments?post=104631"}],"version-history":[{"count":1,"href":"https:\/\/www.noticiasradioreflejos.com.ar\/2021\/wp-json\/wp\/v2\/posts\/104631\/revisions"}],"predecessor-version":[{"id":104633,"href":"https:\/\/www.noticiasradioreflejos.com.ar\/2021\/wp-json\/wp\/v2\/posts\/104631\/revisions\/104633"}],"wp:featuredmedia":[{"embeddable":true,"href":"https:\/\/www.noticiasradioreflejos.com.ar\/2021\/wp-json\/wp\/v2\/media\/104632"}],"wp:attachment":[{"href":"https:\/\/www.noticiasradioreflejos.com.ar\/2021\/wp-json\/wp\/v2\/media?parent=104631"}],"wp:term":[{"taxonomy":"category","embeddable":true,"href":"https:\/\/www.noticiasradioreflejos.com.ar\/2021\/wp-json\/wp\/v2\/categories?post=104631"},{"taxonomy":"post_tag","embeddable":true,"href":"https:\/\/www.noticiasradioreflejos.com.ar\/2021\/wp-json\/wp\/v2\/tags?post=104631"}],"curies":[{"name":"wp","href":"https:\/\/api.w.org\/{rel}","templated":true}]}}