{"id":104603,"date":"2024-07-03T14:03:35","date_gmt":"2024-07-03T17:03:35","guid":{"rendered":"https:\/\/www.noticiasradioreflejos.com.ar\/2021\/?p=104603"},"modified":"2024-07-03T14:03:35","modified_gmt":"2024-07-03T17:03:35","slug":"abierta-la-inscripcion-a-decision-ninez-el-programa-cuyo-destino-lo-deciden-los-ninos-y-adolescentes","status":"publish","type":"post","link":"https:\/\/www.noticiasradioreflejos.com.ar\/2021\/abierta-la-inscripcion-a-decision-ninez-el-programa-cuyo-destino-lo-deciden-los-ninos-y-adolescentes\/","title":{"rendered":"Abierta la inscripci\u00f3n a Decisi\u00f3n Ni\u00f1ez, el programa cuyo destino lo deciden los ni\u00f1os y adolescentes"},"content":{"rendered":"<p>La Subsecretar\u00eda de Infancias y Juventudes de Tornquist Municipio, invita a la comunidad a participar del programa Decisi\u00f3n Ni\u00f1ez, el primer presupuesto p\u00fablico cuyo destino los deciden ni\u00f1os, ni\u00f1as y adolescentes.<!--more--><\/p>\n<p><a data-flickr-embed=\"true\" href=\"https:\/\/www.flickr.com\/photos\/182279889@N02\/53833151903\/in\/dateposted-public\/\" title=\"Decision Ni\u00f1ez\"><img loading=\"lazy\" decoding=\"async\" src=\"https:\/\/live.staticflickr.com\/65535\/53833151903_a13f363940_o.jpg\" width=\"702\" height=\"991\" alt=\"Decision Ni\u00f1ez\"\/><\/a><script async src=\"\/\/embedr.flickr.com\/assets\/client-code.js\" charset=\"utf-8\"><\/script><\/p>\n<p>La iniciativa es impulsada por el Ministerio de Desarrollo de la Comunidad de la Provincia de Buenos Aires y est\u00e1 dirigida a quienes tengan entre 8 y 17 a\u00f1os.<\/p>\n<p>Las inscripciones ya se encuentran abiertas y se realizan en el siguiente formulario de Google: <a href=\"https:\/\/docs.google.com\/forms\/d\/e\/1FAIpQLScoxlfV33bromFwRI0PxpLCssJgbmmMm6VcnHK1dLz_fHRgcg\/viewform.\" rel=\"noopener\" target=\"_blank\">https:\/\/docs.google.com\/forms\/d\/e\/1FAIpQLScoxlfV33bromFwRI0PxpLCssJgbmmMm6VcnHK1dLz_fHRgcg\/viewform.<\/a><\/p>\n<p>Decisi\u00f3n Ni\u00f1ez es una oportunidad para conocer y escuchar a los ni\u00f1os y adolescentes a trav\u00e9s de espacios colectivos, en donde plantean sus problem\u00e1ticas y realidades, y juntos deciden qu\u00e9 proyecto colectivo les gustar\u00eda sumar a sus barrios o comunidades.<\/p>\n","protected":false},"excerpt":{"rendered":"<p>La Subsecretar\u00eda de Infancias y Juventudes de Tornquist Municipio, invita a la comunidad a participar del programa Decisi\u00f3n Ni\u00f1ez, el primer presupuesto p\u00fablico cuyo destino los deciden ni\u00f1os, ni\u00f1as y adolescentes.<\/p>\n","protected":false},"author":3,"featured_media":0,"comment_status":"closed","ping_status":"closed","sticky":false,"template":"","format":"standard","meta":{"footnotes":""},"categories":[28],"tags":[],"class_list":["post-104603","post","type-post","status-publish","format-standard","hentry","category-municipales"],"yoast_head":"<!-- This site is optimized with the Yoast SEO plugin v25.9 - https:\/\/yoast.com\/wordpress\/plugins\/seo\/ -->\n<title>Abierta la inscripci\u00f3n a Decisi\u00f3n Ni\u00f1ez, el programa cuyo destino lo deciden los ni\u00f1os y adolescentes - Noticias Radio Reflejos<\/title>\n<meta name=\"robots\" content=\"index, follow, max-snippet:-1, max-image-preview:large, max-video-preview:-1\" \/>\n<link rel=\"canonical\" href=\"https:\/\/www.noticiasradioreflejos.com.ar\/2021\/abierta-la-inscripcion-a-decision-ninez-el-programa-cuyo-destino-lo-deciden-los-ninos-y-adolescentes\/\" \/>\n<meta property=\"og:locale\" content=\"es_ES\" \/>\n<meta property=\"og:type\" content=\"article\" \/>\n<meta property=\"og:title\" content=\"Abierta la inscripci\u00f3n a Decisi\u00f3n Ni\u00f1ez, el programa cuyo destino lo deciden los ni\u00f1os y adolescentes - Noticias Radio Reflejos\" \/>\n<meta property=\"og:description\" content=\"La Subsecretar\u00eda de Infancias y Juventudes de Tornquist Municipio, invita a la comunidad a participar del programa Decisi\u00f3n Ni\u00f1ez, el primer presupuesto p\u00fablico cuyo destino los deciden ni\u00f1os, ni\u00f1as y adolescentes.\" \/>\n<meta property=\"og:url\" content=\"https:\/\/www.noticiasradioreflejos.com.ar\/2021\/abierta-la-inscripcion-a-decision-ninez-el-programa-cuyo-destino-lo-deciden-los-ninos-y-adolescentes\/\" \/>\n<meta property=\"og:site_name\" content=\"Noticias Radio Reflejos\" \/>\n<meta property=\"article:published_time\" content=\"2024-07-03T17:03:35+00:00\" \/>\n<meta property=\"og:image\" content=\"https:\/\/live.staticflickr.com\/65535\/53833151903_a13f363940_o.jpg\" \/>\n<meta name=\"author\" content=\"Arnaldo Botto\" \/>\n<meta name=\"twitter:card\" content=\"summary_large_image\" \/>\n<script type=\"application\/ld+json\" class=\"yoast-schema-graph\">{\"@context\":\"https:\/\/schema.org\",\"@graph\":[{\"@type\":\"WebPage\",\"@id\":\"https:\/\/www.noticiasradioreflejos.com.ar\/2021\/abierta-la-inscripcion-a-decision-ninez-el-programa-cuyo-destino-lo-deciden-los-ninos-y-adolescentes\/\",\"url\":\"https:\/\/www.noticiasradioreflejos.com.ar\/2021\/abierta-la-inscripcion-a-decision-ninez-el-programa-cuyo-destino-lo-deciden-los-ninos-y-adolescentes\/\",\"name\":\"Abierta la inscripci\u00f3n a Decisi\u00f3n Ni\u00f1ez, el programa cuyo destino lo deciden los ni\u00f1os y adolescentes - Noticias Radio Reflejos\",\"isPartOf\":{\"@id\":\"https:\/\/www.noticiasradioreflejos.com.ar\/2021\/#website\"},\"primaryImageOfPage\":{\"@id\":\"https:\/\/www.noticiasradioreflejos.com.ar\/2021\/abierta-la-inscripcion-a-decision-ninez-el-programa-cuyo-destino-lo-deciden-los-ninos-y-adolescentes\/#primaryimage\"},\"image\":{\"@id\":\"https:\/\/www.noticiasradioreflejos.com.ar\/2021\/abierta-la-inscripcion-a-decision-ninez-el-programa-cuyo-destino-lo-deciden-los-ninos-y-adolescentes\/#primaryimage\"},\"thumbnailUrl\":\"https:\/\/live.staticflickr.com\/65535\/53833151903_a13f363940_o.jpg\",\"datePublished\":\"2024-07-03T17:03:35+00:00\",\"author\":{\"@id\":\"https:\/\/www.noticiasradioreflejos.com.ar\/2021\/#\/schema\/person\/ad82545263dcc5ec0996818884fd5fb1\"},\"breadcrumb\":{\"@id\":\"https:\/\/www.noticiasradioreflejos.com.ar\/2021\/abierta-la-inscripcion-a-decision-ninez-el-programa-cuyo-destino-lo-deciden-los-ninos-y-adolescentes\/#breadcrumb\"},\"inLanguage\":\"es\",\"potentialAction\":[{\"@type\":\"ReadAction\",\"target\":[\"https:\/\/www.noticiasradioreflejos.com.ar\/2021\/abierta-la-inscripcion-a-decision-ninez-el-programa-cuyo-destino-lo-deciden-los-ninos-y-adolescentes\/\"]}]},{\"@type\":\"ImageObject\",\"inLanguage\":\"es\",\"@id\":\"https:\/\/www.noticiasradioreflejos.com.ar\/2021\/abierta-la-inscripcion-a-decision-ninez-el-programa-cuyo-destino-lo-deciden-los-ninos-y-adolescentes\/#primaryimage\",\"url\":\"https:\/\/live.staticflickr.com\/65535\/53833151903_a13f363940_o.jpg\",\"contentUrl\":\"https:\/\/live.staticflickr.com\/65535\/53833151903_a13f363940_o.jpg\"},{\"@type\":\"BreadcrumbList\",\"@id\":\"https:\/\/www.noticiasradioreflejos.com.ar\/2021\/abierta-la-inscripcion-a-decision-ninez-el-programa-cuyo-destino-lo-deciden-los-ninos-y-adolescentes\/#breadcrumb\",\"itemListElement\":[{\"@type\":\"ListItem\",\"position\":1,\"name\":\"Portada\",\"item\":\"https:\/\/www.noticiasradioreflejos.com.ar\/2021\/\"},{\"@type\":\"ListItem\",\"position\":2,\"name\":\"Abierta la inscripci\u00f3n a Decisi\u00f3n Ni\u00f1ez, el programa cuyo destino lo deciden los ni\u00f1os y adolescentes\"}]},{\"@type\":\"WebSite\",\"@id\":\"https:\/\/www.noticiasradioreflejos.com.ar\/2021\/#website\",\"url\":\"https:\/\/www.noticiasradioreflejos.com.ar\/2021\/\",\"name\":\"Noticias Radio Reflejos\",\"description\":\"Las noticias de mi comarca\",\"potentialAction\":[{\"@type\":\"SearchAction\",\"target\":{\"@type\":\"EntryPoint\",\"urlTemplate\":\"https:\/\/www.noticiasradioreflejos.com.ar\/2021\/?s={search_term_string}\"},\"query-input\":{\"@type\":\"PropertyValueSpecification\",\"valueRequired\":true,\"valueName\":\"search_term_string\"}}],\"inLanguage\":\"es\"},{\"@type\":\"Person\",\"@id\":\"https:\/\/www.noticiasradioreflejos.com.ar\/2021\/#\/schema\/person\/ad82545263dcc5ec0996818884fd5fb1\",\"name\":\"Arnaldo Botto\",\"image\":{\"@type\":\"ImageObject\",\"inLanguage\":\"es\",\"@id\":\"https:\/\/www.noticiasradioreflejos.com.ar\/2021\/#\/schema\/person\/image\/\",\"url\":\"https:\/\/secure.gravatar.com\/avatar\/55cb5e37c1efa326397366e6974cb338056df65cb50e7d64d1cf314e87504837?s=96&d=mm&r=g\",\"contentUrl\":\"https:\/\/secure.gravatar.com\/avatar\/55cb5e37c1efa326397366e6974cb338056df65cb50e7d64d1cf314e87504837?s=96&d=mm&r=g\",\"caption\":\"Arnaldo Botto\"},\"url\":\"https:\/\/www.noticiasradioreflejos.com.ar\/2021\/author\/arnaldo\/\"}]}<\/script>\n<!-- \/ Yoast SEO plugin. -->","yoast_head_json":{"title":"Abierta la inscripci\u00f3n a Decisi\u00f3n Ni\u00f1ez, el programa cuyo destino lo deciden los ni\u00f1os y adolescentes - Noticias Radio Reflejos","robots":{"index":"index","follow":"follow","max-snippet":"max-snippet:-1","max-image-preview":"max-image-preview:large","max-video-preview":"max-video-preview:-1"},"canonical":"https:\/\/www.noticiasradioreflejos.com.ar\/2021\/abierta-la-inscripcion-a-decision-ninez-el-programa-cuyo-destino-lo-deciden-los-ninos-y-adolescentes\/","og_locale":"es_ES","og_type":"article","og_title":"Abierta la inscripci\u00f3n a Decisi\u00f3n Ni\u00f1ez, el programa cuyo destino lo deciden los ni\u00f1os y adolescentes - Noticias Radio Reflejos","og_description":"La Subsecretar\u00eda de Infancias y Juventudes de Tornquist Municipio, invita a la comunidad a participar del programa Decisi\u00f3n Ni\u00f1ez, el primer presupuesto p\u00fablico cuyo destino los deciden ni\u00f1os, ni\u00f1as y adolescentes.","og_url":"https:\/\/www.noticiasradioreflejos.com.ar\/2021\/abierta-la-inscripcion-a-decision-ninez-el-programa-cuyo-destino-lo-deciden-los-ninos-y-adolescentes\/","og_site_name":"Noticias Radio Reflejos","article_published_time":"2024-07-03T17:03:35+00:00","og_image":[{"url":"https:\/\/live.staticflickr.com\/65535\/53833151903_a13f363940_o.jpg","type":"","width":"","height":""}],"author":"Arnaldo Botto","twitter_card":"summary_large_image","schema":{"@context":"https:\/\/schema.org","@graph":[{"@type":"WebPage","@id":"https:\/\/www.noticiasradioreflejos.com.ar\/2021\/abierta-la-inscripcion-a-decision-ninez-el-programa-cuyo-destino-lo-deciden-los-ninos-y-adolescentes\/","url":"https:\/\/www.noticiasradioreflejos.com.ar\/2021\/abierta-la-inscripcion-a-decision-ninez-el-programa-cuyo-destino-lo-deciden-los-ninos-y-adolescentes\/","name":"Abierta la inscripci\u00f3n a Decisi\u00f3n Ni\u00f1ez, el programa cuyo destino lo deciden los ni\u00f1os y adolescentes - Noticias Radio Reflejos","isPartOf":{"@id":"https:\/\/www.noticiasradioreflejos.com.ar\/2021\/#website"},"primaryImageOfPage":{"@id":"https:\/\/www.noticiasradioreflejos.com.ar\/2021\/abierta-la-inscripcion-a-decision-ninez-el-programa-cuyo-destino-lo-deciden-los-ninos-y-adolescentes\/#primaryimage"},"image":{"@id":"https:\/\/www.noticiasradioreflejos.com.ar\/2021\/abierta-la-inscripcion-a-decision-ninez-el-programa-cuyo-destino-lo-deciden-los-ninos-y-adolescentes\/#primaryimage"},"thumbnailUrl":"https:\/\/live.staticflickr.com\/65535\/53833151903_a13f363940_o.jpg","datePublished":"2024-07-03T17:03:35+00:00","author":{"@id":"https:\/\/www.noticiasradioreflejos.com.ar\/2021\/#\/schema\/person\/ad82545263dcc5ec0996818884fd5fb1"},"breadcrumb":{"@id":"https:\/\/www.noticiasradioreflejos.com.ar\/2021\/abierta-la-inscripcion-a-decision-ninez-el-programa-cuyo-destino-lo-deciden-los-ninos-y-adolescentes\/#breadcrumb"},"inLanguage":"es","potentialAction":[{"@type":"ReadAction","target":["https:\/\/www.noticiasradioreflejos.com.ar\/2021\/abierta-la-inscripcion-a-decision-ninez-el-programa-cuyo-destino-lo-deciden-los-ninos-y-adolescentes\/"]}]},{"@type":"ImageObject","inLanguage":"es","@id":"https:\/\/www.noticiasradioreflejos.com.ar\/2021\/abierta-la-inscripcion-a-decision-ninez-el-programa-cuyo-destino-lo-deciden-los-ninos-y-adolescentes\/#primaryimage","url":"https:\/\/live.staticflickr.com\/65535\/53833151903_a13f363940_o.jpg","contentUrl":"https:\/\/live.staticflickr.com\/65535\/53833151903_a13f363940_o.jpg"},{"@type":"BreadcrumbList","@id":"https:\/\/www.noticiasradioreflejos.com.ar\/2021\/abierta-la-inscripcion-a-decision-ninez-el-programa-cuyo-destino-lo-deciden-los-ninos-y-adolescentes\/#breadcrumb","itemListElement":[{"@type":"ListItem","position":1,"name":"Portada","item":"https:\/\/www.noticiasradioreflejos.com.ar\/2021\/"},{"@type":"ListItem","position":2,"name":"Abierta la inscripci\u00f3n a Decisi\u00f3n Ni\u00f1ez, el programa cuyo destino lo deciden los ni\u00f1os y adolescentes"}]},{"@type":"WebSite","@id":"https:\/\/www.noticiasradioreflejos.com.ar\/2021\/#website","url":"https:\/\/www.noticiasradioreflejos.com.ar\/2021\/","name":"Noticias Radio Reflejos","description":"Las noticias de mi comarca","potentialAction":[{"@type":"SearchAction","target":{"@type":"EntryPoint","urlTemplate":"https:\/\/www.noticiasradioreflejos.com.ar\/2021\/?s={search_term_string}"},"query-input":{"@type":"PropertyValueSpecification","valueRequired":true,"valueName":"search_term_string"}}],"inLanguage":"es"},{"@type":"Person","@id":"https:\/\/www.noticiasradioreflejos.com.ar\/2021\/#\/schema\/person\/ad82545263dcc5ec0996818884fd5fb1","name":"Arnaldo Botto","image":{"@type":"ImageObject","inLanguage":"es","@id":"https:\/\/www.noticiasradioreflejos.com.ar\/2021\/#\/schema\/person\/image\/","url":"https:\/\/secure.gravatar.com\/avatar\/55cb5e37c1efa326397366e6974cb338056df65cb50e7d64d1cf314e87504837?s=96&d=mm&r=g","contentUrl":"https:\/\/secure.gravatar.com\/avatar\/55cb5e37c1efa326397366e6974cb338056df65cb50e7d64d1cf314e87504837?s=96&d=mm&r=g","caption":"Arnaldo Botto"},"url":"https:\/\/www.noticiasradioreflejos.com.ar\/2021\/author\/arnaldo\/"}]}},"_links":{"self":[{"href":"https:\/\/www.noticiasradioreflejos.com.ar\/2021\/wp-json\/wp\/v2\/posts\/104603","targetHints":{"allow":["GET"]}}],"collection":[{"href":"https:\/\/www.noticiasradioreflejos.com.ar\/2021\/wp-json\/wp\/v2\/posts"}],"about":[{"href":"https:\/\/www.noticiasradioreflejos.com.ar\/2021\/wp-json\/wp\/v2\/types\/post"}],"author":[{"embeddable":true,"href":"https:\/\/www.noticiasradioreflejos.com.ar\/2021\/wp-json\/wp\/v2\/users\/3"}],"replies":[{"embeddable":true,"href":"https:\/\/www.noticiasradioreflejos.com.ar\/2021\/wp-json\/wp\/v2\/comments?post=104603"}],"version-history":[{"count":1,"href":"https:\/\/www.noticiasradioreflejos.com.ar\/2021\/wp-json\/wp\/v2\/posts\/104603\/revisions"}],"predecessor-version":[{"id":104605,"href":"https:\/\/www.noticiasradioreflejos.com.ar\/2021\/wp-json\/wp\/v2\/posts\/104603\/revisions\/104605"}],"wp:attachment":[{"href":"https:\/\/www.noticiasradioreflejos.com.ar\/2021\/wp-json\/wp\/v2\/media?parent=104603"}],"wp:term":[{"taxonomy":"category","embeddable":true,"href":"https:\/\/www.noticiasradioreflejos.com.ar\/2021\/wp-json\/wp\/v2\/categories?post=104603"},{"taxonomy":"post_tag","embeddable":true,"href":"https:\/\/www.noticiasradioreflejos.com.ar\/2021\/wp-json\/wp\/v2\/tags?post=104603"}],"curies":[{"name":"wp","href":"https:\/\/api.w.org\/{rel}","templated":true}]}}