{"id":104516,"date":"2024-07-02T08:07:11","date_gmt":"2024-07-02T11:07:11","guid":{"rendered":"https:\/\/www.noticiasradioreflejos.com.ar\/2021\/?p=104516"},"modified":"2024-07-02T08:07:11","modified_gmt":"2024-07-02T11:07:11","slug":"milei-dio-el-visto-bueno-y-comienza-en-diputados-el-tratamiento-de-la-ley-conan-contra-el-maltrato-animal","status":"publish","type":"post","link":"https:\/\/www.noticiasradioreflejos.com.ar\/2021\/milei-dio-el-visto-bueno-y-comienza-en-diputados-el-tratamiento-de-la-ley-conan-contra-el-maltrato-animal\/","title":{"rendered":"Milei dio el visto bueno y comienza en Diputados el tratamiento de la \u00abLey Conan\u00bb contra el maltrato animal"},"content":{"rendered":"<header class=\"article-header\" data-tadevel-template=\"web\/article-header\">El presidente felicit\u00f3 al diputado del PRO Dami\u00e1n Arabia, uno de los autores de iniciativas para agravar las penas y multas contra los responsables de actos de crueldad contra animales.<!--more--><\/header>\n<div class=\"columns\" data-tadevel-template=\"web\/article-columns\">\n<div class=\"column-main\">\n<div class=\"article-body\" data-tadevel-template=\"web\/article-body\">\n<div class=\"article-body-content\">\n<p>La\u00a0<strong>C\u00e1mara de Diputados\u00a0<\/strong>iniciar\u00e1 el mi\u00e9rcoles el debate en torno a la \u00ab<strong>Ley Conan\u201d<\/strong>\u00a0contra el maltrato animal, un tema que preocupa cada vez a m\u00e1s argentinos.<\/p>\n<p>La comisi\u00f3n de Legislaci\u00f3n Penal, que preside la diputada\u00a0<strong>Laura Rodr\u00edguez Machado<\/strong>\u00a0(PRO), dar\u00e1 el primer paso el mi\u00e9rcoles a las 11 hs en el Sal\u00f3n Delia Parodi en una reuni\u00f3n informativa para poner en debate los proyectos que buscan actualizar la vetusta ley 14.346 de 1954.<\/p>\n<p>Uno de los autores de iniciativas que buscan agravar las multas y penas contra quienes cometan\u00a0<strong>actos de crueldad hacia los animales\u00a0<\/strong>es el bullrichista<strong>\u00a0Dami\u00e1n Arabia<\/strong>\u00a0(PRO), que fue quien bautiz\u00f3 el proyecto como \u201cLey Conan\u201d.<\/p>\n<p>A ra\u00edz de esa iniciativa, tuvo un intercambio amistoso en la red social X con el presidente\u00a0<strong>Javier Milei,\u00a0<\/strong>quien lo felicit\u00f3 por su trabajo, le dio el visto bueno, y le pidi\u00f3 que siguiera adelante con el debate.<\/p>\n<p><strong>\u00abHola Dami\u00e1n querido&#8230;!!! Felicitaciones por tu enorme trabajo y esperemos que La Ley CONAN se haga realidad&#8230; Abrazo gigante\u00bb<\/strong>, escribi\u00f3 el jefe de Estado.<\/p>\n<p>Conocido por su devoci\u00f3n por sus \u201c<strong>hijos de cuatro patas\u201d<\/strong>, como le llama a sus perros, Milei se hizo eco del proyecto para sancionar a las personas que maltraten animales, lo que sirvi\u00f3 de envi\u00f3n para iniciar formalmente el tratamiento, que ven\u00eda demor\u00e1ndose.<\/p>\n<p>El proyecto de Arabia eleva la pena de prisi\u00f3n de acuerdo a un rango entre los 6 meses \u00a0y los cinco a\u00f1os, en tanto que establece multas de entre 5 y 30 veces el valor del Salario M\u00ednimo, Vital y M\u00f3vil (SMVM) para quien infligiere malos tratos o hiciere v\u00edctima de actos de crueldad a los animales.<\/p>\n<p>En un texto similar, el diputado de la UCR<strong>\u00a0<\/strong><strong>Pablo Juliano<\/strong>\u00a0plantea\u00a0una pena de prisi\u00f3n de 6 meses a 3 a\u00f1os, y multas de 1 a 50 veces el valor del SMVM.<\/p>\n<p><strong>De acuerdo a la normativa vigente, la pena va de 15 d\u00edas a un a\u00f1o de prisi\u00f3n.\u00a0<\/strong><\/p>\n<p>Los dos proyectos estipulan un agravamiento de las penas por abusos, torturas, mutilaciones, envenenamiento y muerte.<\/p>\n<p>Adem\u00e1s,<strong>\u00a0los responsables de estos delitos recibir\u00e1n la inhabilitaci\u00f3n especial para la custodia de animales.<\/strong><\/p>\n<p>Tambi\u00e9n hay otros dos proyectos contra el maltrato animal que conservan estado parlamentario de los diputados\u00a0<strong>Manuel Aguirre<\/strong>\u00a0(UCR) y\u00a0<strong>Mar\u00eda Sotolano<\/strong>\u00a0(PRO).<\/p>\n<p>En julio de 2019 ya se hab\u00eda tratado una ley de estas caracter\u00edsticas en comisiones, e incluso se hab\u00eda avanzado en la firma de un dictamen de consenso, que nunca lleg\u00f3 al recinto.<\/p>\n<\/div>\n<\/div>\n<\/div>\n<\/div>\n","protected":false},"excerpt":{"rendered":"<p>El presidente felicit\u00f3 al diputado del PRO Dami\u00e1n Arabia, uno de los autores de iniciativas para agravar las penas y multas contra los responsables de actos de crueldad contra animales.<\/p>\n","protected":false},"author":3,"featured_media":101760,"comment_status":"closed","ping_status":"closed","sticky":false,"template":"","format":"standard","meta":{"footnotes":""},"categories":[24],"tags":[],"class_list":["post-104516","post","type-post","status-publish","format-standard","has-post-thumbnail","hentry","category-politica"],"yoast_head":"<!-- This site is optimized with the Yoast SEO plugin v25.9 - https:\/\/yoast.com\/wordpress\/plugins\/seo\/ -->\n<title>Milei dio el visto bueno y comienza en Diputados el tratamiento de la &quot;Ley Conan&quot; contra el maltrato animal - Noticias Radio Reflejos<\/title>\n<meta name=\"robots\" content=\"index, follow, max-snippet:-1, max-image-preview:large, max-video-preview:-1\" \/>\n<link rel=\"canonical\" href=\"https:\/\/www.noticiasradioreflejos.com.ar\/2021\/milei-dio-el-visto-bueno-y-comienza-en-diputados-el-tratamiento-de-la-ley-conan-contra-el-maltrato-animal\/\" \/>\n<meta property=\"og:locale\" content=\"es_ES\" \/>\n<meta property=\"og:type\" content=\"article\" \/>\n<meta property=\"og:title\" content=\"Milei dio el visto bueno y comienza en Diputados el tratamiento de la &quot;Ley Conan&quot; contra el maltrato animal - Noticias Radio Reflejos\" \/>\n<meta property=\"og:description\" content=\"El presidente felicit\u00f3 al diputado del PRO Dami\u00e1n Arabia, uno de los autores de iniciativas para agravar las penas y multas contra los responsables de actos de crueldad contra animales.\" \/>\n<meta property=\"og:url\" content=\"https:\/\/www.noticiasradioreflejos.com.ar\/2021\/milei-dio-el-visto-bueno-y-comienza-en-diputados-el-tratamiento-de-la-ley-conan-contra-el-maltrato-animal\/\" \/>\n<meta property=\"og:site_name\" content=\"Noticias Radio Reflejos\" \/>\n<meta property=\"article:published_time\" content=\"2024-07-02T11:07:11+00:00\" \/>\n<meta property=\"og:image\" content=\"https:\/\/www.noticiasradioreflejos.com.ar\/2021\/wp-content\/uploads\/2024\/04\/maltrato-animal.jpg\" \/>\n\t<meta property=\"og:image:width\" content=\"723\" \/>\n\t<meta property=\"og:image:height\" content=\"300\" \/>\n\t<meta property=\"og:image:type\" content=\"image\/jpeg\" \/>\n<meta name=\"author\" content=\"Arnaldo Botto\" \/>\n<meta name=\"twitter:card\" content=\"summary_large_image\" \/>\n<script type=\"application\/ld+json\" class=\"yoast-schema-graph\">{\"@context\":\"https:\/\/schema.org\",\"@graph\":[{\"@type\":\"WebPage\",\"@id\":\"https:\/\/www.noticiasradioreflejos.com.ar\/2021\/milei-dio-el-visto-bueno-y-comienza-en-diputados-el-tratamiento-de-la-ley-conan-contra-el-maltrato-animal\/\",\"url\":\"https:\/\/www.noticiasradioreflejos.com.ar\/2021\/milei-dio-el-visto-bueno-y-comienza-en-diputados-el-tratamiento-de-la-ley-conan-contra-el-maltrato-animal\/\",\"name\":\"Milei dio el visto bueno y comienza en Diputados el tratamiento de la \\\"Ley Conan\\\" contra el maltrato animal - Noticias Radio Reflejos\",\"isPartOf\":{\"@id\":\"https:\/\/www.noticiasradioreflejos.com.ar\/2021\/#website\"},\"primaryImageOfPage\":{\"@id\":\"https:\/\/www.noticiasradioreflejos.com.ar\/2021\/milei-dio-el-visto-bueno-y-comienza-en-diputados-el-tratamiento-de-la-ley-conan-contra-el-maltrato-animal\/#primaryimage\"},\"image\":{\"@id\":\"https:\/\/www.noticiasradioreflejos.com.ar\/2021\/milei-dio-el-visto-bueno-y-comienza-en-diputados-el-tratamiento-de-la-ley-conan-contra-el-maltrato-animal\/#primaryimage\"},\"thumbnailUrl\":\"https:\/\/www.noticiasradioreflejos.com.ar\/2021\/wp-content\/uploads\/2024\/04\/maltrato-animal.jpg\",\"datePublished\":\"2024-07-02T11:07:11+00:00\",\"author\":{\"@id\":\"https:\/\/www.noticiasradioreflejos.com.ar\/2021\/#\/schema\/person\/ad82545263dcc5ec0996818884fd5fb1\"},\"breadcrumb\":{\"@id\":\"https:\/\/www.noticiasradioreflejos.com.ar\/2021\/milei-dio-el-visto-bueno-y-comienza-en-diputados-el-tratamiento-de-la-ley-conan-contra-el-maltrato-animal\/#breadcrumb\"},\"inLanguage\":\"es\",\"potentialAction\":[{\"@type\":\"ReadAction\",\"target\":[\"https:\/\/www.noticiasradioreflejos.com.ar\/2021\/milei-dio-el-visto-bueno-y-comienza-en-diputados-el-tratamiento-de-la-ley-conan-contra-el-maltrato-animal\/\"]}]},{\"@type\":\"ImageObject\",\"inLanguage\":\"es\",\"@id\":\"https:\/\/www.noticiasradioreflejos.com.ar\/2021\/milei-dio-el-visto-bueno-y-comienza-en-diputados-el-tratamiento-de-la-ley-conan-contra-el-maltrato-animal\/#primaryimage\",\"url\":\"https:\/\/www.noticiasradioreflejos.com.ar\/2021\/wp-content\/uploads\/2024\/04\/maltrato-animal.jpg\",\"contentUrl\":\"https:\/\/www.noticiasradioreflejos.com.ar\/2021\/wp-content\/uploads\/2024\/04\/maltrato-animal.jpg\",\"width\":723,\"height\":300},{\"@type\":\"BreadcrumbList\",\"@id\":\"https:\/\/www.noticiasradioreflejos.com.ar\/2021\/milei-dio-el-visto-bueno-y-comienza-en-diputados-el-tratamiento-de-la-ley-conan-contra-el-maltrato-animal\/#breadcrumb\",\"itemListElement\":[{\"@type\":\"ListItem\",\"position\":1,\"name\":\"Portada\",\"item\":\"https:\/\/www.noticiasradioreflejos.com.ar\/2021\/\"},{\"@type\":\"ListItem\",\"position\":2,\"name\":\"Milei dio el visto bueno y comienza en Diputados el tratamiento de la \u00abLey Conan\u00bb contra el maltrato animal\"}]},{\"@type\":\"WebSite\",\"@id\":\"https:\/\/www.noticiasradioreflejos.com.ar\/2021\/#website\",\"url\":\"https:\/\/www.noticiasradioreflejos.com.ar\/2021\/\",\"name\":\"Noticias Radio Reflejos\",\"description\":\"Las noticias de mi comarca\",\"potentialAction\":[{\"@type\":\"SearchAction\",\"target\":{\"@type\":\"EntryPoint\",\"urlTemplate\":\"https:\/\/www.noticiasradioreflejos.com.ar\/2021\/?s={search_term_string}\"},\"query-input\":{\"@type\":\"PropertyValueSpecification\",\"valueRequired\":true,\"valueName\":\"search_term_string\"}}],\"inLanguage\":\"es\"},{\"@type\":\"Person\",\"@id\":\"https:\/\/www.noticiasradioreflejos.com.ar\/2021\/#\/schema\/person\/ad82545263dcc5ec0996818884fd5fb1\",\"name\":\"Arnaldo Botto\",\"image\":{\"@type\":\"ImageObject\",\"inLanguage\":\"es\",\"@id\":\"https:\/\/www.noticiasradioreflejos.com.ar\/2021\/#\/schema\/person\/image\/\",\"url\":\"https:\/\/secure.gravatar.com\/avatar\/55cb5e37c1efa326397366e6974cb338056df65cb50e7d64d1cf314e87504837?s=96&d=mm&r=g\",\"contentUrl\":\"https:\/\/secure.gravatar.com\/avatar\/55cb5e37c1efa326397366e6974cb338056df65cb50e7d64d1cf314e87504837?s=96&d=mm&r=g\",\"caption\":\"Arnaldo Botto\"},\"url\":\"https:\/\/www.noticiasradioreflejos.com.ar\/2021\/author\/arnaldo\/\"}]}<\/script>\n<!-- \/ Yoast SEO plugin. -->","yoast_head_json":{"title":"Milei dio el visto bueno y comienza en Diputados el tratamiento de la \"Ley Conan\" contra el maltrato animal - Noticias Radio Reflejos","robots":{"index":"index","follow":"follow","max-snippet":"max-snippet:-1","max-image-preview":"max-image-preview:large","max-video-preview":"max-video-preview:-1"},"canonical":"https:\/\/www.noticiasradioreflejos.com.ar\/2021\/milei-dio-el-visto-bueno-y-comienza-en-diputados-el-tratamiento-de-la-ley-conan-contra-el-maltrato-animal\/","og_locale":"es_ES","og_type":"article","og_title":"Milei dio el visto bueno y comienza en Diputados el tratamiento de la \"Ley Conan\" contra el maltrato animal - Noticias Radio Reflejos","og_description":"El presidente felicit\u00f3 al diputado del PRO Dami\u00e1n Arabia, uno de los autores de iniciativas para agravar las penas y multas contra los responsables de actos de crueldad contra animales.","og_url":"https:\/\/www.noticiasradioreflejos.com.ar\/2021\/milei-dio-el-visto-bueno-y-comienza-en-diputados-el-tratamiento-de-la-ley-conan-contra-el-maltrato-animal\/","og_site_name":"Noticias Radio Reflejos","article_published_time":"2024-07-02T11:07:11+00:00","og_image":[{"width":723,"height":300,"url":"https:\/\/www.noticiasradioreflejos.com.ar\/2021\/wp-content\/uploads\/2024\/04\/maltrato-animal.jpg","type":"image\/jpeg"}],"author":"Arnaldo Botto","twitter_card":"summary_large_image","schema":{"@context":"https:\/\/schema.org","@graph":[{"@type":"WebPage","@id":"https:\/\/www.noticiasradioreflejos.com.ar\/2021\/milei-dio-el-visto-bueno-y-comienza-en-diputados-el-tratamiento-de-la-ley-conan-contra-el-maltrato-animal\/","url":"https:\/\/www.noticiasradioreflejos.com.ar\/2021\/milei-dio-el-visto-bueno-y-comienza-en-diputados-el-tratamiento-de-la-ley-conan-contra-el-maltrato-animal\/","name":"Milei dio el visto bueno y comienza en Diputados el tratamiento de la \"Ley Conan\" contra el maltrato animal - Noticias Radio Reflejos","isPartOf":{"@id":"https:\/\/www.noticiasradioreflejos.com.ar\/2021\/#website"},"primaryImageOfPage":{"@id":"https:\/\/www.noticiasradioreflejos.com.ar\/2021\/milei-dio-el-visto-bueno-y-comienza-en-diputados-el-tratamiento-de-la-ley-conan-contra-el-maltrato-animal\/#primaryimage"},"image":{"@id":"https:\/\/www.noticiasradioreflejos.com.ar\/2021\/milei-dio-el-visto-bueno-y-comienza-en-diputados-el-tratamiento-de-la-ley-conan-contra-el-maltrato-animal\/#primaryimage"},"thumbnailUrl":"https:\/\/www.noticiasradioreflejos.com.ar\/2021\/wp-content\/uploads\/2024\/04\/maltrato-animal.jpg","datePublished":"2024-07-02T11:07:11+00:00","author":{"@id":"https:\/\/www.noticiasradioreflejos.com.ar\/2021\/#\/schema\/person\/ad82545263dcc5ec0996818884fd5fb1"},"breadcrumb":{"@id":"https:\/\/www.noticiasradioreflejos.com.ar\/2021\/milei-dio-el-visto-bueno-y-comienza-en-diputados-el-tratamiento-de-la-ley-conan-contra-el-maltrato-animal\/#breadcrumb"},"inLanguage":"es","potentialAction":[{"@type":"ReadAction","target":["https:\/\/www.noticiasradioreflejos.com.ar\/2021\/milei-dio-el-visto-bueno-y-comienza-en-diputados-el-tratamiento-de-la-ley-conan-contra-el-maltrato-animal\/"]}]},{"@type":"ImageObject","inLanguage":"es","@id":"https:\/\/www.noticiasradioreflejos.com.ar\/2021\/milei-dio-el-visto-bueno-y-comienza-en-diputados-el-tratamiento-de-la-ley-conan-contra-el-maltrato-animal\/#primaryimage","url":"https:\/\/www.noticiasradioreflejos.com.ar\/2021\/wp-content\/uploads\/2024\/04\/maltrato-animal.jpg","contentUrl":"https:\/\/www.noticiasradioreflejos.com.ar\/2021\/wp-content\/uploads\/2024\/04\/maltrato-animal.jpg","width":723,"height":300},{"@type":"BreadcrumbList","@id":"https:\/\/www.noticiasradioreflejos.com.ar\/2021\/milei-dio-el-visto-bueno-y-comienza-en-diputados-el-tratamiento-de-la-ley-conan-contra-el-maltrato-animal\/#breadcrumb","itemListElement":[{"@type":"ListItem","position":1,"name":"Portada","item":"https:\/\/www.noticiasradioreflejos.com.ar\/2021\/"},{"@type":"ListItem","position":2,"name":"Milei dio el visto bueno y comienza en Diputados el tratamiento de la \u00abLey Conan\u00bb contra el maltrato animal"}]},{"@type":"WebSite","@id":"https:\/\/www.noticiasradioreflejos.com.ar\/2021\/#website","url":"https:\/\/www.noticiasradioreflejos.com.ar\/2021\/","name":"Noticias Radio Reflejos","description":"Las noticias de mi comarca","potentialAction":[{"@type":"SearchAction","target":{"@type":"EntryPoint","urlTemplate":"https:\/\/www.noticiasradioreflejos.com.ar\/2021\/?s={search_term_string}"},"query-input":{"@type":"PropertyValueSpecification","valueRequired":true,"valueName":"search_term_string"}}],"inLanguage":"es"},{"@type":"Person","@id":"https:\/\/www.noticiasradioreflejos.com.ar\/2021\/#\/schema\/person\/ad82545263dcc5ec0996818884fd5fb1","name":"Arnaldo Botto","image":{"@type":"ImageObject","inLanguage":"es","@id":"https:\/\/www.noticiasradioreflejos.com.ar\/2021\/#\/schema\/person\/image\/","url":"https:\/\/secure.gravatar.com\/avatar\/55cb5e37c1efa326397366e6974cb338056df65cb50e7d64d1cf314e87504837?s=96&d=mm&r=g","contentUrl":"https:\/\/secure.gravatar.com\/avatar\/55cb5e37c1efa326397366e6974cb338056df65cb50e7d64d1cf314e87504837?s=96&d=mm&r=g","caption":"Arnaldo Botto"},"url":"https:\/\/www.noticiasradioreflejos.com.ar\/2021\/author\/arnaldo\/"}]}},"_links":{"self":[{"href":"https:\/\/www.noticiasradioreflejos.com.ar\/2021\/wp-json\/wp\/v2\/posts\/104516","targetHints":{"allow":["GET"]}}],"collection":[{"href":"https:\/\/www.noticiasradioreflejos.com.ar\/2021\/wp-json\/wp\/v2\/posts"}],"about":[{"href":"https:\/\/www.noticiasradioreflejos.com.ar\/2021\/wp-json\/wp\/v2\/types\/post"}],"author":[{"embeddable":true,"href":"https:\/\/www.noticiasradioreflejos.com.ar\/2021\/wp-json\/wp\/v2\/users\/3"}],"replies":[{"embeddable":true,"href":"https:\/\/www.noticiasradioreflejos.com.ar\/2021\/wp-json\/wp\/v2\/comments?post=104516"}],"version-history":[{"count":1,"href":"https:\/\/www.noticiasradioreflejos.com.ar\/2021\/wp-json\/wp\/v2\/posts\/104516\/revisions"}],"predecessor-version":[{"id":104517,"href":"https:\/\/www.noticiasradioreflejos.com.ar\/2021\/wp-json\/wp\/v2\/posts\/104516\/revisions\/104517"}],"wp:featuredmedia":[{"embeddable":true,"href":"https:\/\/www.noticiasradioreflejos.com.ar\/2021\/wp-json\/wp\/v2\/media\/101760"}],"wp:attachment":[{"href":"https:\/\/www.noticiasradioreflejos.com.ar\/2021\/wp-json\/wp\/v2\/media?parent=104516"}],"wp:term":[{"taxonomy":"category","embeddable":true,"href":"https:\/\/www.noticiasradioreflejos.com.ar\/2021\/wp-json\/wp\/v2\/categories?post=104516"},{"taxonomy":"post_tag","embeddable":true,"href":"https:\/\/www.noticiasradioreflejos.com.ar\/2021\/wp-json\/wp\/v2\/tags?post=104516"}],"curies":[{"name":"wp","href":"https:\/\/api.w.org\/{rel}","templated":true}]}}