{"id":104514,"date":"2024-07-01T18:22:36","date_gmt":"2024-07-01T21:22:36","guid":{"rendered":"https:\/\/www.noticiasradioreflejos.com.ar\/2021\/?p=104514"},"modified":"2024-07-01T18:22:36","modified_gmt":"2024-07-01T21:22:36","slug":"aumentaron-las-multas-de-transito-en-la-provincia-conoce-los-nuevos-valores","status":"publish","type":"post","link":"https:\/\/www.noticiasradioreflejos.com.ar\/2021\/aumentaron-las-multas-de-transito-en-la-provincia-conoce-los-nuevos-valores\/","title":{"rendered":"Aumentaron las multas de tr\u00e1nsito en la Provincia: conoc\u00e9 los nuevos valores"},"content":{"rendered":"<p><strong style=\"font-style: inherit;\">Desde este lunes primero de julio aumentaron los valores de las multas de tr\u00e1nsito en la provincia de Buenos Aires<\/strong><span style=\"font-style: inherit; font-weight: inherit;\">. Es as\u00ed que cometer infracciones en calles y rutas bonaerenses se incrementar\u00e1\u00a0desde hoy en un\u00a08%\u00a0respecto\u00a0a lo que costaban en junio.<\/span><br \/>\n<!--more--><\/p>\n<p style=\"font-weight: inherit; font-style: inherit;\">La medida se debe a que el Ministerio de Transporte actualiz\u00f3 el valor de la unidad fija (UF),\u00a0<strong>que es la que determina el costo final de la sanci\u00f3n que se aplica por no cumplir con las normas del tr\u00e1nsito<\/strong>, que a su vez va atada a la suba de los combustibles, que tambi\u00e9n aumentaron este lunes.<\/p>\n<p style=\"font-weight: inherit; font-style: inherit;\">\n<p style=\"font-weight: inherit; font-style: inherit;\">La Resoluci\u00f3n 146\/24, publicada en el Bolet\u00edn Oficial bonaerense y que lleva la firma del ministro Jorge D&#8217;Onofrio, hizo oficial el nuevo valor de la unidad fija, que es de\u00a0$1.230, el valor del litro de nafta de mayor octanaje, seg\u00fan la pizarra del Autom\u00f3vil Club Argentino.\u00a0<strong>As\u00ed se\u00a0determin\u00f3 que el mismo se aplica desde hoy, por lo que ya se encuentra vigente y el monto m\u00e1ximo a pagar por cometer una infracci\u00f3n es de 1.230.000 pesos<\/strong>.<\/p>\n<p style=\"font-weight: inherit; font-style: inherit;\">\n<p style=\"font-weight: inherit; font-style: inherit;\">\u00abEstablecer, al solo efecto de la determinaci\u00f3n del valor de las multas, a partir del d\u00eda primero de julio del a\u00f1o 2024\u00a0y para el bimestre comprendido entre los meses de julio y agosto del mismo a\u00f1o, el valor de 1 (una) UF (unidad fija) en la\u00a0suma de pesos mil doscientos treinta ($1.230,00)\u00bb, se indica en el art\u00edculo 1\u00ba de la mencionada resoluci\u00f3n.<\/p>\n<p style=\"font-weight: inherit; font-style: inherit;\">\n<p style=\"font-weight: inherit; font-style: inherit;\"><strong>UNO POR UNO, LOS NUEVOS VALORES DE LAS MULTAS<\/strong><\/p>\n<p style=\"font-weight: inherit; font-style: inherit;\">\n<p style=\"font-weight: inherit; font-style: inherit;\">Con el aumento de la nafta, como qued\u00f3 dicho, se modific\u00f3 cu\u00e1nto se debe pagar por cometer infracciones de tr\u00e1nsito en el territorio bonaerense:<\/p>\n<p style=\"font-weight: inherit; font-style: inherit;\">\n<p style=\"font-weight: inherit; font-style: inherit;\">&#8211;\u00a0<strong>Superar la velocidad m\u00e1xima<\/strong>: de $184.500 a $1.230.000.<\/p>\n<p style=\"font-weight: inherit; font-style: inherit;\">&#8211;\u00a0<strong>Conducir con exceso de alcohol en sangre o por consumir estupefacientes<\/strong>: de $246000 a $1.230.000.<\/p>\n<p style=\"font-weight: inherit; font-style: inherit;\">&#8211;\u00a0<strong>Circular en contramano o por banquina<\/strong>: de de $246.000 a $1.230.000.<\/p>\n<p style=\"font-weight: inherit; font-style: inherit;\">&#8211;\u00a0<strong>Conducir con la licencia suspendida por ineptitud<\/strong>: de $184.500 a $1.230.000.<\/p>\n<p style=\"font-weight: inherit; font-style: inherit;\">&#8211;\u00a0<strong>Circular con m\u00e1s ocupantes de los permitidos por el veh\u00edculo<\/strong>: de $184.500 a $615.000.<\/p>\n<p style=\"font-weight: inherit; font-style: inherit;\">&#8211;\u00a0<strong>Negarse a mostrar la documentaci\u00f3n exigida<\/strong>: de $123.000 a $568.500.<\/p>\n<p style=\"font-weight: inherit; font-style: inherit;\">&#8211;\u00a0<strong>Circular sin VTV<\/strong>: de $123.000 a $615.000.<\/p>\n<p style=\"font-weight: inherit; font-style: inherit;\">&#8211;\u00a0<strong>Cruzar el sem\u00e1foro en rojo<\/strong>: de $123.000 a $615.000.<\/p>\n<p style=\"font-weight: inherit; font-style: inherit;\">&#8211;\u00a0<strong>Circular con una licencia que no corresponde a la categor\u00eda del veh\u00edculo<\/strong>: de $123.000 a $615.000.<\/p>\n<p style=\"font-weight: inherit; font-style: inherit;\">&#8211;\u00a0<strong>No usar el cintur\u00f3n de seguridad<\/strong>: de $123.000 a $615.000.<\/p>\n<p style=\"font-weight: inherit; font-style: inherit;\">&#8211;\u00a0<strong>Dejar el auto mal estacionado<\/strong>: de $61.500 a $123.000.<\/p>\n<p style=\"font-weight: inherit; font-style: inherit;\">&#8211;\u00a0<strong>Circular sin patente<\/strong>: de $61.500 a $123.000.<\/p>\n<p style=\"font-weight: inherit; font-style: inherit;\">&#8211;\u00a0<strong>Manejar con la licencia vencida<\/strong>: de $61.500 a $123.000.<\/p>\n<p style=\"font-weight: inherit; font-style: inherit;\">&#8211;\u00a0<strong>Conducir sin seguro<\/strong>: de $61.500 a $123.000.<\/p>\n<p style=\"font-weight: inherit; font-style: inherit;\">&#8211;\u00a0<strong>Conducir sin c\u00e9dula de identificaci\u00f3n del veh\u00edculo<\/strong>: de $61.500 a $123.000.<\/p>\n","protected":false},"excerpt":{"rendered":"<p>Desde este lunes primero de julio aumentaron los valores de las multas de tr\u00e1nsito en la provincia de Buenos Aires. Es as\u00ed que cometer infracciones en calles y rutas bonaerenses se incrementar\u00e1\u00a0desde hoy en un\u00a08%\u00a0respecto\u00a0a lo que costaban en junio.<\/p>\n","protected":false},"author":3,"featured_media":0,"comment_status":"closed","ping_status":"closed","sticky":false,"template":"","format":"standard","meta":{"footnotes":""},"categories":[36],"tags":[48],"class_list":["post-104514","post","type-post","status-publish","format-standard","hentry","category-economia","tag-destacada"],"yoast_head":"<!-- This site is optimized with the Yoast SEO plugin v25.9 - https:\/\/yoast.com\/wordpress\/plugins\/seo\/ -->\n<title>Aumentaron las multas de tr\u00e1nsito en la Provincia: conoc\u00e9 los nuevos valores - Noticias Radio Reflejos<\/title>\n<meta name=\"robots\" content=\"index, follow, max-snippet:-1, max-image-preview:large, max-video-preview:-1\" \/>\n<link rel=\"canonical\" href=\"https:\/\/www.noticiasradioreflejos.com.ar\/2021\/aumentaron-las-multas-de-transito-en-la-provincia-conoce-los-nuevos-valores\/\" \/>\n<meta property=\"og:locale\" content=\"es_ES\" \/>\n<meta property=\"og:type\" content=\"article\" \/>\n<meta property=\"og:title\" content=\"Aumentaron las multas de tr\u00e1nsito en la Provincia: conoc\u00e9 los nuevos valores - Noticias Radio Reflejos\" \/>\n<meta property=\"og:description\" content=\"Desde este lunes primero de julio aumentaron los valores de las multas de tr\u00e1nsito en la provincia de Buenos Aires. Es as\u00ed que cometer infracciones en calles y rutas bonaerenses se incrementar\u00e1\u00a0desde hoy en un\u00a08%\u00a0respecto\u00a0a lo que costaban en junio.\" \/>\n<meta property=\"og:url\" content=\"https:\/\/www.noticiasradioreflejos.com.ar\/2021\/aumentaron-las-multas-de-transito-en-la-provincia-conoce-los-nuevos-valores\/\" \/>\n<meta property=\"og:site_name\" content=\"Noticias Radio Reflejos\" \/>\n<meta property=\"article:published_time\" content=\"2024-07-01T21:22:36+00:00\" \/>\n<meta property=\"og:image\" content=\"https:\/\/www.noticiasradioreflejos.com.ar\/2021\/wp-content\/uploads\/2024\/01\/control-de-transito.jpg\" \/>\n\t<meta property=\"og:image:width\" content=\"1200\" \/>\n\t<meta property=\"og:image:height\" content=\"675\" \/>\n\t<meta property=\"og:image:type\" content=\"image\/jpeg\" \/>\n<meta name=\"author\" content=\"Arnaldo Botto\" \/>\n<meta name=\"twitter:card\" content=\"summary_large_image\" \/>\n<script type=\"application\/ld+json\" class=\"yoast-schema-graph\">{\"@context\":\"https:\/\/schema.org\",\"@graph\":[{\"@type\":\"WebPage\",\"@id\":\"https:\/\/www.noticiasradioreflejos.com.ar\/2021\/aumentaron-las-multas-de-transito-en-la-provincia-conoce-los-nuevos-valores\/\",\"url\":\"https:\/\/www.noticiasradioreflejos.com.ar\/2021\/aumentaron-las-multas-de-transito-en-la-provincia-conoce-los-nuevos-valores\/\",\"name\":\"Aumentaron las multas de tr\u00e1nsito en la Provincia: conoc\u00e9 los nuevos valores - Noticias Radio Reflejos\",\"isPartOf\":{\"@id\":\"https:\/\/www.noticiasradioreflejos.com.ar\/2021\/#website\"},\"datePublished\":\"2024-07-01T21:22:36+00:00\",\"author\":{\"@id\":\"https:\/\/www.noticiasradioreflejos.com.ar\/2021\/#\/schema\/person\/ad82545263dcc5ec0996818884fd5fb1\"},\"breadcrumb\":{\"@id\":\"https:\/\/www.noticiasradioreflejos.com.ar\/2021\/aumentaron-las-multas-de-transito-en-la-provincia-conoce-los-nuevos-valores\/#breadcrumb\"},\"inLanguage\":\"es\",\"potentialAction\":[{\"@type\":\"ReadAction\",\"target\":[\"https:\/\/www.noticiasradioreflejos.com.ar\/2021\/aumentaron-las-multas-de-transito-en-la-provincia-conoce-los-nuevos-valores\/\"]}]},{\"@type\":\"BreadcrumbList\",\"@id\":\"https:\/\/www.noticiasradioreflejos.com.ar\/2021\/aumentaron-las-multas-de-transito-en-la-provincia-conoce-los-nuevos-valores\/#breadcrumb\",\"itemListElement\":[{\"@type\":\"ListItem\",\"position\":1,\"name\":\"Portada\",\"item\":\"https:\/\/www.noticiasradioreflejos.com.ar\/2021\/\"},{\"@type\":\"ListItem\",\"position\":2,\"name\":\"Aumentaron las multas de tr\u00e1nsito en la Provincia: conoc\u00e9 los nuevos valores\"}]},{\"@type\":\"WebSite\",\"@id\":\"https:\/\/www.noticiasradioreflejos.com.ar\/2021\/#website\",\"url\":\"https:\/\/www.noticiasradioreflejos.com.ar\/2021\/\",\"name\":\"Noticias Radio Reflejos\",\"description\":\"Las noticias de mi comarca\",\"potentialAction\":[{\"@type\":\"SearchAction\",\"target\":{\"@type\":\"EntryPoint\",\"urlTemplate\":\"https:\/\/www.noticiasradioreflejos.com.ar\/2021\/?s={search_term_string}\"},\"query-input\":{\"@type\":\"PropertyValueSpecification\",\"valueRequired\":true,\"valueName\":\"search_term_string\"}}],\"inLanguage\":\"es\"},{\"@type\":\"Person\",\"@id\":\"https:\/\/www.noticiasradioreflejos.com.ar\/2021\/#\/schema\/person\/ad82545263dcc5ec0996818884fd5fb1\",\"name\":\"Arnaldo Botto\",\"image\":{\"@type\":\"ImageObject\",\"inLanguage\":\"es\",\"@id\":\"https:\/\/www.noticiasradioreflejos.com.ar\/2021\/#\/schema\/person\/image\/\",\"url\":\"https:\/\/secure.gravatar.com\/avatar\/55cb5e37c1efa326397366e6974cb338056df65cb50e7d64d1cf314e87504837?s=96&d=mm&r=g\",\"contentUrl\":\"https:\/\/secure.gravatar.com\/avatar\/55cb5e37c1efa326397366e6974cb338056df65cb50e7d64d1cf314e87504837?s=96&d=mm&r=g\",\"caption\":\"Arnaldo Botto\"},\"url\":\"https:\/\/www.noticiasradioreflejos.com.ar\/2021\/author\/arnaldo\/\"}]}<\/script>\n<!-- \/ Yoast SEO plugin. -->","yoast_head_json":{"title":"Aumentaron las multas de tr\u00e1nsito en la Provincia: conoc\u00e9 los nuevos valores - Noticias Radio Reflejos","robots":{"index":"index","follow":"follow","max-snippet":"max-snippet:-1","max-image-preview":"max-image-preview:large","max-video-preview":"max-video-preview:-1"},"canonical":"https:\/\/www.noticiasradioreflejos.com.ar\/2021\/aumentaron-las-multas-de-transito-en-la-provincia-conoce-los-nuevos-valores\/","og_locale":"es_ES","og_type":"article","og_title":"Aumentaron las multas de tr\u00e1nsito en la Provincia: conoc\u00e9 los nuevos valores - Noticias Radio Reflejos","og_description":"Desde este lunes primero de julio aumentaron los valores de las multas de tr\u00e1nsito en la provincia de Buenos Aires. Es as\u00ed que cometer infracciones en calles y rutas bonaerenses se incrementar\u00e1\u00a0desde hoy en un\u00a08%\u00a0respecto\u00a0a lo que costaban en junio.","og_url":"https:\/\/www.noticiasradioreflejos.com.ar\/2021\/aumentaron-las-multas-de-transito-en-la-provincia-conoce-los-nuevos-valores\/","og_site_name":"Noticias Radio Reflejos","article_published_time":"2024-07-01T21:22:36+00:00","og_image":[{"width":1200,"height":675,"url":"https:\/\/www.noticiasradioreflejos.com.ar\/2021\/wp-content\/uploads\/2024\/01\/control-de-transito.jpg","type":"image\/jpeg"}],"author":"Arnaldo Botto","twitter_card":"summary_large_image","schema":{"@context":"https:\/\/schema.org","@graph":[{"@type":"WebPage","@id":"https:\/\/www.noticiasradioreflejos.com.ar\/2021\/aumentaron-las-multas-de-transito-en-la-provincia-conoce-los-nuevos-valores\/","url":"https:\/\/www.noticiasradioreflejos.com.ar\/2021\/aumentaron-las-multas-de-transito-en-la-provincia-conoce-los-nuevos-valores\/","name":"Aumentaron las multas de tr\u00e1nsito en la Provincia: conoc\u00e9 los nuevos valores - Noticias Radio Reflejos","isPartOf":{"@id":"https:\/\/www.noticiasradioreflejos.com.ar\/2021\/#website"},"datePublished":"2024-07-01T21:22:36+00:00","author":{"@id":"https:\/\/www.noticiasradioreflejos.com.ar\/2021\/#\/schema\/person\/ad82545263dcc5ec0996818884fd5fb1"},"breadcrumb":{"@id":"https:\/\/www.noticiasradioreflejos.com.ar\/2021\/aumentaron-las-multas-de-transito-en-la-provincia-conoce-los-nuevos-valores\/#breadcrumb"},"inLanguage":"es","potentialAction":[{"@type":"ReadAction","target":["https:\/\/www.noticiasradioreflejos.com.ar\/2021\/aumentaron-las-multas-de-transito-en-la-provincia-conoce-los-nuevos-valores\/"]}]},{"@type":"BreadcrumbList","@id":"https:\/\/www.noticiasradioreflejos.com.ar\/2021\/aumentaron-las-multas-de-transito-en-la-provincia-conoce-los-nuevos-valores\/#breadcrumb","itemListElement":[{"@type":"ListItem","position":1,"name":"Portada","item":"https:\/\/www.noticiasradioreflejos.com.ar\/2021\/"},{"@type":"ListItem","position":2,"name":"Aumentaron las multas de tr\u00e1nsito en la Provincia: conoc\u00e9 los nuevos valores"}]},{"@type":"WebSite","@id":"https:\/\/www.noticiasradioreflejos.com.ar\/2021\/#website","url":"https:\/\/www.noticiasradioreflejos.com.ar\/2021\/","name":"Noticias Radio Reflejos","description":"Las noticias de mi comarca","potentialAction":[{"@type":"SearchAction","target":{"@type":"EntryPoint","urlTemplate":"https:\/\/www.noticiasradioreflejos.com.ar\/2021\/?s={search_term_string}"},"query-input":{"@type":"PropertyValueSpecification","valueRequired":true,"valueName":"search_term_string"}}],"inLanguage":"es"},{"@type":"Person","@id":"https:\/\/www.noticiasradioreflejos.com.ar\/2021\/#\/schema\/person\/ad82545263dcc5ec0996818884fd5fb1","name":"Arnaldo Botto","image":{"@type":"ImageObject","inLanguage":"es","@id":"https:\/\/www.noticiasradioreflejos.com.ar\/2021\/#\/schema\/person\/image\/","url":"https:\/\/secure.gravatar.com\/avatar\/55cb5e37c1efa326397366e6974cb338056df65cb50e7d64d1cf314e87504837?s=96&d=mm&r=g","contentUrl":"https:\/\/secure.gravatar.com\/avatar\/55cb5e37c1efa326397366e6974cb338056df65cb50e7d64d1cf314e87504837?s=96&d=mm&r=g","caption":"Arnaldo Botto"},"url":"https:\/\/www.noticiasradioreflejos.com.ar\/2021\/author\/arnaldo\/"}]}},"_links":{"self":[{"href":"https:\/\/www.noticiasradioreflejos.com.ar\/2021\/wp-json\/wp\/v2\/posts\/104514","targetHints":{"allow":["GET"]}}],"collection":[{"href":"https:\/\/www.noticiasradioreflejos.com.ar\/2021\/wp-json\/wp\/v2\/posts"}],"about":[{"href":"https:\/\/www.noticiasradioreflejos.com.ar\/2021\/wp-json\/wp\/v2\/types\/post"}],"author":[{"embeddable":true,"href":"https:\/\/www.noticiasradioreflejos.com.ar\/2021\/wp-json\/wp\/v2\/users\/3"}],"replies":[{"embeddable":true,"href":"https:\/\/www.noticiasradioreflejos.com.ar\/2021\/wp-json\/wp\/v2\/comments?post=104514"}],"version-history":[{"count":1,"href":"https:\/\/www.noticiasradioreflejos.com.ar\/2021\/wp-json\/wp\/v2\/posts\/104514\/revisions"}],"predecessor-version":[{"id":104515,"href":"https:\/\/www.noticiasradioreflejos.com.ar\/2021\/wp-json\/wp\/v2\/posts\/104514\/revisions\/104515"}],"wp:attachment":[{"href":"https:\/\/www.noticiasradioreflejos.com.ar\/2021\/wp-json\/wp\/v2\/media?parent=104514"}],"wp:term":[{"taxonomy":"category","embeddable":true,"href":"https:\/\/www.noticiasradioreflejos.com.ar\/2021\/wp-json\/wp\/v2\/categories?post=104514"},{"taxonomy":"post_tag","embeddable":true,"href":"https:\/\/www.noticiasradioreflejos.com.ar\/2021\/wp-json\/wp\/v2\/tags?post=104514"}],"curies":[{"name":"wp","href":"https:\/\/api.w.org\/{rel}","templated":true}]}}