{"id":104507,"date":"2024-07-01T14:14:38","date_gmt":"2024-07-01T17:14:38","guid":{"rendered":"https:\/\/www.noticiasradioreflejos.com.ar\/2021\/?p=104507"},"modified":"2024-07-01T14:14:38","modified_gmt":"2024-07-01T17:14:38","slug":"repercusiones-del-paso-de-maxi-jaime-por-porteno","status":"publish","type":"post","link":"https:\/\/www.noticiasradioreflejos.com.ar\/2021\/repercusiones-del-paso-de-maxi-jaime-por-porteno\/","title":{"rendered":"Repercusiones del paso de Maxi Jaime por Porte\u00f1o"},"content":{"rendered":"<p>Tanto la profesora <strong>Andrea Romero<\/strong> como la S<strong>ubsecretaria de Deportes Sof\u00eda Urriaga<\/strong> dejaron sus impresiones del paso del jugador profesional por Saldungaray.<!--more--><\/p>\n<p>Este fin de semana se dio una atractiva cl\u00ednica de Voley en Saldungaray, donde el Club Porte\u00f1o ofici\u00f3 de anfitri\u00f3n y cerca de medio centenar de chicos aprendieron y se divirtieron de la mano del jugador profesional Maxi Jaime.<\/p>\n<p>Sobre este encuentro la profesora Andrea Romero asegur\u00f3 que \u201cvino gente de Pringles, de Automoto, Uni\u00f3n, los chicos de Porte\u00f1o, inferiores de los chicos que van al CEF 195; muy bien, muy buena convocatoria. Estaban todos muy entusiasmados de venir, lo mismo Maxi, as\u00ed que le sacaron el jugo a pleno\u201d.<\/p>\n<p><a title=\"Maxi jaime (4)\" href=\"https:\/\/www.flickr.com\/photos\/182279889@N02\/53827418772\/in\/dateposted-public\/\" data-flickr-embed=\"true\"><img loading=\"lazy\" decoding=\"async\" class=\"aligncenter\" src=\"https:\/\/live.staticflickr.com\/65535\/53827418772_a54a29a342_c.jpg\" alt=\"Maxi jaime (4)\" width=\"599\" height=\"800\" \/><\/a><br \/>\nDando un detalle de lo vivido, \u201carrancamos con entrada de calor y ejercicios puntuales. Luego le dimos paso a ejercicios individuales para mejorar la t\u00e9cnica. Despu\u00e9s tuvimos algo m\u00e1s global. Hicimos un break para el almuerzo y luego seguimos con la otra tanda. Al final del d\u00eda un amistoso entre los U18 de Porte\u00f1o contra Maxi y un rejunte de los otros chicos\u201d.<\/p>\n<p>Seg\u00fan refiri\u00f3, \u201cMaxi desde un primer momento nos dio todas las facilidades, no nos puso condiciones. Si no hubiese sido as\u00ed no lo podr\u00edamos haber hecho\u201d.<\/p>\n<p>Por \u00faltimo mencion\u00f3 que \u201cestamos chochos con c\u00f3mo qued\u00f3 el gimnasio. La verdad es que est\u00e1 hermoso. Los padres se rompieron el alma para gestionar la cantina y con lo recaudado iremos a las regionales. Tenemos que viajar a Puan, a Dereaux y si clasificamos a Bah\u00eda, y de ah\u00ed a Mardel\u2026 ese es el camino de los bonaerenses\u201d.<\/p>\n<p><iframe loading=\"lazy\" src=\"https:\/\/w.soundcloud.com\/player\/?url=https%3A\/\/api.soundcloud.com\/tracks\/1860131154&amp;color=%23ff5500&amp;auto_play=false&amp;hide_related=false&amp;show_comments=true&amp;show_user=true&amp;show_reposts=false&amp;show_teaser=true\" width=\"100%\" height=\"166\" frameborder=\"no\" scrolling=\"no\"><\/iframe><\/p>\n<div style=\"font-size: 10px; color: #cccccc; line-break: anywhere; word-break: normal; overflow: hidden; white-space: nowrap; text-overflow: ellipsis; font-family: Interstate,Lucida Grande,Lucida Sans Unicode,Lucida Sans,Garuda,Verdana,Tahoma,sans-serif; font-weight: 100;\"><a style=\"color: #cccccc; text-decoration: none;\" title=\"fmreflejos 103.7\" href=\"https:\/\/soundcloud.com\/fmreflejos-103-7\" target=\"_blank\" rel=\"noopener\">fmreflejos 103.7<\/a> \u00b7 <a style=\"color: #cccccc; text-decoration: none;\" title=\"Andrea Romero - Cl\u00ednica con Maxi Jaime\" href=\"https:\/\/soundcloud.com\/fmreflejos-103-7\/andrea-romero-b0e4c6b9-7aca-47f5-b66b-a665e8e0c497\" target=\"_blank\" rel=\"noopener\">Andrea Romero &#8211; Cl\u00ednica con Maxi Jaime<\/a><\/div>\n<p>&nbsp;<\/p>\n<p>&nbsp;<\/p>\n<p>&nbsp;<\/p>\n<p>En tanto que la Subsecretaria de Deportes, Sof\u00eda Urriaga, afirm\u00f3 que \u201cestuvo buen\u00edsimo que se pueda hacer en Porte\u00f1o. Los chicos vienen entrenando, se pudo pintar la cancha, los chicos consiguieron la red, los postes\u2026 su entusiasmo contagia. Es un gran paso y se puede seguir creciendo\u201d.<\/p>\n<p>Analizando el presente de los jugadores locales, la funcionaria cont\u00f3 que \u201clos chicos tambi\u00e9n est\u00e1n jugando en un club de Bah\u00eda porque no ten\u00edan la chance ac\u00e1. Ahora esa chance ac\u00e1 en Saldungaray. Hoy por hoy el programa que pueden jugar es bonaerenses, que justamente busca esto, que puedan participar chicos que no tienen competencia\u201d.<\/p>\n<p>Por \u00faltimo resalt\u00f3 que \u201ces sorprendente c\u00f3mo crecieron. El otro d\u00eda los vi jugar y no pod\u00eda creer c\u00f3mo han crecido. Hace tres a\u00f1os clasificaron las chicas. Esa fue la primera vez que llegamos a Mar del Plata. Se nos est\u00e1 dando de poder pasar. Ahora se agregaron los inter regionales, que es una etapa m\u00e1s donde iremos contra Bah\u00eda Blanca, lo que nos la pone un poco m\u00e1s dif\u00edcil pero por ah\u00ed se nos da\u201d.<\/p>\n<p><iframe loading=\"lazy\" src=\"https:\/\/w.soundcloud.com\/player\/?url=https%3A\/\/api.soundcloud.com\/tracks\/1860131535&amp;color=%23ff5500&amp;auto_play=false&amp;hide_related=false&amp;show_comments=true&amp;show_user=true&amp;show_reposts=false&amp;show_teaser=true\" width=\"100%\" height=\"166\" frameborder=\"no\" scrolling=\"no\"><\/iframe><\/p>\n<div style=\"font-size: 10px; color: #cccccc; line-break: anywhere; word-break: normal; overflow: hidden; white-space: nowrap; text-overflow: ellipsis; font-family: Interstate,Lucida Grande,Lucida Sans Unicode,Lucida Sans,Garuda,Verdana,Tahoma,sans-serif; font-weight: 100;\"><a style=\"color: #cccccc; text-decoration: none;\" title=\"fmreflejos 103.7\" href=\"https:\/\/soundcloud.com\/fmreflejos-103-7\" target=\"_blank\" rel=\"noopener\">fmreflejos 103.7<\/a> \u00b7 <a style=\"color: #cccccc; text-decoration: none;\" title=\"Sof\u00eda Urriaga\" href=\"https:\/\/soundcloud.com\/fmreflejos-103-7\/sofia-urriaga-4\" target=\"_blank\" rel=\"noopener\">Sof\u00eda Urriaga<\/a><\/div>\n<p>&nbsp;<\/p>\n<p><a title=\"maxi jaime (5)\" href=\"https:\/\/www.flickr.com\/photos\/182279889@N02\/53828769270\/in\/dateposted-public\/\" data-flickr-embed=\"true\"><img loading=\"lazy\" decoding=\"async\" src=\"https:\/\/live.staticflickr.com\/65535\/53828769270_aa07829bbe_c.jpg\" alt=\"maxi jaime (5)\" width=\"600\" height=\"800\" \/><\/a><script async src=\"\/\/embedr.flickr.com\/assets\/client-code.js\" charset=\"utf-8\"><\/script><\/p>\n","protected":false},"excerpt":{"rendered":"<p>Tanto la profesora Andrea Romero como la Subsecretaria de Deportes Sof\u00eda Urriaga dejaron sus impresiones del paso del jugador profesional por Saldungaray.<\/p>\n","protected":false},"author":3,"featured_media":104509,"comment_status":"closed","ping_status":"closed","sticky":false,"template":"","format":"standard","meta":{"footnotes":""},"categories":[27],"tags":[48],"class_list":["post-104507","post","type-post","status-publish","format-standard","has-post-thumbnail","hentry","category-deportes","tag-destacada"],"yoast_head":"<!-- This site is optimized with the Yoast SEO plugin v25.9 - https:\/\/yoast.com\/wordpress\/plugins\/seo\/ -->\n<title>Repercusiones del paso de Maxi Jaime por Porte\u00f1o - Noticias Radio Reflejos<\/title>\n<meta name=\"robots\" content=\"index, follow, max-snippet:-1, max-image-preview:large, max-video-preview:-1\" \/>\n<link rel=\"canonical\" href=\"https:\/\/www.noticiasradioreflejos.com.ar\/2021\/repercusiones-del-paso-de-maxi-jaime-por-porteno\/\" \/>\n<meta property=\"og:locale\" content=\"es_ES\" \/>\n<meta property=\"og:type\" content=\"article\" \/>\n<meta property=\"og:title\" content=\"Repercusiones del paso de Maxi Jaime por Porte\u00f1o - Noticias Radio Reflejos\" \/>\n<meta property=\"og:description\" content=\"Tanto la profesora Andrea Romero como la Subsecretaria de Deportes Sof\u00eda Urriaga dejaron sus impresiones del paso del jugador profesional por Saldungaray.\" \/>\n<meta property=\"og:url\" content=\"https:\/\/www.noticiasradioreflejos.com.ar\/2021\/repercusiones-del-paso-de-maxi-jaime-por-porteno\/\" \/>\n<meta property=\"og:site_name\" content=\"Noticias Radio Reflejos\" \/>\n<meta property=\"article:published_time\" content=\"2024-07-01T17:14:38+00:00\" \/>\n<meta property=\"og:image\" content=\"https:\/\/www.noticiasradioreflejos.com.ar\/2021\/wp-content\/uploads\/2024\/07\/WhatsApp-Image-2024-07-01-at-14.01.41.jpeg\" \/>\n\t<meta property=\"og:image:width\" content=\"1325\" \/>\n\t<meta property=\"og:image:height\" content=\"814\" \/>\n\t<meta property=\"og:image:type\" content=\"image\/jpeg\" \/>\n<meta name=\"author\" content=\"Arnaldo Botto\" \/>\n<meta name=\"twitter:card\" content=\"summary_large_image\" \/>\n<script type=\"application\/ld+json\" class=\"yoast-schema-graph\">{\"@context\":\"https:\/\/schema.org\",\"@graph\":[{\"@type\":\"WebPage\",\"@id\":\"https:\/\/www.noticiasradioreflejos.com.ar\/2021\/repercusiones-del-paso-de-maxi-jaime-por-porteno\/\",\"url\":\"https:\/\/www.noticiasradioreflejos.com.ar\/2021\/repercusiones-del-paso-de-maxi-jaime-por-porteno\/\",\"name\":\"Repercusiones del paso de Maxi Jaime por Porte\u00f1o - Noticias Radio Reflejos\",\"isPartOf\":{\"@id\":\"https:\/\/www.noticiasradioreflejos.com.ar\/2021\/#website\"},\"primaryImageOfPage\":{\"@id\":\"https:\/\/www.noticiasradioreflejos.com.ar\/2021\/repercusiones-del-paso-de-maxi-jaime-por-porteno\/#primaryimage\"},\"image\":{\"@id\":\"https:\/\/www.noticiasradioreflejos.com.ar\/2021\/repercusiones-del-paso-de-maxi-jaime-por-porteno\/#primaryimage\"},\"thumbnailUrl\":\"https:\/\/www.noticiasradioreflejos.com.ar\/2021\/wp-content\/uploads\/2024\/07\/WhatsApp-Image-2024-07-01-at-14.01.41.jpeg\",\"datePublished\":\"2024-07-01T17:14:38+00:00\",\"author\":{\"@id\":\"https:\/\/www.noticiasradioreflejos.com.ar\/2021\/#\/schema\/person\/ad82545263dcc5ec0996818884fd5fb1\"},\"breadcrumb\":{\"@id\":\"https:\/\/www.noticiasradioreflejos.com.ar\/2021\/repercusiones-del-paso-de-maxi-jaime-por-porteno\/#breadcrumb\"},\"inLanguage\":\"es\",\"potentialAction\":[{\"@type\":\"ReadAction\",\"target\":[\"https:\/\/www.noticiasradioreflejos.com.ar\/2021\/repercusiones-del-paso-de-maxi-jaime-por-porteno\/\"]}]},{\"@type\":\"ImageObject\",\"inLanguage\":\"es\",\"@id\":\"https:\/\/www.noticiasradioreflejos.com.ar\/2021\/repercusiones-del-paso-de-maxi-jaime-por-porteno\/#primaryimage\",\"url\":\"https:\/\/www.noticiasradioreflejos.com.ar\/2021\/wp-content\/uploads\/2024\/07\/WhatsApp-Image-2024-07-01-at-14.01.41.jpeg\",\"contentUrl\":\"https:\/\/www.noticiasradioreflejos.com.ar\/2021\/wp-content\/uploads\/2024\/07\/WhatsApp-Image-2024-07-01-at-14.01.41.jpeg\",\"width\":1325,\"height\":814},{\"@type\":\"BreadcrumbList\",\"@id\":\"https:\/\/www.noticiasradioreflejos.com.ar\/2021\/repercusiones-del-paso-de-maxi-jaime-por-porteno\/#breadcrumb\",\"itemListElement\":[{\"@type\":\"ListItem\",\"position\":1,\"name\":\"Portada\",\"item\":\"https:\/\/www.noticiasradioreflejos.com.ar\/2021\/\"},{\"@type\":\"ListItem\",\"position\":2,\"name\":\"Repercusiones del paso de Maxi Jaime por Porte\u00f1o\"}]},{\"@type\":\"WebSite\",\"@id\":\"https:\/\/www.noticiasradioreflejos.com.ar\/2021\/#website\",\"url\":\"https:\/\/www.noticiasradioreflejos.com.ar\/2021\/\",\"name\":\"Noticias Radio Reflejos\",\"description\":\"Las noticias de mi comarca\",\"potentialAction\":[{\"@type\":\"SearchAction\",\"target\":{\"@type\":\"EntryPoint\",\"urlTemplate\":\"https:\/\/www.noticiasradioreflejos.com.ar\/2021\/?s={search_term_string}\"},\"query-input\":{\"@type\":\"PropertyValueSpecification\",\"valueRequired\":true,\"valueName\":\"search_term_string\"}}],\"inLanguage\":\"es\"},{\"@type\":\"Person\",\"@id\":\"https:\/\/www.noticiasradioreflejos.com.ar\/2021\/#\/schema\/person\/ad82545263dcc5ec0996818884fd5fb1\",\"name\":\"Arnaldo Botto\",\"image\":{\"@type\":\"ImageObject\",\"inLanguage\":\"es\",\"@id\":\"https:\/\/www.noticiasradioreflejos.com.ar\/2021\/#\/schema\/person\/image\/\",\"url\":\"https:\/\/secure.gravatar.com\/avatar\/55cb5e37c1efa326397366e6974cb338056df65cb50e7d64d1cf314e87504837?s=96&d=mm&r=g\",\"contentUrl\":\"https:\/\/secure.gravatar.com\/avatar\/55cb5e37c1efa326397366e6974cb338056df65cb50e7d64d1cf314e87504837?s=96&d=mm&r=g\",\"caption\":\"Arnaldo Botto\"},\"url\":\"https:\/\/www.noticiasradioreflejos.com.ar\/2021\/author\/arnaldo\/\"}]}<\/script>\n<!-- \/ Yoast SEO plugin. -->","yoast_head_json":{"title":"Repercusiones del paso de Maxi Jaime por Porte\u00f1o - Noticias Radio Reflejos","robots":{"index":"index","follow":"follow","max-snippet":"max-snippet:-1","max-image-preview":"max-image-preview:large","max-video-preview":"max-video-preview:-1"},"canonical":"https:\/\/www.noticiasradioreflejos.com.ar\/2021\/repercusiones-del-paso-de-maxi-jaime-por-porteno\/","og_locale":"es_ES","og_type":"article","og_title":"Repercusiones del paso de Maxi Jaime por Porte\u00f1o - Noticias Radio Reflejos","og_description":"Tanto la profesora Andrea Romero como la Subsecretaria de Deportes Sof\u00eda Urriaga dejaron sus impresiones del paso del jugador profesional por Saldungaray.","og_url":"https:\/\/www.noticiasradioreflejos.com.ar\/2021\/repercusiones-del-paso-de-maxi-jaime-por-porteno\/","og_site_name":"Noticias Radio Reflejos","article_published_time":"2024-07-01T17:14:38+00:00","og_image":[{"width":1325,"height":814,"url":"https:\/\/www.noticiasradioreflejos.com.ar\/2021\/wp-content\/uploads\/2024\/07\/WhatsApp-Image-2024-07-01-at-14.01.41.jpeg","type":"image\/jpeg"}],"author":"Arnaldo Botto","twitter_card":"summary_large_image","schema":{"@context":"https:\/\/schema.org","@graph":[{"@type":"WebPage","@id":"https:\/\/www.noticiasradioreflejos.com.ar\/2021\/repercusiones-del-paso-de-maxi-jaime-por-porteno\/","url":"https:\/\/www.noticiasradioreflejos.com.ar\/2021\/repercusiones-del-paso-de-maxi-jaime-por-porteno\/","name":"Repercusiones del paso de Maxi Jaime por Porte\u00f1o - Noticias Radio Reflejos","isPartOf":{"@id":"https:\/\/www.noticiasradioreflejos.com.ar\/2021\/#website"},"primaryImageOfPage":{"@id":"https:\/\/www.noticiasradioreflejos.com.ar\/2021\/repercusiones-del-paso-de-maxi-jaime-por-porteno\/#primaryimage"},"image":{"@id":"https:\/\/www.noticiasradioreflejos.com.ar\/2021\/repercusiones-del-paso-de-maxi-jaime-por-porteno\/#primaryimage"},"thumbnailUrl":"https:\/\/www.noticiasradioreflejos.com.ar\/2021\/wp-content\/uploads\/2024\/07\/WhatsApp-Image-2024-07-01-at-14.01.41.jpeg","datePublished":"2024-07-01T17:14:38+00:00","author":{"@id":"https:\/\/www.noticiasradioreflejos.com.ar\/2021\/#\/schema\/person\/ad82545263dcc5ec0996818884fd5fb1"},"breadcrumb":{"@id":"https:\/\/www.noticiasradioreflejos.com.ar\/2021\/repercusiones-del-paso-de-maxi-jaime-por-porteno\/#breadcrumb"},"inLanguage":"es","potentialAction":[{"@type":"ReadAction","target":["https:\/\/www.noticiasradioreflejos.com.ar\/2021\/repercusiones-del-paso-de-maxi-jaime-por-porteno\/"]}]},{"@type":"ImageObject","inLanguage":"es","@id":"https:\/\/www.noticiasradioreflejos.com.ar\/2021\/repercusiones-del-paso-de-maxi-jaime-por-porteno\/#primaryimage","url":"https:\/\/www.noticiasradioreflejos.com.ar\/2021\/wp-content\/uploads\/2024\/07\/WhatsApp-Image-2024-07-01-at-14.01.41.jpeg","contentUrl":"https:\/\/www.noticiasradioreflejos.com.ar\/2021\/wp-content\/uploads\/2024\/07\/WhatsApp-Image-2024-07-01-at-14.01.41.jpeg","width":1325,"height":814},{"@type":"BreadcrumbList","@id":"https:\/\/www.noticiasradioreflejos.com.ar\/2021\/repercusiones-del-paso-de-maxi-jaime-por-porteno\/#breadcrumb","itemListElement":[{"@type":"ListItem","position":1,"name":"Portada","item":"https:\/\/www.noticiasradioreflejos.com.ar\/2021\/"},{"@type":"ListItem","position":2,"name":"Repercusiones del paso de Maxi Jaime por Porte\u00f1o"}]},{"@type":"WebSite","@id":"https:\/\/www.noticiasradioreflejos.com.ar\/2021\/#website","url":"https:\/\/www.noticiasradioreflejos.com.ar\/2021\/","name":"Noticias Radio Reflejos","description":"Las noticias de mi comarca","potentialAction":[{"@type":"SearchAction","target":{"@type":"EntryPoint","urlTemplate":"https:\/\/www.noticiasradioreflejos.com.ar\/2021\/?s={search_term_string}"},"query-input":{"@type":"PropertyValueSpecification","valueRequired":true,"valueName":"search_term_string"}}],"inLanguage":"es"},{"@type":"Person","@id":"https:\/\/www.noticiasradioreflejos.com.ar\/2021\/#\/schema\/person\/ad82545263dcc5ec0996818884fd5fb1","name":"Arnaldo Botto","image":{"@type":"ImageObject","inLanguage":"es","@id":"https:\/\/www.noticiasradioreflejos.com.ar\/2021\/#\/schema\/person\/image\/","url":"https:\/\/secure.gravatar.com\/avatar\/55cb5e37c1efa326397366e6974cb338056df65cb50e7d64d1cf314e87504837?s=96&d=mm&r=g","contentUrl":"https:\/\/secure.gravatar.com\/avatar\/55cb5e37c1efa326397366e6974cb338056df65cb50e7d64d1cf314e87504837?s=96&d=mm&r=g","caption":"Arnaldo Botto"},"url":"https:\/\/www.noticiasradioreflejos.com.ar\/2021\/author\/arnaldo\/"}]}},"_links":{"self":[{"href":"https:\/\/www.noticiasradioreflejos.com.ar\/2021\/wp-json\/wp\/v2\/posts\/104507","targetHints":{"allow":["GET"]}}],"collection":[{"href":"https:\/\/www.noticiasradioreflejos.com.ar\/2021\/wp-json\/wp\/v2\/posts"}],"about":[{"href":"https:\/\/www.noticiasradioreflejos.com.ar\/2021\/wp-json\/wp\/v2\/types\/post"}],"author":[{"embeddable":true,"href":"https:\/\/www.noticiasradioreflejos.com.ar\/2021\/wp-json\/wp\/v2\/users\/3"}],"replies":[{"embeddable":true,"href":"https:\/\/www.noticiasradioreflejos.com.ar\/2021\/wp-json\/wp\/v2\/comments?post=104507"}],"version-history":[{"count":2,"href":"https:\/\/www.noticiasradioreflejos.com.ar\/2021\/wp-json\/wp\/v2\/posts\/104507\/revisions"}],"predecessor-version":[{"id":104513,"href":"https:\/\/www.noticiasradioreflejos.com.ar\/2021\/wp-json\/wp\/v2\/posts\/104507\/revisions\/104513"}],"wp:featuredmedia":[{"embeddable":true,"href":"https:\/\/www.noticiasradioreflejos.com.ar\/2021\/wp-json\/wp\/v2\/media\/104509"}],"wp:attachment":[{"href":"https:\/\/www.noticiasradioreflejos.com.ar\/2021\/wp-json\/wp\/v2\/media?parent=104507"}],"wp:term":[{"taxonomy":"category","embeddable":true,"href":"https:\/\/www.noticiasradioreflejos.com.ar\/2021\/wp-json\/wp\/v2\/categories?post=104507"},{"taxonomy":"post_tag","embeddable":true,"href":"https:\/\/www.noticiasradioreflejos.com.ar\/2021\/wp-json\/wp\/v2\/tags?post=104507"}],"curies":[{"name":"wp","href":"https:\/\/api.w.org\/{rel}","templated":true}]}}