{"id":10449,"date":"2017-05-24T16:44:14","date_gmt":"2017-05-24T19:44:14","guid":{"rendered":"http:\/\/noticiasradioreflejos.com.ar\/noticias\/?p=10449"},"modified":"2017-05-24T16:44:14","modified_gmt":"2017-05-24T19:44:14","slug":"mensajes-por-el-207-aniversario-de-la-revolucion-de-mayo","status":"publish","type":"post","link":"https:\/\/www.noticiasradioreflejos.com.ar\/2021\/mensajes-por-el-207-aniversario-de-la-revolucion-de-mayo\/","title":{"rendered":"Mensajes por el 207\u00b0 Aniversario de la Revoluci\u00f3n de Mayo"},"content":{"rendered":"<p>A continuaci\u00f3n publicamos los mensajes que llegan a nuestra redacci\u00f3n con motivo de celebrarse este 25 de Mayo el 207\u00b0 Aniversario de la revoluci\u00f3n de Mayo.<br \/>\n<!--more--><br \/>\nDurante la Revoluci\u00f3n de Mayo se puso en juego el futuro de una colonia, que deseaba crecer y desarrollarse como un pueblo independiente. As\u00ed inici\u00f3 el pa\u00eds sus caminos de gloria y de haza\u00f1as guerreras, esperando siempre el triunfo de los ideales, privilegiando la posibilidad de construir un sue\u00f1o colectivo que representara los intereses de todos los habitantes.<br \/>\nSolo el trabajo y los valores de un pueblo definen el car\u00e1cter de una naci\u00f3n libre y soberana.<br \/>\nEs el pueblo, el \u00fanico y principal protagonista, y es en \u00e9l que debemos encontrar el verdadero sentido de esta fiesta nacional, en un marco de paz, alegr\u00eda y serenidad, enalteciendo aquella jornada que nos volvi\u00f3 libres y poniendo en valor nuestra democracia.<br \/>\n\u00a1Feliz d\u00eda de la Patria a todos los argentinos que trabajan d\u00eda a d\u00eda para construir una sociedad m\u00e1s pr\u00f3spera y justa!\u201d.<br \/>\n<strong>Presidencia del H.C.D.<\/strong><br \/>\nCorriente Frente Renovador<br \/>\nBloque Partido Justicialista<br \/>\nBloque Frente para la Victoria<br \/>\nBloque Frente Progresista C\u00edvico y Social<br \/>\nBloque Cambiemos Buenos Aires<br \/>\n&#8212;&#8212;&#8212;&#8212;&#8212;&#8212;&#8212;&#8212;&#8212;&#8212;&#8212;&#8212;&#8212;&#8212;&#8212;&#8212;&#8212;&#8212;&#8211;<br \/>\n1810 &#8211; 25 de Mayo &#8211; 2017<br \/>\nAl cumplirse el 207 aniversario de la Revoluci\u00f3n de Mayo, saludamos a toda la comunidad del Distrito de Tornquist, uni\u00e9ndonos a la celebraci\u00f3n de esta Gesta de Mayo.<br \/>\n<strong>Junta Promotora N\u00ba 53 Tornquist<\/strong><br \/>\n&#8212;&#8212;&#8212;&#8212;&#8212;&#8212;&#8212;&#8212;&#8212;&#8212;&#8212;&#8212;&#8212;&#8212;&#8212;&#8212;&#8212;&#8212;-<br \/>\n<a title=\"18718600_10212964710611274_1970144391_n\" href=\"http:\/\/farm5.staticflickr.com\/4202\/34081170883_b3a57078db_z.jpg\" rel=\"\"><img loading=\"lazy\" decoding=\"async\" class=\"aligncenter\" title=\"18718600_10212964710611274_1970144391_n\" src=\"http:\/\/farm5.staticflickr.com\/4202\/34081170883_b3a57078db_z.jpg\" alt=\"18718600_10212964710611274_1970144391_n\" width=\"640\" height=\"640\" \/><\/a><\/p>\n","protected":false},"excerpt":{"rendered":"<p>A continuaci\u00f3n publicamos los mensajes que llegan a nuestra redacci\u00f3n con motivo de celebrarse este 25 de Mayo el 207\u00b0 Aniversario de la revoluci\u00f3n de Mayo.<\/p>\n","protected":false},"author":3,"featured_media":0,"comment_status":"closed","ping_status":"open","sticky":false,"template":"","format":"standard","meta":{"footnotes":""},"categories":[26],"tags":[],"class_list":["post-10449","post","type-post","status-publish","format-standard","hentry","category-sociedad"],"yoast_head":"<!-- This site is optimized with the Yoast SEO plugin v25.9 - https:\/\/yoast.com\/wordpress\/plugins\/seo\/ -->\n<title>Mensajes por el 207\u00b0 Aniversario de la Revoluci\u00f3n de Mayo - Noticias Radio Reflejos<\/title>\n<meta name=\"robots\" content=\"index, follow, max-snippet:-1, max-image-preview:large, max-video-preview:-1\" \/>\n<link rel=\"canonical\" href=\"https:\/\/www.noticiasradioreflejos.com.ar\/2021\/mensajes-por-el-207-aniversario-de-la-revolucion-de-mayo\/\" \/>\n<meta property=\"og:locale\" content=\"es_ES\" \/>\n<meta property=\"og:type\" content=\"article\" \/>\n<meta property=\"og:title\" content=\"Mensajes por el 207\u00b0 Aniversario de la Revoluci\u00f3n de Mayo - Noticias Radio Reflejos\" \/>\n<meta property=\"og:description\" content=\"A continuaci\u00f3n publicamos los mensajes que llegan a nuestra redacci\u00f3n con motivo de celebrarse este 25 de Mayo el 207\u00b0 Aniversario de la revoluci\u00f3n de Mayo.\" \/>\n<meta property=\"og:url\" content=\"https:\/\/www.noticiasradioreflejos.com.ar\/2021\/mensajes-por-el-207-aniversario-de-la-revolucion-de-mayo\/\" \/>\n<meta property=\"og:site_name\" content=\"Noticias Radio Reflejos\" \/>\n<meta property=\"article:published_time\" content=\"2017-05-24T19:44:14+00:00\" \/>\n<meta property=\"og:image\" content=\"http:\/\/farm5.staticflickr.com\/4202\/34081170883_b3a57078db_z.jpg\" \/>\n<meta name=\"author\" content=\"Arnaldo Botto\" \/>\n<meta name=\"twitter:card\" content=\"summary_large_image\" \/>\n<script type=\"application\/ld+json\" class=\"yoast-schema-graph\">{\"@context\":\"https:\/\/schema.org\",\"@graph\":[{\"@type\":\"WebPage\",\"@id\":\"https:\/\/www.noticiasradioreflejos.com.ar\/2021\/mensajes-por-el-207-aniversario-de-la-revolucion-de-mayo\/\",\"url\":\"https:\/\/www.noticiasradioreflejos.com.ar\/2021\/mensajes-por-el-207-aniversario-de-la-revolucion-de-mayo\/\",\"name\":\"Mensajes por el 207\u00b0 Aniversario de la Revoluci\u00f3n de Mayo - Noticias Radio Reflejos\",\"isPartOf\":{\"@id\":\"https:\/\/www.noticiasradioreflejos.com.ar\/2021\/#website\"},\"primaryImageOfPage\":{\"@id\":\"https:\/\/www.noticiasradioreflejos.com.ar\/2021\/mensajes-por-el-207-aniversario-de-la-revolucion-de-mayo\/#primaryimage\"},\"image\":{\"@id\":\"https:\/\/www.noticiasradioreflejos.com.ar\/2021\/mensajes-por-el-207-aniversario-de-la-revolucion-de-mayo\/#primaryimage\"},\"thumbnailUrl\":\"http:\/\/farm5.staticflickr.com\/4202\/34081170883_b3a57078db_z.jpg\",\"datePublished\":\"2017-05-24T19:44:14+00:00\",\"author\":{\"@id\":\"https:\/\/www.noticiasradioreflejos.com.ar\/2021\/#\/schema\/person\/ad82545263dcc5ec0996818884fd5fb1\"},\"breadcrumb\":{\"@id\":\"https:\/\/www.noticiasradioreflejos.com.ar\/2021\/mensajes-por-el-207-aniversario-de-la-revolucion-de-mayo\/#breadcrumb\"},\"inLanguage\":\"es\",\"potentialAction\":[{\"@type\":\"ReadAction\",\"target\":[\"https:\/\/www.noticiasradioreflejos.com.ar\/2021\/mensajes-por-el-207-aniversario-de-la-revolucion-de-mayo\/\"]}]},{\"@type\":\"ImageObject\",\"inLanguage\":\"es\",\"@id\":\"https:\/\/www.noticiasradioreflejos.com.ar\/2021\/mensajes-por-el-207-aniversario-de-la-revolucion-de-mayo\/#primaryimage\",\"url\":\"http:\/\/farm5.staticflickr.com\/4202\/34081170883_b3a57078db_z.jpg\",\"contentUrl\":\"http:\/\/farm5.staticflickr.com\/4202\/34081170883_b3a57078db_z.jpg\"},{\"@type\":\"BreadcrumbList\",\"@id\":\"https:\/\/www.noticiasradioreflejos.com.ar\/2021\/mensajes-por-el-207-aniversario-de-la-revolucion-de-mayo\/#breadcrumb\",\"itemListElement\":[{\"@type\":\"ListItem\",\"position\":1,\"name\":\"Portada\",\"item\":\"https:\/\/www.noticiasradioreflejos.com.ar\/2021\/\"},{\"@type\":\"ListItem\",\"position\":2,\"name\":\"Mensajes por el 207\u00b0 Aniversario de la Revoluci\u00f3n de Mayo\"}]},{\"@type\":\"WebSite\",\"@id\":\"https:\/\/www.noticiasradioreflejos.com.ar\/2021\/#website\",\"url\":\"https:\/\/www.noticiasradioreflejos.com.ar\/2021\/\",\"name\":\"Noticias Radio Reflejos\",\"description\":\"Las noticias de mi comarca\",\"potentialAction\":[{\"@type\":\"SearchAction\",\"target\":{\"@type\":\"EntryPoint\",\"urlTemplate\":\"https:\/\/www.noticiasradioreflejos.com.ar\/2021\/?s={search_term_string}\"},\"query-input\":{\"@type\":\"PropertyValueSpecification\",\"valueRequired\":true,\"valueName\":\"search_term_string\"}}],\"inLanguage\":\"es\"},{\"@type\":\"Person\",\"@id\":\"https:\/\/www.noticiasradioreflejos.com.ar\/2021\/#\/schema\/person\/ad82545263dcc5ec0996818884fd5fb1\",\"name\":\"Arnaldo Botto\",\"image\":{\"@type\":\"ImageObject\",\"inLanguage\":\"es\",\"@id\":\"https:\/\/www.noticiasradioreflejos.com.ar\/2021\/#\/schema\/person\/image\/\",\"url\":\"https:\/\/secure.gravatar.com\/avatar\/55cb5e37c1efa326397366e6974cb338056df65cb50e7d64d1cf314e87504837?s=96&d=mm&r=g\",\"contentUrl\":\"https:\/\/secure.gravatar.com\/avatar\/55cb5e37c1efa326397366e6974cb338056df65cb50e7d64d1cf314e87504837?s=96&d=mm&r=g\",\"caption\":\"Arnaldo Botto\"},\"url\":\"https:\/\/www.noticiasradioreflejos.com.ar\/2021\/author\/arnaldo\/\"}]}<\/script>\n<!-- \/ Yoast SEO plugin. -->","yoast_head_json":{"title":"Mensajes por el 207\u00b0 Aniversario de la Revoluci\u00f3n de Mayo - Noticias Radio Reflejos","robots":{"index":"index","follow":"follow","max-snippet":"max-snippet:-1","max-image-preview":"max-image-preview:large","max-video-preview":"max-video-preview:-1"},"canonical":"https:\/\/www.noticiasradioreflejos.com.ar\/2021\/mensajes-por-el-207-aniversario-de-la-revolucion-de-mayo\/","og_locale":"es_ES","og_type":"article","og_title":"Mensajes por el 207\u00b0 Aniversario de la Revoluci\u00f3n de Mayo - Noticias Radio Reflejos","og_description":"A continuaci\u00f3n publicamos los mensajes que llegan a nuestra redacci\u00f3n con motivo de celebrarse este 25 de Mayo el 207\u00b0 Aniversario de la revoluci\u00f3n de Mayo.","og_url":"https:\/\/www.noticiasradioreflejos.com.ar\/2021\/mensajes-por-el-207-aniversario-de-la-revolucion-de-mayo\/","og_site_name":"Noticias Radio Reflejos","article_published_time":"2017-05-24T19:44:14+00:00","og_image":[{"url":"http:\/\/farm5.staticflickr.com\/4202\/34081170883_b3a57078db_z.jpg","type":"","width":"","height":""}],"author":"Arnaldo Botto","twitter_card":"summary_large_image","schema":{"@context":"https:\/\/schema.org","@graph":[{"@type":"WebPage","@id":"https:\/\/www.noticiasradioreflejos.com.ar\/2021\/mensajes-por-el-207-aniversario-de-la-revolucion-de-mayo\/","url":"https:\/\/www.noticiasradioreflejos.com.ar\/2021\/mensajes-por-el-207-aniversario-de-la-revolucion-de-mayo\/","name":"Mensajes por el 207\u00b0 Aniversario de la Revoluci\u00f3n de Mayo - Noticias Radio Reflejos","isPartOf":{"@id":"https:\/\/www.noticiasradioreflejos.com.ar\/2021\/#website"},"primaryImageOfPage":{"@id":"https:\/\/www.noticiasradioreflejos.com.ar\/2021\/mensajes-por-el-207-aniversario-de-la-revolucion-de-mayo\/#primaryimage"},"image":{"@id":"https:\/\/www.noticiasradioreflejos.com.ar\/2021\/mensajes-por-el-207-aniversario-de-la-revolucion-de-mayo\/#primaryimage"},"thumbnailUrl":"http:\/\/farm5.staticflickr.com\/4202\/34081170883_b3a57078db_z.jpg","datePublished":"2017-05-24T19:44:14+00:00","author":{"@id":"https:\/\/www.noticiasradioreflejos.com.ar\/2021\/#\/schema\/person\/ad82545263dcc5ec0996818884fd5fb1"},"breadcrumb":{"@id":"https:\/\/www.noticiasradioreflejos.com.ar\/2021\/mensajes-por-el-207-aniversario-de-la-revolucion-de-mayo\/#breadcrumb"},"inLanguage":"es","potentialAction":[{"@type":"ReadAction","target":["https:\/\/www.noticiasradioreflejos.com.ar\/2021\/mensajes-por-el-207-aniversario-de-la-revolucion-de-mayo\/"]}]},{"@type":"ImageObject","inLanguage":"es","@id":"https:\/\/www.noticiasradioreflejos.com.ar\/2021\/mensajes-por-el-207-aniversario-de-la-revolucion-de-mayo\/#primaryimage","url":"http:\/\/farm5.staticflickr.com\/4202\/34081170883_b3a57078db_z.jpg","contentUrl":"http:\/\/farm5.staticflickr.com\/4202\/34081170883_b3a57078db_z.jpg"},{"@type":"BreadcrumbList","@id":"https:\/\/www.noticiasradioreflejos.com.ar\/2021\/mensajes-por-el-207-aniversario-de-la-revolucion-de-mayo\/#breadcrumb","itemListElement":[{"@type":"ListItem","position":1,"name":"Portada","item":"https:\/\/www.noticiasradioreflejos.com.ar\/2021\/"},{"@type":"ListItem","position":2,"name":"Mensajes por el 207\u00b0 Aniversario de la Revoluci\u00f3n de Mayo"}]},{"@type":"WebSite","@id":"https:\/\/www.noticiasradioreflejos.com.ar\/2021\/#website","url":"https:\/\/www.noticiasradioreflejos.com.ar\/2021\/","name":"Noticias Radio Reflejos","description":"Las noticias de mi comarca","potentialAction":[{"@type":"SearchAction","target":{"@type":"EntryPoint","urlTemplate":"https:\/\/www.noticiasradioreflejos.com.ar\/2021\/?s={search_term_string}"},"query-input":{"@type":"PropertyValueSpecification","valueRequired":true,"valueName":"search_term_string"}}],"inLanguage":"es"},{"@type":"Person","@id":"https:\/\/www.noticiasradioreflejos.com.ar\/2021\/#\/schema\/person\/ad82545263dcc5ec0996818884fd5fb1","name":"Arnaldo Botto","image":{"@type":"ImageObject","inLanguage":"es","@id":"https:\/\/www.noticiasradioreflejos.com.ar\/2021\/#\/schema\/person\/image\/","url":"https:\/\/secure.gravatar.com\/avatar\/55cb5e37c1efa326397366e6974cb338056df65cb50e7d64d1cf314e87504837?s=96&d=mm&r=g","contentUrl":"https:\/\/secure.gravatar.com\/avatar\/55cb5e37c1efa326397366e6974cb338056df65cb50e7d64d1cf314e87504837?s=96&d=mm&r=g","caption":"Arnaldo Botto"},"url":"https:\/\/www.noticiasradioreflejos.com.ar\/2021\/author\/arnaldo\/"}]}},"_links":{"self":[{"href":"https:\/\/www.noticiasradioreflejos.com.ar\/2021\/wp-json\/wp\/v2\/posts\/10449","targetHints":{"allow":["GET"]}}],"collection":[{"href":"https:\/\/www.noticiasradioreflejos.com.ar\/2021\/wp-json\/wp\/v2\/posts"}],"about":[{"href":"https:\/\/www.noticiasradioreflejos.com.ar\/2021\/wp-json\/wp\/v2\/types\/post"}],"author":[{"embeddable":true,"href":"https:\/\/www.noticiasradioreflejos.com.ar\/2021\/wp-json\/wp\/v2\/users\/3"}],"replies":[{"embeddable":true,"href":"https:\/\/www.noticiasradioreflejos.com.ar\/2021\/wp-json\/wp\/v2\/comments?post=10449"}],"version-history":[{"count":0,"href":"https:\/\/www.noticiasradioreflejos.com.ar\/2021\/wp-json\/wp\/v2\/posts\/10449\/revisions"}],"wp:attachment":[{"href":"https:\/\/www.noticiasradioreflejos.com.ar\/2021\/wp-json\/wp\/v2\/media?parent=10449"}],"wp:term":[{"taxonomy":"category","embeddable":true,"href":"https:\/\/www.noticiasradioreflejos.com.ar\/2021\/wp-json\/wp\/v2\/categories?post=10449"},{"taxonomy":"post_tag","embeddable":true,"href":"https:\/\/www.noticiasradioreflejos.com.ar\/2021\/wp-json\/wp\/v2\/tags?post=10449"}],"curies":[{"name":"wp","href":"https:\/\/api.w.org\/{rel}","templated":true}]}}