{"id":104479,"date":"2024-07-01T08:08:22","date_gmt":"2024-07-01T11:08:22","guid":{"rendered":"https:\/\/www.noticiasradioreflejos.com.ar\/2021\/?p=104479"},"modified":"2024-07-01T08:09:35","modified_gmt":"2024-07-01T11:09:35","slug":"otra-suba-de-los-combustibles-a-partir-de-hoy","status":"publish","type":"post","link":"https:\/\/www.noticiasradioreflejos.com.ar\/2021\/otra-suba-de-los-combustibles-a-partir-de-hoy\/","title":{"rendered":"Otra suba de los combustibles a partir de hoy."},"content":{"rendered":"<header id=\"mvp-post-head\" class=\"left relative\">Si bien el aumento se produjo por una actualizaci\u00f3n de los impuestos, el Gobierno posterg\u00f3 parcialmente los incrementos derivados de esas actualizaciones.<\/p>\n<div class=\"mvp-author-info-wrap left relative\">\n<div class=\"mvp-author-info-text left relative\">\n<div class=\"mvp-author-info-name left relative\">\n<div id=\"st-1\" class=\"sharethis-inline-share-buttons st-left st-lang-es st-inline-share-buttons st-animated\">\n<div class=\"st-btn\" data-network=\"twitter\"><\/div>\n<\/div>\n<\/div>\n<\/div>\n<\/div>\n<\/header>\n<p><!--more--><\/p>\n<div class=\"mvp-post-main-out left relative\">\n<div class=\"mvp-post-main-in\">\n<div id=\"mvp-post-content\" class=\"left relative\">\n<div id=\"mvp-content-wrap\" class=\"left relative\">\n<div class=\"mvp-post-soc-out right relative\">\n<div class=\"mvp-post-soc-in\">\n<div id=\"mvp-content-body\" class=\"left relative\">\n<div id=\"mvp-content-body-top\" class=\"left relative\">\n<div id=\"mvp-content-main\" class=\"left relative\">\n<div id=\"textbody\">\n<p>Lo hizo a trav\u00e9s de la publicaci\u00f3n de un decreto, el 554\/24, en el que establece que conforme a lo dispuesto por el art\u00edculo 1\u00b0 del Decreto N\u00b0 466 del 27 de mayo de 2024 se postergaron los efectos de los incrementos en los montos de los impuestos precitados, derivados de las actualizaciones correspondientes al cuarto trimestre calendario del a\u00f1o 2023 y al primer trimestre calendario del a\u00f1o 2024, para la nafta sin plomo, la nafta virgen y el gasoil, conforme a un cronograma, cuyo \u00faltimo tramo resultar\u00eda aplicable a partir del 1\u00b0 de julio de 2024, inclusive.<\/p>\n<p>Sin embargo, con el prop\u00f3sito de continuar con la finalidad perseguida a trav\u00e9s del dictado del decreto precitado, resulta razonable diferir parcialmente los efectos de los incrementos que resultar\u00edan aplicables a partir del 1\u00b0 de julio de 2024 para la nafta sin plomo, la nafta virgen y el gasoil.<\/p>\n<p>En ese sentido, se estableci\u00f3 que para los hechos imponibles que se perfeccionen entre el 1\u00b0 y el 31 de julio de 2024, ambas fechas inclusive, los montos de impuesto se incrementar\u00e1n en los importes.<\/p>\n<h2 class=\"wp-block-heading\">Los precios en Bah\u00eda Blanca<\/h2>\n<p>En las estaciones YPF de Bah\u00eda Blanca (actualizaron sus pizarras esta madrugada) el litro de la S\u00faper se consigue a 1093 pesos, $1307 la Infinia, $1127 la Diesel 500 y el Diesel Premium en $1315.<\/p>\n<figure class=\"wp-block-image size-full\"><img loading=\"lazy\" decoding=\"async\" class=\"wp-image-377415\" src=\"https:\/\/www.labrujula24.com\/wp-content\/uploads\/2024\/07\/ypfprecios.jpg\" sizes=\"auto, (max-width: 1600px) 100vw, 1600px\" srcset=\"https:\/\/www.labrujula24.com\/wp-content\/uploads\/2024\/07\/ypfprecios.jpg 1600w, https:\/\/www.labrujula24.com\/wp-content\/uploads\/2024\/07\/ypfprecios-768x576.jpg 768w, https:\/\/www.labrujula24.com\/wp-content\/uploads\/2024\/07\/ypfprecios-1536x1152.jpg 1536w\" alt=\"\" width=\"1600\" height=\"1200\" \/><\/figure>\n<p>Asimismo, para los hechos imponibles que se perfeccionen desde el 1\u00b0 de agosto de 2024, inclusive, deber\u00e1 considerarse el incremento total en los montos de impuesto\u201d.<\/p>\n<p><strong>Fuente:<\/strong> La br\u00fajula<\/p>\n<\/div>\n<\/div>\n<\/div>\n<\/div>\n<\/div>\n<\/div>\n<\/div>\n<\/div>\n<\/div>\n<\/div>\n","protected":false},"excerpt":{"rendered":"<p>Si bien el aumento se produjo por una actualizaci\u00f3n de los impuestos, el Gobierno posterg\u00f3 parcialmente los incrementos derivados de esas actualizaciones.<\/p>\n","protected":false},"author":3,"featured_media":0,"comment_status":"closed","ping_status":"closed","sticky":false,"template":"","format":"standard","meta":{"footnotes":""},"categories":[36],"tags":[48],"class_list":["post-104479","post","type-post","status-publish","format-standard","hentry","category-economia","tag-destacada"],"yoast_head":"<!-- This site is optimized with the Yoast SEO plugin v25.9 - https:\/\/yoast.com\/wordpress\/plugins\/seo\/ -->\n<title>Otra suba de los combustibles a partir de hoy. - Noticias Radio Reflejos<\/title>\n<meta name=\"robots\" content=\"index, follow, max-snippet:-1, max-image-preview:large, max-video-preview:-1\" \/>\n<link rel=\"canonical\" href=\"https:\/\/www.noticiasradioreflejos.com.ar\/2021\/otra-suba-de-los-combustibles-a-partir-de-hoy\/\" \/>\n<meta property=\"og:locale\" content=\"es_ES\" \/>\n<meta property=\"og:type\" content=\"article\" \/>\n<meta property=\"og:title\" content=\"Otra suba de los combustibles a partir de hoy. - Noticias Radio Reflejos\" \/>\n<meta property=\"og:description\" content=\"Si bien el aumento se produjo por una actualizaci\u00f3n de los impuestos, el Gobierno posterg\u00f3 parcialmente los incrementos derivados de esas actualizaciones.\" \/>\n<meta property=\"og:url\" content=\"https:\/\/www.noticiasradioreflejos.com.ar\/2021\/otra-suba-de-los-combustibles-a-partir-de-hoy\/\" \/>\n<meta property=\"og:site_name\" content=\"Noticias Radio Reflejos\" \/>\n<meta property=\"article:published_time\" content=\"2024-07-01T11:08:22+00:00\" \/>\n<meta property=\"article:modified_time\" content=\"2024-07-01T11:09:35+00:00\" \/>\n<meta property=\"og:image\" content=\"https:\/\/www.noticiasradioreflejos.com.ar\/2021\/wp-content\/uploads\/2024\/07\/ypfprecios.jpg\" \/>\n\t<meta property=\"og:image:width\" content=\"1600\" \/>\n\t<meta property=\"og:image:height\" content=\"1200\" \/>\n\t<meta property=\"og:image:type\" content=\"image\/jpeg\" \/>\n<meta name=\"author\" content=\"Arnaldo Botto\" \/>\n<meta name=\"twitter:card\" content=\"summary_large_image\" \/>\n<script type=\"application\/ld+json\" class=\"yoast-schema-graph\">{\"@context\":\"https:\/\/schema.org\",\"@graph\":[{\"@type\":\"WebPage\",\"@id\":\"https:\/\/www.noticiasradioreflejos.com.ar\/2021\/otra-suba-de-los-combustibles-a-partir-de-hoy\/\",\"url\":\"https:\/\/www.noticiasradioreflejos.com.ar\/2021\/otra-suba-de-los-combustibles-a-partir-de-hoy\/\",\"name\":\"Otra suba de los combustibles a partir de hoy. - Noticias Radio Reflejos\",\"isPartOf\":{\"@id\":\"https:\/\/www.noticiasradioreflejos.com.ar\/2021\/#website\"},\"primaryImageOfPage\":{\"@id\":\"https:\/\/www.noticiasradioreflejos.com.ar\/2021\/otra-suba-de-los-combustibles-a-partir-de-hoy\/#primaryimage\"},\"image\":{\"@id\":\"https:\/\/www.noticiasradioreflejos.com.ar\/2021\/otra-suba-de-los-combustibles-a-partir-de-hoy\/#primaryimage\"},\"thumbnailUrl\":\"https:\/\/www.labrujula24.com\/wp-content\/uploads\/2024\/07\/ypfprecios.jpg\",\"datePublished\":\"2024-07-01T11:08:22+00:00\",\"dateModified\":\"2024-07-01T11:09:35+00:00\",\"author\":{\"@id\":\"https:\/\/www.noticiasradioreflejos.com.ar\/2021\/#\/schema\/person\/ad82545263dcc5ec0996818884fd5fb1\"},\"breadcrumb\":{\"@id\":\"https:\/\/www.noticiasradioreflejos.com.ar\/2021\/otra-suba-de-los-combustibles-a-partir-de-hoy\/#breadcrumb\"},\"inLanguage\":\"es\",\"potentialAction\":[{\"@type\":\"ReadAction\",\"target\":[\"https:\/\/www.noticiasradioreflejos.com.ar\/2021\/otra-suba-de-los-combustibles-a-partir-de-hoy\/\"]}]},{\"@type\":\"ImageObject\",\"inLanguage\":\"es\",\"@id\":\"https:\/\/www.noticiasradioreflejos.com.ar\/2021\/otra-suba-de-los-combustibles-a-partir-de-hoy\/#primaryimage\",\"url\":\"https:\/\/www.labrujula24.com\/wp-content\/uploads\/2024\/07\/ypfprecios.jpg\",\"contentUrl\":\"https:\/\/www.labrujula24.com\/wp-content\/uploads\/2024\/07\/ypfprecios.jpg\"},{\"@type\":\"BreadcrumbList\",\"@id\":\"https:\/\/www.noticiasradioreflejos.com.ar\/2021\/otra-suba-de-los-combustibles-a-partir-de-hoy\/#breadcrumb\",\"itemListElement\":[{\"@type\":\"ListItem\",\"position\":1,\"name\":\"Portada\",\"item\":\"https:\/\/www.noticiasradioreflejos.com.ar\/2021\/\"},{\"@type\":\"ListItem\",\"position\":2,\"name\":\"Otra suba de los combustibles a partir de hoy.\"}]},{\"@type\":\"WebSite\",\"@id\":\"https:\/\/www.noticiasradioreflejos.com.ar\/2021\/#website\",\"url\":\"https:\/\/www.noticiasradioreflejos.com.ar\/2021\/\",\"name\":\"Noticias Radio Reflejos\",\"description\":\"Las noticias de mi comarca\",\"potentialAction\":[{\"@type\":\"SearchAction\",\"target\":{\"@type\":\"EntryPoint\",\"urlTemplate\":\"https:\/\/www.noticiasradioreflejos.com.ar\/2021\/?s={search_term_string}\"},\"query-input\":{\"@type\":\"PropertyValueSpecification\",\"valueRequired\":true,\"valueName\":\"search_term_string\"}}],\"inLanguage\":\"es\"},{\"@type\":\"Person\",\"@id\":\"https:\/\/www.noticiasradioreflejos.com.ar\/2021\/#\/schema\/person\/ad82545263dcc5ec0996818884fd5fb1\",\"name\":\"Arnaldo Botto\",\"image\":{\"@type\":\"ImageObject\",\"inLanguage\":\"es\",\"@id\":\"https:\/\/www.noticiasradioreflejos.com.ar\/2021\/#\/schema\/person\/image\/\",\"url\":\"https:\/\/secure.gravatar.com\/avatar\/55cb5e37c1efa326397366e6974cb338056df65cb50e7d64d1cf314e87504837?s=96&d=mm&r=g\",\"contentUrl\":\"https:\/\/secure.gravatar.com\/avatar\/55cb5e37c1efa326397366e6974cb338056df65cb50e7d64d1cf314e87504837?s=96&d=mm&r=g\",\"caption\":\"Arnaldo Botto\"},\"url\":\"https:\/\/www.noticiasradioreflejos.com.ar\/2021\/author\/arnaldo\/\"}]}<\/script>\n<!-- \/ Yoast SEO plugin. -->","yoast_head_json":{"title":"Otra suba de los combustibles a partir de hoy. - Noticias Radio Reflejos","robots":{"index":"index","follow":"follow","max-snippet":"max-snippet:-1","max-image-preview":"max-image-preview:large","max-video-preview":"max-video-preview:-1"},"canonical":"https:\/\/www.noticiasradioreflejos.com.ar\/2021\/otra-suba-de-los-combustibles-a-partir-de-hoy\/","og_locale":"es_ES","og_type":"article","og_title":"Otra suba de los combustibles a partir de hoy. - Noticias Radio Reflejos","og_description":"Si bien el aumento se produjo por una actualizaci\u00f3n de los impuestos, el Gobierno posterg\u00f3 parcialmente los incrementos derivados de esas actualizaciones.","og_url":"https:\/\/www.noticiasradioreflejos.com.ar\/2021\/otra-suba-de-los-combustibles-a-partir-de-hoy\/","og_site_name":"Noticias Radio Reflejos","article_published_time":"2024-07-01T11:08:22+00:00","article_modified_time":"2024-07-01T11:09:35+00:00","og_image":[{"width":1600,"height":1200,"url":"https:\/\/www.noticiasradioreflejos.com.ar\/2021\/wp-content\/uploads\/2024\/07\/ypfprecios.jpg","type":"image\/jpeg"}],"author":"Arnaldo Botto","twitter_card":"summary_large_image","schema":{"@context":"https:\/\/schema.org","@graph":[{"@type":"WebPage","@id":"https:\/\/www.noticiasradioreflejos.com.ar\/2021\/otra-suba-de-los-combustibles-a-partir-de-hoy\/","url":"https:\/\/www.noticiasradioreflejos.com.ar\/2021\/otra-suba-de-los-combustibles-a-partir-de-hoy\/","name":"Otra suba de los combustibles a partir de hoy. - Noticias Radio Reflejos","isPartOf":{"@id":"https:\/\/www.noticiasradioreflejos.com.ar\/2021\/#website"},"primaryImageOfPage":{"@id":"https:\/\/www.noticiasradioreflejos.com.ar\/2021\/otra-suba-de-los-combustibles-a-partir-de-hoy\/#primaryimage"},"image":{"@id":"https:\/\/www.noticiasradioreflejos.com.ar\/2021\/otra-suba-de-los-combustibles-a-partir-de-hoy\/#primaryimage"},"thumbnailUrl":"https:\/\/www.labrujula24.com\/wp-content\/uploads\/2024\/07\/ypfprecios.jpg","datePublished":"2024-07-01T11:08:22+00:00","dateModified":"2024-07-01T11:09:35+00:00","author":{"@id":"https:\/\/www.noticiasradioreflejos.com.ar\/2021\/#\/schema\/person\/ad82545263dcc5ec0996818884fd5fb1"},"breadcrumb":{"@id":"https:\/\/www.noticiasradioreflejos.com.ar\/2021\/otra-suba-de-los-combustibles-a-partir-de-hoy\/#breadcrumb"},"inLanguage":"es","potentialAction":[{"@type":"ReadAction","target":["https:\/\/www.noticiasradioreflejos.com.ar\/2021\/otra-suba-de-los-combustibles-a-partir-de-hoy\/"]}]},{"@type":"ImageObject","inLanguage":"es","@id":"https:\/\/www.noticiasradioreflejos.com.ar\/2021\/otra-suba-de-los-combustibles-a-partir-de-hoy\/#primaryimage","url":"https:\/\/www.labrujula24.com\/wp-content\/uploads\/2024\/07\/ypfprecios.jpg","contentUrl":"https:\/\/www.labrujula24.com\/wp-content\/uploads\/2024\/07\/ypfprecios.jpg"},{"@type":"BreadcrumbList","@id":"https:\/\/www.noticiasradioreflejos.com.ar\/2021\/otra-suba-de-los-combustibles-a-partir-de-hoy\/#breadcrumb","itemListElement":[{"@type":"ListItem","position":1,"name":"Portada","item":"https:\/\/www.noticiasradioreflejos.com.ar\/2021\/"},{"@type":"ListItem","position":2,"name":"Otra suba de los combustibles a partir de hoy."}]},{"@type":"WebSite","@id":"https:\/\/www.noticiasradioreflejos.com.ar\/2021\/#website","url":"https:\/\/www.noticiasradioreflejos.com.ar\/2021\/","name":"Noticias Radio Reflejos","description":"Las noticias de mi comarca","potentialAction":[{"@type":"SearchAction","target":{"@type":"EntryPoint","urlTemplate":"https:\/\/www.noticiasradioreflejos.com.ar\/2021\/?s={search_term_string}"},"query-input":{"@type":"PropertyValueSpecification","valueRequired":true,"valueName":"search_term_string"}}],"inLanguage":"es"},{"@type":"Person","@id":"https:\/\/www.noticiasradioreflejos.com.ar\/2021\/#\/schema\/person\/ad82545263dcc5ec0996818884fd5fb1","name":"Arnaldo Botto","image":{"@type":"ImageObject","inLanguage":"es","@id":"https:\/\/www.noticiasradioreflejos.com.ar\/2021\/#\/schema\/person\/image\/","url":"https:\/\/secure.gravatar.com\/avatar\/55cb5e37c1efa326397366e6974cb338056df65cb50e7d64d1cf314e87504837?s=96&d=mm&r=g","contentUrl":"https:\/\/secure.gravatar.com\/avatar\/55cb5e37c1efa326397366e6974cb338056df65cb50e7d64d1cf314e87504837?s=96&d=mm&r=g","caption":"Arnaldo Botto"},"url":"https:\/\/www.noticiasradioreflejos.com.ar\/2021\/author\/arnaldo\/"}]}},"_links":{"self":[{"href":"https:\/\/www.noticiasradioreflejos.com.ar\/2021\/wp-json\/wp\/v2\/posts\/104479","targetHints":{"allow":["GET"]}}],"collection":[{"href":"https:\/\/www.noticiasradioreflejos.com.ar\/2021\/wp-json\/wp\/v2\/posts"}],"about":[{"href":"https:\/\/www.noticiasradioreflejos.com.ar\/2021\/wp-json\/wp\/v2\/types\/post"}],"author":[{"embeddable":true,"href":"https:\/\/www.noticiasradioreflejos.com.ar\/2021\/wp-json\/wp\/v2\/users\/3"}],"replies":[{"embeddable":true,"href":"https:\/\/www.noticiasradioreflejos.com.ar\/2021\/wp-json\/wp\/v2\/comments?post=104479"}],"version-history":[{"count":1,"href":"https:\/\/www.noticiasradioreflejos.com.ar\/2021\/wp-json\/wp\/v2\/posts\/104479\/revisions"}],"predecessor-version":[{"id":104481,"href":"https:\/\/www.noticiasradioreflejos.com.ar\/2021\/wp-json\/wp\/v2\/posts\/104479\/revisions\/104481"}],"wp:attachment":[{"href":"https:\/\/www.noticiasradioreflejos.com.ar\/2021\/wp-json\/wp\/v2\/media?parent=104479"}],"wp:term":[{"taxonomy":"category","embeddable":true,"href":"https:\/\/www.noticiasradioreflejos.com.ar\/2021\/wp-json\/wp\/v2\/categories?post=104479"},{"taxonomy":"post_tag","embeddable":true,"href":"https:\/\/www.noticiasradioreflejos.com.ar\/2021\/wp-json\/wp\/v2\/tags?post=104479"}],"curies":[{"name":"wp","href":"https:\/\/api.w.org\/{rel}","templated":true}]}}