{"id":104476,"date":"2024-07-01T08:03:47","date_gmt":"2024-07-01T11:03:47","guid":{"rendered":"https:\/\/www.noticiasradioreflejos.com.ar\/2021\/?p=104476"},"modified":"2024-07-01T08:03:47","modified_gmt":"2024-07-01T11:03:47","slug":"a-50-anos-de-la-partida-del-gral-juan-d-peron","status":"publish","type":"post","link":"https:\/\/www.noticiasradioreflejos.com.ar\/2021\/a-50-anos-de-la-partida-del-gral-juan-d-peron\/","title":{"rendered":"A 50 A\u00d1OS DE LA PARTIDA DEL GRAL. JUAN D. PER\u00d3N"},"content":{"rendered":"<p>Hoy se cumple un nuevo aniversario de la partida f\u00edsica del Gral. Juan Domingo Per\u00f3n. Ya pasaron 50 a\u00f1os, cinco d\u00e9cadas de retrocesos y desilusi\u00f3n. La obra peronista, que una vez so\u00f1\u00f3 con una Comunidad Organizada, ha sido reducida a cenizas en una sociedad ego\u00edsta, individualista, inorg\u00e1nica y desorganizada. Lo que una vez fue un proyecto de patria liberada, hoy es un pa\u00eds subordinado al nuevo colonialismo.<!--more--><\/p>\n<p>De la grandeza de Per\u00f3n y su visi\u00f3n, no ha quedado casi nada. Hasta la historia del peronismo ha sido secuestrada y deformada, convertida en un relato ideologizado tanto por el liberalismo como por la socialdemocracia. Nos han arrebatado nuestro legado y lo han convertido en un instrumento para sus propios fines. Hoy, al recordar a Per\u00f3n, solo nos queda un sabor amargo en la boca, el sabor de la derrota, de la traici\u00f3n, del deshonor.<\/p>\n<p>Hasta mancillaron el cad\u00e1ver de General, y nadie se preocupa en reclamar a los de La Coordinadora que nos devuelvan lo que se robaron: las manos de Per\u00f3n. Ese ultraje simboliza la desidia y la falta de compromiso con nuestra propia historia y nuestra identidad. El pueblo argentino est\u00e1 solo y espera, desilusionado por un Partido Justicialista desunido y un Movimiento que se ha convertido en una sucursal ideol\u00f3gica de Europa.<\/p>\n<p>A 50 a\u00f1os de la partida de Per\u00f3n, lo que deber\u00eda ser un d\u00eda de homenaje y reflexi\u00f3n se convierte en una jornada de verg\u00fcenza. Pero no podemos quedarnos en la queja y la resignaci\u00f3n. No somos llorones. Debemos recobrar nuestra dignidad como peronistas, luchar por la realizaci\u00f3n de una Comunidad Organizada. Ese es el camino para honrar verdaderamente la memoria del Gral. Juan D. Per\u00f3n.<\/p>\n<p>Hoy, al cumplirse 50 a\u00f1os de su partida, debemos reflexionar profundamente sobre el estado actual de nuestro pa\u00eds y del justicialismo. La traici\u00f3n y la desorganizaci\u00f3n no deben ser nuestro legado. Debemos recuperar su naturaleza revolucionaria, su esp\u00edritu de justicia social, independencia econ\u00f3mica y soberan\u00eda pol\u00edtica&#8230;o no seremos nada.<\/p>\n<p>Solo cuando nuestra patria se convierta en una Comunidad Organizada, podremos todos juntos gritar con orgullo: \u00abGracias, mi General, su pueblo ha cumplido\u00bb. Ese d\u00eda llegar\u00e1, porque el fuego del peronismo verdadero nunca se extingue. En nuestra lucha y en nuestra unidad, reside la esperanza de un futuro mejor.<\/p>\n<p>&nbsp;<\/p>\n<p><em><strong>Luis Gotte <\/strong><\/em><br \/>\n<em><strong>La Trinchera Bonaerense<\/strong><\/em><\/p>\n","protected":false},"excerpt":{"rendered":"<p>Hoy se cumple un nuevo aniversario de la partida f\u00edsica del Gral. Juan Domingo Per\u00f3n. Ya pasaron 50 a\u00f1os, cinco d\u00e9cadas de retrocesos y desilusi\u00f3n. La obra peronista, que una vez so\u00f1\u00f3 con una Comunidad Organizada, ha sido reducida a cenizas en una sociedad ego\u00edsta, individualista, inorg\u00e1nica y desorganizada. Lo que una vez fue un [&hellip;]<\/p>\n","protected":false},"author":3,"featured_media":104477,"comment_status":"closed","ping_status":"closed","sticky":false,"template":"","format":"standard","meta":{"footnotes":""},"categories":[24,26],"tags":[],"class_list":["post-104476","post","type-post","status-publish","format-standard","has-post-thumbnail","hentry","category-politica","category-sociedad"],"yoast_head":"<!-- This site is optimized with the Yoast SEO plugin v25.9 - https:\/\/yoast.com\/wordpress\/plugins\/seo\/ -->\n<title>A 50 A\u00d1OS DE LA PARTIDA DEL GRAL. JUAN D. PER\u00d3N - Noticias Radio Reflejos<\/title>\n<meta name=\"robots\" content=\"index, follow, max-snippet:-1, max-image-preview:large, max-video-preview:-1\" \/>\n<link rel=\"canonical\" href=\"https:\/\/www.noticiasradioreflejos.com.ar\/2021\/a-50-anos-de-la-partida-del-gral-juan-d-peron\/\" \/>\n<meta property=\"og:locale\" content=\"es_ES\" \/>\n<meta property=\"og:type\" content=\"article\" \/>\n<meta property=\"og:title\" content=\"A 50 A\u00d1OS DE LA PARTIDA DEL GRAL. JUAN D. PER\u00d3N - Noticias Radio Reflejos\" \/>\n<meta property=\"og:description\" content=\"Hoy se cumple un nuevo aniversario de la partida f\u00edsica del Gral. Juan Domingo Per\u00f3n. Ya pasaron 50 a\u00f1os, cinco d\u00e9cadas de retrocesos y desilusi\u00f3n. La obra peronista, que una vez so\u00f1\u00f3 con una Comunidad Organizada, ha sido reducida a cenizas en una sociedad ego\u00edsta, individualista, inorg\u00e1nica y desorganizada. Lo que una vez fue un [&hellip;]\" \/>\n<meta property=\"og:url\" content=\"https:\/\/www.noticiasradioreflejos.com.ar\/2021\/a-50-anos-de-la-partida-del-gral-juan-d-peron\/\" \/>\n<meta property=\"og:site_name\" content=\"Noticias Radio Reflejos\" \/>\n<meta property=\"article:published_time\" content=\"2024-07-01T11:03:47+00:00\" \/>\n<meta property=\"og:image\" content=\"https:\/\/www.noticiasradioreflejos.com.ar\/2021\/wp-content\/uploads\/2024\/07\/Juan-domingo-Peron.jpeg\" \/>\n\t<meta property=\"og:image:width\" content=\"1080\" \/>\n\t<meta property=\"og:image:height\" content=\"836\" \/>\n\t<meta property=\"og:image:type\" content=\"image\/jpeg\" \/>\n<meta name=\"author\" content=\"Arnaldo Botto\" \/>\n<meta name=\"twitter:card\" content=\"summary_large_image\" \/>\n<script type=\"application\/ld+json\" class=\"yoast-schema-graph\">{\"@context\":\"https:\/\/schema.org\",\"@graph\":[{\"@type\":\"WebPage\",\"@id\":\"https:\/\/www.noticiasradioreflejos.com.ar\/2021\/a-50-anos-de-la-partida-del-gral-juan-d-peron\/\",\"url\":\"https:\/\/www.noticiasradioreflejos.com.ar\/2021\/a-50-anos-de-la-partida-del-gral-juan-d-peron\/\",\"name\":\"A 50 A\u00d1OS DE LA PARTIDA DEL GRAL. JUAN D. PER\u00d3N - Noticias Radio Reflejos\",\"isPartOf\":{\"@id\":\"https:\/\/www.noticiasradioreflejos.com.ar\/2021\/#website\"},\"primaryImageOfPage\":{\"@id\":\"https:\/\/www.noticiasradioreflejos.com.ar\/2021\/a-50-anos-de-la-partida-del-gral-juan-d-peron\/#primaryimage\"},\"image\":{\"@id\":\"https:\/\/www.noticiasradioreflejos.com.ar\/2021\/a-50-anos-de-la-partida-del-gral-juan-d-peron\/#primaryimage\"},\"thumbnailUrl\":\"https:\/\/www.noticiasradioreflejos.com.ar\/2021\/wp-content\/uploads\/2024\/07\/Juan-domingo-Peron.jpeg\",\"datePublished\":\"2024-07-01T11:03:47+00:00\",\"author\":{\"@id\":\"https:\/\/www.noticiasradioreflejos.com.ar\/2021\/#\/schema\/person\/ad82545263dcc5ec0996818884fd5fb1\"},\"breadcrumb\":{\"@id\":\"https:\/\/www.noticiasradioreflejos.com.ar\/2021\/a-50-anos-de-la-partida-del-gral-juan-d-peron\/#breadcrumb\"},\"inLanguage\":\"es\",\"potentialAction\":[{\"@type\":\"ReadAction\",\"target\":[\"https:\/\/www.noticiasradioreflejos.com.ar\/2021\/a-50-anos-de-la-partida-del-gral-juan-d-peron\/\"]}]},{\"@type\":\"ImageObject\",\"inLanguage\":\"es\",\"@id\":\"https:\/\/www.noticiasradioreflejos.com.ar\/2021\/a-50-anos-de-la-partida-del-gral-juan-d-peron\/#primaryimage\",\"url\":\"https:\/\/www.noticiasradioreflejos.com.ar\/2021\/wp-content\/uploads\/2024\/07\/Juan-domingo-Peron.jpeg\",\"contentUrl\":\"https:\/\/www.noticiasradioreflejos.com.ar\/2021\/wp-content\/uploads\/2024\/07\/Juan-domingo-Peron.jpeg\",\"width\":1080,\"height\":836},{\"@type\":\"BreadcrumbList\",\"@id\":\"https:\/\/www.noticiasradioreflejos.com.ar\/2021\/a-50-anos-de-la-partida-del-gral-juan-d-peron\/#breadcrumb\",\"itemListElement\":[{\"@type\":\"ListItem\",\"position\":1,\"name\":\"Portada\",\"item\":\"https:\/\/www.noticiasradioreflejos.com.ar\/2021\/\"},{\"@type\":\"ListItem\",\"position\":2,\"name\":\"A 50 A\u00d1OS DE LA PARTIDA DEL GRAL. JUAN D. PER\u00d3N\"}]},{\"@type\":\"WebSite\",\"@id\":\"https:\/\/www.noticiasradioreflejos.com.ar\/2021\/#website\",\"url\":\"https:\/\/www.noticiasradioreflejos.com.ar\/2021\/\",\"name\":\"Noticias Radio Reflejos\",\"description\":\"Las noticias de mi comarca\",\"potentialAction\":[{\"@type\":\"SearchAction\",\"target\":{\"@type\":\"EntryPoint\",\"urlTemplate\":\"https:\/\/www.noticiasradioreflejos.com.ar\/2021\/?s={search_term_string}\"},\"query-input\":{\"@type\":\"PropertyValueSpecification\",\"valueRequired\":true,\"valueName\":\"search_term_string\"}}],\"inLanguage\":\"es\"},{\"@type\":\"Person\",\"@id\":\"https:\/\/www.noticiasradioreflejos.com.ar\/2021\/#\/schema\/person\/ad82545263dcc5ec0996818884fd5fb1\",\"name\":\"Arnaldo Botto\",\"image\":{\"@type\":\"ImageObject\",\"inLanguage\":\"es\",\"@id\":\"https:\/\/www.noticiasradioreflejos.com.ar\/2021\/#\/schema\/person\/image\/\",\"url\":\"https:\/\/secure.gravatar.com\/avatar\/55cb5e37c1efa326397366e6974cb338056df65cb50e7d64d1cf314e87504837?s=96&d=mm&r=g\",\"contentUrl\":\"https:\/\/secure.gravatar.com\/avatar\/55cb5e37c1efa326397366e6974cb338056df65cb50e7d64d1cf314e87504837?s=96&d=mm&r=g\",\"caption\":\"Arnaldo Botto\"},\"url\":\"https:\/\/www.noticiasradioreflejos.com.ar\/2021\/author\/arnaldo\/\"}]}<\/script>\n<!-- \/ Yoast SEO plugin. -->","yoast_head_json":{"title":"A 50 A\u00d1OS DE LA PARTIDA DEL GRAL. JUAN D. PER\u00d3N - Noticias Radio Reflejos","robots":{"index":"index","follow":"follow","max-snippet":"max-snippet:-1","max-image-preview":"max-image-preview:large","max-video-preview":"max-video-preview:-1"},"canonical":"https:\/\/www.noticiasradioreflejos.com.ar\/2021\/a-50-anos-de-la-partida-del-gral-juan-d-peron\/","og_locale":"es_ES","og_type":"article","og_title":"A 50 A\u00d1OS DE LA PARTIDA DEL GRAL. JUAN D. PER\u00d3N - Noticias Radio Reflejos","og_description":"Hoy se cumple un nuevo aniversario de la partida f\u00edsica del Gral. Juan Domingo Per\u00f3n. Ya pasaron 50 a\u00f1os, cinco d\u00e9cadas de retrocesos y desilusi\u00f3n. La obra peronista, que una vez so\u00f1\u00f3 con una Comunidad Organizada, ha sido reducida a cenizas en una sociedad ego\u00edsta, individualista, inorg\u00e1nica y desorganizada. Lo que una vez fue un [&hellip;]","og_url":"https:\/\/www.noticiasradioreflejos.com.ar\/2021\/a-50-anos-de-la-partida-del-gral-juan-d-peron\/","og_site_name":"Noticias Radio Reflejos","article_published_time":"2024-07-01T11:03:47+00:00","og_image":[{"width":1080,"height":836,"url":"https:\/\/www.noticiasradioreflejos.com.ar\/2021\/wp-content\/uploads\/2024\/07\/Juan-domingo-Peron.jpeg","type":"image\/jpeg"}],"author":"Arnaldo Botto","twitter_card":"summary_large_image","schema":{"@context":"https:\/\/schema.org","@graph":[{"@type":"WebPage","@id":"https:\/\/www.noticiasradioreflejos.com.ar\/2021\/a-50-anos-de-la-partida-del-gral-juan-d-peron\/","url":"https:\/\/www.noticiasradioreflejos.com.ar\/2021\/a-50-anos-de-la-partida-del-gral-juan-d-peron\/","name":"A 50 A\u00d1OS DE LA PARTIDA DEL GRAL. JUAN D. PER\u00d3N - Noticias Radio Reflejos","isPartOf":{"@id":"https:\/\/www.noticiasradioreflejos.com.ar\/2021\/#website"},"primaryImageOfPage":{"@id":"https:\/\/www.noticiasradioreflejos.com.ar\/2021\/a-50-anos-de-la-partida-del-gral-juan-d-peron\/#primaryimage"},"image":{"@id":"https:\/\/www.noticiasradioreflejos.com.ar\/2021\/a-50-anos-de-la-partida-del-gral-juan-d-peron\/#primaryimage"},"thumbnailUrl":"https:\/\/www.noticiasradioreflejos.com.ar\/2021\/wp-content\/uploads\/2024\/07\/Juan-domingo-Peron.jpeg","datePublished":"2024-07-01T11:03:47+00:00","author":{"@id":"https:\/\/www.noticiasradioreflejos.com.ar\/2021\/#\/schema\/person\/ad82545263dcc5ec0996818884fd5fb1"},"breadcrumb":{"@id":"https:\/\/www.noticiasradioreflejos.com.ar\/2021\/a-50-anos-de-la-partida-del-gral-juan-d-peron\/#breadcrumb"},"inLanguage":"es","potentialAction":[{"@type":"ReadAction","target":["https:\/\/www.noticiasradioreflejos.com.ar\/2021\/a-50-anos-de-la-partida-del-gral-juan-d-peron\/"]}]},{"@type":"ImageObject","inLanguage":"es","@id":"https:\/\/www.noticiasradioreflejos.com.ar\/2021\/a-50-anos-de-la-partida-del-gral-juan-d-peron\/#primaryimage","url":"https:\/\/www.noticiasradioreflejos.com.ar\/2021\/wp-content\/uploads\/2024\/07\/Juan-domingo-Peron.jpeg","contentUrl":"https:\/\/www.noticiasradioreflejos.com.ar\/2021\/wp-content\/uploads\/2024\/07\/Juan-domingo-Peron.jpeg","width":1080,"height":836},{"@type":"BreadcrumbList","@id":"https:\/\/www.noticiasradioreflejos.com.ar\/2021\/a-50-anos-de-la-partida-del-gral-juan-d-peron\/#breadcrumb","itemListElement":[{"@type":"ListItem","position":1,"name":"Portada","item":"https:\/\/www.noticiasradioreflejos.com.ar\/2021\/"},{"@type":"ListItem","position":2,"name":"A 50 A\u00d1OS DE LA PARTIDA DEL GRAL. JUAN D. PER\u00d3N"}]},{"@type":"WebSite","@id":"https:\/\/www.noticiasradioreflejos.com.ar\/2021\/#website","url":"https:\/\/www.noticiasradioreflejos.com.ar\/2021\/","name":"Noticias Radio Reflejos","description":"Las noticias de mi comarca","potentialAction":[{"@type":"SearchAction","target":{"@type":"EntryPoint","urlTemplate":"https:\/\/www.noticiasradioreflejos.com.ar\/2021\/?s={search_term_string}"},"query-input":{"@type":"PropertyValueSpecification","valueRequired":true,"valueName":"search_term_string"}}],"inLanguage":"es"},{"@type":"Person","@id":"https:\/\/www.noticiasradioreflejos.com.ar\/2021\/#\/schema\/person\/ad82545263dcc5ec0996818884fd5fb1","name":"Arnaldo Botto","image":{"@type":"ImageObject","inLanguage":"es","@id":"https:\/\/www.noticiasradioreflejos.com.ar\/2021\/#\/schema\/person\/image\/","url":"https:\/\/secure.gravatar.com\/avatar\/55cb5e37c1efa326397366e6974cb338056df65cb50e7d64d1cf314e87504837?s=96&d=mm&r=g","contentUrl":"https:\/\/secure.gravatar.com\/avatar\/55cb5e37c1efa326397366e6974cb338056df65cb50e7d64d1cf314e87504837?s=96&d=mm&r=g","caption":"Arnaldo Botto"},"url":"https:\/\/www.noticiasradioreflejos.com.ar\/2021\/author\/arnaldo\/"}]}},"_links":{"self":[{"href":"https:\/\/www.noticiasradioreflejos.com.ar\/2021\/wp-json\/wp\/v2\/posts\/104476","targetHints":{"allow":["GET"]}}],"collection":[{"href":"https:\/\/www.noticiasradioreflejos.com.ar\/2021\/wp-json\/wp\/v2\/posts"}],"about":[{"href":"https:\/\/www.noticiasradioreflejos.com.ar\/2021\/wp-json\/wp\/v2\/types\/post"}],"author":[{"embeddable":true,"href":"https:\/\/www.noticiasradioreflejos.com.ar\/2021\/wp-json\/wp\/v2\/users\/3"}],"replies":[{"embeddable":true,"href":"https:\/\/www.noticiasradioreflejos.com.ar\/2021\/wp-json\/wp\/v2\/comments?post=104476"}],"version-history":[{"count":1,"href":"https:\/\/www.noticiasradioreflejos.com.ar\/2021\/wp-json\/wp\/v2\/posts\/104476\/revisions"}],"predecessor-version":[{"id":104478,"href":"https:\/\/www.noticiasradioreflejos.com.ar\/2021\/wp-json\/wp\/v2\/posts\/104476\/revisions\/104478"}],"wp:featuredmedia":[{"embeddable":true,"href":"https:\/\/www.noticiasradioreflejos.com.ar\/2021\/wp-json\/wp\/v2\/media\/104477"}],"wp:attachment":[{"href":"https:\/\/www.noticiasradioreflejos.com.ar\/2021\/wp-json\/wp\/v2\/media?parent=104476"}],"wp:term":[{"taxonomy":"category","embeddable":true,"href":"https:\/\/www.noticiasradioreflejos.com.ar\/2021\/wp-json\/wp\/v2\/categories?post=104476"},{"taxonomy":"post_tag","embeddable":true,"href":"https:\/\/www.noticiasradioreflejos.com.ar\/2021\/wp-json\/wp\/v2\/tags?post=104476"}],"curies":[{"name":"wp","href":"https:\/\/api.w.org\/{rel}","templated":true}]}}