{"id":104360,"date":"2024-06-27T13:37:47","date_gmt":"2024-06-27T16:37:47","guid":{"rendered":"https:\/\/www.noticiasradioreflejos.com.ar\/2021\/?p=104360"},"modified":"2024-06-27T13:37:47","modified_gmt":"2024-06-27T16:37:47","slug":"preocupacion-de-came-por-las-consecuencias-del-frio-en-el-sector-pyme-de-la-patagonia","status":"publish","type":"post","link":"https:\/\/www.noticiasradioreflejos.com.ar\/2021\/preocupacion-de-came-por-las-consecuencias-del-frio-en-el-sector-pyme-de-la-patagonia\/","title":{"rendered":"Preocupaci\u00f3n de CAME por las consecuencias del fr\u00edo en el sector pyme de la Patagonia"},"content":{"rendered":"<p>Las autoridades de la Confederaci\u00f3n Argentina de la Mediana Empresa (CAME) expresaron hoy su preocupaci\u00f3n por la afectaci\u00f3n en diferentes niveles de la actividad econ\u00f3mica pyme de la Patagonia como consecuencia del intenso fr\u00edo y temporal de nieve que azota a vastos sectores del sur del pa\u00eds.<!--more--><\/p>\n<p>La entidad, presidida por Alfredo Gonz\u00e1lez, manifest\u00f3 su acompa\u00f1amiento a los reclamos y acciones que llevan adelante los seis gobernadores que integran el Frente Patag\u00f3nico y puso a disposici\u00f3n su red de federaciones, c\u00e1maras y centros de comercio e industria de la regi\u00f3n.<\/p>\n<p>Al mismo tiempo, CAME manifest\u00f3 su preocupaci\u00f3n por los perjuicios ocasionados en las \u00e1reas del comercio, el campo, la industria, la intransitabilidad de los caminos y el aislamiento que padecen algunos pueblos del extremo sur argentino. Adem\u00e1s, el sinceramiento de tarifas en plena crisis clim\u00e1tica multiplica por mucho los problemas que atraviesan los habitantes y las empresas de la regi\u00f3n.<\/p>\n<p>El desabastecimiento energ\u00e9tico, la mortandad en el ganado, la escasez de agua y otros inconvenientes se han agravado en las \u00faltimas horas a causa del temporal que azota la regi\u00f3n.<\/p>\n","protected":false},"excerpt":{"rendered":"<p>Las autoridades de la Confederaci\u00f3n Argentina de la Mediana Empresa (CAME) expresaron hoy su preocupaci\u00f3n por la afectaci\u00f3n en diferentes niveles de la actividad econ\u00f3mica pyme de la Patagonia como consecuencia del intenso fr\u00edo y temporal de nieve que azota a vastos sectores del sur del pa\u00eds.<\/p>\n","protected":false},"author":3,"featured_media":104361,"comment_status":"closed","ping_status":"closed","sticky":false,"template":"","format":"standard","meta":{"footnotes":""},"categories":[26],"tags":[],"class_list":["post-104360","post","type-post","status-publish","format-standard","has-post-thumbnail","hentry","category-sociedad"],"yoast_head":"<!-- This site is optimized with the Yoast SEO plugin v25.9 - https:\/\/yoast.com\/wordpress\/plugins\/seo\/ -->\n<title>Preocupaci\u00f3n de CAME por las consecuencias del fr\u00edo en el sector pyme de la Patagonia - Noticias Radio Reflejos<\/title>\n<meta name=\"robots\" content=\"index, follow, max-snippet:-1, max-image-preview:large, max-video-preview:-1\" \/>\n<link rel=\"canonical\" href=\"https:\/\/www.noticiasradioreflejos.com.ar\/2021\/preocupacion-de-came-por-las-consecuencias-del-frio-en-el-sector-pyme-de-la-patagonia\/\" \/>\n<meta property=\"og:locale\" content=\"es_ES\" \/>\n<meta property=\"og:type\" content=\"article\" \/>\n<meta property=\"og:title\" content=\"Preocupaci\u00f3n de CAME por las consecuencias del fr\u00edo en el sector pyme de la Patagonia - Noticias Radio Reflejos\" \/>\n<meta property=\"og:description\" content=\"Las autoridades de la Confederaci\u00f3n Argentina de la Mediana Empresa (CAME) expresaron hoy su preocupaci\u00f3n por la afectaci\u00f3n en diferentes niveles de la actividad econ\u00f3mica pyme de la Patagonia como consecuencia del intenso fr\u00edo y temporal de nieve que azota a vastos sectores del sur del pa\u00eds.\" \/>\n<meta property=\"og:url\" content=\"https:\/\/www.noticiasradioreflejos.com.ar\/2021\/preocupacion-de-came-por-las-consecuencias-del-frio-en-el-sector-pyme-de-la-patagonia\/\" \/>\n<meta property=\"og:site_name\" content=\"Noticias Radio Reflejos\" \/>\n<meta property=\"article:published_time\" content=\"2024-06-27T16:37:47+00:00\" \/>\n<meta property=\"og:image\" content=\"https:\/\/www.noticiasradioreflejos.com.ar\/2021\/wp-content\/uploads\/2024\/06\/unnamed.png\" \/>\n\t<meta property=\"og:image:width\" content=\"706\" \/>\n\t<meta property=\"og:image:height\" content=\"620\" \/>\n\t<meta property=\"og:image:type\" content=\"image\/png\" \/>\n<meta name=\"author\" content=\"Arnaldo Botto\" \/>\n<meta name=\"twitter:card\" content=\"summary_large_image\" \/>\n<script type=\"application\/ld+json\" class=\"yoast-schema-graph\">{\"@context\":\"https:\/\/schema.org\",\"@graph\":[{\"@type\":\"WebPage\",\"@id\":\"https:\/\/www.noticiasradioreflejos.com.ar\/2021\/preocupacion-de-came-por-las-consecuencias-del-frio-en-el-sector-pyme-de-la-patagonia\/\",\"url\":\"https:\/\/www.noticiasradioreflejos.com.ar\/2021\/preocupacion-de-came-por-las-consecuencias-del-frio-en-el-sector-pyme-de-la-patagonia\/\",\"name\":\"Preocupaci\u00f3n de CAME por las consecuencias del fr\u00edo en el sector pyme de la Patagonia - Noticias Radio Reflejos\",\"isPartOf\":{\"@id\":\"https:\/\/www.noticiasradioreflejos.com.ar\/2021\/#website\"},\"primaryImageOfPage\":{\"@id\":\"https:\/\/www.noticiasradioreflejos.com.ar\/2021\/preocupacion-de-came-por-las-consecuencias-del-frio-en-el-sector-pyme-de-la-patagonia\/#primaryimage\"},\"image\":{\"@id\":\"https:\/\/www.noticiasradioreflejos.com.ar\/2021\/preocupacion-de-came-por-las-consecuencias-del-frio-en-el-sector-pyme-de-la-patagonia\/#primaryimage\"},\"thumbnailUrl\":\"https:\/\/www.noticiasradioreflejos.com.ar\/2021\/wp-content\/uploads\/2024\/06\/unnamed.png\",\"datePublished\":\"2024-06-27T16:37:47+00:00\",\"author\":{\"@id\":\"https:\/\/www.noticiasradioreflejos.com.ar\/2021\/#\/schema\/person\/ad82545263dcc5ec0996818884fd5fb1\"},\"breadcrumb\":{\"@id\":\"https:\/\/www.noticiasradioreflejos.com.ar\/2021\/preocupacion-de-came-por-las-consecuencias-del-frio-en-el-sector-pyme-de-la-patagonia\/#breadcrumb\"},\"inLanguage\":\"es\",\"potentialAction\":[{\"@type\":\"ReadAction\",\"target\":[\"https:\/\/www.noticiasradioreflejos.com.ar\/2021\/preocupacion-de-came-por-las-consecuencias-del-frio-en-el-sector-pyme-de-la-patagonia\/\"]}]},{\"@type\":\"ImageObject\",\"inLanguage\":\"es\",\"@id\":\"https:\/\/www.noticiasradioreflejos.com.ar\/2021\/preocupacion-de-came-por-las-consecuencias-del-frio-en-el-sector-pyme-de-la-patagonia\/#primaryimage\",\"url\":\"https:\/\/www.noticiasradioreflejos.com.ar\/2021\/wp-content\/uploads\/2024\/06\/unnamed.png\",\"contentUrl\":\"https:\/\/www.noticiasradioreflejos.com.ar\/2021\/wp-content\/uploads\/2024\/06\/unnamed.png\",\"width\":706,\"height\":620},{\"@type\":\"BreadcrumbList\",\"@id\":\"https:\/\/www.noticiasradioreflejos.com.ar\/2021\/preocupacion-de-came-por-las-consecuencias-del-frio-en-el-sector-pyme-de-la-patagonia\/#breadcrumb\",\"itemListElement\":[{\"@type\":\"ListItem\",\"position\":1,\"name\":\"Portada\",\"item\":\"https:\/\/www.noticiasradioreflejos.com.ar\/2021\/\"},{\"@type\":\"ListItem\",\"position\":2,\"name\":\"Preocupaci\u00f3n de CAME por las consecuencias del fr\u00edo en el sector pyme de la Patagonia\"}]},{\"@type\":\"WebSite\",\"@id\":\"https:\/\/www.noticiasradioreflejos.com.ar\/2021\/#website\",\"url\":\"https:\/\/www.noticiasradioreflejos.com.ar\/2021\/\",\"name\":\"Noticias Radio Reflejos\",\"description\":\"Las noticias de mi comarca\",\"potentialAction\":[{\"@type\":\"SearchAction\",\"target\":{\"@type\":\"EntryPoint\",\"urlTemplate\":\"https:\/\/www.noticiasradioreflejos.com.ar\/2021\/?s={search_term_string}\"},\"query-input\":{\"@type\":\"PropertyValueSpecification\",\"valueRequired\":true,\"valueName\":\"search_term_string\"}}],\"inLanguage\":\"es\"},{\"@type\":\"Person\",\"@id\":\"https:\/\/www.noticiasradioreflejos.com.ar\/2021\/#\/schema\/person\/ad82545263dcc5ec0996818884fd5fb1\",\"name\":\"Arnaldo Botto\",\"image\":{\"@type\":\"ImageObject\",\"inLanguage\":\"es\",\"@id\":\"https:\/\/www.noticiasradioreflejos.com.ar\/2021\/#\/schema\/person\/image\/\",\"url\":\"https:\/\/secure.gravatar.com\/avatar\/55cb5e37c1efa326397366e6974cb338056df65cb50e7d64d1cf314e87504837?s=96&d=mm&r=g\",\"contentUrl\":\"https:\/\/secure.gravatar.com\/avatar\/55cb5e37c1efa326397366e6974cb338056df65cb50e7d64d1cf314e87504837?s=96&d=mm&r=g\",\"caption\":\"Arnaldo Botto\"},\"url\":\"https:\/\/www.noticiasradioreflejos.com.ar\/2021\/author\/arnaldo\/\"}]}<\/script>\n<!-- \/ Yoast SEO plugin. -->","yoast_head_json":{"title":"Preocupaci\u00f3n de CAME por las consecuencias del fr\u00edo en el sector pyme de la Patagonia - Noticias Radio Reflejos","robots":{"index":"index","follow":"follow","max-snippet":"max-snippet:-1","max-image-preview":"max-image-preview:large","max-video-preview":"max-video-preview:-1"},"canonical":"https:\/\/www.noticiasradioreflejos.com.ar\/2021\/preocupacion-de-came-por-las-consecuencias-del-frio-en-el-sector-pyme-de-la-patagonia\/","og_locale":"es_ES","og_type":"article","og_title":"Preocupaci\u00f3n de CAME por las consecuencias del fr\u00edo en el sector pyme de la Patagonia - Noticias Radio Reflejos","og_description":"Las autoridades de la Confederaci\u00f3n Argentina de la Mediana Empresa (CAME) expresaron hoy su preocupaci\u00f3n por la afectaci\u00f3n en diferentes niveles de la actividad econ\u00f3mica pyme de la Patagonia como consecuencia del intenso fr\u00edo y temporal de nieve que azota a vastos sectores del sur del pa\u00eds.","og_url":"https:\/\/www.noticiasradioreflejos.com.ar\/2021\/preocupacion-de-came-por-las-consecuencias-del-frio-en-el-sector-pyme-de-la-patagonia\/","og_site_name":"Noticias Radio Reflejos","article_published_time":"2024-06-27T16:37:47+00:00","og_image":[{"width":706,"height":620,"url":"https:\/\/www.noticiasradioreflejos.com.ar\/2021\/wp-content\/uploads\/2024\/06\/unnamed.png","type":"image\/png"}],"author":"Arnaldo Botto","twitter_card":"summary_large_image","schema":{"@context":"https:\/\/schema.org","@graph":[{"@type":"WebPage","@id":"https:\/\/www.noticiasradioreflejos.com.ar\/2021\/preocupacion-de-came-por-las-consecuencias-del-frio-en-el-sector-pyme-de-la-patagonia\/","url":"https:\/\/www.noticiasradioreflejos.com.ar\/2021\/preocupacion-de-came-por-las-consecuencias-del-frio-en-el-sector-pyme-de-la-patagonia\/","name":"Preocupaci\u00f3n de CAME por las consecuencias del fr\u00edo en el sector pyme de la Patagonia - Noticias Radio Reflejos","isPartOf":{"@id":"https:\/\/www.noticiasradioreflejos.com.ar\/2021\/#website"},"primaryImageOfPage":{"@id":"https:\/\/www.noticiasradioreflejos.com.ar\/2021\/preocupacion-de-came-por-las-consecuencias-del-frio-en-el-sector-pyme-de-la-patagonia\/#primaryimage"},"image":{"@id":"https:\/\/www.noticiasradioreflejos.com.ar\/2021\/preocupacion-de-came-por-las-consecuencias-del-frio-en-el-sector-pyme-de-la-patagonia\/#primaryimage"},"thumbnailUrl":"https:\/\/www.noticiasradioreflejos.com.ar\/2021\/wp-content\/uploads\/2024\/06\/unnamed.png","datePublished":"2024-06-27T16:37:47+00:00","author":{"@id":"https:\/\/www.noticiasradioreflejos.com.ar\/2021\/#\/schema\/person\/ad82545263dcc5ec0996818884fd5fb1"},"breadcrumb":{"@id":"https:\/\/www.noticiasradioreflejos.com.ar\/2021\/preocupacion-de-came-por-las-consecuencias-del-frio-en-el-sector-pyme-de-la-patagonia\/#breadcrumb"},"inLanguage":"es","potentialAction":[{"@type":"ReadAction","target":["https:\/\/www.noticiasradioreflejos.com.ar\/2021\/preocupacion-de-came-por-las-consecuencias-del-frio-en-el-sector-pyme-de-la-patagonia\/"]}]},{"@type":"ImageObject","inLanguage":"es","@id":"https:\/\/www.noticiasradioreflejos.com.ar\/2021\/preocupacion-de-came-por-las-consecuencias-del-frio-en-el-sector-pyme-de-la-patagonia\/#primaryimage","url":"https:\/\/www.noticiasradioreflejos.com.ar\/2021\/wp-content\/uploads\/2024\/06\/unnamed.png","contentUrl":"https:\/\/www.noticiasradioreflejos.com.ar\/2021\/wp-content\/uploads\/2024\/06\/unnamed.png","width":706,"height":620},{"@type":"BreadcrumbList","@id":"https:\/\/www.noticiasradioreflejos.com.ar\/2021\/preocupacion-de-came-por-las-consecuencias-del-frio-en-el-sector-pyme-de-la-patagonia\/#breadcrumb","itemListElement":[{"@type":"ListItem","position":1,"name":"Portada","item":"https:\/\/www.noticiasradioreflejos.com.ar\/2021\/"},{"@type":"ListItem","position":2,"name":"Preocupaci\u00f3n de CAME por las consecuencias del fr\u00edo en el sector pyme de la Patagonia"}]},{"@type":"WebSite","@id":"https:\/\/www.noticiasradioreflejos.com.ar\/2021\/#website","url":"https:\/\/www.noticiasradioreflejos.com.ar\/2021\/","name":"Noticias Radio Reflejos","description":"Las noticias de mi comarca","potentialAction":[{"@type":"SearchAction","target":{"@type":"EntryPoint","urlTemplate":"https:\/\/www.noticiasradioreflejos.com.ar\/2021\/?s={search_term_string}"},"query-input":{"@type":"PropertyValueSpecification","valueRequired":true,"valueName":"search_term_string"}}],"inLanguage":"es"},{"@type":"Person","@id":"https:\/\/www.noticiasradioreflejos.com.ar\/2021\/#\/schema\/person\/ad82545263dcc5ec0996818884fd5fb1","name":"Arnaldo Botto","image":{"@type":"ImageObject","inLanguage":"es","@id":"https:\/\/www.noticiasradioreflejos.com.ar\/2021\/#\/schema\/person\/image\/","url":"https:\/\/secure.gravatar.com\/avatar\/55cb5e37c1efa326397366e6974cb338056df65cb50e7d64d1cf314e87504837?s=96&d=mm&r=g","contentUrl":"https:\/\/secure.gravatar.com\/avatar\/55cb5e37c1efa326397366e6974cb338056df65cb50e7d64d1cf314e87504837?s=96&d=mm&r=g","caption":"Arnaldo Botto"},"url":"https:\/\/www.noticiasradioreflejos.com.ar\/2021\/author\/arnaldo\/"}]}},"_links":{"self":[{"href":"https:\/\/www.noticiasradioreflejos.com.ar\/2021\/wp-json\/wp\/v2\/posts\/104360","targetHints":{"allow":["GET"]}}],"collection":[{"href":"https:\/\/www.noticiasradioreflejos.com.ar\/2021\/wp-json\/wp\/v2\/posts"}],"about":[{"href":"https:\/\/www.noticiasradioreflejos.com.ar\/2021\/wp-json\/wp\/v2\/types\/post"}],"author":[{"embeddable":true,"href":"https:\/\/www.noticiasradioreflejos.com.ar\/2021\/wp-json\/wp\/v2\/users\/3"}],"replies":[{"embeddable":true,"href":"https:\/\/www.noticiasradioreflejos.com.ar\/2021\/wp-json\/wp\/v2\/comments?post=104360"}],"version-history":[{"count":1,"href":"https:\/\/www.noticiasradioreflejos.com.ar\/2021\/wp-json\/wp\/v2\/posts\/104360\/revisions"}],"predecessor-version":[{"id":104362,"href":"https:\/\/www.noticiasradioreflejos.com.ar\/2021\/wp-json\/wp\/v2\/posts\/104360\/revisions\/104362"}],"wp:featuredmedia":[{"embeddable":true,"href":"https:\/\/www.noticiasradioreflejos.com.ar\/2021\/wp-json\/wp\/v2\/media\/104361"}],"wp:attachment":[{"href":"https:\/\/www.noticiasradioreflejos.com.ar\/2021\/wp-json\/wp\/v2\/media?parent=104360"}],"wp:term":[{"taxonomy":"category","embeddable":true,"href":"https:\/\/www.noticiasradioreflejos.com.ar\/2021\/wp-json\/wp\/v2\/categories?post=104360"},{"taxonomy":"post_tag","embeddable":true,"href":"https:\/\/www.noticiasradioreflejos.com.ar\/2021\/wp-json\/wp\/v2\/tags?post=104360"}],"curies":[{"name":"wp","href":"https:\/\/api.w.org\/{rel}","templated":true}]}}