{"id":104358,"date":"2024-06-27T11:30:16","date_gmt":"2024-06-27T14:30:16","guid":{"rendered":"https:\/\/www.noticiasradioreflejos.com.ar\/2021\/?p=104358"},"modified":"2024-06-27T11:46:59","modified_gmt":"2024-06-27T14:46:59","slug":"el-gobierno-deja-de-regular-las-tarifas-de-cable-celulares-e-internet-las-empresas-podran-fijar-aumentos-sin-tope","status":"publish","type":"post","link":"https:\/\/www.noticiasradioreflejos.com.ar\/2021\/el-gobierno-deja-de-regular-las-tarifas-de-cable-celulares-e-internet-las-empresas-podran-fijar-aumentos-sin-tope\/","title":{"rendered":"El Gobierno deja de regular las tarifas de cable, celulares e Internet: las empresas podr\u00e1n fijar aumentos sin tope"},"content":{"rendered":"<p>La medida tomada por el ENACOM es de aplicaci\u00f3n inmediata. Un reciente estudio arroj\u00f3 que el 67,5% de los hogares argentinos implementaron medidas para reducir los costos de su servicio de red.<!--more--><\/p>\n<div class=\"column-main\">\n<div class=\"article-body\" data-tadevel-template=\"web\/article-body\">\n<div class=\"article-body-content\">\n<p>El Ente Nacional de Telecomunicaciones (<a href=\"https:\/\/noticiasargentinas.com\/enacom_t65553c1bb19f3cd532191227\">ENACOM<\/a>),\u00a0<strong>elimin\u00f3 las regulaciones que limitaban los aumentos en las tarifas de internet, celulares y cable<\/strong>, a trav\u00e9s de la Resoluci\u00f3n 13\/2024, publicada este jueves en el Bolet\u00edn Oficial.<\/p>\n<p>La normativa deja sin efecto una serie de reglamentaciones que establec\u00edan topes a las subas de los servicios de telecomunicaciones, entre las que estaban que no pod\u00edan aplicar incrementos superiores al 10% mensual. Ahora las empresas\u00a0<strong>tendr\u00e1n v\u00eda libre para estipular las actualizaciones en sus valores.<\/strong><\/p>\n<p>La decisi\u00f3n del organismo intervenido a principios de a\u00f1o entrar\u00e1 en vigencia desde su publicaci\u00f3n, por lo que el impacto en las tarifas del cable, celulares e internet<strong>\u00a0ya podr\u00eda verse reflejado desde julio.<\/strong><\/p>\n<p>La medida se ampara en el Decreto de Necesidad y Urgencia (DNU) N\u00b0 302 del 9 de abril de 2024, que derog\u00f3 el DNU N\u00b0 690\/2020, junto con el Art\u00edculo 15 de la Ley N\u00b0 27.078 y modificatorias, e incluy\u00f3 cambios en sus art\u00edculos 48 y 54.<\/p>\n<p>A partir de la modificaci\u00f3n, el art\u00edculo 48 establece que \u201clos licenciatarios de Servicios de TIC\u00a0<strong>fijar\u00e1n sus precios, los que deber\u00e1n ser justos y razonables<\/strong>, cubrir los costos de la explotaci\u00f3n y tender a la prestaci\u00f3n eficiente y a un margen razonable de operaci\u00f3n\u201d.<\/p>\n<p>Adem\u00e1s, el texto oficial record\u00f3 que en los considerandos del DNU 302\/2024 se expuso que \u201c\u2026los servicios de TIC han sido creados en competencia, as\u00ed como la prestaci\u00f3n de los servicios de comunicaciones m\u00f3viles, siendo una facultad esencial para su desarrollo y crecimiento la posibilidad de que los licenciatarios<strong>\u00a0puedan fijar sus precios libremente\u201d.<\/strong><\/p>\n<p>En esa l\u00ednea, tambi\u00e9n mencionaba que \u201c\u2026 el DNU N\u00b0 690\/2020 establece una modificaci\u00f3n esencial sobre el marco jur\u00eddico del sector, que debe ser corregida con el fin de salvaguardar las reglas que permitan el desarrollo de un mercado en competencia y la libre fijaci\u00f3n de los precios de los servicios prestados\u201d.<\/p>\n<p>La desregulaci\u00f3n de las telecomunicaciones se da en medio del impacto que atraviesa el sector por la recesi\u00f3n, lo que se reflej\u00f3 en\u00a0<a href=\"https:\/\/noticiasargentinas.com\/economia\/por-la-crisis--el-70--de-los-hogares-argentinos-redujeron-sus-servicios-de-internet-y-tv_a667c8bda74525ef20b8a0210\">un informe de la C\u00e1mara Argentina de Internet (CABASE)<\/a>, donde se revela que las familias argentinas est\u00e1n buscando reducir el impacto de los costos de la conectividad en sus presupuestos.<\/p>\n<p>El estudio arroj\u00f3 que\u00a0<strong>el 67,5% de los hogares argentinos implementaron medidas para reducir los costos de su servicio de internet fijo<\/strong>, en respuesta al complejo contexto econ\u00f3mico de los \u00faltimos meses. Mientras que el 65,3% de los hogares tambi\u00e9n ajustaron sus gastos en servicios de TV paga.<\/p>\n<p>&nbsp;<\/p>\n<\/div>\n<p><em><strong>Fuente NA<\/strong><\/em><\/p>\n<\/div>\n<\/div>\n","protected":false},"excerpt":{"rendered":"<p>La medida tomada por el ENACOM es de aplicaci\u00f3n inmediata. Un reciente estudio arroj\u00f3 que el 67,5% de los hogares argentinos implementaron medidas para reducir los costos de su servicio de red.<\/p>\n","protected":false},"author":3,"featured_media":80370,"comment_status":"closed","ping_status":"closed","sticky":false,"template":"","format":"standard","meta":{"footnotes":""},"categories":[36,58],"tags":[],"class_list":["post-104358","post","type-post","status-publish","format-standard","has-post-thumbnail","hentry","category-economia","category-gobierno"],"yoast_head":"<!-- This site is optimized with the Yoast SEO plugin v25.9 - https:\/\/yoast.com\/wordpress\/plugins\/seo\/ -->\n<title>El Gobierno deja de regular las tarifas de cable, celulares e Internet: las empresas podr\u00e1n fijar aumentos sin tope - Noticias Radio Reflejos<\/title>\n<meta name=\"robots\" content=\"index, follow, max-snippet:-1, max-image-preview:large, max-video-preview:-1\" \/>\n<link rel=\"canonical\" href=\"https:\/\/www.noticiasradioreflejos.com.ar\/2021\/el-gobierno-deja-de-regular-las-tarifas-de-cable-celulares-e-internet-las-empresas-podran-fijar-aumentos-sin-tope\/\" \/>\n<meta property=\"og:locale\" content=\"es_ES\" \/>\n<meta property=\"og:type\" content=\"article\" \/>\n<meta property=\"og:title\" content=\"El Gobierno deja de regular las tarifas de cable, celulares e Internet: las empresas podr\u00e1n fijar aumentos sin tope - Noticias Radio Reflejos\" \/>\n<meta property=\"og:description\" content=\"La medida tomada por el ENACOM es de aplicaci\u00f3n inmediata. Un reciente estudio arroj\u00f3 que el 67,5% de los hogares argentinos implementaron medidas para reducir los costos de su servicio de red.\" \/>\n<meta property=\"og:url\" content=\"https:\/\/www.noticiasradioreflejos.com.ar\/2021\/el-gobierno-deja-de-regular-las-tarifas-de-cable-celulares-e-internet-las-empresas-podran-fijar-aumentos-sin-tope\/\" \/>\n<meta property=\"og:site_name\" content=\"Noticias Radio Reflejos\" \/>\n<meta property=\"article:published_time\" content=\"2024-06-27T14:30:16+00:00\" \/>\n<meta property=\"article:modified_time\" content=\"2024-06-27T14:46:59+00:00\" \/>\n<meta property=\"og:image\" content=\"https:\/\/www.noticiasradioreflejos.com.ar\/2021\/wp-content\/uploads\/2022\/11\/celular.jpg\" \/>\n\t<meta property=\"og:image:width\" content=\"1200\" \/>\n\t<meta property=\"og:image:height\" content=\"675\" \/>\n\t<meta property=\"og:image:type\" content=\"image\/jpeg\" \/>\n<meta name=\"author\" content=\"Arnaldo Botto\" \/>\n<meta name=\"twitter:card\" content=\"summary_large_image\" \/>\n<script type=\"application\/ld+json\" class=\"yoast-schema-graph\">{\"@context\":\"https:\/\/schema.org\",\"@graph\":[{\"@type\":\"WebPage\",\"@id\":\"https:\/\/www.noticiasradioreflejos.com.ar\/2021\/el-gobierno-deja-de-regular-las-tarifas-de-cable-celulares-e-internet-las-empresas-podran-fijar-aumentos-sin-tope\/\",\"url\":\"https:\/\/www.noticiasradioreflejos.com.ar\/2021\/el-gobierno-deja-de-regular-las-tarifas-de-cable-celulares-e-internet-las-empresas-podran-fijar-aumentos-sin-tope\/\",\"name\":\"El Gobierno deja de regular las tarifas de cable, celulares e Internet: las empresas podr\u00e1n fijar aumentos sin tope - Noticias Radio Reflejos\",\"isPartOf\":{\"@id\":\"https:\/\/www.noticiasradioreflejos.com.ar\/2021\/#website\"},\"primaryImageOfPage\":{\"@id\":\"https:\/\/www.noticiasradioreflejos.com.ar\/2021\/el-gobierno-deja-de-regular-las-tarifas-de-cable-celulares-e-internet-las-empresas-podran-fijar-aumentos-sin-tope\/#primaryimage\"},\"image\":{\"@id\":\"https:\/\/www.noticiasradioreflejos.com.ar\/2021\/el-gobierno-deja-de-regular-las-tarifas-de-cable-celulares-e-internet-las-empresas-podran-fijar-aumentos-sin-tope\/#primaryimage\"},\"thumbnailUrl\":\"https:\/\/www.noticiasradioreflejos.com.ar\/2021\/wp-content\/uploads\/2022\/11\/celular.jpg\",\"datePublished\":\"2024-06-27T14:30:16+00:00\",\"dateModified\":\"2024-06-27T14:46:59+00:00\",\"author\":{\"@id\":\"https:\/\/www.noticiasradioreflejos.com.ar\/2021\/#\/schema\/person\/ad82545263dcc5ec0996818884fd5fb1\"},\"breadcrumb\":{\"@id\":\"https:\/\/www.noticiasradioreflejos.com.ar\/2021\/el-gobierno-deja-de-regular-las-tarifas-de-cable-celulares-e-internet-las-empresas-podran-fijar-aumentos-sin-tope\/#breadcrumb\"},\"inLanguage\":\"es\",\"potentialAction\":[{\"@type\":\"ReadAction\",\"target\":[\"https:\/\/www.noticiasradioreflejos.com.ar\/2021\/el-gobierno-deja-de-regular-las-tarifas-de-cable-celulares-e-internet-las-empresas-podran-fijar-aumentos-sin-tope\/\"]}]},{\"@type\":\"ImageObject\",\"inLanguage\":\"es\",\"@id\":\"https:\/\/www.noticiasradioreflejos.com.ar\/2021\/el-gobierno-deja-de-regular-las-tarifas-de-cable-celulares-e-internet-las-empresas-podran-fijar-aumentos-sin-tope\/#primaryimage\",\"url\":\"https:\/\/www.noticiasradioreflejos.com.ar\/2021\/wp-content\/uploads\/2022\/11\/celular.jpg\",\"contentUrl\":\"https:\/\/www.noticiasradioreflejos.com.ar\/2021\/wp-content\/uploads\/2022\/11\/celular.jpg\",\"width\":1200,\"height\":675},{\"@type\":\"BreadcrumbList\",\"@id\":\"https:\/\/www.noticiasradioreflejos.com.ar\/2021\/el-gobierno-deja-de-regular-las-tarifas-de-cable-celulares-e-internet-las-empresas-podran-fijar-aumentos-sin-tope\/#breadcrumb\",\"itemListElement\":[{\"@type\":\"ListItem\",\"position\":1,\"name\":\"Portada\",\"item\":\"https:\/\/www.noticiasradioreflejos.com.ar\/2021\/\"},{\"@type\":\"ListItem\",\"position\":2,\"name\":\"El Gobierno deja de regular las tarifas de cable, celulares e Internet: las empresas podr\u00e1n fijar aumentos sin tope\"}]},{\"@type\":\"WebSite\",\"@id\":\"https:\/\/www.noticiasradioreflejos.com.ar\/2021\/#website\",\"url\":\"https:\/\/www.noticiasradioreflejos.com.ar\/2021\/\",\"name\":\"Noticias Radio Reflejos\",\"description\":\"Las noticias de mi comarca\",\"potentialAction\":[{\"@type\":\"SearchAction\",\"target\":{\"@type\":\"EntryPoint\",\"urlTemplate\":\"https:\/\/www.noticiasradioreflejos.com.ar\/2021\/?s={search_term_string}\"},\"query-input\":{\"@type\":\"PropertyValueSpecification\",\"valueRequired\":true,\"valueName\":\"search_term_string\"}}],\"inLanguage\":\"es\"},{\"@type\":\"Person\",\"@id\":\"https:\/\/www.noticiasradioreflejos.com.ar\/2021\/#\/schema\/person\/ad82545263dcc5ec0996818884fd5fb1\",\"name\":\"Arnaldo Botto\",\"image\":{\"@type\":\"ImageObject\",\"inLanguage\":\"es\",\"@id\":\"https:\/\/www.noticiasradioreflejos.com.ar\/2021\/#\/schema\/person\/image\/\",\"url\":\"https:\/\/secure.gravatar.com\/avatar\/55cb5e37c1efa326397366e6974cb338056df65cb50e7d64d1cf314e87504837?s=96&d=mm&r=g\",\"contentUrl\":\"https:\/\/secure.gravatar.com\/avatar\/55cb5e37c1efa326397366e6974cb338056df65cb50e7d64d1cf314e87504837?s=96&d=mm&r=g\",\"caption\":\"Arnaldo Botto\"},\"url\":\"https:\/\/www.noticiasradioreflejos.com.ar\/2021\/author\/arnaldo\/\"}]}<\/script>\n<!-- \/ Yoast SEO plugin. -->","yoast_head_json":{"title":"El Gobierno deja de regular las tarifas de cable, celulares e Internet: las empresas podr\u00e1n fijar aumentos sin tope - Noticias Radio Reflejos","robots":{"index":"index","follow":"follow","max-snippet":"max-snippet:-1","max-image-preview":"max-image-preview:large","max-video-preview":"max-video-preview:-1"},"canonical":"https:\/\/www.noticiasradioreflejos.com.ar\/2021\/el-gobierno-deja-de-regular-las-tarifas-de-cable-celulares-e-internet-las-empresas-podran-fijar-aumentos-sin-tope\/","og_locale":"es_ES","og_type":"article","og_title":"El Gobierno deja de regular las tarifas de cable, celulares e Internet: las empresas podr\u00e1n fijar aumentos sin tope - Noticias Radio Reflejos","og_description":"La medida tomada por el ENACOM es de aplicaci\u00f3n inmediata. Un reciente estudio arroj\u00f3 que el 67,5% de los hogares argentinos implementaron medidas para reducir los costos de su servicio de red.","og_url":"https:\/\/www.noticiasradioreflejos.com.ar\/2021\/el-gobierno-deja-de-regular-las-tarifas-de-cable-celulares-e-internet-las-empresas-podran-fijar-aumentos-sin-tope\/","og_site_name":"Noticias Radio Reflejos","article_published_time":"2024-06-27T14:30:16+00:00","article_modified_time":"2024-06-27T14:46:59+00:00","og_image":[{"width":1200,"height":675,"url":"https:\/\/www.noticiasradioreflejos.com.ar\/2021\/wp-content\/uploads\/2022\/11\/celular.jpg","type":"image\/jpeg"}],"author":"Arnaldo Botto","twitter_card":"summary_large_image","schema":{"@context":"https:\/\/schema.org","@graph":[{"@type":"WebPage","@id":"https:\/\/www.noticiasradioreflejos.com.ar\/2021\/el-gobierno-deja-de-regular-las-tarifas-de-cable-celulares-e-internet-las-empresas-podran-fijar-aumentos-sin-tope\/","url":"https:\/\/www.noticiasradioreflejos.com.ar\/2021\/el-gobierno-deja-de-regular-las-tarifas-de-cable-celulares-e-internet-las-empresas-podran-fijar-aumentos-sin-tope\/","name":"El Gobierno deja de regular las tarifas de cable, celulares e Internet: las empresas podr\u00e1n fijar aumentos sin tope - Noticias Radio Reflejos","isPartOf":{"@id":"https:\/\/www.noticiasradioreflejos.com.ar\/2021\/#website"},"primaryImageOfPage":{"@id":"https:\/\/www.noticiasradioreflejos.com.ar\/2021\/el-gobierno-deja-de-regular-las-tarifas-de-cable-celulares-e-internet-las-empresas-podran-fijar-aumentos-sin-tope\/#primaryimage"},"image":{"@id":"https:\/\/www.noticiasradioreflejos.com.ar\/2021\/el-gobierno-deja-de-regular-las-tarifas-de-cable-celulares-e-internet-las-empresas-podran-fijar-aumentos-sin-tope\/#primaryimage"},"thumbnailUrl":"https:\/\/www.noticiasradioreflejos.com.ar\/2021\/wp-content\/uploads\/2022\/11\/celular.jpg","datePublished":"2024-06-27T14:30:16+00:00","dateModified":"2024-06-27T14:46:59+00:00","author":{"@id":"https:\/\/www.noticiasradioreflejos.com.ar\/2021\/#\/schema\/person\/ad82545263dcc5ec0996818884fd5fb1"},"breadcrumb":{"@id":"https:\/\/www.noticiasradioreflejos.com.ar\/2021\/el-gobierno-deja-de-regular-las-tarifas-de-cable-celulares-e-internet-las-empresas-podran-fijar-aumentos-sin-tope\/#breadcrumb"},"inLanguage":"es","potentialAction":[{"@type":"ReadAction","target":["https:\/\/www.noticiasradioreflejos.com.ar\/2021\/el-gobierno-deja-de-regular-las-tarifas-de-cable-celulares-e-internet-las-empresas-podran-fijar-aumentos-sin-tope\/"]}]},{"@type":"ImageObject","inLanguage":"es","@id":"https:\/\/www.noticiasradioreflejos.com.ar\/2021\/el-gobierno-deja-de-regular-las-tarifas-de-cable-celulares-e-internet-las-empresas-podran-fijar-aumentos-sin-tope\/#primaryimage","url":"https:\/\/www.noticiasradioreflejos.com.ar\/2021\/wp-content\/uploads\/2022\/11\/celular.jpg","contentUrl":"https:\/\/www.noticiasradioreflejos.com.ar\/2021\/wp-content\/uploads\/2022\/11\/celular.jpg","width":1200,"height":675},{"@type":"BreadcrumbList","@id":"https:\/\/www.noticiasradioreflejos.com.ar\/2021\/el-gobierno-deja-de-regular-las-tarifas-de-cable-celulares-e-internet-las-empresas-podran-fijar-aumentos-sin-tope\/#breadcrumb","itemListElement":[{"@type":"ListItem","position":1,"name":"Portada","item":"https:\/\/www.noticiasradioreflejos.com.ar\/2021\/"},{"@type":"ListItem","position":2,"name":"El Gobierno deja de regular las tarifas de cable, celulares e Internet: las empresas podr\u00e1n fijar aumentos sin tope"}]},{"@type":"WebSite","@id":"https:\/\/www.noticiasradioreflejos.com.ar\/2021\/#website","url":"https:\/\/www.noticiasradioreflejos.com.ar\/2021\/","name":"Noticias Radio Reflejos","description":"Las noticias de mi comarca","potentialAction":[{"@type":"SearchAction","target":{"@type":"EntryPoint","urlTemplate":"https:\/\/www.noticiasradioreflejos.com.ar\/2021\/?s={search_term_string}"},"query-input":{"@type":"PropertyValueSpecification","valueRequired":true,"valueName":"search_term_string"}}],"inLanguage":"es"},{"@type":"Person","@id":"https:\/\/www.noticiasradioreflejos.com.ar\/2021\/#\/schema\/person\/ad82545263dcc5ec0996818884fd5fb1","name":"Arnaldo Botto","image":{"@type":"ImageObject","inLanguage":"es","@id":"https:\/\/www.noticiasradioreflejos.com.ar\/2021\/#\/schema\/person\/image\/","url":"https:\/\/secure.gravatar.com\/avatar\/55cb5e37c1efa326397366e6974cb338056df65cb50e7d64d1cf314e87504837?s=96&d=mm&r=g","contentUrl":"https:\/\/secure.gravatar.com\/avatar\/55cb5e37c1efa326397366e6974cb338056df65cb50e7d64d1cf314e87504837?s=96&d=mm&r=g","caption":"Arnaldo Botto"},"url":"https:\/\/www.noticiasradioreflejos.com.ar\/2021\/author\/arnaldo\/"}]}},"_links":{"self":[{"href":"https:\/\/www.noticiasradioreflejos.com.ar\/2021\/wp-json\/wp\/v2\/posts\/104358","targetHints":{"allow":["GET"]}}],"collection":[{"href":"https:\/\/www.noticiasradioreflejos.com.ar\/2021\/wp-json\/wp\/v2\/posts"}],"about":[{"href":"https:\/\/www.noticiasradioreflejos.com.ar\/2021\/wp-json\/wp\/v2\/types\/post"}],"author":[{"embeddable":true,"href":"https:\/\/www.noticiasradioreflejos.com.ar\/2021\/wp-json\/wp\/v2\/users\/3"}],"replies":[{"embeddable":true,"href":"https:\/\/www.noticiasradioreflejos.com.ar\/2021\/wp-json\/wp\/v2\/comments?post=104358"}],"version-history":[{"count":1,"href":"https:\/\/www.noticiasradioreflejos.com.ar\/2021\/wp-json\/wp\/v2\/posts\/104358\/revisions"}],"predecessor-version":[{"id":104359,"href":"https:\/\/www.noticiasradioreflejos.com.ar\/2021\/wp-json\/wp\/v2\/posts\/104358\/revisions\/104359"}],"wp:featuredmedia":[{"embeddable":true,"href":"https:\/\/www.noticiasradioreflejos.com.ar\/2021\/wp-json\/wp\/v2\/media\/80370"}],"wp:attachment":[{"href":"https:\/\/www.noticiasradioreflejos.com.ar\/2021\/wp-json\/wp\/v2\/media?parent=104358"}],"wp:term":[{"taxonomy":"category","embeddable":true,"href":"https:\/\/www.noticiasradioreflejos.com.ar\/2021\/wp-json\/wp\/v2\/categories?post=104358"},{"taxonomy":"post_tag","embeddable":true,"href":"https:\/\/www.noticiasradioreflejos.com.ar\/2021\/wp-json\/wp\/v2\/tags?post=104358"}],"curies":[{"name":"wp","href":"https:\/\/api.w.org\/{rel}","templated":true}]}}