{"id":104355,"date":"2024-06-27T10:23:21","date_gmt":"2024-06-27T13:23:21","guid":{"rendered":"https:\/\/www.noticiasradioreflejos.com.ar\/2021\/?p=104355"},"modified":"2024-06-27T10:23:21","modified_gmt":"2024-06-27T13:23:21","slug":"diputados-dara-luz-verde-a-reforma-laboral-permite-los-despidos-con-causa-justa-por-bloqueos-de-empresas","status":"publish","type":"post","link":"https:\/\/www.noticiasradioreflejos.com.ar\/2021\/diputados-dara-luz-verde-a-reforma-laboral-permite-los-despidos-con-causa-justa-por-bloqueos-de-empresas\/","title":{"rendered":"Diputados dar\u00e1 luz verde a reforma laboral: permite los despidos con causa justa por bloqueos de empresas"},"content":{"rendered":"<p>Los cambios laborales est\u00e1n dentro de la ley Base que hoy se convertir\u00e1 en ley ya que tienen el respaldo del oficialismo y los bloques dialoguistas<!--more--><\/p>\n<div class=\"columns\" data-tadevel-template=\"web\/article-columns\">\n<div class=\"column-main\">\n<div class=\"article-body\" data-tadevel-template=\"web\/article-body\">\n<div class=\"article-body-content\">\n<p>La C\u00e1mara de Diputados aprobar\u00e1 hoy una reforma laboral que permitir\u00e1\u00a0<strong>despedir a trabajadores con causa justa por bloqueos y tomas de \u00a0empresas<\/strong>, e incorporar\u00e1 la figura del \u201ccolaborador\u201d que habilitar\u00e1 a las pymes a contratar tres empleados para una determinada tarea, sin generar relaci\u00f3n de dependencia..<\/p>\n<p>Las modificaciones a la legislaci\u00f3n laboral forman parte de la ley Base que esta noche se convertir\u00e1 en ley por mas 140 votos, ya que se aceptar\u00e1n las modificaciones que realiz\u00f3 el Senado, seg\u00fan se acord\u00f3 entre el oficialismo y los bloques dialoguistas que respaldan la primera iniciativa que se aprobar\u00e1 en la gesti\u00f3n del presidente Javier Milei.<\/p>\n<p>La modernizaci\u00f3n laboral elimina las multas por trabajo no registrado a cambio de regularizar la situaci\u00f3n de ese empleado, permite establecer acuerdos para reemplazar la indemnizaci\u00f3n por un fondo de cese laboral como tiene la Uni\u00f3n Obrera de la Construcci\u00f3n, e incorporar\u00e1 una nueva figura llamado colaborar para que las pymes puedan contratar a tres trabajadores sin establecer un v\u00ednculo de relaci\u00f3n de dependencia, \u00a0y amplia el per\u00edodo de prueba de tres a seis meses.<\/p>\n<p>Si bien no se incluy\u00f3 uno de los temas centrales que afecta al sindicalismo que es eliminar la cuota solidaria a los sindicatos se incorpor\u00f3 un art\u00edculo que afecta principalmente al gremio camionero, conducido por Hugo y Pablo Moyano, ya que sanciona con el despido con causa justa los bloqueos o tomas de las empresas.<\/p>\n<p>El art\u00edculo 94 del proyecto del Senado que aceptar\u00e1 diputados fija que \u201cpodr\u00e1 configurar grave injuria laboral, como objetiva causal de extinci\u00f3n del contrato de trabajo, la participaci\u00f3n activa en bloqueos o tomas de establecimiento\u201d.<\/p>\n<p>Tambi\u00e9n se\u00f1ala que se presume que existe injuria \u201cgrave cuando durante una medida de acci\u00f3n directa se afecte la libertad de trabajo de quienes no adhieran a la medida de fuerza, mediante actos, hechos, intimidaciones o amenazas; se impida u obstruya total o parcialmente el ingreso o egreso de personas y\/o cosas al establecimiento y se ocasionen da\u00f1os en personas o en cosas de propiedad de la empresa\u201d.<\/p>\n<p>Otro cambio incorporado por el Senado es el art\u00edculo que disminuye de cinco a tres los trabajadores que puede tener una minipyme para que sean considerados colaboradores, es decir que tendr\u00e1 un sistema especial que no podr\u00e1 considerarse personal en relaci\u00f3n de dependencia.<\/p>\n<p>Este sistema se basar\u00e1 \u201cen una relaci\u00f3n aut\u00f3noma, sin que exista vinculo de dependencia entre ellos, ni con las personas contratantes de los servicios u obras e incluir\u00e1 tanto para el trabajador independiente como para los trabajadores colaboradores, y har\u00e1 un aporte de comprenda la cotizaci\u00f3n al R\u00e9gimen Previsional, al R\u00e9gimen Nacional de Obras Sociales y Sistema Nacional del Seguro de Salud y al R\u00e9gimen de Riesgos del Trabajo, en las condiciones y requisitos que establezca la reglamentaci\u00f3n\u201d.<\/p>\n<p>El dictamen de mayor\u00eda tambi\u00e9n establece que se autorizar\u00e1 un cambio en el r\u00e9gimen de indemnizaciones para habilitar que mediante acuerdos entre gremios y empresarios se pueda modificar el convenio colectivo de trabajo para que se pueda reemplazar por un fondo de cese laboral, como tiene el gremio de la UOCRA.<\/p>\n<p>Otro cap\u00edtulo central de la reforma laboral es la ampliaci\u00f3n del per\u00edodo de prueba de tres a seis meses y de hasta ocho meses en empresas de seis a 100 trabajadores.<\/p>\n<p>En cuanto a las multas se estableci\u00f3 la eliminaci\u00f3n de las infracciones, multas y sanciones a los empresarios que no hayan registrado a sus empleados, se les perdonar\u00e1 la deuda por capitales e intereses cuando se originen en la falta de aportes al sistema de seguridad social y se bajar\u00e1 el Registro de Empleadores con Sanciones Laborales (REPSAL), siempre cuando al momento de aprobarse la ley se regularice a los empleados; y se estableci\u00f3 que los empleados podr\u00e1n computar hasta 5 a\u00f1os de aportes.<\/p>\n<p>Tambi\u00e9n el proyecto que se votar\u00e1 ma\u00f1ana incorpora la figura de despido\u00a0discriminatorio originado por motivos de, entre otros, raza, religi\u00f3n, opini\u00f3n pol\u00edtica o gremial, sexo, g\u00e9nero, orientaci\u00f3n sexual, caracteres f\u00edsicos o discapacidad, y en este caso establece una indemnizaci\u00f3n agravada entre el 50 y el 100 por ciento.<\/p>\n<\/div>\n<\/div>\n<\/div>\n<\/div>\n","protected":false},"excerpt":{"rendered":"<p>Los cambios laborales est\u00e1n dentro de la ley Base que hoy se convertir\u00e1 en ley ya que tienen el respaldo del oficialismo y los bloques dialoguistas<\/p>\n","protected":false},"author":3,"featured_media":104356,"comment_status":"closed","ping_status":"closed","sticky":false,"template":"","format":"standard","meta":{"footnotes":""},"categories":[36,24],"tags":[],"class_list":["post-104355","post","type-post","status-publish","format-standard","has-post-thumbnail","hentry","category-economia","category-politica"],"yoast_head":"<!-- This site is optimized with the Yoast SEO plugin v25.9 - https:\/\/yoast.com\/wordpress\/plugins\/seo\/ -->\n<title>Diputados dar\u00e1 luz verde a reforma laboral: permite los despidos con causa justa por bloqueos de empresas - Noticias Radio Reflejos<\/title>\n<meta name=\"robots\" content=\"index, follow, max-snippet:-1, max-image-preview:large, max-video-preview:-1\" \/>\n<link rel=\"canonical\" href=\"https:\/\/www.noticiasradioreflejos.com.ar\/2021\/diputados-dara-luz-verde-a-reforma-laboral-permite-los-despidos-con-causa-justa-por-bloqueos-de-empresas\/\" \/>\n<meta property=\"og:locale\" content=\"es_ES\" \/>\n<meta property=\"og:type\" content=\"article\" \/>\n<meta property=\"og:title\" content=\"Diputados dar\u00e1 luz verde a reforma laboral: permite los despidos con causa justa por bloqueos de empresas - Noticias Radio Reflejos\" \/>\n<meta property=\"og:description\" content=\"Los cambios laborales est\u00e1n dentro de la ley Base que hoy se convertir\u00e1 en ley ya que tienen el respaldo del oficialismo y los bloques dialoguistas\" \/>\n<meta property=\"og:url\" content=\"https:\/\/www.noticiasradioreflejos.com.ar\/2021\/diputados-dara-luz-verde-a-reforma-laboral-permite-los-despidos-con-causa-justa-por-bloqueos-de-empresas\/\" \/>\n<meta property=\"og:site_name\" content=\"Noticias Radio Reflejos\" \/>\n<meta property=\"article:published_time\" content=\"2024-06-27T13:23:21+00:00\" \/>\n<meta property=\"og:image\" content=\"https:\/\/www.noticiasradioreflejos.com.ar\/2021\/wp-content\/uploads\/2024\/06\/Construccion.jpg\" \/>\n\t<meta property=\"og:image:width\" content=\"1221\" \/>\n\t<meta property=\"og:image:height\" content=\"720\" \/>\n\t<meta property=\"og:image:type\" content=\"image\/jpeg\" \/>\n<meta name=\"author\" content=\"Arnaldo Botto\" \/>\n<meta name=\"twitter:card\" content=\"summary_large_image\" \/>\n<script type=\"application\/ld+json\" class=\"yoast-schema-graph\">{\"@context\":\"https:\/\/schema.org\",\"@graph\":[{\"@type\":\"WebPage\",\"@id\":\"https:\/\/www.noticiasradioreflejos.com.ar\/2021\/diputados-dara-luz-verde-a-reforma-laboral-permite-los-despidos-con-causa-justa-por-bloqueos-de-empresas\/\",\"url\":\"https:\/\/www.noticiasradioreflejos.com.ar\/2021\/diputados-dara-luz-verde-a-reforma-laboral-permite-los-despidos-con-causa-justa-por-bloqueos-de-empresas\/\",\"name\":\"Diputados dar\u00e1 luz verde a reforma laboral: permite los despidos con causa justa por bloqueos de empresas - Noticias Radio Reflejos\",\"isPartOf\":{\"@id\":\"https:\/\/www.noticiasradioreflejos.com.ar\/2021\/#website\"},\"primaryImageOfPage\":{\"@id\":\"https:\/\/www.noticiasradioreflejos.com.ar\/2021\/diputados-dara-luz-verde-a-reforma-laboral-permite-los-despidos-con-causa-justa-por-bloqueos-de-empresas\/#primaryimage\"},\"image\":{\"@id\":\"https:\/\/www.noticiasradioreflejos.com.ar\/2021\/diputados-dara-luz-verde-a-reforma-laboral-permite-los-despidos-con-causa-justa-por-bloqueos-de-empresas\/#primaryimage\"},\"thumbnailUrl\":\"https:\/\/www.noticiasradioreflejos.com.ar\/2021\/wp-content\/uploads\/2024\/06\/Construccion.jpg\",\"datePublished\":\"2024-06-27T13:23:21+00:00\",\"author\":{\"@id\":\"https:\/\/www.noticiasradioreflejos.com.ar\/2021\/#\/schema\/person\/ad82545263dcc5ec0996818884fd5fb1\"},\"breadcrumb\":{\"@id\":\"https:\/\/www.noticiasradioreflejos.com.ar\/2021\/diputados-dara-luz-verde-a-reforma-laboral-permite-los-despidos-con-causa-justa-por-bloqueos-de-empresas\/#breadcrumb\"},\"inLanguage\":\"es\",\"potentialAction\":[{\"@type\":\"ReadAction\",\"target\":[\"https:\/\/www.noticiasradioreflejos.com.ar\/2021\/diputados-dara-luz-verde-a-reforma-laboral-permite-los-despidos-con-causa-justa-por-bloqueos-de-empresas\/\"]}]},{\"@type\":\"ImageObject\",\"inLanguage\":\"es\",\"@id\":\"https:\/\/www.noticiasradioreflejos.com.ar\/2021\/diputados-dara-luz-verde-a-reforma-laboral-permite-los-despidos-con-causa-justa-por-bloqueos-de-empresas\/#primaryimage\",\"url\":\"https:\/\/www.noticiasradioreflejos.com.ar\/2021\/wp-content\/uploads\/2024\/06\/Construccion.jpg\",\"contentUrl\":\"https:\/\/www.noticiasradioreflejos.com.ar\/2021\/wp-content\/uploads\/2024\/06\/Construccion.jpg\",\"width\":1221,\"height\":720},{\"@type\":\"BreadcrumbList\",\"@id\":\"https:\/\/www.noticiasradioreflejos.com.ar\/2021\/diputados-dara-luz-verde-a-reforma-laboral-permite-los-despidos-con-causa-justa-por-bloqueos-de-empresas\/#breadcrumb\",\"itemListElement\":[{\"@type\":\"ListItem\",\"position\":1,\"name\":\"Portada\",\"item\":\"https:\/\/www.noticiasradioreflejos.com.ar\/2021\/\"},{\"@type\":\"ListItem\",\"position\":2,\"name\":\"Diputados dar\u00e1 luz verde a reforma laboral: permite los despidos con causa justa por bloqueos de empresas\"}]},{\"@type\":\"WebSite\",\"@id\":\"https:\/\/www.noticiasradioreflejos.com.ar\/2021\/#website\",\"url\":\"https:\/\/www.noticiasradioreflejos.com.ar\/2021\/\",\"name\":\"Noticias Radio Reflejos\",\"description\":\"Las noticias de mi comarca\",\"potentialAction\":[{\"@type\":\"SearchAction\",\"target\":{\"@type\":\"EntryPoint\",\"urlTemplate\":\"https:\/\/www.noticiasradioreflejos.com.ar\/2021\/?s={search_term_string}\"},\"query-input\":{\"@type\":\"PropertyValueSpecification\",\"valueRequired\":true,\"valueName\":\"search_term_string\"}}],\"inLanguage\":\"es\"},{\"@type\":\"Person\",\"@id\":\"https:\/\/www.noticiasradioreflejos.com.ar\/2021\/#\/schema\/person\/ad82545263dcc5ec0996818884fd5fb1\",\"name\":\"Arnaldo Botto\",\"image\":{\"@type\":\"ImageObject\",\"inLanguage\":\"es\",\"@id\":\"https:\/\/www.noticiasradioreflejos.com.ar\/2021\/#\/schema\/person\/image\/\",\"url\":\"https:\/\/secure.gravatar.com\/avatar\/55cb5e37c1efa326397366e6974cb338056df65cb50e7d64d1cf314e87504837?s=96&d=mm&r=g\",\"contentUrl\":\"https:\/\/secure.gravatar.com\/avatar\/55cb5e37c1efa326397366e6974cb338056df65cb50e7d64d1cf314e87504837?s=96&d=mm&r=g\",\"caption\":\"Arnaldo Botto\"},\"url\":\"https:\/\/www.noticiasradioreflejos.com.ar\/2021\/author\/arnaldo\/\"}]}<\/script>\n<!-- \/ Yoast SEO plugin. -->","yoast_head_json":{"title":"Diputados dar\u00e1 luz verde a reforma laboral: permite los despidos con causa justa por bloqueos de empresas - Noticias Radio Reflejos","robots":{"index":"index","follow":"follow","max-snippet":"max-snippet:-1","max-image-preview":"max-image-preview:large","max-video-preview":"max-video-preview:-1"},"canonical":"https:\/\/www.noticiasradioreflejos.com.ar\/2021\/diputados-dara-luz-verde-a-reforma-laboral-permite-los-despidos-con-causa-justa-por-bloqueos-de-empresas\/","og_locale":"es_ES","og_type":"article","og_title":"Diputados dar\u00e1 luz verde a reforma laboral: permite los despidos con causa justa por bloqueos de empresas - Noticias Radio Reflejos","og_description":"Los cambios laborales est\u00e1n dentro de la ley Base que hoy se convertir\u00e1 en ley ya que tienen el respaldo del oficialismo y los bloques dialoguistas","og_url":"https:\/\/www.noticiasradioreflejos.com.ar\/2021\/diputados-dara-luz-verde-a-reforma-laboral-permite-los-despidos-con-causa-justa-por-bloqueos-de-empresas\/","og_site_name":"Noticias Radio Reflejos","article_published_time":"2024-06-27T13:23:21+00:00","og_image":[{"width":1221,"height":720,"url":"https:\/\/www.noticiasradioreflejos.com.ar\/2021\/wp-content\/uploads\/2024\/06\/Construccion.jpg","type":"image\/jpeg"}],"author":"Arnaldo Botto","twitter_card":"summary_large_image","schema":{"@context":"https:\/\/schema.org","@graph":[{"@type":"WebPage","@id":"https:\/\/www.noticiasradioreflejos.com.ar\/2021\/diputados-dara-luz-verde-a-reforma-laboral-permite-los-despidos-con-causa-justa-por-bloqueos-de-empresas\/","url":"https:\/\/www.noticiasradioreflejos.com.ar\/2021\/diputados-dara-luz-verde-a-reforma-laboral-permite-los-despidos-con-causa-justa-por-bloqueos-de-empresas\/","name":"Diputados dar\u00e1 luz verde a reforma laboral: permite los despidos con causa justa por bloqueos de empresas - Noticias Radio Reflejos","isPartOf":{"@id":"https:\/\/www.noticiasradioreflejos.com.ar\/2021\/#website"},"primaryImageOfPage":{"@id":"https:\/\/www.noticiasradioreflejos.com.ar\/2021\/diputados-dara-luz-verde-a-reforma-laboral-permite-los-despidos-con-causa-justa-por-bloqueos-de-empresas\/#primaryimage"},"image":{"@id":"https:\/\/www.noticiasradioreflejos.com.ar\/2021\/diputados-dara-luz-verde-a-reforma-laboral-permite-los-despidos-con-causa-justa-por-bloqueos-de-empresas\/#primaryimage"},"thumbnailUrl":"https:\/\/www.noticiasradioreflejos.com.ar\/2021\/wp-content\/uploads\/2024\/06\/Construccion.jpg","datePublished":"2024-06-27T13:23:21+00:00","author":{"@id":"https:\/\/www.noticiasradioreflejos.com.ar\/2021\/#\/schema\/person\/ad82545263dcc5ec0996818884fd5fb1"},"breadcrumb":{"@id":"https:\/\/www.noticiasradioreflejos.com.ar\/2021\/diputados-dara-luz-verde-a-reforma-laboral-permite-los-despidos-con-causa-justa-por-bloqueos-de-empresas\/#breadcrumb"},"inLanguage":"es","potentialAction":[{"@type":"ReadAction","target":["https:\/\/www.noticiasradioreflejos.com.ar\/2021\/diputados-dara-luz-verde-a-reforma-laboral-permite-los-despidos-con-causa-justa-por-bloqueos-de-empresas\/"]}]},{"@type":"ImageObject","inLanguage":"es","@id":"https:\/\/www.noticiasradioreflejos.com.ar\/2021\/diputados-dara-luz-verde-a-reforma-laboral-permite-los-despidos-con-causa-justa-por-bloqueos-de-empresas\/#primaryimage","url":"https:\/\/www.noticiasradioreflejos.com.ar\/2021\/wp-content\/uploads\/2024\/06\/Construccion.jpg","contentUrl":"https:\/\/www.noticiasradioreflejos.com.ar\/2021\/wp-content\/uploads\/2024\/06\/Construccion.jpg","width":1221,"height":720},{"@type":"BreadcrumbList","@id":"https:\/\/www.noticiasradioreflejos.com.ar\/2021\/diputados-dara-luz-verde-a-reforma-laboral-permite-los-despidos-con-causa-justa-por-bloqueos-de-empresas\/#breadcrumb","itemListElement":[{"@type":"ListItem","position":1,"name":"Portada","item":"https:\/\/www.noticiasradioreflejos.com.ar\/2021\/"},{"@type":"ListItem","position":2,"name":"Diputados dar\u00e1 luz verde a reforma laboral: permite los despidos con causa justa por bloqueos de empresas"}]},{"@type":"WebSite","@id":"https:\/\/www.noticiasradioreflejos.com.ar\/2021\/#website","url":"https:\/\/www.noticiasradioreflejos.com.ar\/2021\/","name":"Noticias Radio Reflejos","description":"Las noticias de mi comarca","potentialAction":[{"@type":"SearchAction","target":{"@type":"EntryPoint","urlTemplate":"https:\/\/www.noticiasradioreflejos.com.ar\/2021\/?s={search_term_string}"},"query-input":{"@type":"PropertyValueSpecification","valueRequired":true,"valueName":"search_term_string"}}],"inLanguage":"es"},{"@type":"Person","@id":"https:\/\/www.noticiasradioreflejos.com.ar\/2021\/#\/schema\/person\/ad82545263dcc5ec0996818884fd5fb1","name":"Arnaldo Botto","image":{"@type":"ImageObject","inLanguage":"es","@id":"https:\/\/www.noticiasradioreflejos.com.ar\/2021\/#\/schema\/person\/image\/","url":"https:\/\/secure.gravatar.com\/avatar\/55cb5e37c1efa326397366e6974cb338056df65cb50e7d64d1cf314e87504837?s=96&d=mm&r=g","contentUrl":"https:\/\/secure.gravatar.com\/avatar\/55cb5e37c1efa326397366e6974cb338056df65cb50e7d64d1cf314e87504837?s=96&d=mm&r=g","caption":"Arnaldo Botto"},"url":"https:\/\/www.noticiasradioreflejos.com.ar\/2021\/author\/arnaldo\/"}]}},"_links":{"self":[{"href":"https:\/\/www.noticiasradioreflejos.com.ar\/2021\/wp-json\/wp\/v2\/posts\/104355","targetHints":{"allow":["GET"]}}],"collection":[{"href":"https:\/\/www.noticiasradioreflejos.com.ar\/2021\/wp-json\/wp\/v2\/posts"}],"about":[{"href":"https:\/\/www.noticiasradioreflejos.com.ar\/2021\/wp-json\/wp\/v2\/types\/post"}],"author":[{"embeddable":true,"href":"https:\/\/www.noticiasradioreflejos.com.ar\/2021\/wp-json\/wp\/v2\/users\/3"}],"replies":[{"embeddable":true,"href":"https:\/\/www.noticiasradioreflejos.com.ar\/2021\/wp-json\/wp\/v2\/comments?post=104355"}],"version-history":[{"count":1,"href":"https:\/\/www.noticiasradioreflejos.com.ar\/2021\/wp-json\/wp\/v2\/posts\/104355\/revisions"}],"predecessor-version":[{"id":104357,"href":"https:\/\/www.noticiasradioreflejos.com.ar\/2021\/wp-json\/wp\/v2\/posts\/104355\/revisions\/104357"}],"wp:featuredmedia":[{"embeddable":true,"href":"https:\/\/www.noticiasradioreflejos.com.ar\/2021\/wp-json\/wp\/v2\/media\/104356"}],"wp:attachment":[{"href":"https:\/\/www.noticiasradioreflejos.com.ar\/2021\/wp-json\/wp\/v2\/media?parent=104355"}],"wp:term":[{"taxonomy":"category","embeddable":true,"href":"https:\/\/www.noticiasradioreflejos.com.ar\/2021\/wp-json\/wp\/v2\/categories?post=104355"},{"taxonomy":"post_tag","embeddable":true,"href":"https:\/\/www.noticiasradioreflejos.com.ar\/2021\/wp-json\/wp\/v2\/tags?post=104355"}],"curies":[{"name":"wp","href":"https:\/\/api.w.org\/{rel}","templated":true}]}}