{"id":104327,"date":"2024-06-26T17:04:51","date_gmt":"2024-06-26T20:04:51","guid":{"rendered":"https:\/\/www.noticiasradioreflejos.com.ar\/2021\/?p=104327"},"modified":"2024-06-26T17:04:51","modified_gmt":"2024-06-26T20:04:51","slug":"provincia-de-buenos-aires-la-gigante-dormida","status":"publish","type":"post","link":"https:\/\/www.noticiasradioreflejos.com.ar\/2021\/provincia-de-buenos-aires-la-gigante-dormida\/","title":{"rendered":"PROVINCIA DE BUENOS AIRES, la gigante dormida"},"content":{"rendered":"<p>La provincia de Buenos Ayres, con sus 135 municipios, es una regi\u00f3n rica y diversa que abarca una variedad de actividades econ\u00f3micas y geogr\u00e1ficas. Sin embargo, a pesar de sus abundantes recursos y potencial, enfrenta serios desaf\u00edos pol\u00edticos y administrativos que obstaculizan el desarrollo de su matriz productiva. Por lo tanto, la grieta bonaerense es, fundamentalmente, pol\u00edtica.<!--more--><\/p>\n<p>Del total de sus municipios, 111 son agr\u00edcolas-ganaderos, ocho cuentan con puertos comerciales estrat\u00e9gicos y catorce son costeros con una significativa impronta tur\u00edstica. La provincia tambi\u00e9n se destaca por sus sectores frutihort\u00edcolas en el noroeste y por albergar importantes polos industriales y petroqu\u00edmicos, como el de Bah\u00eda Blanca, uno de los m\u00e1s relevantes de Argentina. Cuenta con 18 parques industriales, 25 sectores industriales planificados y m\u00e1s de 200 zonas industriales, de los cuales solo cinco est\u00e1n ubicados en el Conurbano bonaerense.<\/p>\n<p>A pesar de esta diversidad y riqueza, la provincia enfrenta una serie de problemas burocr\u00e1ticos que han frenado su desarrollo. Esto nos lleva a cuestionar la representaci\u00f3n pol\u00edtica y la efectividad de los legisladores bonaerenses.<\/p>\n<p>La provincia se divide en ocho secciones electorales, que eligen a 92 diputados y 46 senadores. Esta estructura, establecida por una ley de 1934, refleja una organizaci\u00f3n pol\u00edtica que no ha evolucionado con las necesidades contempor\u00e1neas. Aunque cada Secci\u00f3n comprenda la representaci\u00f3n de municipios con caracter\u00edsticas y necesidades similares, sus legisladores rara vez logran acuerdos entre s\u00ed que beneficien efectivamente a sus regiones. Entre las \u00e1reas cr\u00edticas que requieren atenci\u00f3n se encuentran:<\/p>\n<p>1. Autonom\u00eda municipal: la falta de autonom\u00eda impide una gesti\u00f3n m\u00e1s eficaz y cercana a las necesidades locales.<\/p>\n<p>2. Coparticipaci\u00f3n y reparto de tributos: la ausencia de una nueva ley de coparticipaci\u00f3n y un reparto equitativo de los tributos ha generado desigualdades y falta de recursos en muchos municipios.<\/p>\n<p>3. Ley de puertos: sin una legislaci\u00f3n actualizada que optimice el uso y desarrollo de los puertos, la provincia no maximiza su potencial comercial mar\u00edtimo.<\/p>\n<p>4. Ley electoral: la falta de una reforma electoral que garantice una mejor representaci\u00f3n pol\u00edtica perpet\u00faa la ineficiencia y desconexi\u00f3n entre los legisladores y sus electores.<\/p>\n<p>5. Estrategia de producci\u00f3n agr\u00edcola-ganadera: la provincia carece de una estrategia integral que oriente y optimice la producci\u00f3n agr\u00edcola-ganadera.<\/p>\n<p>6. Descentralizaci\u00f3n del Conurbano y repoblaci\u00f3n del interior: no hay pol\u00edticas efectivas para descentralizar el AMBA y repoblar la regi\u00f3n surera de la provincia, lo que perpet\u00faa problemas de urbanizaci\u00f3n y desarrollo desequilibrado.<\/p>\n<p>Adem\u00e1s, la provincia sigue gobernada bajo un decreto militar de la dictadura de Rojas-Aramburu, que regula las competencias, facultades y atribuciones de los intendentes y concejales, como el 6769\/58. A esto se suman m\u00e1s de 3.217 decretos no derogados que retrasan el desarrollo provincial.<\/p>\n<p>Aunque Buenos Ayres tiene un inmenso potencial econ\u00f3mico y social, est\u00e1 atrapada en una red de problemas pol\u00edticos y administrativos que obstaculizan su desarrollo. La falta de autonom\u00eda municipal, una coparticipaci\u00f3n inadecuada, la ausencia de una ley de puertos moderna, la falta de una estrategia de producci\u00f3n agr\u00edcola-ganadera son solo algunos de los desaf\u00edos que enfrenta. Nuestros legisladores deber\u00e1n reflexionar sobre su papel y responsabilidades, y trabajar de manera m\u00e1s efectiva para representar verdaderamente a su regi\u00f3n y a sus electores, fomentando el crecimiento de la provincia.<\/p>\n<p>En definitiva, la pregunta central es: \u00bfpara qui\u00e9n trabajan nuestros legisladores y a qui\u00e9nes representan realmente? Es hora de que los legisladores bonaerenses asuman su responsabilidad y act\u00faen en favor del progreso y bienestar de todos los bonaerenses. Solo as\u00ed, Buenos Ayres podr\u00e1 despertar y alcanzar su verdadero potencial como el gigante econ\u00f3mico y social que est\u00e1 destinado a ser.<\/p>\n<p>Luis Gotte<br \/>\nLa Trinchera Bonaerense<br \/>\nMar del Plata<br \/>\nluisgotte@gmail.com<br \/>\nCo-autor de \u201cBuenos Ayres Humana I, la hora de tu comunidad\u201d Ed. Fabro, 2022; y \u201cBuenos Ayres Humana II, la hora de tus Intendentes\u201d Ed. Fabro, 2024.<\/p>\n","protected":false},"excerpt":{"rendered":"<p>La provincia de Buenos Ayres, con sus 135 municipios, es una regi\u00f3n rica y diversa que abarca una variedad de actividades econ\u00f3micas y geogr\u00e1ficas. Sin embargo, a pesar de sus abundantes recursos y potencial, enfrenta serios desaf\u00edos pol\u00edticos y administrativos que obstaculizan el desarrollo de su matriz productiva. Por lo tanto, la grieta bonaerense es, [&hellip;]<\/p>\n","protected":false},"author":3,"featured_media":104328,"comment_status":"closed","ping_status":"closed","sticky":false,"template":"","format":"standard","meta":{"footnotes":""},"categories":[24],"tags":[],"class_list":["post-104327","post","type-post","status-publish","format-standard","has-post-thumbnail","hentry","category-politica"],"yoast_head":"<!-- This site is optimized with the Yoast SEO plugin v25.9 - https:\/\/yoast.com\/wordpress\/plugins\/seo\/ -->\n<title>PROVINCIA DE BUENOS AIRES, la gigante dormida - Noticias Radio Reflejos<\/title>\n<meta name=\"robots\" content=\"index, follow, max-snippet:-1, max-image-preview:large, max-video-preview:-1\" \/>\n<link rel=\"canonical\" href=\"https:\/\/www.noticiasradioreflejos.com.ar\/2021\/provincia-de-buenos-aires-la-gigante-dormida\/\" \/>\n<meta property=\"og:locale\" content=\"es_ES\" \/>\n<meta property=\"og:type\" content=\"article\" \/>\n<meta property=\"og:title\" content=\"PROVINCIA DE BUENOS AIRES, la gigante dormida - Noticias Radio Reflejos\" \/>\n<meta property=\"og:description\" content=\"La provincia de Buenos Ayres, con sus 135 municipios, es una regi\u00f3n rica y diversa que abarca una variedad de actividades econ\u00f3micas y geogr\u00e1ficas. Sin embargo, a pesar de sus abundantes recursos y potencial, enfrenta serios desaf\u00edos pol\u00edticos y administrativos que obstaculizan el desarrollo de su matriz productiva. Por lo tanto, la grieta bonaerense es, [&hellip;]\" \/>\n<meta property=\"og:url\" content=\"https:\/\/www.noticiasradioreflejos.com.ar\/2021\/provincia-de-buenos-aires-la-gigante-dormida\/\" \/>\n<meta property=\"og:site_name\" content=\"Noticias Radio Reflejos\" \/>\n<meta property=\"article:published_time\" content=\"2024-06-26T20:04:51+00:00\" \/>\n<meta property=\"og:image\" content=\"https:\/\/www.noticiasradioreflejos.com.ar\/2021\/wp-content\/uploads\/2024\/06\/prov.-de-Bs-As.jpeg\" \/>\n\t<meta property=\"og:image:width\" content=\"1545\" \/>\n\t<meta property=\"og:image:height\" content=\"869\" \/>\n\t<meta property=\"og:image:type\" content=\"image\/jpeg\" \/>\n<meta name=\"author\" content=\"Arnaldo Botto\" \/>\n<meta name=\"twitter:card\" content=\"summary_large_image\" \/>\n<script type=\"application\/ld+json\" class=\"yoast-schema-graph\">{\"@context\":\"https:\/\/schema.org\",\"@graph\":[{\"@type\":\"WebPage\",\"@id\":\"https:\/\/www.noticiasradioreflejos.com.ar\/2021\/provincia-de-buenos-aires-la-gigante-dormida\/\",\"url\":\"https:\/\/www.noticiasradioreflejos.com.ar\/2021\/provincia-de-buenos-aires-la-gigante-dormida\/\",\"name\":\"PROVINCIA DE BUENOS AIRES, la gigante dormida - Noticias Radio Reflejos\",\"isPartOf\":{\"@id\":\"https:\/\/www.noticiasradioreflejos.com.ar\/2021\/#website\"},\"primaryImageOfPage\":{\"@id\":\"https:\/\/www.noticiasradioreflejos.com.ar\/2021\/provincia-de-buenos-aires-la-gigante-dormida\/#primaryimage\"},\"image\":{\"@id\":\"https:\/\/www.noticiasradioreflejos.com.ar\/2021\/provincia-de-buenos-aires-la-gigante-dormida\/#primaryimage\"},\"thumbnailUrl\":\"https:\/\/www.noticiasradioreflejos.com.ar\/2021\/wp-content\/uploads\/2024\/06\/prov.-de-Bs-As.jpeg\",\"datePublished\":\"2024-06-26T20:04:51+00:00\",\"author\":{\"@id\":\"https:\/\/www.noticiasradioreflejos.com.ar\/2021\/#\/schema\/person\/ad82545263dcc5ec0996818884fd5fb1\"},\"breadcrumb\":{\"@id\":\"https:\/\/www.noticiasradioreflejos.com.ar\/2021\/provincia-de-buenos-aires-la-gigante-dormida\/#breadcrumb\"},\"inLanguage\":\"es\",\"potentialAction\":[{\"@type\":\"ReadAction\",\"target\":[\"https:\/\/www.noticiasradioreflejos.com.ar\/2021\/provincia-de-buenos-aires-la-gigante-dormida\/\"]}]},{\"@type\":\"ImageObject\",\"inLanguage\":\"es\",\"@id\":\"https:\/\/www.noticiasradioreflejos.com.ar\/2021\/provincia-de-buenos-aires-la-gigante-dormida\/#primaryimage\",\"url\":\"https:\/\/www.noticiasradioreflejos.com.ar\/2021\/wp-content\/uploads\/2024\/06\/prov.-de-Bs-As.jpeg\",\"contentUrl\":\"https:\/\/www.noticiasradioreflejos.com.ar\/2021\/wp-content\/uploads\/2024\/06\/prov.-de-Bs-As.jpeg\",\"width\":1545,\"height\":869},{\"@type\":\"BreadcrumbList\",\"@id\":\"https:\/\/www.noticiasradioreflejos.com.ar\/2021\/provincia-de-buenos-aires-la-gigante-dormida\/#breadcrumb\",\"itemListElement\":[{\"@type\":\"ListItem\",\"position\":1,\"name\":\"Portada\",\"item\":\"https:\/\/www.noticiasradioreflejos.com.ar\/2021\/\"},{\"@type\":\"ListItem\",\"position\":2,\"name\":\"PROVINCIA DE BUENOS AIRES, la gigante dormida\"}]},{\"@type\":\"WebSite\",\"@id\":\"https:\/\/www.noticiasradioreflejos.com.ar\/2021\/#website\",\"url\":\"https:\/\/www.noticiasradioreflejos.com.ar\/2021\/\",\"name\":\"Noticias Radio Reflejos\",\"description\":\"Las noticias de mi comarca\",\"potentialAction\":[{\"@type\":\"SearchAction\",\"target\":{\"@type\":\"EntryPoint\",\"urlTemplate\":\"https:\/\/www.noticiasradioreflejos.com.ar\/2021\/?s={search_term_string}\"},\"query-input\":{\"@type\":\"PropertyValueSpecification\",\"valueRequired\":true,\"valueName\":\"search_term_string\"}}],\"inLanguage\":\"es\"},{\"@type\":\"Person\",\"@id\":\"https:\/\/www.noticiasradioreflejos.com.ar\/2021\/#\/schema\/person\/ad82545263dcc5ec0996818884fd5fb1\",\"name\":\"Arnaldo Botto\",\"image\":{\"@type\":\"ImageObject\",\"inLanguage\":\"es\",\"@id\":\"https:\/\/www.noticiasradioreflejos.com.ar\/2021\/#\/schema\/person\/image\/\",\"url\":\"https:\/\/secure.gravatar.com\/avatar\/55cb5e37c1efa326397366e6974cb338056df65cb50e7d64d1cf314e87504837?s=96&d=mm&r=g\",\"contentUrl\":\"https:\/\/secure.gravatar.com\/avatar\/55cb5e37c1efa326397366e6974cb338056df65cb50e7d64d1cf314e87504837?s=96&d=mm&r=g\",\"caption\":\"Arnaldo Botto\"},\"url\":\"https:\/\/www.noticiasradioreflejos.com.ar\/2021\/author\/arnaldo\/\"}]}<\/script>\n<!-- \/ Yoast SEO plugin. -->","yoast_head_json":{"title":"PROVINCIA DE BUENOS AIRES, la gigante dormida - Noticias Radio Reflejos","robots":{"index":"index","follow":"follow","max-snippet":"max-snippet:-1","max-image-preview":"max-image-preview:large","max-video-preview":"max-video-preview:-1"},"canonical":"https:\/\/www.noticiasradioreflejos.com.ar\/2021\/provincia-de-buenos-aires-la-gigante-dormida\/","og_locale":"es_ES","og_type":"article","og_title":"PROVINCIA DE BUENOS AIRES, la gigante dormida - Noticias Radio Reflejos","og_description":"La provincia de Buenos Ayres, con sus 135 municipios, es una regi\u00f3n rica y diversa que abarca una variedad de actividades econ\u00f3micas y geogr\u00e1ficas. Sin embargo, a pesar de sus abundantes recursos y potencial, enfrenta serios desaf\u00edos pol\u00edticos y administrativos que obstaculizan el desarrollo de su matriz productiva. Por lo tanto, la grieta bonaerense es, [&hellip;]","og_url":"https:\/\/www.noticiasradioreflejos.com.ar\/2021\/provincia-de-buenos-aires-la-gigante-dormida\/","og_site_name":"Noticias Radio Reflejos","article_published_time":"2024-06-26T20:04:51+00:00","og_image":[{"width":1545,"height":869,"url":"https:\/\/www.noticiasradioreflejos.com.ar\/2021\/wp-content\/uploads\/2024\/06\/prov.-de-Bs-As.jpeg","type":"image\/jpeg"}],"author":"Arnaldo Botto","twitter_card":"summary_large_image","schema":{"@context":"https:\/\/schema.org","@graph":[{"@type":"WebPage","@id":"https:\/\/www.noticiasradioreflejos.com.ar\/2021\/provincia-de-buenos-aires-la-gigante-dormida\/","url":"https:\/\/www.noticiasradioreflejos.com.ar\/2021\/provincia-de-buenos-aires-la-gigante-dormida\/","name":"PROVINCIA DE BUENOS AIRES, la gigante dormida - Noticias Radio Reflejos","isPartOf":{"@id":"https:\/\/www.noticiasradioreflejos.com.ar\/2021\/#website"},"primaryImageOfPage":{"@id":"https:\/\/www.noticiasradioreflejos.com.ar\/2021\/provincia-de-buenos-aires-la-gigante-dormida\/#primaryimage"},"image":{"@id":"https:\/\/www.noticiasradioreflejos.com.ar\/2021\/provincia-de-buenos-aires-la-gigante-dormida\/#primaryimage"},"thumbnailUrl":"https:\/\/www.noticiasradioreflejos.com.ar\/2021\/wp-content\/uploads\/2024\/06\/prov.-de-Bs-As.jpeg","datePublished":"2024-06-26T20:04:51+00:00","author":{"@id":"https:\/\/www.noticiasradioreflejos.com.ar\/2021\/#\/schema\/person\/ad82545263dcc5ec0996818884fd5fb1"},"breadcrumb":{"@id":"https:\/\/www.noticiasradioreflejos.com.ar\/2021\/provincia-de-buenos-aires-la-gigante-dormida\/#breadcrumb"},"inLanguage":"es","potentialAction":[{"@type":"ReadAction","target":["https:\/\/www.noticiasradioreflejos.com.ar\/2021\/provincia-de-buenos-aires-la-gigante-dormida\/"]}]},{"@type":"ImageObject","inLanguage":"es","@id":"https:\/\/www.noticiasradioreflejos.com.ar\/2021\/provincia-de-buenos-aires-la-gigante-dormida\/#primaryimage","url":"https:\/\/www.noticiasradioreflejos.com.ar\/2021\/wp-content\/uploads\/2024\/06\/prov.-de-Bs-As.jpeg","contentUrl":"https:\/\/www.noticiasradioreflejos.com.ar\/2021\/wp-content\/uploads\/2024\/06\/prov.-de-Bs-As.jpeg","width":1545,"height":869},{"@type":"BreadcrumbList","@id":"https:\/\/www.noticiasradioreflejos.com.ar\/2021\/provincia-de-buenos-aires-la-gigante-dormida\/#breadcrumb","itemListElement":[{"@type":"ListItem","position":1,"name":"Portada","item":"https:\/\/www.noticiasradioreflejos.com.ar\/2021\/"},{"@type":"ListItem","position":2,"name":"PROVINCIA DE BUENOS AIRES, la gigante dormida"}]},{"@type":"WebSite","@id":"https:\/\/www.noticiasradioreflejos.com.ar\/2021\/#website","url":"https:\/\/www.noticiasradioreflejos.com.ar\/2021\/","name":"Noticias Radio Reflejos","description":"Las noticias de mi comarca","potentialAction":[{"@type":"SearchAction","target":{"@type":"EntryPoint","urlTemplate":"https:\/\/www.noticiasradioreflejos.com.ar\/2021\/?s={search_term_string}"},"query-input":{"@type":"PropertyValueSpecification","valueRequired":true,"valueName":"search_term_string"}}],"inLanguage":"es"},{"@type":"Person","@id":"https:\/\/www.noticiasradioreflejos.com.ar\/2021\/#\/schema\/person\/ad82545263dcc5ec0996818884fd5fb1","name":"Arnaldo Botto","image":{"@type":"ImageObject","inLanguage":"es","@id":"https:\/\/www.noticiasradioreflejos.com.ar\/2021\/#\/schema\/person\/image\/","url":"https:\/\/secure.gravatar.com\/avatar\/55cb5e37c1efa326397366e6974cb338056df65cb50e7d64d1cf314e87504837?s=96&d=mm&r=g","contentUrl":"https:\/\/secure.gravatar.com\/avatar\/55cb5e37c1efa326397366e6974cb338056df65cb50e7d64d1cf314e87504837?s=96&d=mm&r=g","caption":"Arnaldo Botto"},"url":"https:\/\/www.noticiasradioreflejos.com.ar\/2021\/author\/arnaldo\/"}]}},"_links":{"self":[{"href":"https:\/\/www.noticiasradioreflejos.com.ar\/2021\/wp-json\/wp\/v2\/posts\/104327","targetHints":{"allow":["GET"]}}],"collection":[{"href":"https:\/\/www.noticiasradioreflejos.com.ar\/2021\/wp-json\/wp\/v2\/posts"}],"about":[{"href":"https:\/\/www.noticiasradioreflejos.com.ar\/2021\/wp-json\/wp\/v2\/types\/post"}],"author":[{"embeddable":true,"href":"https:\/\/www.noticiasradioreflejos.com.ar\/2021\/wp-json\/wp\/v2\/users\/3"}],"replies":[{"embeddable":true,"href":"https:\/\/www.noticiasradioreflejos.com.ar\/2021\/wp-json\/wp\/v2\/comments?post=104327"}],"version-history":[{"count":1,"href":"https:\/\/www.noticiasradioreflejos.com.ar\/2021\/wp-json\/wp\/v2\/posts\/104327\/revisions"}],"predecessor-version":[{"id":104329,"href":"https:\/\/www.noticiasradioreflejos.com.ar\/2021\/wp-json\/wp\/v2\/posts\/104327\/revisions\/104329"}],"wp:featuredmedia":[{"embeddable":true,"href":"https:\/\/www.noticiasradioreflejos.com.ar\/2021\/wp-json\/wp\/v2\/media\/104328"}],"wp:attachment":[{"href":"https:\/\/www.noticiasradioreflejos.com.ar\/2021\/wp-json\/wp\/v2\/media?parent=104327"}],"wp:term":[{"taxonomy":"category","embeddable":true,"href":"https:\/\/www.noticiasradioreflejos.com.ar\/2021\/wp-json\/wp\/v2\/categories?post=104327"},{"taxonomy":"post_tag","embeddable":true,"href":"https:\/\/www.noticiasradioreflejos.com.ar\/2021\/wp-json\/wp\/v2\/tags?post=104327"}],"curies":[{"name":"wp","href":"https:\/\/api.w.org\/{rel}","templated":true}]}}