{"id":104325,"date":"2024-06-26T16:58:27","date_gmt":"2024-06-26T19:58:27","guid":{"rendered":"https:\/\/www.noticiasradioreflejos.com.ar\/2021\/?p=104325"},"modified":"2024-06-26T16:58:27","modified_gmt":"2024-06-26T19:58:27","slug":"la-provincia-amplia-la-cobertura-de-la-tarifa-social-de-energia-electrica","status":"publish","type":"post","link":"https:\/\/www.noticiasradioreflejos.com.ar\/2021\/la-provincia-amplia-la-cobertura-de-la-tarifa-social-de-energia-electrica\/","title":{"rendered":"La Provincia ampl\u00eda la cobertura de la Tarifa Social de energ\u00eda el\u00e9ctrica"},"content":{"rendered":"<div class=\"field field-name-title field-type-ds field-label-hidden\">\n<div class=\"field-items\">\n<div class=\"field-item even\">\n<h1><span style=\"color: #333333; font-size: 15px;\">Alcanzar\u00e1 a 3 millones de bonaerenses de hogares con ingresos menores a los $870.000.<\/span><\/h1>\n<\/div>\n<\/div>\n<\/div>\n<p><!--more--><\/p>\n<div class=\"field field-name-field-fecha-coord field-type-datetime field-label-hidden\">\n<div class=\"field-items\">\n<div class=\"field-item even\"><\/div>\n<\/div>\n<\/div>\n<div class=\"field field-name-field-imagen-medios field-type-image field-label-hidden\">\n<div class=\"field-items\">\n<div class=\"field-item even\"><a class=\"lightbox-processed\" title=\"La Provincia ampl\u00eda la cobertura de la Tarifa Social de energ\u00eda el\u00e9ctrica\" href=\"https:\/\/www.gba.gob.ar\/sites\/default\/files\/comunicacion_publica\/imagenes\/lampara%2002%20%28ok%29.jpg\" rel=\"lightbox[field_imagen_medios][La Provincia ampl\u00eda la cobertura de la Tarifa Social de energ\u00eda el\u00e9ctrica]\"><img loading=\"lazy\" decoding=\"async\" title=\"La Provincia ampl\u00eda la cobertura de la Tarifa Social de energ\u00eda el\u00e9ctrica\" src=\"https:\/\/www.gba.gob.ar\/sites\/default\/files\/styles\/niticias_principal\/public\/comunicacion_publica\/imagenes\/lampara%2002%20%28ok%29.jpg?itok=VbhTELv1\" alt=\"Energ\u00eda el\u00e9ctrica\" width=\"743\" height=\"530\" \/><\/a><\/div>\n<\/div>\n<\/div>\n<div class=\"field field-name-field-epigrafe-img-noticia field-type-text field-label-hidden\">\n<div class=\"field-items\">\n<div class=\"field-item even\">Ampliaci\u00f3n del alcance de la tarifa social el\u00e9ctrica.<\/div>\n<\/div>\n<\/div>\n<div class=\"field field-name-body field-type-text-with-summary field-label-hidden\">\n<div class=\"field-items\">\n<div class=\"field-item even\">\n<p>&nbsp;<\/p>\n<p>El Gobierno de la provincia de Buenos Aires ampliar\u00e1 el universo de beneficiarias y beneficiarios de la tarifa social el\u00e9ctrica para incluir a 1,3 millones de bonaerenses perjudicados por la quita de subsidios impulsada por el Gobierno Nacional. La decisi\u00f3n fue publicada este mi\u00e9rcoles en el Bolet\u00edn Oficial y se ejecutar\u00e1 de forma autom\u00e1tica, sin ning\u00fan tipo de inscripci\u00f3n.<\/p>\n<p>Esta decisi\u00f3n implica que la tarifa social pasar\u00e1 a aplicarse a todos los hogares con ingresos menores a los $870.000, pertenecientes al grupo N2 del padr\u00f3n de segmentaci\u00f3n nacional. De esta forma, se incrementa la cobertura desde los 1,7 millones de beneficiarios actuales a 3 millones.<\/p>\n<p>Para ello, se invertir\u00e1n $53.600 millones en concepto de tarifa social el\u00e9ctrica provincial, aumentando un 184% el presupuesto utilizado el a\u00f1o pasado.<\/p>\n<p>Con el nuevo esquema se apunta tambi\u00e9n a reducir las disparidades en las tarifas finales a nivel regional, beneficiando a las y los bonaerenses que viven en el interior de la provincia.<\/p>\n<\/div>\n<\/div>\n<\/div>\n","protected":false},"excerpt":{"rendered":"<p>Alcanzar\u00e1 a 3 millones de bonaerenses de hogares con ingresos menores a los $870.000.<\/p>\n","protected":false},"author":3,"featured_media":88620,"comment_status":"closed","ping_status":"closed","sticky":false,"template":"","format":"standard","meta":{"footnotes":""},"categories":[36,24],"tags":[],"class_list":["post-104325","post","type-post","status-publish","format-standard","has-post-thumbnail","hentry","category-economia","category-politica"],"yoast_head":"<!-- This site is optimized with the Yoast SEO plugin v25.9 - https:\/\/yoast.com\/wordpress\/plugins\/seo\/ -->\n<title>La Provincia ampl\u00eda la cobertura de la Tarifa Social de energ\u00eda el\u00e9ctrica - Noticias Radio Reflejos<\/title>\n<meta name=\"robots\" content=\"index, follow, max-snippet:-1, max-image-preview:large, max-video-preview:-1\" \/>\n<link rel=\"canonical\" href=\"https:\/\/www.noticiasradioreflejos.com.ar\/2021\/la-provincia-amplia-la-cobertura-de-la-tarifa-social-de-energia-electrica\/\" \/>\n<meta property=\"og:locale\" content=\"es_ES\" \/>\n<meta property=\"og:type\" content=\"article\" \/>\n<meta property=\"og:title\" content=\"La Provincia ampl\u00eda la cobertura de la Tarifa Social de energ\u00eda el\u00e9ctrica - Noticias Radio Reflejos\" \/>\n<meta property=\"og:description\" content=\"Alcanzar\u00e1 a 3 millones de bonaerenses de hogares con ingresos menores a los $870.000.\" \/>\n<meta property=\"og:url\" content=\"https:\/\/www.noticiasradioreflejos.com.ar\/2021\/la-provincia-amplia-la-cobertura-de-la-tarifa-social-de-energia-electrica\/\" \/>\n<meta property=\"og:site_name\" content=\"Noticias Radio Reflejos\" \/>\n<meta property=\"article:published_time\" content=\"2024-06-26T19:58:27+00:00\" \/>\n<meta property=\"og:image\" content=\"https:\/\/www.noticiasradioreflejos.com.ar\/2021\/wp-content\/uploads\/2023\/06\/luz-energia.jpg\" \/>\n\t<meta property=\"og:image:width\" content=\"750\" \/>\n\t<meta property=\"og:image:height\" content=\"489\" \/>\n\t<meta property=\"og:image:type\" content=\"image\/jpeg\" \/>\n<meta name=\"author\" content=\"Arnaldo Botto\" \/>\n<meta name=\"twitter:card\" content=\"summary_large_image\" \/>\n<script type=\"application\/ld+json\" class=\"yoast-schema-graph\">{\"@context\":\"https:\/\/schema.org\",\"@graph\":[{\"@type\":\"WebPage\",\"@id\":\"https:\/\/www.noticiasradioreflejos.com.ar\/2021\/la-provincia-amplia-la-cobertura-de-la-tarifa-social-de-energia-electrica\/\",\"url\":\"https:\/\/www.noticiasradioreflejos.com.ar\/2021\/la-provincia-amplia-la-cobertura-de-la-tarifa-social-de-energia-electrica\/\",\"name\":\"La Provincia ampl\u00eda la cobertura de la Tarifa Social de energ\u00eda el\u00e9ctrica - Noticias Radio Reflejos\",\"isPartOf\":{\"@id\":\"https:\/\/www.noticiasradioreflejos.com.ar\/2021\/#website\"},\"primaryImageOfPage\":{\"@id\":\"https:\/\/www.noticiasradioreflejos.com.ar\/2021\/la-provincia-amplia-la-cobertura-de-la-tarifa-social-de-energia-electrica\/#primaryimage\"},\"image\":{\"@id\":\"https:\/\/www.noticiasradioreflejos.com.ar\/2021\/la-provincia-amplia-la-cobertura-de-la-tarifa-social-de-energia-electrica\/#primaryimage\"},\"thumbnailUrl\":\"https:\/\/www.noticiasradioreflejos.com.ar\/2021\/wp-content\/uploads\/2023\/06\/luz-energia.jpg\",\"datePublished\":\"2024-06-26T19:58:27+00:00\",\"author\":{\"@id\":\"https:\/\/www.noticiasradioreflejos.com.ar\/2021\/#\/schema\/person\/ad82545263dcc5ec0996818884fd5fb1\"},\"breadcrumb\":{\"@id\":\"https:\/\/www.noticiasradioreflejos.com.ar\/2021\/la-provincia-amplia-la-cobertura-de-la-tarifa-social-de-energia-electrica\/#breadcrumb\"},\"inLanguage\":\"es\",\"potentialAction\":[{\"@type\":\"ReadAction\",\"target\":[\"https:\/\/www.noticiasradioreflejos.com.ar\/2021\/la-provincia-amplia-la-cobertura-de-la-tarifa-social-de-energia-electrica\/\"]}]},{\"@type\":\"ImageObject\",\"inLanguage\":\"es\",\"@id\":\"https:\/\/www.noticiasradioreflejos.com.ar\/2021\/la-provincia-amplia-la-cobertura-de-la-tarifa-social-de-energia-electrica\/#primaryimage\",\"url\":\"https:\/\/www.noticiasradioreflejos.com.ar\/2021\/wp-content\/uploads\/2023\/06\/luz-energia.jpg\",\"contentUrl\":\"https:\/\/www.noticiasradioreflejos.com.ar\/2021\/wp-content\/uploads\/2023\/06\/luz-energia.jpg\",\"width\":750,\"height\":489},{\"@type\":\"BreadcrumbList\",\"@id\":\"https:\/\/www.noticiasradioreflejos.com.ar\/2021\/la-provincia-amplia-la-cobertura-de-la-tarifa-social-de-energia-electrica\/#breadcrumb\",\"itemListElement\":[{\"@type\":\"ListItem\",\"position\":1,\"name\":\"Portada\",\"item\":\"https:\/\/www.noticiasradioreflejos.com.ar\/2021\/\"},{\"@type\":\"ListItem\",\"position\":2,\"name\":\"La Provincia ampl\u00eda la cobertura de la Tarifa Social de energ\u00eda el\u00e9ctrica\"}]},{\"@type\":\"WebSite\",\"@id\":\"https:\/\/www.noticiasradioreflejos.com.ar\/2021\/#website\",\"url\":\"https:\/\/www.noticiasradioreflejos.com.ar\/2021\/\",\"name\":\"Noticias Radio Reflejos\",\"description\":\"Las noticias de mi comarca\",\"potentialAction\":[{\"@type\":\"SearchAction\",\"target\":{\"@type\":\"EntryPoint\",\"urlTemplate\":\"https:\/\/www.noticiasradioreflejos.com.ar\/2021\/?s={search_term_string}\"},\"query-input\":{\"@type\":\"PropertyValueSpecification\",\"valueRequired\":true,\"valueName\":\"search_term_string\"}}],\"inLanguage\":\"es\"},{\"@type\":\"Person\",\"@id\":\"https:\/\/www.noticiasradioreflejos.com.ar\/2021\/#\/schema\/person\/ad82545263dcc5ec0996818884fd5fb1\",\"name\":\"Arnaldo Botto\",\"image\":{\"@type\":\"ImageObject\",\"inLanguage\":\"es\",\"@id\":\"https:\/\/www.noticiasradioreflejos.com.ar\/2021\/#\/schema\/person\/image\/\",\"url\":\"https:\/\/secure.gravatar.com\/avatar\/55cb5e37c1efa326397366e6974cb338056df65cb50e7d64d1cf314e87504837?s=96&d=mm&r=g\",\"contentUrl\":\"https:\/\/secure.gravatar.com\/avatar\/55cb5e37c1efa326397366e6974cb338056df65cb50e7d64d1cf314e87504837?s=96&d=mm&r=g\",\"caption\":\"Arnaldo Botto\"},\"url\":\"https:\/\/www.noticiasradioreflejos.com.ar\/2021\/author\/arnaldo\/\"}]}<\/script>\n<!-- \/ Yoast SEO plugin. -->","yoast_head_json":{"title":"La Provincia ampl\u00eda la cobertura de la Tarifa Social de energ\u00eda el\u00e9ctrica - Noticias Radio Reflejos","robots":{"index":"index","follow":"follow","max-snippet":"max-snippet:-1","max-image-preview":"max-image-preview:large","max-video-preview":"max-video-preview:-1"},"canonical":"https:\/\/www.noticiasradioreflejos.com.ar\/2021\/la-provincia-amplia-la-cobertura-de-la-tarifa-social-de-energia-electrica\/","og_locale":"es_ES","og_type":"article","og_title":"La Provincia ampl\u00eda la cobertura de la Tarifa Social de energ\u00eda el\u00e9ctrica - Noticias Radio Reflejos","og_description":"Alcanzar\u00e1 a 3 millones de bonaerenses de hogares con ingresos menores a los $870.000.","og_url":"https:\/\/www.noticiasradioreflejos.com.ar\/2021\/la-provincia-amplia-la-cobertura-de-la-tarifa-social-de-energia-electrica\/","og_site_name":"Noticias Radio Reflejos","article_published_time":"2024-06-26T19:58:27+00:00","og_image":[{"width":750,"height":489,"url":"https:\/\/www.noticiasradioreflejos.com.ar\/2021\/wp-content\/uploads\/2023\/06\/luz-energia.jpg","type":"image\/jpeg"}],"author":"Arnaldo Botto","twitter_card":"summary_large_image","schema":{"@context":"https:\/\/schema.org","@graph":[{"@type":"WebPage","@id":"https:\/\/www.noticiasradioreflejos.com.ar\/2021\/la-provincia-amplia-la-cobertura-de-la-tarifa-social-de-energia-electrica\/","url":"https:\/\/www.noticiasradioreflejos.com.ar\/2021\/la-provincia-amplia-la-cobertura-de-la-tarifa-social-de-energia-electrica\/","name":"La Provincia ampl\u00eda la cobertura de la Tarifa Social de energ\u00eda el\u00e9ctrica - Noticias Radio Reflejos","isPartOf":{"@id":"https:\/\/www.noticiasradioreflejos.com.ar\/2021\/#website"},"primaryImageOfPage":{"@id":"https:\/\/www.noticiasradioreflejos.com.ar\/2021\/la-provincia-amplia-la-cobertura-de-la-tarifa-social-de-energia-electrica\/#primaryimage"},"image":{"@id":"https:\/\/www.noticiasradioreflejos.com.ar\/2021\/la-provincia-amplia-la-cobertura-de-la-tarifa-social-de-energia-electrica\/#primaryimage"},"thumbnailUrl":"https:\/\/www.noticiasradioreflejos.com.ar\/2021\/wp-content\/uploads\/2023\/06\/luz-energia.jpg","datePublished":"2024-06-26T19:58:27+00:00","author":{"@id":"https:\/\/www.noticiasradioreflejos.com.ar\/2021\/#\/schema\/person\/ad82545263dcc5ec0996818884fd5fb1"},"breadcrumb":{"@id":"https:\/\/www.noticiasradioreflejos.com.ar\/2021\/la-provincia-amplia-la-cobertura-de-la-tarifa-social-de-energia-electrica\/#breadcrumb"},"inLanguage":"es","potentialAction":[{"@type":"ReadAction","target":["https:\/\/www.noticiasradioreflejos.com.ar\/2021\/la-provincia-amplia-la-cobertura-de-la-tarifa-social-de-energia-electrica\/"]}]},{"@type":"ImageObject","inLanguage":"es","@id":"https:\/\/www.noticiasradioreflejos.com.ar\/2021\/la-provincia-amplia-la-cobertura-de-la-tarifa-social-de-energia-electrica\/#primaryimage","url":"https:\/\/www.noticiasradioreflejos.com.ar\/2021\/wp-content\/uploads\/2023\/06\/luz-energia.jpg","contentUrl":"https:\/\/www.noticiasradioreflejos.com.ar\/2021\/wp-content\/uploads\/2023\/06\/luz-energia.jpg","width":750,"height":489},{"@type":"BreadcrumbList","@id":"https:\/\/www.noticiasradioreflejos.com.ar\/2021\/la-provincia-amplia-la-cobertura-de-la-tarifa-social-de-energia-electrica\/#breadcrumb","itemListElement":[{"@type":"ListItem","position":1,"name":"Portada","item":"https:\/\/www.noticiasradioreflejos.com.ar\/2021\/"},{"@type":"ListItem","position":2,"name":"La Provincia ampl\u00eda la cobertura de la Tarifa Social de energ\u00eda el\u00e9ctrica"}]},{"@type":"WebSite","@id":"https:\/\/www.noticiasradioreflejos.com.ar\/2021\/#website","url":"https:\/\/www.noticiasradioreflejos.com.ar\/2021\/","name":"Noticias Radio Reflejos","description":"Las noticias de mi comarca","potentialAction":[{"@type":"SearchAction","target":{"@type":"EntryPoint","urlTemplate":"https:\/\/www.noticiasradioreflejos.com.ar\/2021\/?s={search_term_string}"},"query-input":{"@type":"PropertyValueSpecification","valueRequired":true,"valueName":"search_term_string"}}],"inLanguage":"es"},{"@type":"Person","@id":"https:\/\/www.noticiasradioreflejos.com.ar\/2021\/#\/schema\/person\/ad82545263dcc5ec0996818884fd5fb1","name":"Arnaldo Botto","image":{"@type":"ImageObject","inLanguage":"es","@id":"https:\/\/www.noticiasradioreflejos.com.ar\/2021\/#\/schema\/person\/image\/","url":"https:\/\/secure.gravatar.com\/avatar\/55cb5e37c1efa326397366e6974cb338056df65cb50e7d64d1cf314e87504837?s=96&d=mm&r=g","contentUrl":"https:\/\/secure.gravatar.com\/avatar\/55cb5e37c1efa326397366e6974cb338056df65cb50e7d64d1cf314e87504837?s=96&d=mm&r=g","caption":"Arnaldo Botto"},"url":"https:\/\/www.noticiasradioreflejos.com.ar\/2021\/author\/arnaldo\/"}]}},"_links":{"self":[{"href":"https:\/\/www.noticiasradioreflejos.com.ar\/2021\/wp-json\/wp\/v2\/posts\/104325","targetHints":{"allow":["GET"]}}],"collection":[{"href":"https:\/\/www.noticiasradioreflejos.com.ar\/2021\/wp-json\/wp\/v2\/posts"}],"about":[{"href":"https:\/\/www.noticiasradioreflejos.com.ar\/2021\/wp-json\/wp\/v2\/types\/post"}],"author":[{"embeddable":true,"href":"https:\/\/www.noticiasradioreflejos.com.ar\/2021\/wp-json\/wp\/v2\/users\/3"}],"replies":[{"embeddable":true,"href":"https:\/\/www.noticiasradioreflejos.com.ar\/2021\/wp-json\/wp\/v2\/comments?post=104325"}],"version-history":[{"count":1,"href":"https:\/\/www.noticiasradioreflejos.com.ar\/2021\/wp-json\/wp\/v2\/posts\/104325\/revisions"}],"predecessor-version":[{"id":104326,"href":"https:\/\/www.noticiasradioreflejos.com.ar\/2021\/wp-json\/wp\/v2\/posts\/104325\/revisions\/104326"}],"wp:featuredmedia":[{"embeddable":true,"href":"https:\/\/www.noticiasradioreflejos.com.ar\/2021\/wp-json\/wp\/v2\/media\/88620"}],"wp:attachment":[{"href":"https:\/\/www.noticiasradioreflejos.com.ar\/2021\/wp-json\/wp\/v2\/media?parent=104325"}],"wp:term":[{"taxonomy":"category","embeddable":true,"href":"https:\/\/www.noticiasradioreflejos.com.ar\/2021\/wp-json\/wp\/v2\/categories?post=104325"},{"taxonomy":"post_tag","embeddable":true,"href":"https:\/\/www.noticiasradioreflejos.com.ar\/2021\/wp-json\/wp\/v2\/tags?post=104325"}],"curies":[{"name":"wp","href":"https:\/\/api.w.org\/{rel}","templated":true}]}}