{"id":104323,"date":"2024-06-26T16:55:26","date_gmt":"2024-06-26T19:55:26","guid":{"rendered":"https:\/\/www.noticiasradioreflejos.com.ar\/2021\/?p=104323"},"modified":"2024-06-26T16:55:26","modified_gmt":"2024-06-26T19:55:26","slug":"volveran-a-aumentar-los-combustibles-a-partir-de-julio","status":"publish","type":"post","link":"https:\/\/www.noticiasradioreflejos.com.ar\/2021\/volveran-a-aumentar-los-combustibles-a-partir-de-julio\/","title":{"rendered":"Volver\u00e1n a aumentar los combustibles a partir de julio"},"content":{"rendered":"<p style=\"font-weight: inherit; font-style: inherit;\">La semana que viene\u00a0<strong>las m\u00faltiples subas de precios arrancar\u00e1n desde las primeras horas con la nafta y el gasoil, que trepar\u00e1n m\u00e1s del 2%, por el traslado de la devaluaci\u00f3n mensual del peso contra el d\u00f3lar<\/strong>. Pero, adem\u00e1s, el Gobierno volver\u00e1 a incrementar los impuestos a los combustibles (Impuesto a los Combustibles L\u00edquidos -ICL- e Impuesto al Di\u00f3xido de Carbono -IDC-), seg\u00fan consta en el Decreto 466\/2024.<!--more--><\/p>\n<p style=\"font-weight: inherit; font-style: inherit;\">\n<p style=\"font-weight: inherit; font-style: inherit;\"><strong>El aumento ser\u00e1 de $114,15 por litro de nafta y de $91,89 por litro de gasoil cuando comience el segundo semestre de 2024<\/strong>, excepto que el Gobierno decidiera volver a diferir o partir en cuotas esa actualizaci\u00f3n, como viene haciendo desde comienzos de este a\u00f1o.<\/p>\n<p style=\"font-weight: inherit; font-style: inherit;\">\n<p style=\"font-weight: inherit; font-style: inherit;\">En ese marco, el Ministerio de Econom\u00eda y la Administraci\u00f3n Federal de Ingresos P\u00fablicos (AFIP) est\u00e1 \u00abtrabajando\u00bb precisamente en un esquema\u00a0<strong>para que el impacto no sea tan fuerte, se divida en varios meses y que no se traslade de lleno a la inflaci\u00f3n<\/strong>, mientras se sostiene la recaudaci\u00f3n fiscal, se inform\u00f3.<\/p>\n<p style=\"font-weight: inherit; font-style: inherit;\">\n<p style=\"font-weight: inherit; font-style: inherit;\">Entre enero y mayo, la recaudaci\u00f3n de los impuestos a los combustibles sum\u00f3 $525.858 millones, un 192,2% m\u00e1s que en los primeros cinco meses del 2023.\u00a0<strong>Con estos ajustes, el Gobierno busca sumar ingresos por el equivalente a unos 0,5 puntos porcentuales del Producto Interno Bruto (PIB) o casi 3.000 millones de d\u00f3lares<\/strong>, el 10% del total del ajuste que persigue el presidente Javier Milei para este a\u00f1o.<\/p>\n<p style=\"font-weight: inherit; font-style: inherit;\">\n<p style=\"font-weight: inherit; font-style: inherit;\">Adicionalmente a lo que ser\u00e1 el salto en los precios de la nafta y el gasoil,\u00a0<strong>las petroleras tambi\u00e9n miran sus propias cuentas y observan que hay un atraso o brecha entre los valores locales de ventas de los combustibles y la \u00abparidad\u00bb internacional que ronda el 11% al 13%<\/strong>.<\/p>\n<p style=\"font-weight: inherit; font-style: inherit;\">\n<p style=\"font-weight: inherit; font-style: inherit;\"><strong>Esos m\u00e1rgenes los buscar\u00e1n recomponer progresivamente hasta fin de a\u00f1o, a medida que desacelere la inflaci\u00f3n y se reactive la demanda<\/strong>. En abril, de acuerdo a los datos de la Confederaci\u00f3n Argentina de Trabajadores y Empleados de los Hidrocarburos, Energ\u00eda, Combustibles, Derivados y Afines (CATHEDA),\u00a0<strong>las ventas de combustibles en general cayeron un 8% interanual, mientras que en las estaciones de servicio se derrumbaron 13%<\/strong>.<\/p>\n","protected":false},"excerpt":{"rendered":"<p>La semana que viene\u00a0las m\u00faltiples subas de precios arrancar\u00e1n desde las primeras horas con la nafta y el gasoil, que trepar\u00e1n m\u00e1s del 2%, por el traslado de la devaluaci\u00f3n mensual del peso contra el d\u00f3lar. Pero, adem\u00e1s, el Gobierno volver\u00e1 a incrementar los impuestos a los combustibles (Impuesto a los Combustibles L\u00edquidos -ICL- e [&hellip;]<\/p>\n","protected":false},"author":3,"featured_media":94603,"comment_status":"closed","ping_status":"closed","sticky":false,"template":"","format":"standard","meta":{"footnotes":""},"categories":[36],"tags":[48],"class_list":["post-104323","post","type-post","status-publish","format-standard","has-post-thumbnail","hentry","category-economia","tag-destacada"],"yoast_head":"<!-- This site is optimized with the Yoast SEO plugin v25.9 - https:\/\/yoast.com\/wordpress\/plugins\/seo\/ -->\n<title>Volver\u00e1n a aumentar los combustibles a partir de julio - Noticias Radio Reflejos<\/title>\n<meta name=\"robots\" content=\"index, follow, max-snippet:-1, max-image-preview:large, max-video-preview:-1\" \/>\n<link rel=\"canonical\" href=\"https:\/\/www.noticiasradioreflejos.com.ar\/2021\/volveran-a-aumentar-los-combustibles-a-partir-de-julio\/\" \/>\n<meta property=\"og:locale\" content=\"es_ES\" \/>\n<meta property=\"og:type\" content=\"article\" \/>\n<meta property=\"og:title\" content=\"Volver\u00e1n a aumentar los combustibles a partir de julio - Noticias Radio Reflejos\" \/>\n<meta property=\"og:description\" content=\"La semana que viene\u00a0las m\u00faltiples subas de precios arrancar\u00e1n desde las primeras horas con la nafta y el gasoil, que trepar\u00e1n m\u00e1s del 2%, por el traslado de la devaluaci\u00f3n mensual del peso contra el d\u00f3lar. Pero, adem\u00e1s, el Gobierno volver\u00e1 a incrementar los impuestos a los combustibles (Impuesto a los Combustibles L\u00edquidos -ICL- e [&hellip;]\" \/>\n<meta property=\"og:url\" content=\"https:\/\/www.noticiasradioreflejos.com.ar\/2021\/volveran-a-aumentar-los-combustibles-a-partir-de-julio\/\" \/>\n<meta property=\"og:site_name\" content=\"Noticias Radio Reflejos\" \/>\n<meta property=\"article:published_time\" content=\"2024-06-26T19:55:26+00:00\" \/>\n<meta property=\"og:image\" content=\"https:\/\/www.noticiasradioreflejos.com.ar\/2021\/wp-content\/uploads\/2023\/10\/cargando-combustibles-1.jpeg\" \/>\n\t<meta property=\"og:image:width\" content=\"1600\" \/>\n\t<meta property=\"og:image:height\" content=\"900\" \/>\n\t<meta property=\"og:image:type\" content=\"image\/jpeg\" \/>\n<meta name=\"author\" content=\"Arnaldo Botto\" \/>\n<meta name=\"twitter:card\" content=\"summary_large_image\" \/>\n<script type=\"application\/ld+json\" class=\"yoast-schema-graph\">{\"@context\":\"https:\/\/schema.org\",\"@graph\":[{\"@type\":\"WebPage\",\"@id\":\"https:\/\/www.noticiasradioreflejos.com.ar\/2021\/volveran-a-aumentar-los-combustibles-a-partir-de-julio\/\",\"url\":\"https:\/\/www.noticiasradioreflejos.com.ar\/2021\/volveran-a-aumentar-los-combustibles-a-partir-de-julio\/\",\"name\":\"Volver\u00e1n a aumentar los combustibles a partir de julio - Noticias Radio Reflejos\",\"isPartOf\":{\"@id\":\"https:\/\/www.noticiasradioreflejos.com.ar\/2021\/#website\"},\"primaryImageOfPage\":{\"@id\":\"https:\/\/www.noticiasradioreflejos.com.ar\/2021\/volveran-a-aumentar-los-combustibles-a-partir-de-julio\/#primaryimage\"},\"image\":{\"@id\":\"https:\/\/www.noticiasradioreflejos.com.ar\/2021\/volveran-a-aumentar-los-combustibles-a-partir-de-julio\/#primaryimage\"},\"thumbnailUrl\":\"https:\/\/www.noticiasradioreflejos.com.ar\/2021\/wp-content\/uploads\/2023\/10\/cargando-combustibles-1.jpeg\",\"datePublished\":\"2024-06-26T19:55:26+00:00\",\"author\":{\"@id\":\"https:\/\/www.noticiasradioreflejos.com.ar\/2021\/#\/schema\/person\/ad82545263dcc5ec0996818884fd5fb1\"},\"breadcrumb\":{\"@id\":\"https:\/\/www.noticiasradioreflejos.com.ar\/2021\/volveran-a-aumentar-los-combustibles-a-partir-de-julio\/#breadcrumb\"},\"inLanguage\":\"es\",\"potentialAction\":[{\"@type\":\"ReadAction\",\"target\":[\"https:\/\/www.noticiasradioreflejos.com.ar\/2021\/volveran-a-aumentar-los-combustibles-a-partir-de-julio\/\"]}]},{\"@type\":\"ImageObject\",\"inLanguage\":\"es\",\"@id\":\"https:\/\/www.noticiasradioreflejos.com.ar\/2021\/volveran-a-aumentar-los-combustibles-a-partir-de-julio\/#primaryimage\",\"url\":\"https:\/\/www.noticiasradioreflejos.com.ar\/2021\/wp-content\/uploads\/2023\/10\/cargando-combustibles-1.jpeg\",\"contentUrl\":\"https:\/\/www.noticiasradioreflejos.com.ar\/2021\/wp-content\/uploads\/2023\/10\/cargando-combustibles-1.jpeg\",\"width\":1600,\"height\":900},{\"@type\":\"BreadcrumbList\",\"@id\":\"https:\/\/www.noticiasradioreflejos.com.ar\/2021\/volveran-a-aumentar-los-combustibles-a-partir-de-julio\/#breadcrumb\",\"itemListElement\":[{\"@type\":\"ListItem\",\"position\":1,\"name\":\"Portada\",\"item\":\"https:\/\/www.noticiasradioreflejos.com.ar\/2021\/\"},{\"@type\":\"ListItem\",\"position\":2,\"name\":\"Volver\u00e1n a aumentar los combustibles a partir de julio\"}]},{\"@type\":\"WebSite\",\"@id\":\"https:\/\/www.noticiasradioreflejos.com.ar\/2021\/#website\",\"url\":\"https:\/\/www.noticiasradioreflejos.com.ar\/2021\/\",\"name\":\"Noticias Radio Reflejos\",\"description\":\"Las noticias de mi comarca\",\"potentialAction\":[{\"@type\":\"SearchAction\",\"target\":{\"@type\":\"EntryPoint\",\"urlTemplate\":\"https:\/\/www.noticiasradioreflejos.com.ar\/2021\/?s={search_term_string}\"},\"query-input\":{\"@type\":\"PropertyValueSpecification\",\"valueRequired\":true,\"valueName\":\"search_term_string\"}}],\"inLanguage\":\"es\"},{\"@type\":\"Person\",\"@id\":\"https:\/\/www.noticiasradioreflejos.com.ar\/2021\/#\/schema\/person\/ad82545263dcc5ec0996818884fd5fb1\",\"name\":\"Arnaldo Botto\",\"image\":{\"@type\":\"ImageObject\",\"inLanguage\":\"es\",\"@id\":\"https:\/\/www.noticiasradioreflejos.com.ar\/2021\/#\/schema\/person\/image\/\",\"url\":\"https:\/\/secure.gravatar.com\/avatar\/55cb5e37c1efa326397366e6974cb338056df65cb50e7d64d1cf314e87504837?s=96&d=mm&r=g\",\"contentUrl\":\"https:\/\/secure.gravatar.com\/avatar\/55cb5e37c1efa326397366e6974cb338056df65cb50e7d64d1cf314e87504837?s=96&d=mm&r=g\",\"caption\":\"Arnaldo Botto\"},\"url\":\"https:\/\/www.noticiasradioreflejos.com.ar\/2021\/author\/arnaldo\/\"}]}<\/script>\n<!-- \/ Yoast SEO plugin. -->","yoast_head_json":{"title":"Volver\u00e1n a aumentar los combustibles a partir de julio - Noticias Radio Reflejos","robots":{"index":"index","follow":"follow","max-snippet":"max-snippet:-1","max-image-preview":"max-image-preview:large","max-video-preview":"max-video-preview:-1"},"canonical":"https:\/\/www.noticiasradioreflejos.com.ar\/2021\/volveran-a-aumentar-los-combustibles-a-partir-de-julio\/","og_locale":"es_ES","og_type":"article","og_title":"Volver\u00e1n a aumentar los combustibles a partir de julio - Noticias Radio Reflejos","og_description":"La semana que viene\u00a0las m\u00faltiples subas de precios arrancar\u00e1n desde las primeras horas con la nafta y el gasoil, que trepar\u00e1n m\u00e1s del 2%, por el traslado de la devaluaci\u00f3n mensual del peso contra el d\u00f3lar. Pero, adem\u00e1s, el Gobierno volver\u00e1 a incrementar los impuestos a los combustibles (Impuesto a los Combustibles L\u00edquidos -ICL- e [&hellip;]","og_url":"https:\/\/www.noticiasradioreflejos.com.ar\/2021\/volveran-a-aumentar-los-combustibles-a-partir-de-julio\/","og_site_name":"Noticias Radio Reflejos","article_published_time":"2024-06-26T19:55:26+00:00","og_image":[{"width":1600,"height":900,"url":"https:\/\/www.noticiasradioreflejos.com.ar\/2021\/wp-content\/uploads\/2023\/10\/cargando-combustibles-1.jpeg","type":"image\/jpeg"}],"author":"Arnaldo Botto","twitter_card":"summary_large_image","schema":{"@context":"https:\/\/schema.org","@graph":[{"@type":"WebPage","@id":"https:\/\/www.noticiasradioreflejos.com.ar\/2021\/volveran-a-aumentar-los-combustibles-a-partir-de-julio\/","url":"https:\/\/www.noticiasradioreflejos.com.ar\/2021\/volveran-a-aumentar-los-combustibles-a-partir-de-julio\/","name":"Volver\u00e1n a aumentar los combustibles a partir de julio - Noticias Radio Reflejos","isPartOf":{"@id":"https:\/\/www.noticiasradioreflejos.com.ar\/2021\/#website"},"primaryImageOfPage":{"@id":"https:\/\/www.noticiasradioreflejos.com.ar\/2021\/volveran-a-aumentar-los-combustibles-a-partir-de-julio\/#primaryimage"},"image":{"@id":"https:\/\/www.noticiasradioreflejos.com.ar\/2021\/volveran-a-aumentar-los-combustibles-a-partir-de-julio\/#primaryimage"},"thumbnailUrl":"https:\/\/www.noticiasradioreflejos.com.ar\/2021\/wp-content\/uploads\/2023\/10\/cargando-combustibles-1.jpeg","datePublished":"2024-06-26T19:55:26+00:00","author":{"@id":"https:\/\/www.noticiasradioreflejos.com.ar\/2021\/#\/schema\/person\/ad82545263dcc5ec0996818884fd5fb1"},"breadcrumb":{"@id":"https:\/\/www.noticiasradioreflejos.com.ar\/2021\/volveran-a-aumentar-los-combustibles-a-partir-de-julio\/#breadcrumb"},"inLanguage":"es","potentialAction":[{"@type":"ReadAction","target":["https:\/\/www.noticiasradioreflejos.com.ar\/2021\/volveran-a-aumentar-los-combustibles-a-partir-de-julio\/"]}]},{"@type":"ImageObject","inLanguage":"es","@id":"https:\/\/www.noticiasradioreflejos.com.ar\/2021\/volveran-a-aumentar-los-combustibles-a-partir-de-julio\/#primaryimage","url":"https:\/\/www.noticiasradioreflejos.com.ar\/2021\/wp-content\/uploads\/2023\/10\/cargando-combustibles-1.jpeg","contentUrl":"https:\/\/www.noticiasradioreflejos.com.ar\/2021\/wp-content\/uploads\/2023\/10\/cargando-combustibles-1.jpeg","width":1600,"height":900},{"@type":"BreadcrumbList","@id":"https:\/\/www.noticiasradioreflejos.com.ar\/2021\/volveran-a-aumentar-los-combustibles-a-partir-de-julio\/#breadcrumb","itemListElement":[{"@type":"ListItem","position":1,"name":"Portada","item":"https:\/\/www.noticiasradioreflejos.com.ar\/2021\/"},{"@type":"ListItem","position":2,"name":"Volver\u00e1n a aumentar los combustibles a partir de julio"}]},{"@type":"WebSite","@id":"https:\/\/www.noticiasradioreflejos.com.ar\/2021\/#website","url":"https:\/\/www.noticiasradioreflejos.com.ar\/2021\/","name":"Noticias Radio Reflejos","description":"Las noticias de mi comarca","potentialAction":[{"@type":"SearchAction","target":{"@type":"EntryPoint","urlTemplate":"https:\/\/www.noticiasradioreflejos.com.ar\/2021\/?s={search_term_string}"},"query-input":{"@type":"PropertyValueSpecification","valueRequired":true,"valueName":"search_term_string"}}],"inLanguage":"es"},{"@type":"Person","@id":"https:\/\/www.noticiasradioreflejos.com.ar\/2021\/#\/schema\/person\/ad82545263dcc5ec0996818884fd5fb1","name":"Arnaldo Botto","image":{"@type":"ImageObject","inLanguage":"es","@id":"https:\/\/www.noticiasradioreflejos.com.ar\/2021\/#\/schema\/person\/image\/","url":"https:\/\/secure.gravatar.com\/avatar\/55cb5e37c1efa326397366e6974cb338056df65cb50e7d64d1cf314e87504837?s=96&d=mm&r=g","contentUrl":"https:\/\/secure.gravatar.com\/avatar\/55cb5e37c1efa326397366e6974cb338056df65cb50e7d64d1cf314e87504837?s=96&d=mm&r=g","caption":"Arnaldo Botto"},"url":"https:\/\/www.noticiasradioreflejos.com.ar\/2021\/author\/arnaldo\/"}]}},"_links":{"self":[{"href":"https:\/\/www.noticiasradioreflejos.com.ar\/2021\/wp-json\/wp\/v2\/posts\/104323","targetHints":{"allow":["GET"]}}],"collection":[{"href":"https:\/\/www.noticiasradioreflejos.com.ar\/2021\/wp-json\/wp\/v2\/posts"}],"about":[{"href":"https:\/\/www.noticiasradioreflejos.com.ar\/2021\/wp-json\/wp\/v2\/types\/post"}],"author":[{"embeddable":true,"href":"https:\/\/www.noticiasradioreflejos.com.ar\/2021\/wp-json\/wp\/v2\/users\/3"}],"replies":[{"embeddable":true,"href":"https:\/\/www.noticiasradioreflejos.com.ar\/2021\/wp-json\/wp\/v2\/comments?post=104323"}],"version-history":[{"count":1,"href":"https:\/\/www.noticiasradioreflejos.com.ar\/2021\/wp-json\/wp\/v2\/posts\/104323\/revisions"}],"predecessor-version":[{"id":104324,"href":"https:\/\/www.noticiasradioreflejos.com.ar\/2021\/wp-json\/wp\/v2\/posts\/104323\/revisions\/104324"}],"wp:featuredmedia":[{"embeddable":true,"href":"https:\/\/www.noticiasradioreflejos.com.ar\/2021\/wp-json\/wp\/v2\/media\/94603"}],"wp:attachment":[{"href":"https:\/\/www.noticiasradioreflejos.com.ar\/2021\/wp-json\/wp\/v2\/media?parent=104323"}],"wp:term":[{"taxonomy":"category","embeddable":true,"href":"https:\/\/www.noticiasradioreflejos.com.ar\/2021\/wp-json\/wp\/v2\/categories?post=104323"},{"taxonomy":"post_tag","embeddable":true,"href":"https:\/\/www.noticiasradioreflejos.com.ar\/2021\/wp-json\/wp\/v2\/tags?post=104323"}],"curies":[{"name":"wp","href":"https:\/\/api.w.org\/{rel}","templated":true}]}}