{"id":104318,"date":"2024-06-26T16:44:06","date_gmt":"2024-06-26T19:44:06","guid":{"rendered":"https:\/\/www.noticiasradioreflejos.com.ar\/2021\/?p=104318"},"modified":"2024-06-26T16:44:06","modified_gmt":"2024-06-26T19:44:06","slug":"el-consumo-sigue-en-caida-libre-recreacion-bajo-43-y-calzado-e-indumentaria-27","status":"publish","type":"post","link":"https:\/\/www.noticiasradioreflejos.com.ar\/2021\/el-consumo-sigue-en-caida-libre-recreacion-bajo-43-y-calzado-e-indumentaria-27\/","title":{"rendered":"El consumo sigue en ca\u00edda libre: recreaci\u00f3n baj\u00f3 43% y calzado e indumentaria 27%"},"content":{"rendered":"<p>Son datos de la C\u00e1mara de Comercio de mayo \u00faltimo. La recesi\u00f3n y la p\u00e9rdida de poder adquisitivo impacta con fuerza.<!--more--><\/p>\n<div class=\"columns\" data-tadevel-template=\"web\/article-columns\">\n<div class=\"column-main\">\n<div class=\"article-body\" data-tadevel-template=\"web\/article-body\">\n<div class=\"article-body-content\">\n<p>El\u00a0<strong>consumo sigue fuertemente impactado por la\u00a0<\/strong><a href=\"https:\/\/noticiasargentinas.com\/economia\/estiman-que-la-actividad-economica-cayo-un-4-4--interanual-en-mayo-y-aseguran-que-esta--consolidando-un-piso-_a667bfb1f74525ef20b7b121a\"><strong>recesi\u00f3n\u00a0<\/strong><\/a><strong>y la p\u00e9rdida de poder adquisitivo<\/strong>, con una ca\u00edda del 7,7% en mayo \u00faltimo, seg\u00fan el indicador elaborado por la\u00a0<strong>C\u00e1mara de Comercio y Servicios (CAC).<\/strong><\/p>\n<p>Los rubros m\u00e1s castigados son\u00a0<strong>Recreaci\u00f3n y cultura (-42,6%) e Indumentaria y calzado (-27%)<\/strong>\u00a0fueron los rubros m\u00e1s afectados.<\/p>\n<p>El Indicador de Consumo (IC) de la C\u00e1mara de Comercio tambi\u00e9n arroj\u00f3 una baja de 2,2% respecto de abril.<\/p>\n<p>Este indicador refleja la evoluci\u00f3n del consumo de los hogares en bienes y servicios finales con una periodicidad mensual, expandiendo y complementando los aportes de informaci\u00f3n que realiza la C\u00e1mara al seguimiento del comercio y la actividad econ\u00f3mica.<\/p>\n<p><strong>Acumula en los primeros cinco meses del a\u00f1o un decrecimiento de 4,3% interanual<\/strong>, marcando un \u201cprofundo deterioro en el consumo llegando a mediados del a\u00f1o\u201d, se\u00f1al\u00f3 el reporte.<\/p>\n<p>Indic\u00f3, adem\u00e1s, que \u201ccontin\u00faa la tendencia bajista en las tasas de crecimiento interanual exhibidas por el IC a partir de enero y marcan en mayo 2024 el mayor valor negativo registrado desde febrero de 2021\u201d.<\/p>\n<p>Esto se da en un escenario econ\u00f3mico donde la inflaci\u00f3n contin\u00faa desaceler\u00e1ndose y ha marcado su menor valor desde enero de 2022. En mayo de 2024 la mensual fue de 4,2%, con una interanual de 276,4% y una acumulada anual de 71,9%.<\/p>\n<p>Si bien la tasa de inflaci\u00f3n contin\u00faa desaceler\u00e1ndose, esto se debi\u00f3 a que los incrementos tarifarios de gas y electricidad pautados para el mes de mayo fueron postergados y tendr\u00edan lugar durante el mes de junio.<\/p>\n<p>El informe advierte que la efectivizaci\u00f3n de estos aumentos podr\u00eda acelerar nuevamente la inflaci\u00f3n e impactar negativamente en el poder de compra de las familias, aumentando el gasto en vivienda, pero reduciendo el poder de compra para otros rubros.<\/p>\n<p>Se\u00f1ala tambi\u00e9n que el contexto recesivo reduce la posibilidad de aumentos nominales en el salario que permitan una recuperaci\u00f3n de la demanda.<\/p>\n<p>En adici\u00f3n, los incrementos de AUH y tarjeta alimentar y la persistencia de bonos a jubilados parecen no ser suficientes para recomponer el poder de compra de los sectores m\u00e1s vulnerables.<\/p>\n<p>El desempe\u00f1o de la econom\u00eda argentina y el consumo presentan un comportamiento similar, lo cual se expresa en tasas de variaci\u00f3n interanual que, usualmente, se incrementan o reducen en la misma l\u00ednea.<\/p>\n<p>En el 2024, la actividad econ\u00f3mica presenta tambi\u00e9n un comportamiento inicial negativo que contin\u00faa hasta los \u00faltimos datos disponibles.<\/p>\n<p>Al analizar el desempe\u00f1o de algunos rubros en particular, se observa una din\u00e1mica generalizada de decrecimiento interanual respecto a los valores de mayo de 2023, a excepci\u00f3n de transporte.<\/p>\n<p><strong>Indumentaria y calzado mostr\u00f3 en el quinto mes del a\u00f1o un decrecimiento estimado de 27%.<\/strong><\/p>\n<p>Se explica por un ingreso real de los hogares y una deuda en tarjetas de cr\u00e9dito que cayeron en t\u00e9rminos interanuales, generando la postergaci\u00f3n de consumos no fundamentales para la vida cotidiana.<\/p>\n<p>Por otro lado, el cap\u00edtulo de transporte y veh\u00edculos mostr\u00f3 un decrecimiento estimado del 11,3% en mayo.<\/p>\n<p>La ca\u00edda se explica por un nivel de patentamiento de autom\u00f3viles que cay\u00f3 un 8% en t\u00e9rminos interanuales, un encarecimiento del precio de la nafta y una disminuci\u00f3n en las ventas de este combustible.<\/p>\n<figure class=\"multimedia\" data-type=\"photo\" data-tadevel-template=\"web\/multimedia\"><\/figure>\n<p><a title=\"indicadores consumo\" href=\"https:\/\/www.flickr.com\/photos\/182279889@N02\/53818229359\/in\/dateposted-public\/\" data-flickr-embed=\"true\"><img loading=\"lazy\" decoding=\"async\" src=\"https:\/\/live.staticflickr.com\/65535\/53818229359_eb29b4f151_c.jpg\" alt=\"indicadores consumo\" width=\"800\" height=\"515\" \/><\/a><script async src=\"\/\/embedr.flickr.com\/assets\/client-code.js\" charset=\"utf-8\"><\/script><br \/>\n<em>Recreaci\u00f3n y cultura mostr\u00f3 en mayo un derrumbe de 42,6%.<\/em><\/p>\n<p>&nbsp;<\/p>\n<p>Se explica por las mismas razones que el segmento indumentaria y calzado: la ca\u00edda en el ingreso real redujo el poder de compra y posterg\u00f3 el acceso a bienes y servicios relacionados al ocio.<\/p>\n<p>En cuanto al apartado de vivienda, alquileres y servicios p\u00fablicos, este mostr\u00f3 un incremento estimado de 6,3% en mayo, por una mayor demanda de electricidad, causada por temperaturas promedio m\u00e1s bajas de lo habitual para esta \u00e9poca del a\u00f1o.<\/p>\n<p>Con respecto al resto de los rubros, estos experimentaron una contracci\u00f3n estimada de 3,7% en mayo (y una incidencia de 2,1 p.p.), posicion\u00e1ndose en niveles 1,8% por debajo de los niveles pre pandemia.<\/p>\n<p><strong>Fuente NA<\/strong><\/p>\n<\/div>\n<\/div>\n<\/div>\n<\/div>\n","protected":false},"excerpt":{"rendered":"<p>Son datos de la C\u00e1mara de Comercio de mayo \u00faltimo. La recesi\u00f3n y la p\u00e9rdida de poder adquisitivo impacta con fuerza.<\/p>\n","protected":false},"author":3,"featured_media":104319,"comment_status":"closed","ping_status":"closed","sticky":false,"template":"","format":"standard","meta":{"footnotes":""},"categories":[36],"tags":[],"class_list":["post-104318","post","type-post","status-publish","format-standard","has-post-thumbnail","hentry","category-economia"],"yoast_head":"<!-- This site is optimized with the Yoast SEO plugin v25.9 - https:\/\/yoast.com\/wordpress\/plugins\/seo\/ -->\n<title>El consumo sigue en ca\u00edda libre: recreaci\u00f3n baj\u00f3 43% y calzado e indumentaria 27% - Noticias Radio Reflejos<\/title>\n<meta name=\"robots\" content=\"index, follow, max-snippet:-1, max-image-preview:large, max-video-preview:-1\" \/>\n<link rel=\"canonical\" href=\"https:\/\/www.noticiasradioreflejos.com.ar\/2021\/el-consumo-sigue-en-caida-libre-recreacion-bajo-43-y-calzado-e-indumentaria-27\/\" \/>\n<meta property=\"og:locale\" content=\"es_ES\" \/>\n<meta property=\"og:type\" content=\"article\" \/>\n<meta property=\"og:title\" content=\"El consumo sigue en ca\u00edda libre: recreaci\u00f3n baj\u00f3 43% y calzado e indumentaria 27% - Noticias Radio Reflejos\" \/>\n<meta property=\"og:description\" content=\"Son datos de la C\u00e1mara de Comercio de mayo \u00faltimo. La recesi\u00f3n y la p\u00e9rdida de poder adquisitivo impacta con fuerza.\" \/>\n<meta property=\"og:url\" content=\"https:\/\/www.noticiasradioreflejos.com.ar\/2021\/el-consumo-sigue-en-caida-libre-recreacion-bajo-43-y-calzado-e-indumentaria-27\/\" \/>\n<meta property=\"og:site_name\" content=\"Noticias Radio Reflejos\" \/>\n<meta property=\"article:published_time\" content=\"2024-06-26T19:44:06+00:00\" \/>\n<meta property=\"og:image\" content=\"https:\/\/www.noticiasradioreflejos.com.ar\/2021\/wp-content\/uploads\/2024\/06\/indumentaria.png\" \/>\n\t<meta property=\"og:image:width\" content=\"1080\" \/>\n\t<meta property=\"og:image:height\" content=\"720\" \/>\n\t<meta property=\"og:image:type\" content=\"image\/png\" \/>\n<meta name=\"author\" content=\"Arnaldo Botto\" \/>\n<meta name=\"twitter:card\" content=\"summary_large_image\" \/>\n<script type=\"application\/ld+json\" class=\"yoast-schema-graph\">{\"@context\":\"https:\/\/schema.org\",\"@graph\":[{\"@type\":\"WebPage\",\"@id\":\"https:\/\/www.noticiasradioreflejos.com.ar\/2021\/el-consumo-sigue-en-caida-libre-recreacion-bajo-43-y-calzado-e-indumentaria-27\/\",\"url\":\"https:\/\/www.noticiasradioreflejos.com.ar\/2021\/el-consumo-sigue-en-caida-libre-recreacion-bajo-43-y-calzado-e-indumentaria-27\/\",\"name\":\"El consumo sigue en ca\u00edda libre: recreaci\u00f3n baj\u00f3 43% y calzado e indumentaria 27% - Noticias Radio Reflejos\",\"isPartOf\":{\"@id\":\"https:\/\/www.noticiasradioreflejos.com.ar\/2021\/#website\"},\"primaryImageOfPage\":{\"@id\":\"https:\/\/www.noticiasradioreflejos.com.ar\/2021\/el-consumo-sigue-en-caida-libre-recreacion-bajo-43-y-calzado-e-indumentaria-27\/#primaryimage\"},\"image\":{\"@id\":\"https:\/\/www.noticiasradioreflejos.com.ar\/2021\/el-consumo-sigue-en-caida-libre-recreacion-bajo-43-y-calzado-e-indumentaria-27\/#primaryimage\"},\"thumbnailUrl\":\"https:\/\/www.noticiasradioreflejos.com.ar\/2021\/wp-content\/uploads\/2024\/06\/indumentaria.png\",\"datePublished\":\"2024-06-26T19:44:06+00:00\",\"author\":{\"@id\":\"https:\/\/www.noticiasradioreflejos.com.ar\/2021\/#\/schema\/person\/ad82545263dcc5ec0996818884fd5fb1\"},\"breadcrumb\":{\"@id\":\"https:\/\/www.noticiasradioreflejos.com.ar\/2021\/el-consumo-sigue-en-caida-libre-recreacion-bajo-43-y-calzado-e-indumentaria-27\/#breadcrumb\"},\"inLanguage\":\"es\",\"potentialAction\":[{\"@type\":\"ReadAction\",\"target\":[\"https:\/\/www.noticiasradioreflejos.com.ar\/2021\/el-consumo-sigue-en-caida-libre-recreacion-bajo-43-y-calzado-e-indumentaria-27\/\"]}]},{\"@type\":\"ImageObject\",\"inLanguage\":\"es\",\"@id\":\"https:\/\/www.noticiasradioreflejos.com.ar\/2021\/el-consumo-sigue-en-caida-libre-recreacion-bajo-43-y-calzado-e-indumentaria-27\/#primaryimage\",\"url\":\"https:\/\/www.noticiasradioreflejos.com.ar\/2021\/wp-content\/uploads\/2024\/06\/indumentaria.png\",\"contentUrl\":\"https:\/\/www.noticiasradioreflejos.com.ar\/2021\/wp-content\/uploads\/2024\/06\/indumentaria.png\",\"width\":1080,\"height\":720},{\"@type\":\"BreadcrumbList\",\"@id\":\"https:\/\/www.noticiasradioreflejos.com.ar\/2021\/el-consumo-sigue-en-caida-libre-recreacion-bajo-43-y-calzado-e-indumentaria-27\/#breadcrumb\",\"itemListElement\":[{\"@type\":\"ListItem\",\"position\":1,\"name\":\"Portada\",\"item\":\"https:\/\/www.noticiasradioreflejos.com.ar\/2021\/\"},{\"@type\":\"ListItem\",\"position\":2,\"name\":\"El consumo sigue en ca\u00edda libre: recreaci\u00f3n baj\u00f3 43% y calzado e indumentaria 27%\"}]},{\"@type\":\"WebSite\",\"@id\":\"https:\/\/www.noticiasradioreflejos.com.ar\/2021\/#website\",\"url\":\"https:\/\/www.noticiasradioreflejos.com.ar\/2021\/\",\"name\":\"Noticias Radio Reflejos\",\"description\":\"Las noticias de mi comarca\",\"potentialAction\":[{\"@type\":\"SearchAction\",\"target\":{\"@type\":\"EntryPoint\",\"urlTemplate\":\"https:\/\/www.noticiasradioreflejos.com.ar\/2021\/?s={search_term_string}\"},\"query-input\":{\"@type\":\"PropertyValueSpecification\",\"valueRequired\":true,\"valueName\":\"search_term_string\"}}],\"inLanguage\":\"es\"},{\"@type\":\"Person\",\"@id\":\"https:\/\/www.noticiasradioreflejos.com.ar\/2021\/#\/schema\/person\/ad82545263dcc5ec0996818884fd5fb1\",\"name\":\"Arnaldo Botto\",\"image\":{\"@type\":\"ImageObject\",\"inLanguage\":\"es\",\"@id\":\"https:\/\/www.noticiasradioreflejos.com.ar\/2021\/#\/schema\/person\/image\/\",\"url\":\"https:\/\/secure.gravatar.com\/avatar\/55cb5e37c1efa326397366e6974cb338056df65cb50e7d64d1cf314e87504837?s=96&d=mm&r=g\",\"contentUrl\":\"https:\/\/secure.gravatar.com\/avatar\/55cb5e37c1efa326397366e6974cb338056df65cb50e7d64d1cf314e87504837?s=96&d=mm&r=g\",\"caption\":\"Arnaldo Botto\"},\"url\":\"https:\/\/www.noticiasradioreflejos.com.ar\/2021\/author\/arnaldo\/\"}]}<\/script>\n<!-- \/ Yoast SEO plugin. -->","yoast_head_json":{"title":"El consumo sigue en ca\u00edda libre: recreaci\u00f3n baj\u00f3 43% y calzado e indumentaria 27% - Noticias Radio Reflejos","robots":{"index":"index","follow":"follow","max-snippet":"max-snippet:-1","max-image-preview":"max-image-preview:large","max-video-preview":"max-video-preview:-1"},"canonical":"https:\/\/www.noticiasradioreflejos.com.ar\/2021\/el-consumo-sigue-en-caida-libre-recreacion-bajo-43-y-calzado-e-indumentaria-27\/","og_locale":"es_ES","og_type":"article","og_title":"El consumo sigue en ca\u00edda libre: recreaci\u00f3n baj\u00f3 43% y calzado e indumentaria 27% - Noticias Radio Reflejos","og_description":"Son datos de la C\u00e1mara de Comercio de mayo \u00faltimo. La recesi\u00f3n y la p\u00e9rdida de poder adquisitivo impacta con fuerza.","og_url":"https:\/\/www.noticiasradioreflejos.com.ar\/2021\/el-consumo-sigue-en-caida-libre-recreacion-bajo-43-y-calzado-e-indumentaria-27\/","og_site_name":"Noticias Radio Reflejos","article_published_time":"2024-06-26T19:44:06+00:00","og_image":[{"width":1080,"height":720,"url":"https:\/\/www.noticiasradioreflejos.com.ar\/2021\/wp-content\/uploads\/2024\/06\/indumentaria.png","type":"image\/png"}],"author":"Arnaldo Botto","twitter_card":"summary_large_image","schema":{"@context":"https:\/\/schema.org","@graph":[{"@type":"WebPage","@id":"https:\/\/www.noticiasradioreflejos.com.ar\/2021\/el-consumo-sigue-en-caida-libre-recreacion-bajo-43-y-calzado-e-indumentaria-27\/","url":"https:\/\/www.noticiasradioreflejos.com.ar\/2021\/el-consumo-sigue-en-caida-libre-recreacion-bajo-43-y-calzado-e-indumentaria-27\/","name":"El consumo sigue en ca\u00edda libre: recreaci\u00f3n baj\u00f3 43% y calzado e indumentaria 27% - Noticias Radio Reflejos","isPartOf":{"@id":"https:\/\/www.noticiasradioreflejos.com.ar\/2021\/#website"},"primaryImageOfPage":{"@id":"https:\/\/www.noticiasradioreflejos.com.ar\/2021\/el-consumo-sigue-en-caida-libre-recreacion-bajo-43-y-calzado-e-indumentaria-27\/#primaryimage"},"image":{"@id":"https:\/\/www.noticiasradioreflejos.com.ar\/2021\/el-consumo-sigue-en-caida-libre-recreacion-bajo-43-y-calzado-e-indumentaria-27\/#primaryimage"},"thumbnailUrl":"https:\/\/www.noticiasradioreflejos.com.ar\/2021\/wp-content\/uploads\/2024\/06\/indumentaria.png","datePublished":"2024-06-26T19:44:06+00:00","author":{"@id":"https:\/\/www.noticiasradioreflejos.com.ar\/2021\/#\/schema\/person\/ad82545263dcc5ec0996818884fd5fb1"},"breadcrumb":{"@id":"https:\/\/www.noticiasradioreflejos.com.ar\/2021\/el-consumo-sigue-en-caida-libre-recreacion-bajo-43-y-calzado-e-indumentaria-27\/#breadcrumb"},"inLanguage":"es","potentialAction":[{"@type":"ReadAction","target":["https:\/\/www.noticiasradioreflejos.com.ar\/2021\/el-consumo-sigue-en-caida-libre-recreacion-bajo-43-y-calzado-e-indumentaria-27\/"]}]},{"@type":"ImageObject","inLanguage":"es","@id":"https:\/\/www.noticiasradioreflejos.com.ar\/2021\/el-consumo-sigue-en-caida-libre-recreacion-bajo-43-y-calzado-e-indumentaria-27\/#primaryimage","url":"https:\/\/www.noticiasradioreflejos.com.ar\/2021\/wp-content\/uploads\/2024\/06\/indumentaria.png","contentUrl":"https:\/\/www.noticiasradioreflejos.com.ar\/2021\/wp-content\/uploads\/2024\/06\/indumentaria.png","width":1080,"height":720},{"@type":"BreadcrumbList","@id":"https:\/\/www.noticiasradioreflejos.com.ar\/2021\/el-consumo-sigue-en-caida-libre-recreacion-bajo-43-y-calzado-e-indumentaria-27\/#breadcrumb","itemListElement":[{"@type":"ListItem","position":1,"name":"Portada","item":"https:\/\/www.noticiasradioreflejos.com.ar\/2021\/"},{"@type":"ListItem","position":2,"name":"El consumo sigue en ca\u00edda libre: recreaci\u00f3n baj\u00f3 43% y calzado e indumentaria 27%"}]},{"@type":"WebSite","@id":"https:\/\/www.noticiasradioreflejos.com.ar\/2021\/#website","url":"https:\/\/www.noticiasradioreflejos.com.ar\/2021\/","name":"Noticias Radio Reflejos","description":"Las noticias de mi comarca","potentialAction":[{"@type":"SearchAction","target":{"@type":"EntryPoint","urlTemplate":"https:\/\/www.noticiasradioreflejos.com.ar\/2021\/?s={search_term_string}"},"query-input":{"@type":"PropertyValueSpecification","valueRequired":true,"valueName":"search_term_string"}}],"inLanguage":"es"},{"@type":"Person","@id":"https:\/\/www.noticiasradioreflejos.com.ar\/2021\/#\/schema\/person\/ad82545263dcc5ec0996818884fd5fb1","name":"Arnaldo Botto","image":{"@type":"ImageObject","inLanguage":"es","@id":"https:\/\/www.noticiasradioreflejos.com.ar\/2021\/#\/schema\/person\/image\/","url":"https:\/\/secure.gravatar.com\/avatar\/55cb5e37c1efa326397366e6974cb338056df65cb50e7d64d1cf314e87504837?s=96&d=mm&r=g","contentUrl":"https:\/\/secure.gravatar.com\/avatar\/55cb5e37c1efa326397366e6974cb338056df65cb50e7d64d1cf314e87504837?s=96&d=mm&r=g","caption":"Arnaldo Botto"},"url":"https:\/\/www.noticiasradioreflejos.com.ar\/2021\/author\/arnaldo\/"}]}},"_links":{"self":[{"href":"https:\/\/www.noticiasradioreflejos.com.ar\/2021\/wp-json\/wp\/v2\/posts\/104318","targetHints":{"allow":["GET"]}}],"collection":[{"href":"https:\/\/www.noticiasradioreflejos.com.ar\/2021\/wp-json\/wp\/v2\/posts"}],"about":[{"href":"https:\/\/www.noticiasradioreflejos.com.ar\/2021\/wp-json\/wp\/v2\/types\/post"}],"author":[{"embeddable":true,"href":"https:\/\/www.noticiasradioreflejos.com.ar\/2021\/wp-json\/wp\/v2\/users\/3"}],"replies":[{"embeddable":true,"href":"https:\/\/www.noticiasradioreflejos.com.ar\/2021\/wp-json\/wp\/v2\/comments?post=104318"}],"version-history":[{"count":1,"href":"https:\/\/www.noticiasradioreflejos.com.ar\/2021\/wp-json\/wp\/v2\/posts\/104318\/revisions"}],"predecessor-version":[{"id":104320,"href":"https:\/\/www.noticiasradioreflejos.com.ar\/2021\/wp-json\/wp\/v2\/posts\/104318\/revisions\/104320"}],"wp:featuredmedia":[{"embeddable":true,"href":"https:\/\/www.noticiasradioreflejos.com.ar\/2021\/wp-json\/wp\/v2\/media\/104319"}],"wp:attachment":[{"href":"https:\/\/www.noticiasradioreflejos.com.ar\/2021\/wp-json\/wp\/v2\/media?parent=104318"}],"wp:term":[{"taxonomy":"category","embeddable":true,"href":"https:\/\/www.noticiasradioreflejos.com.ar\/2021\/wp-json\/wp\/v2\/categories?post=104318"},{"taxonomy":"post_tag","embeddable":true,"href":"https:\/\/www.noticiasradioreflejos.com.ar\/2021\/wp-json\/wp\/v2\/tags?post=104318"}],"curies":[{"name":"wp","href":"https:\/\/api.w.org\/{rel}","templated":true}]}}