{"id":104298,"date":"2024-06-26T10:58:54","date_gmt":"2024-06-26T13:58:54","guid":{"rendered":"https:\/\/www.noticiasradioreflejos.com.ar\/2021\/?p=104298"},"modified":"2024-06-26T10:58:54","modified_gmt":"2024-06-26T13:58:54","slug":"otro-dato-que-indica-que-la-recesion-no-se-supero-fuerte-caida-de-la-venta-de-combustibles","status":"publish","type":"post","link":"https:\/\/www.noticiasradioreflejos.com.ar\/2021\/otro-dato-que-indica-que-la-recesion-no-se-supero-fuerte-caida-de-la-venta-de-combustibles\/","title":{"rendered":"Otro dato que indica que la recesi\u00f3n no se super\u00f3: fuerte ca\u00edda de la venta de combustibles"},"content":{"rendered":"<p>Se sumaron seis meses consecutivos con resultados interanuales negativos. Mejora frente a abril.<\/p>\n<p><!--more--><\/p>\n<div class=\"columns\" data-tadevel-template=\"web\/article-columns\">\n<div class=\"column-main\">\n<div class=\"article-body\" data-tadevel-template=\"web\/article-body\">\n<div class=\"article-body-content\">\n<p><strong>La venta de combustible al p\u00fablico en todo el pa\u00eds en mayo cay\u00f3 8% en forma interanual y sum\u00f3 seis per\u00edodos consecutivos con resultados negativos,\u00a0<\/strong>seg\u00fan un estudio privado.<\/p>\n<p>No obstante,\u00a0<strong>se verific\u00f3 una mejora de 8,5% con relaci\u00f3n a abril<\/strong>, de acuerdo a la consultora Politikon Chaco.<\/p>\n<p>El volumen total expendido ascendi\u00f3 a 1.406.758 metros c\u00fabicos entre naftas y gasoil.<\/p>\n<p>Por tipo de combustible, en mayo el mayor volumen de ventas estuvo en las naftas con el 54% contra el 46% del gasoil.<\/p>\n<p>En referencia a sus desempe\u00f1os, \u201clas naftas exhibieron una baja del 7,7% interanual con marcada disparidad seg\u00fan el segmento: las ventas de nafta s\u00faper caen 3,0% interanual pero las de naftas Premium lo hacen en -21,0%\u201d, precis\u00f3 el informe.<\/p>\n<p>Respecto al gasoil, el resultado global fue de ca\u00edda del 8,2% interanual: dentro de este, el com\u00fan cay\u00f3 9,1% y el Premium lo hizo en -6,2%.<\/p>\n<p>En la divisi\u00f3n provincial, de las 24 jurisdicciones solamente CABA con un alza de 2,7% exhibi\u00f3 un saldo positivo (apoyado en la nafta que creci\u00f3 6,5% vs. -7,6% del gasoil).<\/p>\n<p>En las veintitr\u00e9s jurisdicciones restantes las ventas de combustibles se contrajeron: las ca\u00eddas m\u00e1s leves se observaron en Santa Fe y provincia de Buenos Aires (- 3,6% y -3,7%, respectivamente).<\/p>\n<p>En ambos casos, la baja estuvo impulsada principalmente por las naftas. Adem\u00e1s de estas dos, otras ocho provincias muestran bajas de un d\u00edgito; por el contrario en trece provincias las bajas fueron m\u00e1s pronunciadas y, en ese marco, los m\u00e1s fuertes volvieron a verse en Formosa (31,2%) y Misiones (31,6%), \u00fanicas en mostrar ca\u00eddas superiores al 30%.<\/p>\n<p>Las otras dos provincias con mayor ca\u00edda interanual fueron Corrientes (27,6%) y Entre R\u00edos (19,8%), por lo cual se verifica la fuerte influencia de cuesti\u00f3n fronteriza en este indicador de an\u00e1lisis.<\/p>\n<\/div>\n<\/div>\n<\/div>\n<\/div>\n","protected":false},"excerpt":{"rendered":"<p>Se sumaron seis meses consecutivos con resultados interanuales negativos. Mejora frente a abril.<\/p>\n","protected":false},"author":3,"featured_media":104170,"comment_status":"closed","ping_status":"closed","sticky":false,"template":"","format":"standard","meta":{"footnotes":""},"categories":[36],"tags":[],"class_list":["post-104298","post","type-post","status-publish","format-standard","has-post-thumbnail","hentry","category-economia"],"yoast_head":"<!-- This site is optimized with the Yoast SEO plugin v25.9 - https:\/\/yoast.com\/wordpress\/plugins\/seo\/ -->\n<title>Otro dato que indica que la recesi\u00f3n no se super\u00f3: fuerte ca\u00edda de la venta de combustibles - Noticias Radio Reflejos<\/title>\n<meta name=\"robots\" content=\"index, follow, max-snippet:-1, max-image-preview:large, max-video-preview:-1\" \/>\n<link rel=\"canonical\" href=\"https:\/\/www.noticiasradioreflejos.com.ar\/2021\/otro-dato-que-indica-que-la-recesion-no-se-supero-fuerte-caida-de-la-venta-de-combustibles\/\" \/>\n<meta property=\"og:locale\" content=\"es_ES\" \/>\n<meta property=\"og:type\" content=\"article\" \/>\n<meta property=\"og:title\" content=\"Otro dato que indica que la recesi\u00f3n no se super\u00f3: fuerte ca\u00edda de la venta de combustibles - Noticias Radio Reflejos\" \/>\n<meta property=\"og:description\" content=\"Se sumaron seis meses consecutivos con resultados interanuales negativos. Mejora frente a abril.\" \/>\n<meta property=\"og:url\" content=\"https:\/\/www.noticiasradioreflejos.com.ar\/2021\/otro-dato-que-indica-que-la-recesion-no-se-supero-fuerte-caida-de-la-venta-de-combustibles\/\" \/>\n<meta property=\"og:site_name\" content=\"Noticias Radio Reflejos\" \/>\n<meta property=\"article:published_time\" content=\"2024-06-26T13:58:54+00:00\" \/>\n<meta property=\"og:image\" content=\"https:\/\/www.noticiasradioreflejos.com.ar\/2021\/wp-content\/uploads\/2024\/06\/YPF-Don-Juan-Nocturno.jpeg\" \/>\n\t<meta property=\"og:image:width\" content=\"1600\" \/>\n\t<meta property=\"og:image:height\" content=\"1197\" \/>\n\t<meta property=\"og:image:type\" content=\"image\/jpeg\" \/>\n<meta name=\"author\" content=\"Arnaldo Botto\" \/>\n<meta name=\"twitter:card\" content=\"summary_large_image\" \/>\n<script type=\"application\/ld+json\" class=\"yoast-schema-graph\">{\"@context\":\"https:\/\/schema.org\",\"@graph\":[{\"@type\":\"WebPage\",\"@id\":\"https:\/\/www.noticiasradioreflejos.com.ar\/2021\/otro-dato-que-indica-que-la-recesion-no-se-supero-fuerte-caida-de-la-venta-de-combustibles\/\",\"url\":\"https:\/\/www.noticiasradioreflejos.com.ar\/2021\/otro-dato-que-indica-que-la-recesion-no-se-supero-fuerte-caida-de-la-venta-de-combustibles\/\",\"name\":\"Otro dato que indica que la recesi\u00f3n no se super\u00f3: fuerte ca\u00edda de la venta de combustibles - Noticias Radio Reflejos\",\"isPartOf\":{\"@id\":\"https:\/\/www.noticiasradioreflejos.com.ar\/2021\/#website\"},\"primaryImageOfPage\":{\"@id\":\"https:\/\/www.noticiasradioreflejos.com.ar\/2021\/otro-dato-que-indica-que-la-recesion-no-se-supero-fuerte-caida-de-la-venta-de-combustibles\/#primaryimage\"},\"image\":{\"@id\":\"https:\/\/www.noticiasradioreflejos.com.ar\/2021\/otro-dato-que-indica-que-la-recesion-no-se-supero-fuerte-caida-de-la-venta-de-combustibles\/#primaryimage\"},\"thumbnailUrl\":\"https:\/\/www.noticiasradioreflejos.com.ar\/2021\/wp-content\/uploads\/2024\/06\/YPF-Don-Juan-Nocturno.jpeg\",\"datePublished\":\"2024-06-26T13:58:54+00:00\",\"author\":{\"@id\":\"https:\/\/www.noticiasradioreflejos.com.ar\/2021\/#\/schema\/person\/ad82545263dcc5ec0996818884fd5fb1\"},\"breadcrumb\":{\"@id\":\"https:\/\/www.noticiasradioreflejos.com.ar\/2021\/otro-dato-que-indica-que-la-recesion-no-se-supero-fuerte-caida-de-la-venta-de-combustibles\/#breadcrumb\"},\"inLanguage\":\"es\",\"potentialAction\":[{\"@type\":\"ReadAction\",\"target\":[\"https:\/\/www.noticiasradioreflejos.com.ar\/2021\/otro-dato-que-indica-que-la-recesion-no-se-supero-fuerte-caida-de-la-venta-de-combustibles\/\"]}]},{\"@type\":\"ImageObject\",\"inLanguage\":\"es\",\"@id\":\"https:\/\/www.noticiasradioreflejos.com.ar\/2021\/otro-dato-que-indica-que-la-recesion-no-se-supero-fuerte-caida-de-la-venta-de-combustibles\/#primaryimage\",\"url\":\"https:\/\/www.noticiasradioreflejos.com.ar\/2021\/wp-content\/uploads\/2024\/06\/YPF-Don-Juan-Nocturno.jpeg\",\"contentUrl\":\"https:\/\/www.noticiasradioreflejos.com.ar\/2021\/wp-content\/uploads\/2024\/06\/YPF-Don-Juan-Nocturno.jpeg\",\"width\":1600,\"height\":1197},{\"@type\":\"BreadcrumbList\",\"@id\":\"https:\/\/www.noticiasradioreflejos.com.ar\/2021\/otro-dato-que-indica-que-la-recesion-no-se-supero-fuerte-caida-de-la-venta-de-combustibles\/#breadcrumb\",\"itemListElement\":[{\"@type\":\"ListItem\",\"position\":1,\"name\":\"Portada\",\"item\":\"https:\/\/www.noticiasradioreflejos.com.ar\/2021\/\"},{\"@type\":\"ListItem\",\"position\":2,\"name\":\"Otro dato que indica que la recesi\u00f3n no se super\u00f3: fuerte ca\u00edda de la venta de combustibles\"}]},{\"@type\":\"WebSite\",\"@id\":\"https:\/\/www.noticiasradioreflejos.com.ar\/2021\/#website\",\"url\":\"https:\/\/www.noticiasradioreflejos.com.ar\/2021\/\",\"name\":\"Noticias Radio Reflejos\",\"description\":\"Las noticias de mi comarca\",\"potentialAction\":[{\"@type\":\"SearchAction\",\"target\":{\"@type\":\"EntryPoint\",\"urlTemplate\":\"https:\/\/www.noticiasradioreflejos.com.ar\/2021\/?s={search_term_string}\"},\"query-input\":{\"@type\":\"PropertyValueSpecification\",\"valueRequired\":true,\"valueName\":\"search_term_string\"}}],\"inLanguage\":\"es\"},{\"@type\":\"Person\",\"@id\":\"https:\/\/www.noticiasradioreflejos.com.ar\/2021\/#\/schema\/person\/ad82545263dcc5ec0996818884fd5fb1\",\"name\":\"Arnaldo Botto\",\"image\":{\"@type\":\"ImageObject\",\"inLanguage\":\"es\",\"@id\":\"https:\/\/www.noticiasradioreflejos.com.ar\/2021\/#\/schema\/person\/image\/\",\"url\":\"https:\/\/secure.gravatar.com\/avatar\/55cb5e37c1efa326397366e6974cb338056df65cb50e7d64d1cf314e87504837?s=96&d=mm&r=g\",\"contentUrl\":\"https:\/\/secure.gravatar.com\/avatar\/55cb5e37c1efa326397366e6974cb338056df65cb50e7d64d1cf314e87504837?s=96&d=mm&r=g\",\"caption\":\"Arnaldo Botto\"},\"url\":\"https:\/\/www.noticiasradioreflejos.com.ar\/2021\/author\/arnaldo\/\"}]}<\/script>\n<!-- \/ Yoast SEO plugin. -->","yoast_head_json":{"title":"Otro dato que indica que la recesi\u00f3n no se super\u00f3: fuerte ca\u00edda de la venta de combustibles - Noticias Radio Reflejos","robots":{"index":"index","follow":"follow","max-snippet":"max-snippet:-1","max-image-preview":"max-image-preview:large","max-video-preview":"max-video-preview:-1"},"canonical":"https:\/\/www.noticiasradioreflejos.com.ar\/2021\/otro-dato-que-indica-que-la-recesion-no-se-supero-fuerte-caida-de-la-venta-de-combustibles\/","og_locale":"es_ES","og_type":"article","og_title":"Otro dato que indica que la recesi\u00f3n no se super\u00f3: fuerte ca\u00edda de la venta de combustibles - Noticias Radio Reflejos","og_description":"Se sumaron seis meses consecutivos con resultados interanuales negativos. Mejora frente a abril.","og_url":"https:\/\/www.noticiasradioreflejos.com.ar\/2021\/otro-dato-que-indica-que-la-recesion-no-se-supero-fuerte-caida-de-la-venta-de-combustibles\/","og_site_name":"Noticias Radio Reflejos","article_published_time":"2024-06-26T13:58:54+00:00","og_image":[{"width":1600,"height":1197,"url":"https:\/\/www.noticiasradioreflejos.com.ar\/2021\/wp-content\/uploads\/2024\/06\/YPF-Don-Juan-Nocturno.jpeg","type":"image\/jpeg"}],"author":"Arnaldo Botto","twitter_card":"summary_large_image","schema":{"@context":"https:\/\/schema.org","@graph":[{"@type":"WebPage","@id":"https:\/\/www.noticiasradioreflejos.com.ar\/2021\/otro-dato-que-indica-que-la-recesion-no-se-supero-fuerte-caida-de-la-venta-de-combustibles\/","url":"https:\/\/www.noticiasradioreflejos.com.ar\/2021\/otro-dato-que-indica-que-la-recesion-no-se-supero-fuerte-caida-de-la-venta-de-combustibles\/","name":"Otro dato que indica que la recesi\u00f3n no se super\u00f3: fuerte ca\u00edda de la venta de combustibles - Noticias Radio Reflejos","isPartOf":{"@id":"https:\/\/www.noticiasradioreflejos.com.ar\/2021\/#website"},"primaryImageOfPage":{"@id":"https:\/\/www.noticiasradioreflejos.com.ar\/2021\/otro-dato-que-indica-que-la-recesion-no-se-supero-fuerte-caida-de-la-venta-de-combustibles\/#primaryimage"},"image":{"@id":"https:\/\/www.noticiasradioreflejos.com.ar\/2021\/otro-dato-que-indica-que-la-recesion-no-se-supero-fuerte-caida-de-la-venta-de-combustibles\/#primaryimage"},"thumbnailUrl":"https:\/\/www.noticiasradioreflejos.com.ar\/2021\/wp-content\/uploads\/2024\/06\/YPF-Don-Juan-Nocturno.jpeg","datePublished":"2024-06-26T13:58:54+00:00","author":{"@id":"https:\/\/www.noticiasradioreflejos.com.ar\/2021\/#\/schema\/person\/ad82545263dcc5ec0996818884fd5fb1"},"breadcrumb":{"@id":"https:\/\/www.noticiasradioreflejos.com.ar\/2021\/otro-dato-que-indica-que-la-recesion-no-se-supero-fuerte-caida-de-la-venta-de-combustibles\/#breadcrumb"},"inLanguage":"es","potentialAction":[{"@type":"ReadAction","target":["https:\/\/www.noticiasradioreflejos.com.ar\/2021\/otro-dato-que-indica-que-la-recesion-no-se-supero-fuerte-caida-de-la-venta-de-combustibles\/"]}]},{"@type":"ImageObject","inLanguage":"es","@id":"https:\/\/www.noticiasradioreflejos.com.ar\/2021\/otro-dato-que-indica-que-la-recesion-no-se-supero-fuerte-caida-de-la-venta-de-combustibles\/#primaryimage","url":"https:\/\/www.noticiasradioreflejos.com.ar\/2021\/wp-content\/uploads\/2024\/06\/YPF-Don-Juan-Nocturno.jpeg","contentUrl":"https:\/\/www.noticiasradioreflejos.com.ar\/2021\/wp-content\/uploads\/2024\/06\/YPF-Don-Juan-Nocturno.jpeg","width":1600,"height":1197},{"@type":"BreadcrumbList","@id":"https:\/\/www.noticiasradioreflejos.com.ar\/2021\/otro-dato-que-indica-que-la-recesion-no-se-supero-fuerte-caida-de-la-venta-de-combustibles\/#breadcrumb","itemListElement":[{"@type":"ListItem","position":1,"name":"Portada","item":"https:\/\/www.noticiasradioreflejos.com.ar\/2021\/"},{"@type":"ListItem","position":2,"name":"Otro dato que indica que la recesi\u00f3n no se super\u00f3: fuerte ca\u00edda de la venta de combustibles"}]},{"@type":"WebSite","@id":"https:\/\/www.noticiasradioreflejos.com.ar\/2021\/#website","url":"https:\/\/www.noticiasradioreflejos.com.ar\/2021\/","name":"Noticias Radio Reflejos","description":"Las noticias de mi comarca","potentialAction":[{"@type":"SearchAction","target":{"@type":"EntryPoint","urlTemplate":"https:\/\/www.noticiasradioreflejos.com.ar\/2021\/?s={search_term_string}"},"query-input":{"@type":"PropertyValueSpecification","valueRequired":true,"valueName":"search_term_string"}}],"inLanguage":"es"},{"@type":"Person","@id":"https:\/\/www.noticiasradioreflejos.com.ar\/2021\/#\/schema\/person\/ad82545263dcc5ec0996818884fd5fb1","name":"Arnaldo Botto","image":{"@type":"ImageObject","inLanguage":"es","@id":"https:\/\/www.noticiasradioreflejos.com.ar\/2021\/#\/schema\/person\/image\/","url":"https:\/\/secure.gravatar.com\/avatar\/55cb5e37c1efa326397366e6974cb338056df65cb50e7d64d1cf314e87504837?s=96&d=mm&r=g","contentUrl":"https:\/\/secure.gravatar.com\/avatar\/55cb5e37c1efa326397366e6974cb338056df65cb50e7d64d1cf314e87504837?s=96&d=mm&r=g","caption":"Arnaldo Botto"},"url":"https:\/\/www.noticiasradioreflejos.com.ar\/2021\/author\/arnaldo\/"}]}},"_links":{"self":[{"href":"https:\/\/www.noticiasradioreflejos.com.ar\/2021\/wp-json\/wp\/v2\/posts\/104298","targetHints":{"allow":["GET"]}}],"collection":[{"href":"https:\/\/www.noticiasradioreflejos.com.ar\/2021\/wp-json\/wp\/v2\/posts"}],"about":[{"href":"https:\/\/www.noticiasradioreflejos.com.ar\/2021\/wp-json\/wp\/v2\/types\/post"}],"author":[{"embeddable":true,"href":"https:\/\/www.noticiasradioreflejos.com.ar\/2021\/wp-json\/wp\/v2\/users\/3"}],"replies":[{"embeddable":true,"href":"https:\/\/www.noticiasradioreflejos.com.ar\/2021\/wp-json\/wp\/v2\/comments?post=104298"}],"version-history":[{"count":1,"href":"https:\/\/www.noticiasradioreflejos.com.ar\/2021\/wp-json\/wp\/v2\/posts\/104298\/revisions"}],"predecessor-version":[{"id":104299,"href":"https:\/\/www.noticiasradioreflejos.com.ar\/2021\/wp-json\/wp\/v2\/posts\/104298\/revisions\/104299"}],"wp:featuredmedia":[{"embeddable":true,"href":"https:\/\/www.noticiasradioreflejos.com.ar\/2021\/wp-json\/wp\/v2\/media\/104170"}],"wp:attachment":[{"href":"https:\/\/www.noticiasradioreflejos.com.ar\/2021\/wp-json\/wp\/v2\/media?parent=104298"}],"wp:term":[{"taxonomy":"category","embeddable":true,"href":"https:\/\/www.noticiasradioreflejos.com.ar\/2021\/wp-json\/wp\/v2\/categories?post=104298"},{"taxonomy":"post_tag","embeddable":true,"href":"https:\/\/www.noticiasradioreflejos.com.ar\/2021\/wp-json\/wp\/v2\/tags?post=104298"}],"curies":[{"name":"wp","href":"https:\/\/api.w.org\/{rel}","templated":true}]}}