{"id":104294,"date":"2024-06-26T09:58:55","date_gmt":"2024-06-26T12:58:55","guid":{"rendered":"https:\/\/www.noticiasradioreflejos.com.ar\/2021\/?p=104294"},"modified":"2024-06-26T10:00:17","modified_gmt":"2024-06-26T13:00:17","slug":"133-aniversario-de-la-ucr","status":"publish","type":"post","link":"https:\/\/www.noticiasradioreflejos.com.ar\/2021\/133-aniversario-de-la-ucr\/","title":{"rendered":"133 aniversario de la UCR"},"content":{"rendered":"<p>En el 133 Aniversario de la Uni\u00f3n C\u00edvica Radical enviamos un caluroso saludo a todos los simpatizantes y afiliados, inst\u00e1ndolos a seguir defendiendo las banderas que nos representaron desde nuestros inicios.<!--more--><br \/>\nLa Fundaci\u00f3n de la Uni\u00f3n C\u00edvica Radical fue un evento pol\u00edtico importante en la historia de Argentina que tuvo lugar el 26 de junio de 1891. La UCR fue fundada con el objetivo de promover la participaci\u00f3n ciudadana, defender los principios democr\u00e1ticos y luchar por reformas pol\u00edticas y sociales.<br \/>\nEl contexto en el que se fund\u00f3 la UCR fue una \u00e9poca de descontento pol\u00edtico y corrupci\u00f3n en Argentina. En aquel entonces, el r\u00e9gimen pol\u00edtico estaba dominado por el Partido Autonomista Nacional, que gobernaba de manera autoritaria y exclu\u00eda a amplios sectores de la poblaci\u00f3n de la participaci\u00f3n pol\u00edtica.<br \/>\nEl principal impulsor de la fundaci\u00f3n de la UCR fue Leandro Alem, un destacado pol\u00edtico y l\u00edder radical. Alem estaba convencido de la necesidad de establecer un partido pol\u00edtico que representara los intereses de las clases medias y bajas, y que luchara por una mayor justicia social y democracia en el pa\u00eds.<br \/>\nEl acto de fundaci\u00f3n de la UCR tuvo lugar en un local c\u00e9ntrico de la ciudad de Buenos Aires conocido como \u00abCaf\u00e9 de la Paz\u00bb. All\u00ed, Alem y otros l\u00edderes pol\u00edticos, entre ellos Arist\u00f3bulo del Valle, Juan Carlos Belgrano, Bernardo de Irigoyen y Ricardo Levene, se reunieron para discutir los principios y objetivos del nuevo partido.<br \/>\nDurante la reuni\u00f3n, se redact\u00f3 y aprob\u00f3 un manifiesto pol\u00edtico conocido como el \u00abPrograma de la Uni\u00f3n C\u00edvica Radical\u00bb. En este programa, se destacaban las demandas de una reforma electoral que garantizara el sufragio universal, secreto y obligatorio, as\u00ed como la separaci\u00f3n de la Iglesia y el Estado, la autonom\u00eda municipal y la transparencia en la administraci\u00f3n p\u00fablica.<br \/>\nTras la fundaci\u00f3n de la UCR, el partido comenz\u00f3 a organizar y movilizar a sus seguidores en todo el pa\u00eds. Se establecieron comit\u00e9s locales y regionales, se realizaron actos pol\u00edticos y se difundieron las ideas y propuestas del partido a trav\u00e9s de peri\u00f3dicos y publicaciones.<br \/>\nLa UCR se convirti\u00f3 en una fuerza pol\u00edtica importante en Argentina, y su lucha por la democracia y la justicia social dej\u00f3 una huella duradera en la historia del pa\u00eds. A lo largo de los a\u00f1os, la UCR ha experimentado diferentes etapas y transformaciones, pero su fundaci\u00f3n en 1891 marc\u00f3 el comienzo de un movimiento pol\u00edtico que buscaba cambiar el rumbo de la pol\u00edtica argentina y promover los valores democr\u00e1ticos y progresistas.<\/p>\n<p><strong>Comit\u00e9 UCR Tornquist.<\/strong><span style=\"color: #888888;\"><br \/>\n<\/span><\/p>\n","protected":false},"excerpt":{"rendered":"<p>En el 133 Aniversario de la Uni\u00f3n C\u00edvica Radical enviamos un caluroso saludo a todos los simpatizantes y afiliados, inst\u00e1ndolos a seguir defendiendo las banderas que nos representaron desde nuestros inicios.<\/p>\n","protected":false},"author":3,"featured_media":85193,"comment_status":"closed","ping_status":"closed","sticky":false,"template":"","format":"standard","meta":{"footnotes":""},"categories":[24],"tags":[],"class_list":["post-104294","post","type-post","status-publish","format-standard","has-post-thumbnail","hentry","category-politica"],"yoast_head":"<!-- This site is optimized with the Yoast SEO plugin v25.9 - https:\/\/yoast.com\/wordpress\/plugins\/seo\/ -->\n<title>133 aniversario de la UCR - Noticias Radio Reflejos<\/title>\n<meta name=\"robots\" content=\"index, follow, max-snippet:-1, max-image-preview:large, max-video-preview:-1\" \/>\n<link rel=\"canonical\" href=\"https:\/\/www.noticiasradioreflejos.com.ar\/2021\/133-aniversario-de-la-ucr\/\" \/>\n<meta property=\"og:locale\" content=\"es_ES\" \/>\n<meta property=\"og:type\" content=\"article\" \/>\n<meta property=\"og:title\" content=\"133 aniversario de la UCR - Noticias Radio Reflejos\" \/>\n<meta property=\"og:description\" content=\"En el 133 Aniversario de la Uni\u00f3n C\u00edvica Radical enviamos un caluroso saludo a todos los simpatizantes y afiliados, inst\u00e1ndolos a seguir defendiendo las banderas que nos representaron desde nuestros inicios.\" \/>\n<meta property=\"og:url\" content=\"https:\/\/www.noticiasradioreflejos.com.ar\/2021\/133-aniversario-de-la-ucr\/\" \/>\n<meta property=\"og:site_name\" content=\"Noticias Radio Reflejos\" \/>\n<meta property=\"article:published_time\" content=\"2024-06-26T12:58:55+00:00\" \/>\n<meta property=\"article:modified_time\" content=\"2024-06-26T13:00:17+00:00\" \/>\n<meta property=\"og:image\" content=\"https:\/\/www.noticiasradioreflejos.com.ar\/2021\/wp-content\/uploads\/2023\/03\/UCR-TORNQUIST.png\" \/>\n\t<meta property=\"og:image:width\" content=\"940\" \/>\n\t<meta property=\"og:image:height\" content=\"788\" \/>\n\t<meta property=\"og:image:type\" content=\"image\/png\" \/>\n<meta name=\"author\" content=\"Arnaldo Botto\" \/>\n<meta name=\"twitter:card\" content=\"summary_large_image\" \/>\n<script type=\"application\/ld+json\" class=\"yoast-schema-graph\">{\"@context\":\"https:\/\/schema.org\",\"@graph\":[{\"@type\":\"WebPage\",\"@id\":\"https:\/\/www.noticiasradioreflejos.com.ar\/2021\/133-aniversario-de-la-ucr\/\",\"url\":\"https:\/\/www.noticiasradioreflejos.com.ar\/2021\/133-aniversario-de-la-ucr\/\",\"name\":\"133 aniversario de la UCR - Noticias Radio Reflejos\",\"isPartOf\":{\"@id\":\"https:\/\/www.noticiasradioreflejos.com.ar\/2021\/#website\"},\"primaryImageOfPage\":{\"@id\":\"https:\/\/www.noticiasradioreflejos.com.ar\/2021\/133-aniversario-de-la-ucr\/#primaryimage\"},\"image\":{\"@id\":\"https:\/\/www.noticiasradioreflejos.com.ar\/2021\/133-aniversario-de-la-ucr\/#primaryimage\"},\"thumbnailUrl\":\"https:\/\/www.noticiasradioreflejos.com.ar\/2021\/wp-content\/uploads\/2023\/03\/UCR-TORNQUIST.png\",\"datePublished\":\"2024-06-26T12:58:55+00:00\",\"dateModified\":\"2024-06-26T13:00:17+00:00\",\"author\":{\"@id\":\"https:\/\/www.noticiasradioreflejos.com.ar\/2021\/#\/schema\/person\/ad82545263dcc5ec0996818884fd5fb1\"},\"breadcrumb\":{\"@id\":\"https:\/\/www.noticiasradioreflejos.com.ar\/2021\/133-aniversario-de-la-ucr\/#breadcrumb\"},\"inLanguage\":\"es\",\"potentialAction\":[{\"@type\":\"ReadAction\",\"target\":[\"https:\/\/www.noticiasradioreflejos.com.ar\/2021\/133-aniversario-de-la-ucr\/\"]}]},{\"@type\":\"ImageObject\",\"inLanguage\":\"es\",\"@id\":\"https:\/\/www.noticiasradioreflejos.com.ar\/2021\/133-aniversario-de-la-ucr\/#primaryimage\",\"url\":\"https:\/\/www.noticiasradioreflejos.com.ar\/2021\/wp-content\/uploads\/2023\/03\/UCR-TORNQUIST.png\",\"contentUrl\":\"https:\/\/www.noticiasradioreflejos.com.ar\/2021\/wp-content\/uploads\/2023\/03\/UCR-TORNQUIST.png\",\"width\":940,\"height\":788},{\"@type\":\"BreadcrumbList\",\"@id\":\"https:\/\/www.noticiasradioreflejos.com.ar\/2021\/133-aniversario-de-la-ucr\/#breadcrumb\",\"itemListElement\":[{\"@type\":\"ListItem\",\"position\":1,\"name\":\"Portada\",\"item\":\"https:\/\/www.noticiasradioreflejos.com.ar\/2021\/\"},{\"@type\":\"ListItem\",\"position\":2,\"name\":\"133 aniversario de la UCR\"}]},{\"@type\":\"WebSite\",\"@id\":\"https:\/\/www.noticiasradioreflejos.com.ar\/2021\/#website\",\"url\":\"https:\/\/www.noticiasradioreflejos.com.ar\/2021\/\",\"name\":\"Noticias Radio Reflejos\",\"description\":\"Las noticias de mi comarca\",\"potentialAction\":[{\"@type\":\"SearchAction\",\"target\":{\"@type\":\"EntryPoint\",\"urlTemplate\":\"https:\/\/www.noticiasradioreflejos.com.ar\/2021\/?s={search_term_string}\"},\"query-input\":{\"@type\":\"PropertyValueSpecification\",\"valueRequired\":true,\"valueName\":\"search_term_string\"}}],\"inLanguage\":\"es\"},{\"@type\":\"Person\",\"@id\":\"https:\/\/www.noticiasradioreflejos.com.ar\/2021\/#\/schema\/person\/ad82545263dcc5ec0996818884fd5fb1\",\"name\":\"Arnaldo Botto\",\"image\":{\"@type\":\"ImageObject\",\"inLanguage\":\"es\",\"@id\":\"https:\/\/www.noticiasradioreflejos.com.ar\/2021\/#\/schema\/person\/image\/\",\"url\":\"https:\/\/secure.gravatar.com\/avatar\/55cb5e37c1efa326397366e6974cb338056df65cb50e7d64d1cf314e87504837?s=96&d=mm&r=g\",\"contentUrl\":\"https:\/\/secure.gravatar.com\/avatar\/55cb5e37c1efa326397366e6974cb338056df65cb50e7d64d1cf314e87504837?s=96&d=mm&r=g\",\"caption\":\"Arnaldo Botto\"},\"url\":\"https:\/\/www.noticiasradioreflejos.com.ar\/2021\/author\/arnaldo\/\"}]}<\/script>\n<!-- \/ Yoast SEO plugin. -->","yoast_head_json":{"title":"133 aniversario de la UCR - Noticias Radio Reflejos","robots":{"index":"index","follow":"follow","max-snippet":"max-snippet:-1","max-image-preview":"max-image-preview:large","max-video-preview":"max-video-preview:-1"},"canonical":"https:\/\/www.noticiasradioreflejos.com.ar\/2021\/133-aniversario-de-la-ucr\/","og_locale":"es_ES","og_type":"article","og_title":"133 aniversario de la UCR - Noticias Radio Reflejos","og_description":"En el 133 Aniversario de la Uni\u00f3n C\u00edvica Radical enviamos un caluroso saludo a todos los simpatizantes y afiliados, inst\u00e1ndolos a seguir defendiendo las banderas que nos representaron desde nuestros inicios.","og_url":"https:\/\/www.noticiasradioreflejos.com.ar\/2021\/133-aniversario-de-la-ucr\/","og_site_name":"Noticias Radio Reflejos","article_published_time":"2024-06-26T12:58:55+00:00","article_modified_time":"2024-06-26T13:00:17+00:00","og_image":[{"width":940,"height":788,"url":"https:\/\/www.noticiasradioreflejos.com.ar\/2021\/wp-content\/uploads\/2023\/03\/UCR-TORNQUIST.png","type":"image\/png"}],"author":"Arnaldo Botto","twitter_card":"summary_large_image","schema":{"@context":"https:\/\/schema.org","@graph":[{"@type":"WebPage","@id":"https:\/\/www.noticiasradioreflejos.com.ar\/2021\/133-aniversario-de-la-ucr\/","url":"https:\/\/www.noticiasradioreflejos.com.ar\/2021\/133-aniversario-de-la-ucr\/","name":"133 aniversario de la UCR - Noticias Radio Reflejos","isPartOf":{"@id":"https:\/\/www.noticiasradioreflejos.com.ar\/2021\/#website"},"primaryImageOfPage":{"@id":"https:\/\/www.noticiasradioreflejos.com.ar\/2021\/133-aniversario-de-la-ucr\/#primaryimage"},"image":{"@id":"https:\/\/www.noticiasradioreflejos.com.ar\/2021\/133-aniversario-de-la-ucr\/#primaryimage"},"thumbnailUrl":"https:\/\/www.noticiasradioreflejos.com.ar\/2021\/wp-content\/uploads\/2023\/03\/UCR-TORNQUIST.png","datePublished":"2024-06-26T12:58:55+00:00","dateModified":"2024-06-26T13:00:17+00:00","author":{"@id":"https:\/\/www.noticiasradioreflejos.com.ar\/2021\/#\/schema\/person\/ad82545263dcc5ec0996818884fd5fb1"},"breadcrumb":{"@id":"https:\/\/www.noticiasradioreflejos.com.ar\/2021\/133-aniversario-de-la-ucr\/#breadcrumb"},"inLanguage":"es","potentialAction":[{"@type":"ReadAction","target":["https:\/\/www.noticiasradioreflejos.com.ar\/2021\/133-aniversario-de-la-ucr\/"]}]},{"@type":"ImageObject","inLanguage":"es","@id":"https:\/\/www.noticiasradioreflejos.com.ar\/2021\/133-aniversario-de-la-ucr\/#primaryimage","url":"https:\/\/www.noticiasradioreflejos.com.ar\/2021\/wp-content\/uploads\/2023\/03\/UCR-TORNQUIST.png","contentUrl":"https:\/\/www.noticiasradioreflejos.com.ar\/2021\/wp-content\/uploads\/2023\/03\/UCR-TORNQUIST.png","width":940,"height":788},{"@type":"BreadcrumbList","@id":"https:\/\/www.noticiasradioreflejos.com.ar\/2021\/133-aniversario-de-la-ucr\/#breadcrumb","itemListElement":[{"@type":"ListItem","position":1,"name":"Portada","item":"https:\/\/www.noticiasradioreflejos.com.ar\/2021\/"},{"@type":"ListItem","position":2,"name":"133 aniversario de la UCR"}]},{"@type":"WebSite","@id":"https:\/\/www.noticiasradioreflejos.com.ar\/2021\/#website","url":"https:\/\/www.noticiasradioreflejos.com.ar\/2021\/","name":"Noticias Radio Reflejos","description":"Las noticias de mi comarca","potentialAction":[{"@type":"SearchAction","target":{"@type":"EntryPoint","urlTemplate":"https:\/\/www.noticiasradioreflejos.com.ar\/2021\/?s={search_term_string}"},"query-input":{"@type":"PropertyValueSpecification","valueRequired":true,"valueName":"search_term_string"}}],"inLanguage":"es"},{"@type":"Person","@id":"https:\/\/www.noticiasradioreflejos.com.ar\/2021\/#\/schema\/person\/ad82545263dcc5ec0996818884fd5fb1","name":"Arnaldo Botto","image":{"@type":"ImageObject","inLanguage":"es","@id":"https:\/\/www.noticiasradioreflejos.com.ar\/2021\/#\/schema\/person\/image\/","url":"https:\/\/secure.gravatar.com\/avatar\/55cb5e37c1efa326397366e6974cb338056df65cb50e7d64d1cf314e87504837?s=96&d=mm&r=g","contentUrl":"https:\/\/secure.gravatar.com\/avatar\/55cb5e37c1efa326397366e6974cb338056df65cb50e7d64d1cf314e87504837?s=96&d=mm&r=g","caption":"Arnaldo Botto"},"url":"https:\/\/www.noticiasradioreflejos.com.ar\/2021\/author\/arnaldo\/"}]}},"_links":{"self":[{"href":"https:\/\/www.noticiasradioreflejos.com.ar\/2021\/wp-json\/wp\/v2\/posts\/104294","targetHints":{"allow":["GET"]}}],"collection":[{"href":"https:\/\/www.noticiasradioreflejos.com.ar\/2021\/wp-json\/wp\/v2\/posts"}],"about":[{"href":"https:\/\/www.noticiasradioreflejos.com.ar\/2021\/wp-json\/wp\/v2\/types\/post"}],"author":[{"embeddable":true,"href":"https:\/\/www.noticiasradioreflejos.com.ar\/2021\/wp-json\/wp\/v2\/users\/3"}],"replies":[{"embeddable":true,"href":"https:\/\/www.noticiasradioreflejos.com.ar\/2021\/wp-json\/wp\/v2\/comments?post=104294"}],"version-history":[{"count":2,"href":"https:\/\/www.noticiasradioreflejos.com.ar\/2021\/wp-json\/wp\/v2\/posts\/104294\/revisions"}],"predecessor-version":[{"id":104297,"href":"https:\/\/www.noticiasradioreflejos.com.ar\/2021\/wp-json\/wp\/v2\/posts\/104294\/revisions\/104297"}],"wp:featuredmedia":[{"embeddable":true,"href":"https:\/\/www.noticiasradioreflejos.com.ar\/2021\/wp-json\/wp\/v2\/media\/85193"}],"wp:attachment":[{"href":"https:\/\/www.noticiasradioreflejos.com.ar\/2021\/wp-json\/wp\/v2\/media?parent=104294"}],"wp:term":[{"taxonomy":"category","embeddable":true,"href":"https:\/\/www.noticiasradioreflejos.com.ar\/2021\/wp-json\/wp\/v2\/categories?post=104294"},{"taxonomy":"post_tag","embeddable":true,"href":"https:\/\/www.noticiasradioreflejos.com.ar\/2021\/wp-json\/wp\/v2\/tags?post=104294"}],"curies":[{"name":"wp","href":"https:\/\/api.w.org\/{rel}","templated":true}]}}