{"id":104290,"date":"2024-06-26T08:03:36","date_gmt":"2024-06-26T11:03:36","guid":{"rendered":"https:\/\/www.noticiasradioreflejos.com.ar\/2021\/?p=104290"},"modified":"2024-06-26T08:05:00","modified_gmt":"2024-06-26T11:05:00","slug":"desaparicion-de-loan-que-es-el-pomberito-la-figura-mitica-que-nombro-la-abuela","status":"publish","type":"post","link":"https:\/\/www.noticiasradioreflejos.com.ar\/2021\/desaparicion-de-loan-que-es-el-pomberito-la-figura-mitica-que-nombro-la-abuela\/","title":{"rendered":"Desaparici\u00f3n de Loan: qu\u00e9 es el Pomberito, la figura m\u00edtica que nombr\u00f3 la abuela"},"content":{"rendered":"<p>La abuela de Loan mencion\u00f3 al Pomberito, figura m\u00edtica del folclore guaran\u00ed, al hablar sobre la desaparici\u00f3n de su nieto. Este ser de naturaleza dual es considerado tanto un protector ben\u00e9volo de la naturaleza como un ser vengativo con quienes la irrespetan.<!--more--><\/p>\n<div class=\"columns\" data-tadevel-template=\"web\/article-columns\">\n<div class=\"column-main\">\n<div class=\"article-body\" data-tadevel-template=\"web\/article-body\">\n<div class=\"article-body-content\">\n<p>La abuela de Loan, el ni\u00f1o desaparecido hace m\u00e1s de 10 d\u00edas, mencion\u00f3 al\u00a0<strong>Pomberito<\/strong>\u00a0al hablar sobre la desaparici\u00f3n de su nieto en varias entrevistas televisivas.. Esta enigm\u00e1tica figura, profundamente arraigada en el\u00a0<strong>folclore guaran\u00ed<\/strong>, ha despertado curiosidad e intriga en torno al caso.<\/p>\n<h3><\/h3>\n<h3><strong>El Pomberito: guardi\u00e1n de la naturaleza y ser de doble cara<\/strong><\/h3>\n<p>El Pomberito,\u00a0tambi\u00e9n conocido como el Pombero, es una figura m\u00edtica con unalarga historia en las culturas guaran\u00edes de Paraguay, Argentina y Brasil. Se le representa como un hombre peque\u00f1o y robusto, con una larga barba que oculta su rostro, pies que apuntan hacia atr\u00e1s y un sombrero de paja que lo protege del sol. Su hogar son los bosques y las zonas rurales, donde act\u00faa como\u00a0<strong>guardi\u00e1n de la naturaleza<\/strong>\u00a0y sus criaturas.<\/p>\n<p>Este ser m\u00edtico es conocido por su naturaleza dual.\u00a0Por un lado, se le considera un\u00a0<strong>protector ben\u00e9volo<\/strong>\u00a0que ayuda a los agricultores y pastores, cuidando de sus cultivos y animales a cambio de peque\u00f1as ofrendas como tabaco, miel o ca\u00f1a de az\u00facar. Incluso se dice que puede guiar a los viajeros perdidos en el bosque y proteger a los ni\u00f1os que se aventuran en \u00e9l.<\/p>\n<figure class=\"multimedia\" data-type=\"rich\" data-html=\"\" data-url=\"https:\/\/noticiasargentinas.com\/sociedad\/caso-loan--los-fiscales-confirmaron-que-carlos-perez-y-maria-caillava-son-los-cabecillas-de-la-organizacion-_a6679b5209abbbe359bb19eb8\" data-tadevel-template=\"web\/multimedia\"><\/figure>\n<p>Sin embargo,\u00a0el Pomberito tambi\u00e9n tiene un lado oscuro y travieso. Puede ser\u00a0<strong>vengativo<\/strong>\u00a0con aquellos que no respetan la naturaleza o se burlan de \u00e9l. Se cuenta que puede hacer ruidos extra\u00f1os en la noche, silbar de forma inquietante e incluso secuestrar a los ni\u00f1os que se adentran demasiado en el bosque sin permiso. Algunos creen que puede cambiar de forma, volverse invisible e incluso imitar la voz de un humano o un animal.<\/p>\n<h3><strong>El mito del Pomberito: un reflejo de la conexi\u00f3n con la naturaleza y la tradici\u00f3n oral<\/strong><\/h3>\n<p>El mito del Pomberito es un reflejo de la profunda conexi\u00f3n de las culturas guaran\u00edes con la naturaleza y su creencia en seres espirituales que la habitan.\u00a0A trav\u00e9s de esta figura, se transmiten valores como el\u00a0<strong>respeto por el medio ambiente<\/strong>, la importancia de vivir en armon\u00eda con \u00e9l y las consecuencias de no hacerlo.<\/p>\n<p>Estas leyendas han sido transmitidas oralmente de generaci\u00f3n en generaci\u00f3n,\u00a0manteniendo viva una rica\u00a0<strong>tradici\u00f3n cultural<\/strong>\u00a0que forma parte esencial del patrimonio de la regi\u00f3n. La menci\u00f3n del Pomberito por parte de la abuela de Loan nos recuerda la persistencia de estas creencias y su relevancia en la vida cotidiana de muchas comunidades.<\/p>\n<p>Si bien la desaparici\u00f3n de Loan es un acontecimiento tr\u00e1gico,\u00a0la menci\u00f3n del Pomberito nos invita a reflexionar sobre la importancia de preservar y valorar las\u00a0<strong>tradiciones orales<\/strong>\u00a0y las creencias que forman parte de nuestra identidad cultural.<\/p>\n<\/div>\n<\/div>\n<\/div>\n<\/div>\n","protected":false},"excerpt":{"rendered":"<p>La abuela de Loan mencion\u00f3 al Pomberito, figura m\u00edtica del folclore guaran\u00ed, al hablar sobre la desaparici\u00f3n de su nieto. Este ser de naturaleza dual es considerado tanto un protector ben\u00e9volo de la naturaleza como un ser vengativo con quienes la irrespetan.<\/p>\n","protected":false},"author":3,"featured_media":0,"comment_status":"closed","ping_status":"closed","sticky":false,"template":"","format":"standard","meta":{"footnotes":""},"categories":[35],"tags":[],"class_list":["post-104290","post","type-post","status-publish","format-standard","hentry","category-cultura"],"yoast_head":"<!-- This site is optimized with the Yoast SEO plugin v25.9 - https:\/\/yoast.com\/wordpress\/plugins\/seo\/ -->\n<title>Desaparici\u00f3n de Loan: qu\u00e9 es el Pomberito, la figura m\u00edtica que nombr\u00f3 la abuela - Noticias Radio Reflejos<\/title>\n<meta name=\"robots\" content=\"index, follow, max-snippet:-1, max-image-preview:large, max-video-preview:-1\" \/>\n<link rel=\"canonical\" href=\"https:\/\/www.noticiasradioreflejos.com.ar\/2021\/desaparicion-de-loan-que-es-el-pomberito-la-figura-mitica-que-nombro-la-abuela\/\" \/>\n<meta property=\"og:locale\" content=\"es_ES\" \/>\n<meta property=\"og:type\" content=\"article\" \/>\n<meta property=\"og:title\" content=\"Desaparici\u00f3n de Loan: qu\u00e9 es el Pomberito, la figura m\u00edtica que nombr\u00f3 la abuela - Noticias Radio Reflejos\" \/>\n<meta property=\"og:description\" content=\"La abuela de Loan mencion\u00f3 al Pomberito, figura m\u00edtica del folclore guaran\u00ed, al hablar sobre la desaparici\u00f3n de su nieto. Este ser de naturaleza dual es considerado tanto un protector ben\u00e9volo de la naturaleza como un ser vengativo con quienes la irrespetan.\" \/>\n<meta property=\"og:url\" content=\"https:\/\/www.noticiasradioreflejos.com.ar\/2021\/desaparicion-de-loan-que-es-el-pomberito-la-figura-mitica-que-nombro-la-abuela\/\" \/>\n<meta property=\"og:site_name\" content=\"Noticias Radio Reflejos\" \/>\n<meta property=\"article:published_time\" content=\"2024-06-26T11:03:36+00:00\" \/>\n<meta property=\"article:modified_time\" content=\"2024-06-26T11:05:00+00:00\" \/>\n<meta property=\"og:image\" content=\"https:\/\/www.noticiasradioreflejos.com.ar\/2021\/wp-content\/uploads\/2021\/07\/logosol300x200.png\" \/>\n\t<meta property=\"og:image:width\" content=\"300\" \/>\n\t<meta property=\"og:image:height\" content=\"200\" \/>\n\t<meta property=\"og:image:type\" content=\"image\/png\" \/>\n<meta name=\"author\" content=\"Arnaldo Botto\" \/>\n<meta name=\"twitter:card\" content=\"summary_large_image\" \/>\n<script type=\"application\/ld+json\" class=\"yoast-schema-graph\">{\"@context\":\"https:\/\/schema.org\",\"@graph\":[{\"@type\":\"WebPage\",\"@id\":\"https:\/\/www.noticiasradioreflejos.com.ar\/2021\/desaparicion-de-loan-que-es-el-pomberito-la-figura-mitica-que-nombro-la-abuela\/\",\"url\":\"https:\/\/www.noticiasradioreflejos.com.ar\/2021\/desaparicion-de-loan-que-es-el-pomberito-la-figura-mitica-que-nombro-la-abuela\/\",\"name\":\"Desaparici\u00f3n de Loan: qu\u00e9 es el Pomberito, la figura m\u00edtica que nombr\u00f3 la abuela - Noticias Radio Reflejos\",\"isPartOf\":{\"@id\":\"https:\/\/www.noticiasradioreflejos.com.ar\/2021\/#website\"},\"datePublished\":\"2024-06-26T11:03:36+00:00\",\"dateModified\":\"2024-06-26T11:05:00+00:00\",\"author\":{\"@id\":\"https:\/\/www.noticiasradioreflejos.com.ar\/2021\/#\/schema\/person\/ad82545263dcc5ec0996818884fd5fb1\"},\"breadcrumb\":{\"@id\":\"https:\/\/www.noticiasradioreflejos.com.ar\/2021\/desaparicion-de-loan-que-es-el-pomberito-la-figura-mitica-que-nombro-la-abuela\/#breadcrumb\"},\"inLanguage\":\"es\",\"potentialAction\":[{\"@type\":\"ReadAction\",\"target\":[\"https:\/\/www.noticiasradioreflejos.com.ar\/2021\/desaparicion-de-loan-que-es-el-pomberito-la-figura-mitica-que-nombro-la-abuela\/\"]}]},{\"@type\":\"BreadcrumbList\",\"@id\":\"https:\/\/www.noticiasradioreflejos.com.ar\/2021\/desaparicion-de-loan-que-es-el-pomberito-la-figura-mitica-que-nombro-la-abuela\/#breadcrumb\",\"itemListElement\":[{\"@type\":\"ListItem\",\"position\":1,\"name\":\"Portada\",\"item\":\"https:\/\/www.noticiasradioreflejos.com.ar\/2021\/\"},{\"@type\":\"ListItem\",\"position\":2,\"name\":\"Desaparici\u00f3n de Loan: qu\u00e9 es el Pomberito, la figura m\u00edtica que nombr\u00f3 la abuela\"}]},{\"@type\":\"WebSite\",\"@id\":\"https:\/\/www.noticiasradioreflejos.com.ar\/2021\/#website\",\"url\":\"https:\/\/www.noticiasradioreflejos.com.ar\/2021\/\",\"name\":\"Noticias Radio Reflejos\",\"description\":\"Las noticias de mi comarca\",\"potentialAction\":[{\"@type\":\"SearchAction\",\"target\":{\"@type\":\"EntryPoint\",\"urlTemplate\":\"https:\/\/www.noticiasradioreflejos.com.ar\/2021\/?s={search_term_string}\"},\"query-input\":{\"@type\":\"PropertyValueSpecification\",\"valueRequired\":true,\"valueName\":\"search_term_string\"}}],\"inLanguage\":\"es\"},{\"@type\":\"Person\",\"@id\":\"https:\/\/www.noticiasradioreflejos.com.ar\/2021\/#\/schema\/person\/ad82545263dcc5ec0996818884fd5fb1\",\"name\":\"Arnaldo Botto\",\"image\":{\"@type\":\"ImageObject\",\"inLanguage\":\"es\",\"@id\":\"https:\/\/www.noticiasradioreflejos.com.ar\/2021\/#\/schema\/person\/image\/\",\"url\":\"https:\/\/secure.gravatar.com\/avatar\/55cb5e37c1efa326397366e6974cb338056df65cb50e7d64d1cf314e87504837?s=96&d=mm&r=g\",\"contentUrl\":\"https:\/\/secure.gravatar.com\/avatar\/55cb5e37c1efa326397366e6974cb338056df65cb50e7d64d1cf314e87504837?s=96&d=mm&r=g\",\"caption\":\"Arnaldo Botto\"},\"url\":\"https:\/\/www.noticiasradioreflejos.com.ar\/2021\/author\/arnaldo\/\"}]}<\/script>\n<!-- \/ Yoast SEO plugin. -->","yoast_head_json":{"title":"Desaparici\u00f3n de Loan: qu\u00e9 es el Pomberito, la figura m\u00edtica que nombr\u00f3 la abuela - Noticias Radio Reflejos","robots":{"index":"index","follow":"follow","max-snippet":"max-snippet:-1","max-image-preview":"max-image-preview:large","max-video-preview":"max-video-preview:-1"},"canonical":"https:\/\/www.noticiasradioreflejos.com.ar\/2021\/desaparicion-de-loan-que-es-el-pomberito-la-figura-mitica-que-nombro-la-abuela\/","og_locale":"es_ES","og_type":"article","og_title":"Desaparici\u00f3n de Loan: qu\u00e9 es el Pomberito, la figura m\u00edtica que nombr\u00f3 la abuela - Noticias Radio Reflejos","og_description":"La abuela de Loan mencion\u00f3 al Pomberito, figura m\u00edtica del folclore guaran\u00ed, al hablar sobre la desaparici\u00f3n de su nieto. Este ser de naturaleza dual es considerado tanto un protector ben\u00e9volo de la naturaleza como un ser vengativo con quienes la irrespetan.","og_url":"https:\/\/www.noticiasradioreflejos.com.ar\/2021\/desaparicion-de-loan-que-es-el-pomberito-la-figura-mitica-que-nombro-la-abuela\/","og_site_name":"Noticias Radio Reflejos","article_published_time":"2024-06-26T11:03:36+00:00","article_modified_time":"2024-06-26T11:05:00+00:00","og_image":[{"width":300,"height":200,"url":"https:\/\/www.noticiasradioreflejos.com.ar\/2021\/wp-content\/uploads\/2021\/07\/logosol300x200.png","type":"image\/png"}],"author":"Arnaldo Botto","twitter_card":"summary_large_image","schema":{"@context":"https:\/\/schema.org","@graph":[{"@type":"WebPage","@id":"https:\/\/www.noticiasradioreflejos.com.ar\/2021\/desaparicion-de-loan-que-es-el-pomberito-la-figura-mitica-que-nombro-la-abuela\/","url":"https:\/\/www.noticiasradioreflejos.com.ar\/2021\/desaparicion-de-loan-que-es-el-pomberito-la-figura-mitica-que-nombro-la-abuela\/","name":"Desaparici\u00f3n de Loan: qu\u00e9 es el Pomberito, la figura m\u00edtica que nombr\u00f3 la abuela - Noticias Radio Reflejos","isPartOf":{"@id":"https:\/\/www.noticiasradioreflejos.com.ar\/2021\/#website"},"datePublished":"2024-06-26T11:03:36+00:00","dateModified":"2024-06-26T11:05:00+00:00","author":{"@id":"https:\/\/www.noticiasradioreflejos.com.ar\/2021\/#\/schema\/person\/ad82545263dcc5ec0996818884fd5fb1"},"breadcrumb":{"@id":"https:\/\/www.noticiasradioreflejos.com.ar\/2021\/desaparicion-de-loan-que-es-el-pomberito-la-figura-mitica-que-nombro-la-abuela\/#breadcrumb"},"inLanguage":"es","potentialAction":[{"@type":"ReadAction","target":["https:\/\/www.noticiasradioreflejos.com.ar\/2021\/desaparicion-de-loan-que-es-el-pomberito-la-figura-mitica-que-nombro-la-abuela\/"]}]},{"@type":"BreadcrumbList","@id":"https:\/\/www.noticiasradioreflejos.com.ar\/2021\/desaparicion-de-loan-que-es-el-pomberito-la-figura-mitica-que-nombro-la-abuela\/#breadcrumb","itemListElement":[{"@type":"ListItem","position":1,"name":"Portada","item":"https:\/\/www.noticiasradioreflejos.com.ar\/2021\/"},{"@type":"ListItem","position":2,"name":"Desaparici\u00f3n de Loan: qu\u00e9 es el Pomberito, la figura m\u00edtica que nombr\u00f3 la abuela"}]},{"@type":"WebSite","@id":"https:\/\/www.noticiasradioreflejos.com.ar\/2021\/#website","url":"https:\/\/www.noticiasradioreflejos.com.ar\/2021\/","name":"Noticias Radio Reflejos","description":"Las noticias de mi comarca","potentialAction":[{"@type":"SearchAction","target":{"@type":"EntryPoint","urlTemplate":"https:\/\/www.noticiasradioreflejos.com.ar\/2021\/?s={search_term_string}"},"query-input":{"@type":"PropertyValueSpecification","valueRequired":true,"valueName":"search_term_string"}}],"inLanguage":"es"},{"@type":"Person","@id":"https:\/\/www.noticiasradioreflejos.com.ar\/2021\/#\/schema\/person\/ad82545263dcc5ec0996818884fd5fb1","name":"Arnaldo Botto","image":{"@type":"ImageObject","inLanguage":"es","@id":"https:\/\/www.noticiasradioreflejos.com.ar\/2021\/#\/schema\/person\/image\/","url":"https:\/\/secure.gravatar.com\/avatar\/55cb5e37c1efa326397366e6974cb338056df65cb50e7d64d1cf314e87504837?s=96&d=mm&r=g","contentUrl":"https:\/\/secure.gravatar.com\/avatar\/55cb5e37c1efa326397366e6974cb338056df65cb50e7d64d1cf314e87504837?s=96&d=mm&r=g","caption":"Arnaldo Botto"},"url":"https:\/\/www.noticiasradioreflejos.com.ar\/2021\/author\/arnaldo\/"}]}},"_links":{"self":[{"href":"https:\/\/www.noticiasradioreflejos.com.ar\/2021\/wp-json\/wp\/v2\/posts\/104290","targetHints":{"allow":["GET"]}}],"collection":[{"href":"https:\/\/www.noticiasradioreflejos.com.ar\/2021\/wp-json\/wp\/v2\/posts"}],"about":[{"href":"https:\/\/www.noticiasradioreflejos.com.ar\/2021\/wp-json\/wp\/v2\/types\/post"}],"author":[{"embeddable":true,"href":"https:\/\/www.noticiasradioreflejos.com.ar\/2021\/wp-json\/wp\/v2\/users\/3"}],"replies":[{"embeddable":true,"href":"https:\/\/www.noticiasradioreflejos.com.ar\/2021\/wp-json\/wp\/v2\/comments?post=104290"}],"version-history":[{"count":2,"href":"https:\/\/www.noticiasradioreflejos.com.ar\/2021\/wp-json\/wp\/v2\/posts\/104290\/revisions"}],"predecessor-version":[{"id":104293,"href":"https:\/\/www.noticiasradioreflejos.com.ar\/2021\/wp-json\/wp\/v2\/posts\/104290\/revisions\/104293"}],"wp:attachment":[{"href":"https:\/\/www.noticiasradioreflejos.com.ar\/2021\/wp-json\/wp\/v2\/media?parent=104290"}],"wp:term":[{"taxonomy":"category","embeddable":true,"href":"https:\/\/www.noticiasradioreflejos.com.ar\/2021\/wp-json\/wp\/v2\/categories?post=104290"},{"taxonomy":"post_tag","embeddable":true,"href":"https:\/\/www.noticiasradioreflejos.com.ar\/2021\/wp-json\/wp\/v2\/tags?post=104290"}],"curies":[{"name":"wp","href":"https:\/\/api.w.org\/{rel}","templated":true}]}}