{"id":104241,"date":"2024-06-25T09:08:59","date_gmt":"2024-06-25T12:08:59","guid":{"rendered":"https:\/\/www.noticiasradioreflejos.com.ar\/2021\/?p=104241"},"modified":"2024-06-25T09:08:59","modified_gmt":"2024-06-25T12:08:59","slug":"las-privatizaciones-de-aerolineas-correo-y-medios-publicos-quedaron-a-tiro-de-caerse-en-la-ley-bases","status":"publish","type":"post","link":"https:\/\/www.noticiasradioreflejos.com.ar\/2021\/las-privatizaciones-de-aerolineas-correo-y-medios-publicos-quedaron-a-tiro-de-caerse-en-la-ley-bases\/","title":{"rendered":"Las privatizaciones de Aerol\u00edneas, Correo y medios p\u00fablicos quedaron a tiro de caerse en la Ley Bases"},"content":{"rendered":"<p>Hacemos Coalici\u00f3n Federal apoyar\u00e1 el paquete reducido de privatizaciones que aval\u00f3 el Senado y la UCR est\u00e1 partida en lo que refiere a ese cap\u00edtulo. Cobra fuerza la idea de aceptar los cambios del Senado a la Ley Bases en su totalidad.<!--more--><\/p>\n<div class=\"columns\" data-tadevel-template=\"web\/article-columns\">\n<div class=\"column-main\">\n<div class=\"article-body\" data-tadevel-template=\"web\/article-body\">\n<div class=\"article-body-content\">\n<p>El plan de privatizaciones del presidente\u00a0<strong>Javier Milei\u00a0<\/strong>recibi\u00f3 hoy un golpe letal al revelarse que el bloque Hacemos Coalici\u00f3n Federal que lidera<strong>\u00a0Miguel Pichetto<\/strong>\u00a0no avalar\u00e1 la inclusi\u00f3n dentro de ese paquete de<strong>\u00a0Aerol\u00edneas Argentinas, el Correo y Radio Televisi\u00f3n Argentina (RTA)<\/strong>\u00a0en el marco de la discusi\u00f3n de la ley de Bases que se votar\u00e1 el pr\u00f3ximo jueves en la C\u00e1mara de Diputados.<\/p>\n<p>Adem\u00e1s, se conoci\u00f3 que la postura de Rodrigo de Loredo de acompa\u00f1ar esas tres privatizaciones no era tan representativa como parec\u00eda al interior del bloque radical, donde conviven posturas contradictorias entre s\u00ed, repartidas pr\u00e1cticamente en mitades.<\/p>\n<p>Al avizorar un escenario adverso, el Gobierno habr\u00eda aceptado ceder en el cap\u00edtulo de las privatizaciones y habr\u00eda acordado con los bloques dialoguistas firmar un dictamen unificado aceptando la totalidad de los cambios aplicados por el Senado en la Ley Bases.<\/p>\n<p>Si el Gobierno, en cambio, decidiera junto al PRO insistir con esas privatizaciones, la decisi\u00f3n final pasar\u00eda a quedar en manos de Uni\u00f3n por la Patria.<\/p>\n<p>En ese hipot\u00e9tico escenario, el bloque que lidera Germ\u00e1n Mart\u00ednez se encontrar\u00eda sin quererlo en una disyuntiva moral, en un callej\u00f3n sin salida, dado que para evitar la entrega de Aerol\u00edneas, el Correo y los medios p\u00fablicos no le quedar\u00eda otro remedio, parad\u00f3jicamente, que apoyar las privatizaciones de otras empresas como Aysa, Nucleol\u00e9ctrica, Corredores Viales, Belgrano Cargas, SOFSE, YCRT, Energ\u00eda Argentina, Intercargo.<\/p>\n<p>Esto es as\u00ed porque si Uni\u00f3n por la Patria, teniendo que optar entre la versi\u00f3n reducida de privatizaciones del Senado y la ampliada de Diputados decidiera abstenerse, muy probablemente ganar\u00eda la votaci\u00f3n la postura de insistir en la que sali\u00f3 de la C\u00e1mara baja.<\/p>\n<p>Del c\u00f3nclave que realiz\u00f3 el bloque Hacemos Coalici\u00f3n Federal participaron, adem\u00e1s de\u00a0<strong>Pichetto, Emilio Monz\u00f3, Nicol\u00e1s Massot, Oscar Agost Carre\u00f1o, Margarita Stolbizer, Esteban Paul\u00f3n, Juan Br\u00fcgge y Francisco Morchio.<\/strong><\/p>\n<p>Seg\u00fan pudo saber\u00a0<strong>Noticias Argentinas<\/strong>, el compromiso de\u00a0<strong>Hacemos Coalici\u00f3n Federal<\/strong>\u00a0con el Gobierno llega hasta acompa\u00f1ar el rescate de la vuelta de Ganancias y la rebaja de Bienes Personales, dos iniciativas que se encuentran en la\u00a0<strong>Ley de Medidas Fiscales.<\/strong><\/p>\n<p>Pero en lo que refiere a la Ley Bases respetar\u00e1n los t\u00e9rminos de la sanci\u00f3n del Senado y no insistir\u00e1n con aspectos de la media sanci\u00f3n de Diputados, como quer\u00eda por ejemplo el PRO.<\/p>\n<p>Hacemos justifica su apoyo a insistir en Diputados con la restituci\u00f3n de Ganancias y la rebaja de Bienes Personales en el hecho de que estaban en el dictamen que se aprob\u00f3 en general en el Senado, antes de que esos art\u00edculos espec\u00edficos cayeran en el tratamiento en particular.<\/p>\n<\/div>\n<\/div>\n<\/div>\n<\/div>\n<p>&nbsp;<\/p>\n<p><strong>Fuente NA<\/strong><\/p>\n","protected":false},"excerpt":{"rendered":"<p>Hacemos Coalici\u00f3n Federal apoyar\u00e1 el paquete reducido de privatizaciones que aval\u00f3 el Senado y la UCR est\u00e1 partida en lo que refiere a ese cap\u00edtulo. Cobra fuerza la idea de aceptar los cambios del Senado a la Ley Bases en su totalidad.<\/p>\n","protected":false},"author":3,"featured_media":0,"comment_status":"closed","ping_status":"closed","sticky":false,"template":"","format":"standard","meta":{"footnotes":""},"categories":[36,24],"tags":[],"class_list":["post-104241","post","type-post","status-publish","format-standard","hentry","category-economia","category-politica"],"yoast_head":"<!-- This site is optimized with the Yoast SEO plugin v25.9 - https:\/\/yoast.com\/wordpress\/plugins\/seo\/ -->\n<title>Las privatizaciones de Aerol\u00edneas, Correo y medios p\u00fablicos quedaron a tiro de caerse en la Ley Bases - Noticias Radio Reflejos<\/title>\n<meta name=\"robots\" content=\"index, follow, max-snippet:-1, max-image-preview:large, max-video-preview:-1\" \/>\n<link rel=\"canonical\" href=\"https:\/\/www.noticiasradioreflejos.com.ar\/2021\/las-privatizaciones-de-aerolineas-correo-y-medios-publicos-quedaron-a-tiro-de-caerse-en-la-ley-bases\/\" \/>\n<meta property=\"og:locale\" content=\"es_ES\" \/>\n<meta property=\"og:type\" content=\"article\" \/>\n<meta property=\"og:title\" content=\"Las privatizaciones de Aerol\u00edneas, Correo y medios p\u00fablicos quedaron a tiro de caerse en la Ley Bases - Noticias Radio Reflejos\" \/>\n<meta property=\"og:description\" content=\"Hacemos Coalici\u00f3n Federal apoyar\u00e1 el paquete reducido de privatizaciones que aval\u00f3 el Senado y la UCR est\u00e1 partida en lo que refiere a ese cap\u00edtulo. Cobra fuerza la idea de aceptar los cambios del Senado a la Ley Bases en su totalidad.\" \/>\n<meta property=\"og:url\" content=\"https:\/\/www.noticiasradioreflejos.com.ar\/2021\/las-privatizaciones-de-aerolineas-correo-y-medios-publicos-quedaron-a-tiro-de-caerse-en-la-ley-bases\/\" \/>\n<meta property=\"og:site_name\" content=\"Noticias Radio Reflejos\" \/>\n<meta property=\"article:published_time\" content=\"2024-06-25T12:08:59+00:00\" \/>\n<meta property=\"og:image\" content=\"https:\/\/www.noticiasradioreflejos.com.ar\/2021\/wp-content\/uploads\/2021\/07\/logosol300x200.png\" \/>\n\t<meta property=\"og:image:width\" content=\"300\" \/>\n\t<meta property=\"og:image:height\" content=\"200\" \/>\n\t<meta property=\"og:image:type\" content=\"image\/png\" \/>\n<meta name=\"author\" content=\"Arnaldo Botto\" \/>\n<meta name=\"twitter:card\" content=\"summary_large_image\" \/>\n<script type=\"application\/ld+json\" class=\"yoast-schema-graph\">{\"@context\":\"https:\/\/schema.org\",\"@graph\":[{\"@type\":\"WebPage\",\"@id\":\"https:\/\/www.noticiasradioreflejos.com.ar\/2021\/las-privatizaciones-de-aerolineas-correo-y-medios-publicos-quedaron-a-tiro-de-caerse-en-la-ley-bases\/\",\"url\":\"https:\/\/www.noticiasradioreflejos.com.ar\/2021\/las-privatizaciones-de-aerolineas-correo-y-medios-publicos-quedaron-a-tiro-de-caerse-en-la-ley-bases\/\",\"name\":\"Las privatizaciones de Aerol\u00edneas, Correo y medios p\u00fablicos quedaron a tiro de caerse en la Ley Bases - Noticias Radio Reflejos\",\"isPartOf\":{\"@id\":\"https:\/\/www.noticiasradioreflejos.com.ar\/2021\/#website\"},\"datePublished\":\"2024-06-25T12:08:59+00:00\",\"author\":{\"@id\":\"https:\/\/www.noticiasradioreflejos.com.ar\/2021\/#\/schema\/person\/ad82545263dcc5ec0996818884fd5fb1\"},\"breadcrumb\":{\"@id\":\"https:\/\/www.noticiasradioreflejos.com.ar\/2021\/las-privatizaciones-de-aerolineas-correo-y-medios-publicos-quedaron-a-tiro-de-caerse-en-la-ley-bases\/#breadcrumb\"},\"inLanguage\":\"es\",\"potentialAction\":[{\"@type\":\"ReadAction\",\"target\":[\"https:\/\/www.noticiasradioreflejos.com.ar\/2021\/las-privatizaciones-de-aerolineas-correo-y-medios-publicos-quedaron-a-tiro-de-caerse-en-la-ley-bases\/\"]}]},{\"@type\":\"BreadcrumbList\",\"@id\":\"https:\/\/www.noticiasradioreflejos.com.ar\/2021\/las-privatizaciones-de-aerolineas-correo-y-medios-publicos-quedaron-a-tiro-de-caerse-en-la-ley-bases\/#breadcrumb\",\"itemListElement\":[{\"@type\":\"ListItem\",\"position\":1,\"name\":\"Portada\",\"item\":\"https:\/\/www.noticiasradioreflejos.com.ar\/2021\/\"},{\"@type\":\"ListItem\",\"position\":2,\"name\":\"Las privatizaciones de Aerol\u00edneas, Correo y medios p\u00fablicos quedaron a tiro de caerse en la Ley Bases\"}]},{\"@type\":\"WebSite\",\"@id\":\"https:\/\/www.noticiasradioreflejos.com.ar\/2021\/#website\",\"url\":\"https:\/\/www.noticiasradioreflejos.com.ar\/2021\/\",\"name\":\"Noticias Radio Reflejos\",\"description\":\"Las noticias de mi comarca\",\"potentialAction\":[{\"@type\":\"SearchAction\",\"target\":{\"@type\":\"EntryPoint\",\"urlTemplate\":\"https:\/\/www.noticiasradioreflejos.com.ar\/2021\/?s={search_term_string}\"},\"query-input\":{\"@type\":\"PropertyValueSpecification\",\"valueRequired\":true,\"valueName\":\"search_term_string\"}}],\"inLanguage\":\"es\"},{\"@type\":\"Person\",\"@id\":\"https:\/\/www.noticiasradioreflejos.com.ar\/2021\/#\/schema\/person\/ad82545263dcc5ec0996818884fd5fb1\",\"name\":\"Arnaldo Botto\",\"image\":{\"@type\":\"ImageObject\",\"inLanguage\":\"es\",\"@id\":\"https:\/\/www.noticiasradioreflejos.com.ar\/2021\/#\/schema\/person\/image\/\",\"url\":\"https:\/\/secure.gravatar.com\/avatar\/55cb5e37c1efa326397366e6974cb338056df65cb50e7d64d1cf314e87504837?s=96&d=mm&r=g\",\"contentUrl\":\"https:\/\/secure.gravatar.com\/avatar\/55cb5e37c1efa326397366e6974cb338056df65cb50e7d64d1cf314e87504837?s=96&d=mm&r=g\",\"caption\":\"Arnaldo Botto\"},\"url\":\"https:\/\/www.noticiasradioreflejos.com.ar\/2021\/author\/arnaldo\/\"}]}<\/script>\n<!-- \/ Yoast SEO plugin. -->","yoast_head_json":{"title":"Las privatizaciones de Aerol\u00edneas, Correo y medios p\u00fablicos quedaron a tiro de caerse en la Ley Bases - Noticias Radio Reflejos","robots":{"index":"index","follow":"follow","max-snippet":"max-snippet:-1","max-image-preview":"max-image-preview:large","max-video-preview":"max-video-preview:-1"},"canonical":"https:\/\/www.noticiasradioreflejos.com.ar\/2021\/las-privatizaciones-de-aerolineas-correo-y-medios-publicos-quedaron-a-tiro-de-caerse-en-la-ley-bases\/","og_locale":"es_ES","og_type":"article","og_title":"Las privatizaciones de Aerol\u00edneas, Correo y medios p\u00fablicos quedaron a tiro de caerse en la Ley Bases - Noticias Radio Reflejos","og_description":"Hacemos Coalici\u00f3n Federal apoyar\u00e1 el paquete reducido de privatizaciones que aval\u00f3 el Senado y la UCR est\u00e1 partida en lo que refiere a ese cap\u00edtulo. Cobra fuerza la idea de aceptar los cambios del Senado a la Ley Bases en su totalidad.","og_url":"https:\/\/www.noticiasradioreflejos.com.ar\/2021\/las-privatizaciones-de-aerolineas-correo-y-medios-publicos-quedaron-a-tiro-de-caerse-en-la-ley-bases\/","og_site_name":"Noticias Radio Reflejos","article_published_time":"2024-06-25T12:08:59+00:00","og_image":[{"width":300,"height":200,"url":"https:\/\/www.noticiasradioreflejos.com.ar\/2021\/wp-content\/uploads\/2021\/07\/logosol300x200.png","type":"image\/png"}],"author":"Arnaldo Botto","twitter_card":"summary_large_image","schema":{"@context":"https:\/\/schema.org","@graph":[{"@type":"WebPage","@id":"https:\/\/www.noticiasradioreflejos.com.ar\/2021\/las-privatizaciones-de-aerolineas-correo-y-medios-publicos-quedaron-a-tiro-de-caerse-en-la-ley-bases\/","url":"https:\/\/www.noticiasradioreflejos.com.ar\/2021\/las-privatizaciones-de-aerolineas-correo-y-medios-publicos-quedaron-a-tiro-de-caerse-en-la-ley-bases\/","name":"Las privatizaciones de Aerol\u00edneas, Correo y medios p\u00fablicos quedaron a tiro de caerse en la Ley Bases - Noticias Radio Reflejos","isPartOf":{"@id":"https:\/\/www.noticiasradioreflejos.com.ar\/2021\/#website"},"datePublished":"2024-06-25T12:08:59+00:00","author":{"@id":"https:\/\/www.noticiasradioreflejos.com.ar\/2021\/#\/schema\/person\/ad82545263dcc5ec0996818884fd5fb1"},"breadcrumb":{"@id":"https:\/\/www.noticiasradioreflejos.com.ar\/2021\/las-privatizaciones-de-aerolineas-correo-y-medios-publicos-quedaron-a-tiro-de-caerse-en-la-ley-bases\/#breadcrumb"},"inLanguage":"es","potentialAction":[{"@type":"ReadAction","target":["https:\/\/www.noticiasradioreflejos.com.ar\/2021\/las-privatizaciones-de-aerolineas-correo-y-medios-publicos-quedaron-a-tiro-de-caerse-en-la-ley-bases\/"]}]},{"@type":"BreadcrumbList","@id":"https:\/\/www.noticiasradioreflejos.com.ar\/2021\/las-privatizaciones-de-aerolineas-correo-y-medios-publicos-quedaron-a-tiro-de-caerse-en-la-ley-bases\/#breadcrumb","itemListElement":[{"@type":"ListItem","position":1,"name":"Portada","item":"https:\/\/www.noticiasradioreflejos.com.ar\/2021\/"},{"@type":"ListItem","position":2,"name":"Las privatizaciones de Aerol\u00edneas, Correo y medios p\u00fablicos quedaron a tiro de caerse en la Ley Bases"}]},{"@type":"WebSite","@id":"https:\/\/www.noticiasradioreflejos.com.ar\/2021\/#website","url":"https:\/\/www.noticiasradioreflejos.com.ar\/2021\/","name":"Noticias Radio Reflejos","description":"Las noticias de mi comarca","potentialAction":[{"@type":"SearchAction","target":{"@type":"EntryPoint","urlTemplate":"https:\/\/www.noticiasradioreflejos.com.ar\/2021\/?s={search_term_string}"},"query-input":{"@type":"PropertyValueSpecification","valueRequired":true,"valueName":"search_term_string"}}],"inLanguage":"es"},{"@type":"Person","@id":"https:\/\/www.noticiasradioreflejos.com.ar\/2021\/#\/schema\/person\/ad82545263dcc5ec0996818884fd5fb1","name":"Arnaldo Botto","image":{"@type":"ImageObject","inLanguage":"es","@id":"https:\/\/www.noticiasradioreflejos.com.ar\/2021\/#\/schema\/person\/image\/","url":"https:\/\/secure.gravatar.com\/avatar\/55cb5e37c1efa326397366e6974cb338056df65cb50e7d64d1cf314e87504837?s=96&d=mm&r=g","contentUrl":"https:\/\/secure.gravatar.com\/avatar\/55cb5e37c1efa326397366e6974cb338056df65cb50e7d64d1cf314e87504837?s=96&d=mm&r=g","caption":"Arnaldo Botto"},"url":"https:\/\/www.noticiasradioreflejos.com.ar\/2021\/author\/arnaldo\/"}]}},"_links":{"self":[{"href":"https:\/\/www.noticiasradioreflejos.com.ar\/2021\/wp-json\/wp\/v2\/posts\/104241","targetHints":{"allow":["GET"]}}],"collection":[{"href":"https:\/\/www.noticiasradioreflejos.com.ar\/2021\/wp-json\/wp\/v2\/posts"}],"about":[{"href":"https:\/\/www.noticiasradioreflejos.com.ar\/2021\/wp-json\/wp\/v2\/types\/post"}],"author":[{"embeddable":true,"href":"https:\/\/www.noticiasradioreflejos.com.ar\/2021\/wp-json\/wp\/v2\/users\/3"}],"replies":[{"embeddable":true,"href":"https:\/\/www.noticiasradioreflejos.com.ar\/2021\/wp-json\/wp\/v2\/comments?post=104241"}],"version-history":[{"count":1,"href":"https:\/\/www.noticiasradioreflejos.com.ar\/2021\/wp-json\/wp\/v2\/posts\/104241\/revisions"}],"predecessor-version":[{"id":104243,"href":"https:\/\/www.noticiasradioreflejos.com.ar\/2021\/wp-json\/wp\/v2\/posts\/104241\/revisions\/104243"}],"wp:attachment":[{"href":"https:\/\/www.noticiasradioreflejos.com.ar\/2021\/wp-json\/wp\/v2\/media?parent=104241"}],"wp:term":[{"taxonomy":"category","embeddable":true,"href":"https:\/\/www.noticiasradioreflejos.com.ar\/2021\/wp-json\/wp\/v2\/categories?post=104241"},{"taxonomy":"post_tag","embeddable":true,"href":"https:\/\/www.noticiasradioreflejos.com.ar\/2021\/wp-json\/wp\/v2\/tags?post=104241"}],"curies":[{"name":"wp","href":"https:\/\/api.w.org\/{rel}","templated":true}]}}