{"id":10424,"date":"2017-05-24T10:47:25","date_gmt":"2017-05-24T13:47:25","guid":{"rendered":"http:\/\/noticiasradioreflejos.com.ar\/noticias\/?p=10424"},"modified":"2017-05-24T10:47:25","modified_gmt":"2017-05-24T13:47:25","slug":"detenido-por-robo-calificado-en-tornquist","status":"publish","type":"post","link":"https:\/\/www.noticiasradioreflejos.com.ar\/2021\/detenido-por-robo-calificado-en-tornquist\/","title":{"rendered":"Detenido por robo calificado en Tornquist."},"content":{"rendered":"<p><a title=\"20170522_130313\" href=\"http:\/\/farm5.staticflickr.com\/4204\/34825105026_4fdd719bc3.jpg\" rel=\"\"><img loading=\"lazy\" decoding=\"async\" class=\"alignleft\" style=\"float: left;\" title=\"20170522_130313\" src=\"http:\/\/farm5.staticflickr.com\/4204\/34825105026_4fdd719bc3.jpg\" alt=\"20170522_130313\" width=\"500\" height=\"375\" \/><\/a>La Secretaria de Seguridad de la Municipalidad de Tornquist, lleva a conocimiento de la poblaci\u00f3n que a ra\u00edz de un hecho de Robo ocurrido en Tornquist con fecha Julio del a\u00f1o 2016 del que result\u00f3 damnificado Fernando Gabriel Maier, vecino del medio, tras realizar amplias tareas investigativas como as\u00ed tambi\u00e9n al trabajo mancomunado con Polic\u00eda Cient\u00edfica de Bah\u00eda Blanca, quien en su oportunidad pudiera obtener rastro dactilosc\u00f3pico del lugar del hecho; con fecha 22 del cte., el Juzgado de Garant\u00edas Numero 2 de Bah\u00eda Blanca, libra una ORDEN DE ALLANAMIENTO Y DETENCION,<!--more--> para un joven domiciliado en la localidad de Pedro Luro, Partido de Villarino. A ello, una comisi\u00f3n de personal policial de la Estaci\u00f3n Comunal de Tornquist viaja hacia dicha localidad, donde en conjunto con la Polic\u00eda de Pedro Luro, efectivizan la Orden de Allanamiento sobre el domicilio de CALLE 10 N\u00ba 573 DE PEDRO LURO, donde se logra la DETENCION DE WALTER ADRIAN ACEVEDO, de 24 a\u00f1os de edad, oriundo de Pedro Luro, por ser penalmente responsable del delito de ROBO CALIFICADO POR ESCALAMIENTO, siendo que el mismo luego de prestar declaraci\u00f3n indagatoria en sede de la Fiscal\u00eda N\u00ba 12, qued\u00f3 alojado en la Unidad Penitenciaria N\u00ba 4 de Bah\u00eda Blanca.-<br \/>\nSECRETARIA DE SEGURIDAD \u2013 MUNICIPALIDAD DE TORNQUIST.-<\/p>\n","protected":false},"excerpt":{"rendered":"<p>La Secretaria de Seguridad de la Municipalidad de Tornquist, lleva a conocimiento de la poblaci\u00f3n que a ra\u00edz de un hecho de Robo ocurrido en Tornquist con fecha Julio del a\u00f1o 2016 del que result\u00f3 damnificado Fernando Gabriel Maier, vecino del medio, tras realizar amplias tareas investigativas como as\u00ed tambi\u00e9n al trabajo mancomunado con Polic\u00eda [&hellip;]<\/p>\n","protected":false},"author":3,"featured_media":0,"comment_status":"closed","ping_status":"open","sticky":false,"template":"","format":"standard","meta":{"footnotes":""},"categories":[29],"tags":[],"class_list":["post-10424","post","type-post","status-publish","format-standard","hentry","category-policiales"],"yoast_head":"<!-- This site is optimized with the Yoast SEO plugin v25.9 - https:\/\/yoast.com\/wordpress\/plugins\/seo\/ -->\n<title>Detenido por robo calificado en Tornquist. - Noticias Radio Reflejos<\/title>\n<meta name=\"robots\" content=\"index, follow, max-snippet:-1, max-image-preview:large, max-video-preview:-1\" \/>\n<link rel=\"canonical\" href=\"https:\/\/www.noticiasradioreflejos.com.ar\/2021\/detenido-por-robo-calificado-en-tornquist\/\" \/>\n<meta property=\"og:locale\" content=\"es_ES\" \/>\n<meta property=\"og:type\" content=\"article\" \/>\n<meta property=\"og:title\" content=\"Detenido por robo calificado en Tornquist. - Noticias Radio Reflejos\" \/>\n<meta property=\"og:description\" content=\"La Secretaria de Seguridad de la Municipalidad de Tornquist, lleva a conocimiento de la poblaci\u00f3n que a ra\u00edz de un hecho de Robo ocurrido en Tornquist con fecha Julio del a\u00f1o 2016 del que result\u00f3 damnificado Fernando Gabriel Maier, vecino del medio, tras realizar amplias tareas investigativas como as\u00ed tambi\u00e9n al trabajo mancomunado con Polic\u00eda [&hellip;]\" \/>\n<meta property=\"og:url\" content=\"https:\/\/www.noticiasradioreflejos.com.ar\/2021\/detenido-por-robo-calificado-en-tornquist\/\" \/>\n<meta property=\"og:site_name\" content=\"Noticias Radio Reflejos\" \/>\n<meta property=\"article:published_time\" content=\"2017-05-24T13:47:25+00:00\" \/>\n<meta property=\"og:image\" content=\"http:\/\/farm5.staticflickr.com\/4204\/34825105026_4fdd719bc3.jpg\" \/>\n<meta name=\"author\" content=\"Arnaldo Botto\" \/>\n<meta name=\"twitter:card\" content=\"summary_large_image\" \/>\n<script type=\"application\/ld+json\" class=\"yoast-schema-graph\">{\"@context\":\"https:\/\/schema.org\",\"@graph\":[{\"@type\":\"WebPage\",\"@id\":\"https:\/\/www.noticiasradioreflejos.com.ar\/2021\/detenido-por-robo-calificado-en-tornquist\/\",\"url\":\"https:\/\/www.noticiasradioreflejos.com.ar\/2021\/detenido-por-robo-calificado-en-tornquist\/\",\"name\":\"Detenido por robo calificado en Tornquist. - Noticias Radio Reflejos\",\"isPartOf\":{\"@id\":\"https:\/\/www.noticiasradioreflejos.com.ar\/2021\/#website\"},\"primaryImageOfPage\":{\"@id\":\"https:\/\/www.noticiasradioreflejos.com.ar\/2021\/detenido-por-robo-calificado-en-tornquist\/#primaryimage\"},\"image\":{\"@id\":\"https:\/\/www.noticiasradioreflejos.com.ar\/2021\/detenido-por-robo-calificado-en-tornquist\/#primaryimage\"},\"thumbnailUrl\":\"http:\/\/farm5.staticflickr.com\/4204\/34825105026_4fdd719bc3.jpg\",\"datePublished\":\"2017-05-24T13:47:25+00:00\",\"author\":{\"@id\":\"https:\/\/www.noticiasradioreflejos.com.ar\/2021\/#\/schema\/person\/ad82545263dcc5ec0996818884fd5fb1\"},\"breadcrumb\":{\"@id\":\"https:\/\/www.noticiasradioreflejos.com.ar\/2021\/detenido-por-robo-calificado-en-tornquist\/#breadcrumb\"},\"inLanguage\":\"es\",\"potentialAction\":[{\"@type\":\"ReadAction\",\"target\":[\"https:\/\/www.noticiasradioreflejos.com.ar\/2021\/detenido-por-robo-calificado-en-tornquist\/\"]}]},{\"@type\":\"ImageObject\",\"inLanguage\":\"es\",\"@id\":\"https:\/\/www.noticiasradioreflejos.com.ar\/2021\/detenido-por-robo-calificado-en-tornquist\/#primaryimage\",\"url\":\"http:\/\/farm5.staticflickr.com\/4204\/34825105026_4fdd719bc3.jpg\",\"contentUrl\":\"http:\/\/farm5.staticflickr.com\/4204\/34825105026_4fdd719bc3.jpg\"},{\"@type\":\"BreadcrumbList\",\"@id\":\"https:\/\/www.noticiasradioreflejos.com.ar\/2021\/detenido-por-robo-calificado-en-tornquist\/#breadcrumb\",\"itemListElement\":[{\"@type\":\"ListItem\",\"position\":1,\"name\":\"Portada\",\"item\":\"https:\/\/www.noticiasradioreflejos.com.ar\/2021\/\"},{\"@type\":\"ListItem\",\"position\":2,\"name\":\"Detenido por robo calificado en Tornquist.\"}]},{\"@type\":\"WebSite\",\"@id\":\"https:\/\/www.noticiasradioreflejos.com.ar\/2021\/#website\",\"url\":\"https:\/\/www.noticiasradioreflejos.com.ar\/2021\/\",\"name\":\"Noticias Radio Reflejos\",\"description\":\"Las noticias de mi comarca\",\"potentialAction\":[{\"@type\":\"SearchAction\",\"target\":{\"@type\":\"EntryPoint\",\"urlTemplate\":\"https:\/\/www.noticiasradioreflejos.com.ar\/2021\/?s={search_term_string}\"},\"query-input\":{\"@type\":\"PropertyValueSpecification\",\"valueRequired\":true,\"valueName\":\"search_term_string\"}}],\"inLanguage\":\"es\"},{\"@type\":\"Person\",\"@id\":\"https:\/\/www.noticiasradioreflejos.com.ar\/2021\/#\/schema\/person\/ad82545263dcc5ec0996818884fd5fb1\",\"name\":\"Arnaldo Botto\",\"image\":{\"@type\":\"ImageObject\",\"inLanguage\":\"es\",\"@id\":\"https:\/\/www.noticiasradioreflejos.com.ar\/2021\/#\/schema\/person\/image\/\",\"url\":\"https:\/\/secure.gravatar.com\/avatar\/55cb5e37c1efa326397366e6974cb338056df65cb50e7d64d1cf314e87504837?s=96&d=mm&r=g\",\"contentUrl\":\"https:\/\/secure.gravatar.com\/avatar\/55cb5e37c1efa326397366e6974cb338056df65cb50e7d64d1cf314e87504837?s=96&d=mm&r=g\",\"caption\":\"Arnaldo Botto\"},\"url\":\"https:\/\/www.noticiasradioreflejos.com.ar\/2021\/author\/arnaldo\/\"}]}<\/script>\n<!-- \/ Yoast SEO plugin. -->","yoast_head_json":{"title":"Detenido por robo calificado en Tornquist. - Noticias Radio Reflejos","robots":{"index":"index","follow":"follow","max-snippet":"max-snippet:-1","max-image-preview":"max-image-preview:large","max-video-preview":"max-video-preview:-1"},"canonical":"https:\/\/www.noticiasradioreflejos.com.ar\/2021\/detenido-por-robo-calificado-en-tornquist\/","og_locale":"es_ES","og_type":"article","og_title":"Detenido por robo calificado en Tornquist. - Noticias Radio Reflejos","og_description":"La Secretaria de Seguridad de la Municipalidad de Tornquist, lleva a conocimiento de la poblaci\u00f3n que a ra\u00edz de un hecho de Robo ocurrido en Tornquist con fecha Julio del a\u00f1o 2016 del que result\u00f3 damnificado Fernando Gabriel Maier, vecino del medio, tras realizar amplias tareas investigativas como as\u00ed tambi\u00e9n al trabajo mancomunado con Polic\u00eda [&hellip;]","og_url":"https:\/\/www.noticiasradioreflejos.com.ar\/2021\/detenido-por-robo-calificado-en-tornquist\/","og_site_name":"Noticias Radio Reflejos","article_published_time":"2017-05-24T13:47:25+00:00","og_image":[{"url":"http:\/\/farm5.staticflickr.com\/4204\/34825105026_4fdd719bc3.jpg","type":"","width":"","height":""}],"author":"Arnaldo Botto","twitter_card":"summary_large_image","schema":{"@context":"https:\/\/schema.org","@graph":[{"@type":"WebPage","@id":"https:\/\/www.noticiasradioreflejos.com.ar\/2021\/detenido-por-robo-calificado-en-tornquist\/","url":"https:\/\/www.noticiasradioreflejos.com.ar\/2021\/detenido-por-robo-calificado-en-tornquist\/","name":"Detenido por robo calificado en Tornquist. - Noticias Radio Reflejos","isPartOf":{"@id":"https:\/\/www.noticiasradioreflejos.com.ar\/2021\/#website"},"primaryImageOfPage":{"@id":"https:\/\/www.noticiasradioreflejos.com.ar\/2021\/detenido-por-robo-calificado-en-tornquist\/#primaryimage"},"image":{"@id":"https:\/\/www.noticiasradioreflejos.com.ar\/2021\/detenido-por-robo-calificado-en-tornquist\/#primaryimage"},"thumbnailUrl":"http:\/\/farm5.staticflickr.com\/4204\/34825105026_4fdd719bc3.jpg","datePublished":"2017-05-24T13:47:25+00:00","author":{"@id":"https:\/\/www.noticiasradioreflejos.com.ar\/2021\/#\/schema\/person\/ad82545263dcc5ec0996818884fd5fb1"},"breadcrumb":{"@id":"https:\/\/www.noticiasradioreflejos.com.ar\/2021\/detenido-por-robo-calificado-en-tornquist\/#breadcrumb"},"inLanguage":"es","potentialAction":[{"@type":"ReadAction","target":["https:\/\/www.noticiasradioreflejos.com.ar\/2021\/detenido-por-robo-calificado-en-tornquist\/"]}]},{"@type":"ImageObject","inLanguage":"es","@id":"https:\/\/www.noticiasradioreflejos.com.ar\/2021\/detenido-por-robo-calificado-en-tornquist\/#primaryimage","url":"http:\/\/farm5.staticflickr.com\/4204\/34825105026_4fdd719bc3.jpg","contentUrl":"http:\/\/farm5.staticflickr.com\/4204\/34825105026_4fdd719bc3.jpg"},{"@type":"BreadcrumbList","@id":"https:\/\/www.noticiasradioreflejos.com.ar\/2021\/detenido-por-robo-calificado-en-tornquist\/#breadcrumb","itemListElement":[{"@type":"ListItem","position":1,"name":"Portada","item":"https:\/\/www.noticiasradioreflejos.com.ar\/2021\/"},{"@type":"ListItem","position":2,"name":"Detenido por robo calificado en Tornquist."}]},{"@type":"WebSite","@id":"https:\/\/www.noticiasradioreflejos.com.ar\/2021\/#website","url":"https:\/\/www.noticiasradioreflejos.com.ar\/2021\/","name":"Noticias Radio Reflejos","description":"Las noticias de mi comarca","potentialAction":[{"@type":"SearchAction","target":{"@type":"EntryPoint","urlTemplate":"https:\/\/www.noticiasradioreflejos.com.ar\/2021\/?s={search_term_string}"},"query-input":{"@type":"PropertyValueSpecification","valueRequired":true,"valueName":"search_term_string"}}],"inLanguage":"es"},{"@type":"Person","@id":"https:\/\/www.noticiasradioreflejos.com.ar\/2021\/#\/schema\/person\/ad82545263dcc5ec0996818884fd5fb1","name":"Arnaldo Botto","image":{"@type":"ImageObject","inLanguage":"es","@id":"https:\/\/www.noticiasradioreflejos.com.ar\/2021\/#\/schema\/person\/image\/","url":"https:\/\/secure.gravatar.com\/avatar\/55cb5e37c1efa326397366e6974cb338056df65cb50e7d64d1cf314e87504837?s=96&d=mm&r=g","contentUrl":"https:\/\/secure.gravatar.com\/avatar\/55cb5e37c1efa326397366e6974cb338056df65cb50e7d64d1cf314e87504837?s=96&d=mm&r=g","caption":"Arnaldo Botto"},"url":"https:\/\/www.noticiasradioreflejos.com.ar\/2021\/author\/arnaldo\/"}]}},"_links":{"self":[{"href":"https:\/\/www.noticiasradioreflejos.com.ar\/2021\/wp-json\/wp\/v2\/posts\/10424","targetHints":{"allow":["GET"]}}],"collection":[{"href":"https:\/\/www.noticiasradioreflejos.com.ar\/2021\/wp-json\/wp\/v2\/posts"}],"about":[{"href":"https:\/\/www.noticiasradioreflejos.com.ar\/2021\/wp-json\/wp\/v2\/types\/post"}],"author":[{"embeddable":true,"href":"https:\/\/www.noticiasradioreflejos.com.ar\/2021\/wp-json\/wp\/v2\/users\/3"}],"replies":[{"embeddable":true,"href":"https:\/\/www.noticiasradioreflejos.com.ar\/2021\/wp-json\/wp\/v2\/comments?post=10424"}],"version-history":[{"count":0,"href":"https:\/\/www.noticiasradioreflejos.com.ar\/2021\/wp-json\/wp\/v2\/posts\/10424\/revisions"}],"wp:attachment":[{"href":"https:\/\/www.noticiasradioreflejos.com.ar\/2021\/wp-json\/wp\/v2\/media?parent=10424"}],"wp:term":[{"taxonomy":"category","embeddable":true,"href":"https:\/\/www.noticiasradioreflejos.com.ar\/2021\/wp-json\/wp\/v2\/categories?post=10424"},{"taxonomy":"post_tag","embeddable":true,"href":"https:\/\/www.noticiasradioreflejos.com.ar\/2021\/wp-json\/wp\/v2\/tags?post=10424"}],"curies":[{"name":"wp","href":"https:\/\/api.w.org\/{rel}","templated":true}]}}