{"id":104192,"date":"2024-06-24T11:08:19","date_gmt":"2024-06-24T14:08:19","guid":{"rendered":"https:\/\/www.noticiasradioreflejos.com.ar\/2021\/?p=104192"},"modified":"2024-06-24T11:08:19","modified_gmt":"2024-06-24T14:08:19","slug":"vuelven-las-nevadas-a-la-patagonia-y-sera-la-region-mas-fria-de-america-las-temperaturas-llegaran-a-los-15c","status":"publish","type":"post","link":"https:\/\/www.noticiasradioreflejos.com.ar\/2021\/vuelven-las-nevadas-a-la-patagonia-y-sera-la-region-mas-fria-de-america-las-temperaturas-llegaran-a-los-15c\/","title":{"rendered":"Vuelven las nevadas a la Patagonia y ser\u00e1 la regi\u00f3n m\u00e1s fr\u00eda de Am\u00e9rica: las temperaturas llegar\u00e1n\u00a0a\u00a0los\u00a0-15\u00b0C"},"content":{"rendered":"<p>En dos provincias rige alerta roja. Luego de una leve mejor\u00eda en las zonas afectadas, nuevamente se espera una importante ca\u00edda de nieve, lluvias y fuertes vientos.<!--more--><\/p>\n<div class=\"body-article\">\n<div class=\"jwplayer-ctn\">\n<div>\n<div id=\"232KTD5FPZF7BG54RNIOL47JYU\" class=\"jwplayer jw-reset jw-state-idle jw-stretch-uniform jw-flag-aspect-mode jw-breakpoint-5 jw-floating-dismissible jw-keep-thumbnail jw-flag-user-inactive\" tabindex=\"0\" role=\"application\" aria-label=\"Reproductor de Video\" aria-describedby=\"jw-232KTD5FPZF7BG54RNIOL47JYU-shortcuts-tooltip-explanation\" data-compass-listening=\"true\">\n<div class=\"jw-wrapper jw-reset\">\n<div class=\"jw-media jw-reset\">La Patagonia transita uno de los per\u00edodos con mayor ca\u00edda de nieve de los \u00faltimos tiempos. El fen\u00f3meno golpe\u00f3 a varias provincias de la Argentina, donde adem\u00e1s bajaron notablemente las temperaturas. Este lunes, tras una leve mejor\u00eda, las se\u00f1ales de alerta comenzaron a encenderse nuevamente por el anticipo del <b>Servicio Meteorol\u00f3gico Nacional (SMN)<\/b>: se esperan nuevas nevadas, lluvias y fuertes vientos. Adem\u00e1s,\u00a0<b>la temperatura llegar\u00e1 a los -15\u00b0C, convirtiendo a la zona en la m\u00e1s fr\u00eda de Am\u00e9rica<\/b>.<\/div>\n<\/div>\n<\/div>\n<\/div>\n<\/div>\n<div class=\"news-module\" data-mrf-recirculation=\"IL_2_GB_9O-QPaEgG0T7rEvhQ\" data-testid=\"text-html\" data-mrf-experience=\"IL_2_GB_9O-QPaEgG0T7rEvhQ\">\n<div class=\"recommended-card__info\">\n<div class=\"recommended-card__info-button recommended-card__info-button--deportes\"><\/div>\n<\/div>\n<\/div>\n<p class=\"paragraph\" data-mrf-recirculation=\"Links inline\">El domingo se not\u00f3 un mejoramiento en cuanto a las nevadas y tambi\u00e9n empez\u00f3 a regularizarse la situaci\u00f3n en las localidades y rutas afectadas. Esto trajo buenas noticias tanto para la regi\u00f3n cordillerana como en el centro y sur de la Patagonia, donde experimentaron la abundante ca\u00edda de nieve que provoc\u00f3\u00a0<b>complicaciones en las rutas y pasos fronterizos<\/b>, y se vieron im\u00e1genes con\u00a0<b>camiones varados y servicios b\u00e1sicos interrumpidos<\/b>.<\/p>\n<p class=\"paragraph\" data-mrf-recirculation=\"Links inline\">De todas formas, el fr\u00edo ser\u00e1 la caracter\u00edstica principal de los pr\u00f3ximos d\u00edas con heladas matinales moderadas a severas en la Patagonia. Esto provocar\u00e1 un veloz desmejoramiento a partir del martes 25 en adelante, ya que\u00a0<b>van a volver a registrarse nevadas y lluvias<\/b>, seg\u00fan anticip\u00f3 la meteor\u00f3loga\u00a0<b>Cindy Fern\u00e1ndez<\/b>\u00a0a\u00a0<b>Infobae<\/b>. En el mismo sentido, la especialista detall\u00f3 que las temperaturas van a seguir muy bajas, con<b>\u00a0valores de entre -5 y -15 grados en las ma\u00f1anas\u00a0<\/b>y tardes, que tendr\u00e1n entre -5 y 5\u00b0C, al menos hasta el pr\u00f3ximo jueves. Asimismo, esto estar\u00eda acompa\u00f1ado por intensos vientos.<\/p>\n<div class=\"news-module\" data-mrf-recirculation=\"IL_wv5lqF4aQ7G5etrMMyn62Q\" data-testid=\"text-html\" data-mrf-experience=\"IL_wv5lqF4aQ7G5etrMMyn62Q\">\n<div class=\"recommended-card__info\">\n<div class=\"recommended-card__info-button recommended-card__info-button--deportes\"><\/div>\n<\/div>\n<\/div>\n<p class=\"paragraph\" data-mrf-recirculation=\"Links inline\">Igualmente, se cree que la situaci\u00f3n ser\u00e1 similar a la ocurrida recientemente, pero con menor intensidad. De todas formas, el escenario actual se ver\u00e1 perjudicado por la gran acumulaci\u00f3n de nieve y las temperaturas muy bajas, de acuerdo con lo precisado por\u00a0<i>Meteored<\/i>.<\/p>\n<div class=\"visual__image\"><img loading=\"lazy\" decoding=\"async\" class=\"\" src=\"https:\/\/www.infobae.com\/new-resizer\/24e53IH9UlEFyb6VW1jnvLqose4=\/420x236\/filters:format(webp):quality(85)\/cloudfront-us-east-1.images.arcpublishing.com\/infobae\/5QBR4ZKNOBFAHF3GBXORBPJ3KQ.jfif%20420w\" sizes=\"auto, (min-width: 1560px) 856px, (min-width: 1000px) calc(74.63vw - 293px), (min-width: 780px) calc(100vw - 376px), (min-width: 580px) calc(100vw - 32px), 100vw\" srcset=\"https:\/\/www.infobae.com\/new-resizer\/24e53IH9UlEFyb6VW1jnvLqose4=\/420x236\/filters:format(webp):quality(85)\/cloudfront-us-east-1.images.arcpublishing.com\/infobae\/5QBR4ZKNOBFAHF3GBXORBPJ3KQ.jfif 420w,https:\/\/www.infobae.com\/new-resizer\/q9XctbMO7lsa5VArl_yDI10rw2E=\/768x432\/filters:format(webp):quality(85)\/cloudfront-us-east-1.images.arcpublishing.com\/infobae\/5QBR4ZKNOBFAHF3GBXORBPJ3KQ.jfif 768w,https:\/\/www.infobae.com\/new-resizer\/OFdO_d_O6dIggL1jkLDdGsgl2II=\/992x558\/filters:format(webp):quality(85)\/cloudfront-us-east-1.images.arcpublishing.com\/infobae\/5QBR4ZKNOBFAHF3GBXORBPJ3KQ.jfif 992w,https:\/\/www.infobae.com\/new-resizer\/NFOCpfcvJkELlfZkF0bpn3VRCzE=\/1200x675\/filters:format(webp):quality(85)\/cloudfront-us-east-1.images.arcpublishing.com\/infobae\/5QBR4ZKNOBFAHF3GBXORBPJ3KQ.jfif 1200w,https:\/\/www.infobae.com\/new-resizer\/GmFKSNWx8HHmt3bKk4VISu9Y0B4=\/1440x810\/filters:format(webp):quality(85)\/cloudfront-us-east-1.images.arcpublishing.com\/infobae\/5QBR4ZKNOBFAHF3GBXORBPJ3KQ.jfif 1440w\" alt=\"En la Patagonia se registraron complicaciones en las rutas y pasos fronterizos. (Gobierno del Chubut)\" width=\"1920\" height=\"1080\" data-src=\"https:\/\/www.infobae.com\/new-resizer\/24e53IH9UlEFyb6VW1jnvLqose4=\/420x236\/filters:format(webp):quality(85)\/cloudfront-us-east-1.images.arcpublishing.com\/infobae\/5QBR4ZKNOBFAHF3GBXORBPJ3KQ.jfif 420w\" \/><strong>En la Patagonia se registraron complicaciones en las rutas y pasos fronterizos. (Gobierno del Chubut)<\/strong><\/div>\n<p data-mrf-recirculation=\"Links inline\">\n<p class=\"paragraph\" data-mrf-recirculation=\"Links inline\">Esto se hab\u00eda anticipado debido a que\u00a0<b>mayo reflej\u00f3 condiciones de tiempo excepcionalmente fr\u00edo<\/b>, promoviendo desde el inicio el ingreso de aire muy fresco en la regi\u00f3n de la Patagonia. Tambi\u00e9n se generaron intensas e inusuales nevadas en algunos sectores del noroeste de la regi\u00f3n. A partir del d\u00eda 8, descendieron las temperaturas en forma marcada y todo el pa\u00eds qued\u00f3 dominado por la masa de aire polar.<\/p>\n<div class=\"news-module\" data-mrf-recirculation=\"IL_JkB3GTBFTj2urpbOlzOORQ\" data-testid=\"text-html\" data-mrf-experience=\"IL_JkB3GTBFTj2urpbOlzOORQ\">\n<div class=\"recommended-card__info\">\n<div class=\"recommended-card__info-button recommended-card__info-button--deportes\"><\/div>\n<\/div>\n<\/div>\n<p class=\"paragraph\" data-mrf-recirculation=\"Links inline\">A partir del 22 de mayo las temperaturas descendieron nuevamente en forma notoria, con nevadas en C\u00f3rdoba, San Luis, Salta y Tucum\u00e1n. A su vez, hubo desv\u00edos entre dos y cinco grados por debajo de lo normal en varias provincias, como Chubut, R\u00edo Negro, Neuqu\u00e9n, La Pampa, C\u00f3rdoba, San Luis, Mendoza, San Juan, Tucum\u00e1n y La Rioja, quienes adem\u00e1s registraron el mayo m\u00e1s fr\u00edo de los \u00faltimos 63 a\u00f1os.<\/p>\n<p class=\"paragraph\" data-mrf-recirculation=\"Links inline\">En ese sentido, el gobernador de Chubut,\u00a0<b>Ignacio Torres<\/b>, confirm\u00f3 este domingo que lleg\u00f3\u00a0<b>primer avi\u00f3n H\u00e9rcules<\/b>\u00a0con ayuda para las familias afectadas por el temporal y que en las pr\u00f3ximas horas llegar\u00e1 m\u00e1s asistencia. \u201cNuestros equipos ya se encuentran trabajando para su correcta distribuci\u00f3n y para garantizar que, de forma inmediata y transparente, cada damnificado reciba lo que le corresponde\u201d, se\u00f1al\u00f3 el mandatario provincial.<\/p>\n<div class=\"visual__image\"><img loading=\"lazy\" decoding=\"async\" class=\"\" src=\"https:\/\/www.infobae.com\/new-resizer\/1m9riaMO_QU9ahHwCvgPo4mSVi8=\/420x420\/filters:format(webp):quality(85)\/cloudfront-us-east-1.images.arcpublishing.com\/infobae\/422AHS6LR5HYFBEDSLLUZTHTCM.jfif%20420w\" sizes=\"auto, (min-width: 1560px) 856px, (min-width: 1000px) calc(74.63vw - 293px), (min-width: 780px) calc(100vw - 376px), (min-width: 580px) calc(100vw - 32px), 100vw\" srcset=\"https:\/\/www.infobae.com\/new-resizer\/1m9riaMO_QU9ahHwCvgPo4mSVi8=\/420x420\/filters:format(webp):quality(85)\/cloudfront-us-east-1.images.arcpublishing.com\/infobae\/422AHS6LR5HYFBEDSLLUZTHTCM.jfif 420w,https:\/\/www.infobae.com\/new-resizer\/KJh6KEnJ4roG5isx0FGSKxdvKgo=\/768x768\/filters:format(webp):quality(85)\/cloudfront-us-east-1.images.arcpublishing.com\/infobae\/422AHS6LR5HYFBEDSLLUZTHTCM.jfif 768w,https:\/\/www.infobae.com\/new-resizer\/rV_dyBRrdCvgYe0IMdlYmgYmXFY=\/992x992\/filters:format(webp):quality(85)\/cloudfront-us-east-1.images.arcpublishing.com\/infobae\/422AHS6LR5HYFBEDSLLUZTHTCM.jfif 992w,https:\/\/www.infobae.com\/new-resizer\/h51Ke6qjks-csMYYANyTrS-mp74=\/1200x1200\/filters:format(webp):quality(85)\/cloudfront-us-east-1.images.arcpublishing.com\/infobae\/422AHS6LR5HYFBEDSLLUZTHTCM.jfif 1200w,https:\/\/www.infobae.com\/new-resizer\/_dPsgqNeIqltLgWBrE5o9E8CGwI=\/1440x1440\/filters:format(webp):quality(85)\/cloudfront-us-east-1.images.arcpublishing.com\/infobae\/422AHS6LR5HYFBEDSLLUZTHTCM.jfif 1440w\" alt=\"Se requiere extremar las precauciones al circular por las calles y utilizar los elementos de seguridad adecuados\" width=\"960\" height=\"960\" data-src=\"https:\/\/www.infobae.com\/new-resizer\/1m9riaMO_QU9ahHwCvgPo4mSVi8=\/420x420\/filters:format(webp):quality(85)\/cloudfront-us-east-1.images.arcpublishing.com\/infobae\/422AHS6LR5HYFBEDSLLUZTHTCM.jfif 420w\" \/><em>Se requiere extremar las precauciones al circular por las calles y utilizar los elementos de seguridad adecuados<\/em><\/div>\n<p data-mrf-recirculation=\"Links inline\">\n<p class=\"paragraph\" data-mrf-recirculation=\"Links inline\">La importancia del anuncio tiene que ver con que una de las provincias m\u00e1s afectadas es\u00a0<b>Chubut<\/b>, donde20 camiones, 2 colectivos y decenas de autos quedaran varados en la nieve, en el tramo de la ruta 3 que une Comodoro Rivadavia y Trelew. Adem\u00e1s, hubo veh\u00edculos varados en las rutas 26 y 37. Por su parte, el Ej\u00e9rcito Argentino, junto con Vialidad Nacional y Defensa Civil\u00a0<b>asisti\u00f3 a las personas con agua, comida y frazadas,\u00a0<\/b>y configur\u00f3 un operativo de evacuaci\u00f3n con veh\u00edculos.<\/p>\n<p class=\"paragraph\" data-mrf-recirculation=\"Links inline\">En igual sentido, el suministro de agua en Comodoro Rivadavia estuvo afectado durante todo el mi\u00e9rcoles. Mientras que en\u00a0<b>Mendoza<\/b>, las autoridades cerraron el cruce Cristo Redentor el jueves. Tambi\u00e9n se produjeron varias avalanchas en las zonas de Las Le\u00f1as y Malarg\u00fce.<\/p>\n<p class=\"paragraph\" data-mrf-recirculation=\"Links inline\">Ahora el pron\u00f3stico extendido indica que\u00a0<b>la Patagonia se convertir\u00e1 en la zona m\u00e1s fr\u00eda de Am\u00e9rica.<\/b>\u00a0Asimismo, se prev\u00e9 que los d\u00edas g\u00e9lidos regresen ya que toda la zona permanece<b>\u00a0bajo alerta amarilla<\/b>, a excepci\u00f3n de\u00a0<b>Santa Cruz y Tierra del Fuego, donde rige una alerta roja<\/b>.<\/p>\n<div class=\"visual__image\"><img loading=\"lazy\" decoding=\"async\" class=\"aligncenter\" src=\"https:\/\/www.infobae.com\/new-resizer\/zNCJ7w5cbKBT2P7NdfpUW-HvCR8=\/420x747\/filters:format(webp):quality(85)\/cloudfront-us-east-1.images.arcpublishing.com\/infobae\/TETM4OYEJVHFJBNBDXCMTK4LCE.png%20420w\" sizes=\"auto, (min-width: 1560px) 856px, (min-width: 1000px) calc(74.63vw - 293px), (min-width: 780px) calc(100vw - 376px), (min-width: 580px) calc(100vw - 32px), 100vw\" srcset=\"https:\/\/www.infobae.com\/new-resizer\/zNCJ7w5cbKBT2P7NdfpUW-HvCR8=\/420x747\/filters:format(webp):quality(85)\/cloudfront-us-east-1.images.arcpublishing.com\/infobae\/TETM4OYEJVHFJBNBDXCMTK4LCE.png 420w,https:\/\/www.infobae.com\/new-resizer\/eZNIr0Lh27f7JHK3LLUGeCpeiQY=\/768x1365\/filters:format(webp):quality(85)\/cloudfront-us-east-1.images.arcpublishing.com\/infobae\/TETM4OYEJVHFJBNBDXCMTK4LCE.png 768w,https:\/\/www.infobae.com\/new-resizer\/R2NpI0u_nswPtWmQmI8RIkjLm8E=\/992x1764\/filters:format(webp):quality(85)\/cloudfront-us-east-1.images.arcpublishing.com\/infobae\/TETM4OYEJVHFJBNBDXCMTK4LCE.png 992w,https:\/\/www.infobae.com\/new-resizer\/_EZDs7lzOkdretlRv7yRsJvvaz4=\/1200x2133\/filters:format(webp):quality(85)\/cloudfront-us-east-1.images.arcpublishing.com\/infobae\/TETM4OYEJVHFJBNBDXCMTK4LCE.png 1200w\" alt=\"Rigen alertas amarilla y roja por bajas temperaturas en la Patagonia\" width=\"388\" height=\"800\" data-src=\"https:\/\/www.infobae.com\/new-resizer\/zNCJ7w5cbKBT2P7NdfpUW-HvCR8=\/420x747\/filters:format(webp):quality(85)\/cloudfront-us-east-1.images.arcpublishing.com\/infobae\/TETM4OYEJVHFJBNBDXCMTK4LCE.png 420w\" \/><em>Rigen alertas amarilla y roja por bajas temperaturas en la Patagonia<\/em><\/div>\n<p data-mrf-recirculation=\"Links inline\">\n<p class=\"paragraph\" data-mrf-recirculation=\"Links inline\">De acuerdo a las temperaturas que est\u00e1n previstas para esta semana, Santa Cruz encabeza la lista de provincias que ser\u00e1n azotadas por el fr\u00edo extremo: este lunes, la m\u00ednima en R\u00edo Gallegos ser\u00e1 de -11 grados y, el s\u00e1bado, bajar\u00e1 hasta los -15 grados.<\/p>\n<p class=\"paragraph\" data-mrf-recirculation=\"Links inline\">En Tierra del Fuego, en R\u00edo Grande, se esperan m\u00ednimas de -9 grados y de -11 durante el final de la semana. En tanto, en Ushuaia, las temperaturas previstas oscilan los -7 grados.<\/p>\n<div class=\"visual__image\"><em><img loading=\"lazy\" decoding=\"async\" class=\"\" src=\"https:\/\/www.infobae.com\/new-resizer\/QcqZWjKSzzvLyglaB1DF5wS3ZoQ=\/420x236\/filters:format(webp):quality(85)\/cloudfront-us-east-1.images.arcpublishing.com\/infobae\/57JDMGIP3BGGJOZQPXERURRVLE.jfif%20420w\" sizes=\"auto, (min-width: 1560px) 856px, (min-width: 1000px) calc(74.63vw - 293px), (min-width: 780px) calc(100vw - 376px), (min-width: 580px) calc(100vw - 32px), 100vw\" srcset=\"https:\/\/www.infobae.com\/new-resizer\/QcqZWjKSzzvLyglaB1DF5wS3ZoQ=\/420x236\/filters:format(webp):quality(85)\/cloudfront-us-east-1.images.arcpublishing.com\/infobae\/57JDMGIP3BGGJOZQPXERURRVLE.jfif 420w,https:\/\/www.infobae.com\/new-resizer\/MsriPgvpvW_8yl_lJoWcF9-5rJc=\/768x432\/filters:format(webp):quality(85)\/cloudfront-us-east-1.images.arcpublishing.com\/infobae\/57JDMGIP3BGGJOZQPXERURRVLE.jfif 768w,https:\/\/www.infobae.com\/new-resizer\/YHHQr_3r0HFsrisg3fJDzJbGUoY=\/992x558\/filters:format(webp):quality(85)\/cloudfront-us-east-1.images.arcpublishing.com\/infobae\/57JDMGIP3BGGJOZQPXERURRVLE.jfif 992w,https:\/\/www.infobae.com\/new-resizer\/md3YgG1Y0EG0efDkSmNoy3NECJk=\/1200x675\/filters:format(webp):quality(85)\/cloudfront-us-east-1.images.arcpublishing.com\/infobae\/57JDMGIP3BGGJOZQPXERURRVLE.jfif 1200w,https:\/\/www.infobae.com\/new-resizer\/djTgzCgMssdMwNBxA9d_9Xa8PbI=\/1440x810\/filters:format(webp):quality(85)\/cloudfront-us-east-1.images.arcpublishing.com\/infobae\/57JDMGIP3BGGJOZQPXERURRVLE.jfif 1440w\" alt=\"Vuelven las nevadas en la Patagonia y las temperaturas llegar\u00e1n a los -15\u00b0C\" width=\"1280\" height=\"720\" data-src=\"https:\/\/www.infobae.com\/new-resizer\/QcqZWjKSzzvLyglaB1DF5wS3ZoQ=\/420x236\/filters:format(webp):quality(85)\/cloudfront-us-east-1.images.arcpublishing.com\/infobae\/57JDMGIP3BGGJOZQPXERURRVLE.jfif 420w\" \/>Vuelven las nevadas en la Patagonia y las temperaturas llegar\u00e1n a los -15\u00b0C<\/em><\/div>\n<p data-mrf-recirculation=\"Links inline\">\n<p class=\"paragraph\" data-mrf-recirculation=\"Links inline\">En Neuqu\u00e9n, las temperaturas oscilan los -6 grados; y en R\u00edo Negro, tambi\u00e9n, descendiendo a los -8 grados en Bariloche. En tanto, en Chubut, las m\u00ednimas registradas ser\u00e1n de -3 y -6 grados.<\/p>\n<div class=\"headline-wrapper\">\n<h2 class=\"header headline-class-h2\">Las recomendaciones<\/h2>\n<\/div>\n<p class=\"paragraph\" data-mrf-recirculation=\"Links inline\">Para evitar complicaciones mayores, es importante adoptar un uso racional del\u00a0<b>recurso h\u00eddrico<\/b>\u00a0y para evitar el congelamiento de las ca\u00f1er\u00edas. Adem\u00e1s, se solicita moderar el consumo de\u00a0<b>gas<\/b>\u00a0para evitar sobrecargas en el sistema.<\/p>\n<p class=\"paragraph\" data-mrf-recirculation=\"Links inline\">A su vez, se requiere extremar las precauciones al circular por las calles y utilizar los elementos de seguridad adecuados, como\u00a0<b>neum\u00e1ticos con clavos, siliconados o cadenas<\/b>. Tambi\u00e9n se recuerda que esta prohibida la circulaci\u00f3n sin estos elementos. Para circular en \u00e1reas cordilleranas o cercanas a las mismas es obligatorio portar cadenas y -de ser posible- no desplazarse durante la noche.<\/p>\n<\/div>\n<p data-mrf-recirculation=\"Links inline\">\n<p data-mrf-recirculation=\"Links inline\"><em><strong>fuente Infobae<\/strong><\/em><\/p>\n","protected":false},"excerpt":{"rendered":"<p>En dos provincias rige alerta roja. Luego de una leve mejor\u00eda en las zonas afectadas, nuevamente se espera una importante ca\u00edda de nieve, lluvias y fuertes vientos.<\/p>\n","protected":false},"author":3,"featured_media":0,"comment_status":"closed","ping_status":"closed","sticky":false,"template":"","format":"standard","meta":{"footnotes":""},"categories":[46],"tags":[],"class_list":["post-104192","post","type-post","status-publish","format-standard","hentry","category-ciencia-y-tecnologia"],"yoast_head":"<!-- This site is optimized with the Yoast SEO plugin v25.9 - https:\/\/yoast.com\/wordpress\/plugins\/seo\/ -->\n<title>Vuelven las nevadas a la Patagonia y ser\u00e1 la regi\u00f3n m\u00e1s fr\u00eda de Am\u00e9rica: las temperaturas llegar\u00e1n\u00a0a\u00a0los\u00a0-15\u00b0C - Noticias Radio Reflejos<\/title>\n<meta name=\"robots\" content=\"index, follow, max-snippet:-1, max-image-preview:large, max-video-preview:-1\" \/>\n<link rel=\"canonical\" href=\"https:\/\/www.noticiasradioreflejos.com.ar\/2021\/vuelven-las-nevadas-a-la-patagonia-y-sera-la-region-mas-fria-de-america-las-temperaturas-llegaran-a-los-15c\/\" \/>\n<meta property=\"og:locale\" content=\"es_ES\" \/>\n<meta property=\"og:type\" content=\"article\" \/>\n<meta property=\"og:title\" content=\"Vuelven las nevadas a la Patagonia y ser\u00e1 la regi\u00f3n m\u00e1s fr\u00eda de Am\u00e9rica: las temperaturas llegar\u00e1n\u00a0a\u00a0los\u00a0-15\u00b0C - Noticias Radio Reflejos\" \/>\n<meta property=\"og:description\" content=\"En dos provincias rige alerta roja. Luego de una leve mejor\u00eda en las zonas afectadas, nuevamente se espera una importante ca\u00edda de nieve, lluvias y fuertes vientos.\" \/>\n<meta property=\"og:url\" content=\"https:\/\/www.noticiasradioreflejos.com.ar\/2021\/vuelven-las-nevadas-a-la-patagonia-y-sera-la-region-mas-fria-de-america-las-temperaturas-llegaran-a-los-15c\/\" \/>\n<meta property=\"og:site_name\" content=\"Noticias Radio Reflejos\" \/>\n<meta property=\"article:published_time\" content=\"2024-06-24T14:08:19+00:00\" \/>\n<meta property=\"og:image\" content=\"https:\/\/www.infobae.com\/new-resizer\/24e53IH9UlEFyb6VW1jnvLqose4=\/420x236\/filters:format(webp):quality(85)\/cloudfront-us-east-1.images.arcpublishing.com\/infobae\/5QBR4ZKNOBFAHF3GBXORBPJ3KQ.jfif%20420w\" \/>\n<meta name=\"author\" content=\"Arnaldo Botto\" \/>\n<meta name=\"twitter:card\" content=\"summary_large_image\" \/>\n<script type=\"application\/ld+json\" class=\"yoast-schema-graph\">{\"@context\":\"https:\/\/schema.org\",\"@graph\":[{\"@type\":\"WebPage\",\"@id\":\"https:\/\/www.noticiasradioreflejos.com.ar\/2021\/vuelven-las-nevadas-a-la-patagonia-y-sera-la-region-mas-fria-de-america-las-temperaturas-llegaran-a-los-15c\/\",\"url\":\"https:\/\/www.noticiasradioreflejos.com.ar\/2021\/vuelven-las-nevadas-a-la-patagonia-y-sera-la-region-mas-fria-de-america-las-temperaturas-llegaran-a-los-15c\/\",\"name\":\"Vuelven las nevadas a la Patagonia y ser\u00e1 la regi\u00f3n m\u00e1s fr\u00eda de Am\u00e9rica: las temperaturas llegar\u00e1n\u00a0a\u00a0los\u00a0-15\u00b0C - Noticias Radio Reflejos\",\"isPartOf\":{\"@id\":\"https:\/\/www.noticiasradioreflejos.com.ar\/2021\/#website\"},\"primaryImageOfPage\":{\"@id\":\"https:\/\/www.noticiasradioreflejos.com.ar\/2021\/vuelven-las-nevadas-a-la-patagonia-y-sera-la-region-mas-fria-de-america-las-temperaturas-llegaran-a-los-15c\/#primaryimage\"},\"image\":{\"@id\":\"https:\/\/www.noticiasradioreflejos.com.ar\/2021\/vuelven-las-nevadas-a-la-patagonia-y-sera-la-region-mas-fria-de-america-las-temperaturas-llegaran-a-los-15c\/#primaryimage\"},\"thumbnailUrl\":\"https:\/\/www.infobae.com\/new-resizer\/24e53IH9UlEFyb6VW1jnvLqose4=\/420x236\/filters:format(webp):quality(85)\/cloudfront-us-east-1.images.arcpublishing.com\/infobae\/5QBR4ZKNOBFAHF3GBXORBPJ3KQ.jfif%20420w\",\"datePublished\":\"2024-06-24T14:08:19+00:00\",\"author\":{\"@id\":\"https:\/\/www.noticiasradioreflejos.com.ar\/2021\/#\/schema\/person\/ad82545263dcc5ec0996818884fd5fb1\"},\"breadcrumb\":{\"@id\":\"https:\/\/www.noticiasradioreflejos.com.ar\/2021\/vuelven-las-nevadas-a-la-patagonia-y-sera-la-region-mas-fria-de-america-las-temperaturas-llegaran-a-los-15c\/#breadcrumb\"},\"inLanguage\":\"es\",\"potentialAction\":[{\"@type\":\"ReadAction\",\"target\":[\"https:\/\/www.noticiasradioreflejos.com.ar\/2021\/vuelven-las-nevadas-a-la-patagonia-y-sera-la-region-mas-fria-de-america-las-temperaturas-llegaran-a-los-15c\/\"]}]},{\"@type\":\"ImageObject\",\"inLanguage\":\"es\",\"@id\":\"https:\/\/www.noticiasradioreflejos.com.ar\/2021\/vuelven-las-nevadas-a-la-patagonia-y-sera-la-region-mas-fria-de-america-las-temperaturas-llegaran-a-los-15c\/#primaryimage\",\"url\":\"https:\/\/www.infobae.com\/new-resizer\/24e53IH9UlEFyb6VW1jnvLqose4=\/420x236\/filters:format(webp):quality(85)\/cloudfront-us-east-1.images.arcpublishing.com\/infobae\/5QBR4ZKNOBFAHF3GBXORBPJ3KQ.jfif%20420w\",\"contentUrl\":\"https:\/\/www.infobae.com\/new-resizer\/24e53IH9UlEFyb6VW1jnvLqose4=\/420x236\/filters:format(webp):quality(85)\/cloudfront-us-east-1.images.arcpublishing.com\/infobae\/5QBR4ZKNOBFAHF3GBXORBPJ3KQ.jfif%20420w\"},{\"@type\":\"BreadcrumbList\",\"@id\":\"https:\/\/www.noticiasradioreflejos.com.ar\/2021\/vuelven-las-nevadas-a-la-patagonia-y-sera-la-region-mas-fria-de-america-las-temperaturas-llegaran-a-los-15c\/#breadcrumb\",\"itemListElement\":[{\"@type\":\"ListItem\",\"position\":1,\"name\":\"Portada\",\"item\":\"https:\/\/www.noticiasradioreflejos.com.ar\/2021\/\"},{\"@type\":\"ListItem\",\"position\":2,\"name\":\"Vuelven las nevadas a la Patagonia y ser\u00e1 la regi\u00f3n m\u00e1s fr\u00eda de Am\u00e9rica: las temperaturas llegar\u00e1n\u00a0a\u00a0los\u00a0-15\u00b0C\"}]},{\"@type\":\"WebSite\",\"@id\":\"https:\/\/www.noticiasradioreflejos.com.ar\/2021\/#website\",\"url\":\"https:\/\/www.noticiasradioreflejos.com.ar\/2021\/\",\"name\":\"Noticias Radio Reflejos\",\"description\":\"Las noticias de mi comarca\",\"potentialAction\":[{\"@type\":\"SearchAction\",\"target\":{\"@type\":\"EntryPoint\",\"urlTemplate\":\"https:\/\/www.noticiasradioreflejos.com.ar\/2021\/?s={search_term_string}\"},\"query-input\":{\"@type\":\"PropertyValueSpecification\",\"valueRequired\":true,\"valueName\":\"search_term_string\"}}],\"inLanguage\":\"es\"},{\"@type\":\"Person\",\"@id\":\"https:\/\/www.noticiasradioreflejos.com.ar\/2021\/#\/schema\/person\/ad82545263dcc5ec0996818884fd5fb1\",\"name\":\"Arnaldo Botto\",\"image\":{\"@type\":\"ImageObject\",\"inLanguage\":\"es\",\"@id\":\"https:\/\/www.noticiasradioreflejos.com.ar\/2021\/#\/schema\/person\/image\/\",\"url\":\"https:\/\/secure.gravatar.com\/avatar\/55cb5e37c1efa326397366e6974cb338056df65cb50e7d64d1cf314e87504837?s=96&d=mm&r=g\",\"contentUrl\":\"https:\/\/secure.gravatar.com\/avatar\/55cb5e37c1efa326397366e6974cb338056df65cb50e7d64d1cf314e87504837?s=96&d=mm&r=g\",\"caption\":\"Arnaldo Botto\"},\"url\":\"https:\/\/www.noticiasradioreflejos.com.ar\/2021\/author\/arnaldo\/\"}]}<\/script>\n<!-- \/ Yoast SEO plugin. -->","yoast_head_json":{"title":"Vuelven las nevadas a la Patagonia y ser\u00e1 la regi\u00f3n m\u00e1s fr\u00eda de Am\u00e9rica: las temperaturas llegar\u00e1n\u00a0a\u00a0los\u00a0-15\u00b0C - Noticias Radio Reflejos","robots":{"index":"index","follow":"follow","max-snippet":"max-snippet:-1","max-image-preview":"max-image-preview:large","max-video-preview":"max-video-preview:-1"},"canonical":"https:\/\/www.noticiasradioreflejos.com.ar\/2021\/vuelven-las-nevadas-a-la-patagonia-y-sera-la-region-mas-fria-de-america-las-temperaturas-llegaran-a-los-15c\/","og_locale":"es_ES","og_type":"article","og_title":"Vuelven las nevadas a la Patagonia y ser\u00e1 la regi\u00f3n m\u00e1s fr\u00eda de Am\u00e9rica: las temperaturas llegar\u00e1n\u00a0a\u00a0los\u00a0-15\u00b0C - Noticias Radio Reflejos","og_description":"En dos provincias rige alerta roja. Luego de una leve mejor\u00eda en las zonas afectadas, nuevamente se espera una importante ca\u00edda de nieve, lluvias y fuertes vientos.","og_url":"https:\/\/www.noticiasradioreflejos.com.ar\/2021\/vuelven-las-nevadas-a-la-patagonia-y-sera-la-region-mas-fria-de-america-las-temperaturas-llegaran-a-los-15c\/","og_site_name":"Noticias Radio Reflejos","article_published_time":"2024-06-24T14:08:19+00:00","og_image":[{"url":"https:\/\/www.infobae.com\/new-resizer\/24e53IH9UlEFyb6VW1jnvLqose4=\/420x236\/filters:format(webp):quality(85)\/cloudfront-us-east-1.images.arcpublishing.com\/infobae\/5QBR4ZKNOBFAHF3GBXORBPJ3KQ.jfif%20420w","type":"","width":"","height":""}],"author":"Arnaldo Botto","twitter_card":"summary_large_image","schema":{"@context":"https:\/\/schema.org","@graph":[{"@type":"WebPage","@id":"https:\/\/www.noticiasradioreflejos.com.ar\/2021\/vuelven-las-nevadas-a-la-patagonia-y-sera-la-region-mas-fria-de-america-las-temperaturas-llegaran-a-los-15c\/","url":"https:\/\/www.noticiasradioreflejos.com.ar\/2021\/vuelven-las-nevadas-a-la-patagonia-y-sera-la-region-mas-fria-de-america-las-temperaturas-llegaran-a-los-15c\/","name":"Vuelven las nevadas a la Patagonia y ser\u00e1 la regi\u00f3n m\u00e1s fr\u00eda de Am\u00e9rica: las temperaturas llegar\u00e1n\u00a0a\u00a0los\u00a0-15\u00b0C - Noticias Radio Reflejos","isPartOf":{"@id":"https:\/\/www.noticiasradioreflejos.com.ar\/2021\/#website"},"primaryImageOfPage":{"@id":"https:\/\/www.noticiasradioreflejos.com.ar\/2021\/vuelven-las-nevadas-a-la-patagonia-y-sera-la-region-mas-fria-de-america-las-temperaturas-llegaran-a-los-15c\/#primaryimage"},"image":{"@id":"https:\/\/www.noticiasradioreflejos.com.ar\/2021\/vuelven-las-nevadas-a-la-patagonia-y-sera-la-region-mas-fria-de-america-las-temperaturas-llegaran-a-los-15c\/#primaryimage"},"thumbnailUrl":"https:\/\/www.infobae.com\/new-resizer\/24e53IH9UlEFyb6VW1jnvLqose4=\/420x236\/filters:format(webp):quality(85)\/cloudfront-us-east-1.images.arcpublishing.com\/infobae\/5QBR4ZKNOBFAHF3GBXORBPJ3KQ.jfif%20420w","datePublished":"2024-06-24T14:08:19+00:00","author":{"@id":"https:\/\/www.noticiasradioreflejos.com.ar\/2021\/#\/schema\/person\/ad82545263dcc5ec0996818884fd5fb1"},"breadcrumb":{"@id":"https:\/\/www.noticiasradioreflejos.com.ar\/2021\/vuelven-las-nevadas-a-la-patagonia-y-sera-la-region-mas-fria-de-america-las-temperaturas-llegaran-a-los-15c\/#breadcrumb"},"inLanguage":"es","potentialAction":[{"@type":"ReadAction","target":["https:\/\/www.noticiasradioreflejos.com.ar\/2021\/vuelven-las-nevadas-a-la-patagonia-y-sera-la-region-mas-fria-de-america-las-temperaturas-llegaran-a-los-15c\/"]}]},{"@type":"ImageObject","inLanguage":"es","@id":"https:\/\/www.noticiasradioreflejos.com.ar\/2021\/vuelven-las-nevadas-a-la-patagonia-y-sera-la-region-mas-fria-de-america-las-temperaturas-llegaran-a-los-15c\/#primaryimage","url":"https:\/\/www.infobae.com\/new-resizer\/24e53IH9UlEFyb6VW1jnvLqose4=\/420x236\/filters:format(webp):quality(85)\/cloudfront-us-east-1.images.arcpublishing.com\/infobae\/5QBR4ZKNOBFAHF3GBXORBPJ3KQ.jfif%20420w","contentUrl":"https:\/\/www.infobae.com\/new-resizer\/24e53IH9UlEFyb6VW1jnvLqose4=\/420x236\/filters:format(webp):quality(85)\/cloudfront-us-east-1.images.arcpublishing.com\/infobae\/5QBR4ZKNOBFAHF3GBXORBPJ3KQ.jfif%20420w"},{"@type":"BreadcrumbList","@id":"https:\/\/www.noticiasradioreflejos.com.ar\/2021\/vuelven-las-nevadas-a-la-patagonia-y-sera-la-region-mas-fria-de-america-las-temperaturas-llegaran-a-los-15c\/#breadcrumb","itemListElement":[{"@type":"ListItem","position":1,"name":"Portada","item":"https:\/\/www.noticiasradioreflejos.com.ar\/2021\/"},{"@type":"ListItem","position":2,"name":"Vuelven las nevadas a la Patagonia y ser\u00e1 la regi\u00f3n m\u00e1s fr\u00eda de Am\u00e9rica: las temperaturas llegar\u00e1n\u00a0a\u00a0los\u00a0-15\u00b0C"}]},{"@type":"WebSite","@id":"https:\/\/www.noticiasradioreflejos.com.ar\/2021\/#website","url":"https:\/\/www.noticiasradioreflejos.com.ar\/2021\/","name":"Noticias Radio Reflejos","description":"Las noticias de mi comarca","potentialAction":[{"@type":"SearchAction","target":{"@type":"EntryPoint","urlTemplate":"https:\/\/www.noticiasradioreflejos.com.ar\/2021\/?s={search_term_string}"},"query-input":{"@type":"PropertyValueSpecification","valueRequired":true,"valueName":"search_term_string"}}],"inLanguage":"es"},{"@type":"Person","@id":"https:\/\/www.noticiasradioreflejos.com.ar\/2021\/#\/schema\/person\/ad82545263dcc5ec0996818884fd5fb1","name":"Arnaldo Botto","image":{"@type":"ImageObject","inLanguage":"es","@id":"https:\/\/www.noticiasradioreflejos.com.ar\/2021\/#\/schema\/person\/image\/","url":"https:\/\/secure.gravatar.com\/avatar\/55cb5e37c1efa326397366e6974cb338056df65cb50e7d64d1cf314e87504837?s=96&d=mm&r=g","contentUrl":"https:\/\/secure.gravatar.com\/avatar\/55cb5e37c1efa326397366e6974cb338056df65cb50e7d64d1cf314e87504837?s=96&d=mm&r=g","caption":"Arnaldo Botto"},"url":"https:\/\/www.noticiasradioreflejos.com.ar\/2021\/author\/arnaldo\/"}]}},"_links":{"self":[{"href":"https:\/\/www.noticiasradioreflejos.com.ar\/2021\/wp-json\/wp\/v2\/posts\/104192","targetHints":{"allow":["GET"]}}],"collection":[{"href":"https:\/\/www.noticiasradioreflejos.com.ar\/2021\/wp-json\/wp\/v2\/posts"}],"about":[{"href":"https:\/\/www.noticiasradioreflejos.com.ar\/2021\/wp-json\/wp\/v2\/types\/post"}],"author":[{"embeddable":true,"href":"https:\/\/www.noticiasradioreflejos.com.ar\/2021\/wp-json\/wp\/v2\/users\/3"}],"replies":[{"embeddable":true,"href":"https:\/\/www.noticiasradioreflejos.com.ar\/2021\/wp-json\/wp\/v2\/comments?post=104192"}],"version-history":[{"count":1,"href":"https:\/\/www.noticiasradioreflejos.com.ar\/2021\/wp-json\/wp\/v2\/posts\/104192\/revisions"}],"predecessor-version":[{"id":104193,"href":"https:\/\/www.noticiasradioreflejos.com.ar\/2021\/wp-json\/wp\/v2\/posts\/104192\/revisions\/104193"}],"wp:attachment":[{"href":"https:\/\/www.noticiasradioreflejos.com.ar\/2021\/wp-json\/wp\/v2\/media?parent=104192"}],"wp:term":[{"taxonomy":"category","embeddable":true,"href":"https:\/\/www.noticiasradioreflejos.com.ar\/2021\/wp-json\/wp\/v2\/categories?post=104192"},{"taxonomy":"post_tag","embeddable":true,"href":"https:\/\/www.noticiasradioreflejos.com.ar\/2021\/wp-json\/wp\/v2\/tags?post=104192"}],"curies":[{"name":"wp","href":"https:\/\/api.w.org\/{rel}","templated":true}]}}