{"id":104190,"date":"2024-06-24T10:40:17","date_gmt":"2024-06-24T13:40:17","guid":{"rendered":"https:\/\/www.noticiasradioreflejos.com.ar\/2021\/?p=104190"},"modified":"2024-06-24T10:40:17","modified_gmt":"2024-06-24T13:40:17","slug":"convocatoria-al-cargo-de-capacitador-del-curso-denominado-elaboracion-de-lacteos-quesos-para-m-a-n-1","status":"publish","type":"post","link":"https:\/\/www.noticiasradioreflejos.com.ar\/2021\/convocatoria-al-cargo-de-capacitador-del-curso-denominado-elaboracion-de-lacteos-quesos-para-m-a-n-1\/","title":{"rendered":"Convocatoria al cargo de capacitador del Curso denominado \u201cElaboraci\u00f3n de l\u00e1cteos (quesos)\u201d para M.A. N\u00b0 1"},"content":{"rendered":"<p style=\"font-weight: 400;\">La Secretar\u00eda de Asuntos Docentes de Tornquist, a pedido del Inspector T\u00e9cnico Pedag\u00f3gico Guillermo Grandrup,\u00a0llama a convocatoria para cobertura del cargo de Capacitador de la EESA N\u00ba 1 de Tornquist conforme a lo pautado por la Resoluci\u00f3n N\u00ba 5676\/08 y la disposici\u00f3n N\u00ba 45\/09 de la DEA, para el dictado del Curso denominado \u201cElaboraci\u00f3n\u00a0de\u00a0l\u00e1cteos\u00a0(quesos)\u201d. <!--more--><\/p>\n<p style=\"font-weight: 400;\">Ser\u00e1 de una carga horaria de\u00a0\u00a02 m\u00f3dulos semanales, con un total de 40 m\u00f3dulos. Inicia en la localidad de Tornquist y ser\u00e1 replicado en cada una de las siguientes localidades del distrito: Sierra de la Ventana, Saldungaray, Villa Ventana y Tres Picos, conforme a lo pautado por la Resoluci\u00f3n N\u00ba 5676\/08.<\/p>\n<p style=\"font-weight: 400;\">La comisi\u00f3n evaluadora estar\u00e1 integrada por el Inspector T\u00e9cnico Pedag\u00f3gico Guillermo Grandrup, la Inspectora Contable Mariel Heiland y la Directora Ing. Claudia Fern\u00e1ndez. Los aspirantes inscriptos deber\u00e1n pasar por la Sede de la EESA N\u00b0 1 donde se les proporcionar\u00e1 el Anexo 2 sobre el Desarrollo tem\u00e1tico y el programa del mismo.<\/p>\n<p style=\"font-weight: 400;\">Para la inscripci\u00f3n: Los interesados deber\u00e1n enviar toda la documentaci\u00f3n (Proyecto, t\u00edtulos, cursos, certificaci\u00f3n de trabajo, DNI, etc.) escaneada en un \u00fanico archivo adjunto en formato PDF al siguiente mail:\u00a0<a href=\"mailto:sad105@abc.gob.ar\">sad105inscripciones@<\/a><a href=\"http:\/\/gmail.com\/\" data-saferedirecturl=\"https:\/\/www.google.com\/url?q=http:\/\/gmail.com\/&amp;source=gmail&amp;ust=1719320258642000&amp;usg=AOvVaw3KcRh-lQsX5h9O4sctRnRU\">gmail.com<\/a><\/p>\n<p style=\"font-weight: 400;\">Plazo de inscripci\u00f3n: jueves 28\/06\/2024 a las 12 h.<\/p>\n<p style=\"font-weight: 400;\">Atentamente,<\/p>\n<p style=\"font-weight: 400;\">SAD TORNQUIST<\/p>\n","protected":false},"excerpt":{"rendered":"<p>La Secretar\u00eda de Asuntos Docentes de Tornquist, a pedido del Inspector T\u00e9cnico Pedag\u00f3gico Guillermo Grandrup,\u00a0llama a convocatoria para cobertura del cargo de Capacitador de la EESA N\u00ba 1 de Tornquist conforme a lo pautado por la Resoluci\u00f3n N\u00ba 5676\/08 y la disposici\u00f3n N\u00ba 45\/09 de la DEA, para el dictado del Curso denominado \u201cElaboraci\u00f3n\u00a0de\u00a0l\u00e1cteos\u00a0(quesos)\u201d.<\/p>\n","protected":false},"author":3,"featured_media":95676,"comment_status":"closed","ping_status":"closed","sticky":false,"template":"","format":"standard","meta":{"footnotes":""},"categories":[34],"tags":[],"class_list":["post-104190","post","type-post","status-publish","format-standard","has-post-thumbnail","hentry","category-educacion"],"yoast_head":"<!-- This site is optimized with the Yoast SEO plugin v25.9 - https:\/\/yoast.com\/wordpress\/plugins\/seo\/ -->\n<title>Convocatoria al cargo de capacitador del Curso denominado \u201cElaboraci\u00f3n de l\u00e1cteos (quesos)\u201d para M.A. N\u00b0 1 - Noticias Radio Reflejos<\/title>\n<meta name=\"robots\" content=\"index, follow, max-snippet:-1, max-image-preview:large, max-video-preview:-1\" \/>\n<link rel=\"canonical\" href=\"https:\/\/www.noticiasradioreflejos.com.ar\/2021\/convocatoria-al-cargo-de-capacitador-del-curso-denominado-elaboracion-de-lacteos-quesos-para-m-a-n-1\/\" \/>\n<meta property=\"og:locale\" content=\"es_ES\" \/>\n<meta property=\"og:type\" content=\"article\" \/>\n<meta property=\"og:title\" content=\"Convocatoria al cargo de capacitador del Curso denominado \u201cElaboraci\u00f3n de l\u00e1cteos (quesos)\u201d para M.A. N\u00b0 1 - Noticias Radio Reflejos\" \/>\n<meta property=\"og:description\" content=\"La Secretar\u00eda de Asuntos Docentes de Tornquist, a pedido del Inspector T\u00e9cnico Pedag\u00f3gico Guillermo Grandrup,\u00a0llama a convocatoria para cobertura del cargo de Capacitador de la EESA N\u00ba 1 de Tornquist conforme a lo pautado por la Resoluci\u00f3n N\u00ba 5676\/08 y la disposici\u00f3n N\u00ba 45\/09 de la DEA, para el dictado del Curso denominado \u201cElaboraci\u00f3n\u00a0de\u00a0l\u00e1cteos\u00a0(quesos)\u201d.\" \/>\n<meta property=\"og:url\" content=\"https:\/\/www.noticiasradioreflejos.com.ar\/2021\/convocatoria-al-cargo-de-capacitador-del-curso-denominado-elaboracion-de-lacteos-quesos-para-m-a-n-1\/\" \/>\n<meta property=\"og:site_name\" content=\"Noticias Radio Reflejos\" \/>\n<meta property=\"article:published_time\" content=\"2024-06-24T13:40:17+00:00\" \/>\n<meta property=\"og:image\" content=\"https:\/\/www.noticiasradioreflejos.com.ar\/2021\/wp-content\/uploads\/2023\/11\/d-lacteos.jpg\" \/>\n\t<meta property=\"og:image:width\" content=\"1688\" \/>\n\t<meta property=\"og:image:height\" content=\"1125\" \/>\n\t<meta property=\"og:image:type\" content=\"image\/jpeg\" \/>\n<meta name=\"author\" content=\"Arnaldo Botto\" \/>\n<meta name=\"twitter:card\" content=\"summary_large_image\" \/>\n<script type=\"application\/ld+json\" class=\"yoast-schema-graph\">{\"@context\":\"https:\/\/schema.org\",\"@graph\":[{\"@type\":\"WebPage\",\"@id\":\"https:\/\/www.noticiasradioreflejos.com.ar\/2021\/convocatoria-al-cargo-de-capacitador-del-curso-denominado-elaboracion-de-lacteos-quesos-para-m-a-n-1\/\",\"url\":\"https:\/\/www.noticiasradioreflejos.com.ar\/2021\/convocatoria-al-cargo-de-capacitador-del-curso-denominado-elaboracion-de-lacteos-quesos-para-m-a-n-1\/\",\"name\":\"Convocatoria al cargo de capacitador del Curso denominado \u201cElaboraci\u00f3n de l\u00e1cteos (quesos)\u201d para M.A. N\u00b0 1 - Noticias Radio Reflejos\",\"isPartOf\":{\"@id\":\"https:\/\/www.noticiasradioreflejos.com.ar\/2021\/#website\"},\"primaryImageOfPage\":{\"@id\":\"https:\/\/www.noticiasradioreflejos.com.ar\/2021\/convocatoria-al-cargo-de-capacitador-del-curso-denominado-elaboracion-de-lacteos-quesos-para-m-a-n-1\/#primaryimage\"},\"image\":{\"@id\":\"https:\/\/www.noticiasradioreflejos.com.ar\/2021\/convocatoria-al-cargo-de-capacitador-del-curso-denominado-elaboracion-de-lacteos-quesos-para-m-a-n-1\/#primaryimage\"},\"thumbnailUrl\":\"https:\/\/www.noticiasradioreflejos.com.ar\/2021\/wp-content\/uploads\/2023\/11\/d-lacteos.jpg\",\"datePublished\":\"2024-06-24T13:40:17+00:00\",\"author\":{\"@id\":\"https:\/\/www.noticiasradioreflejos.com.ar\/2021\/#\/schema\/person\/ad82545263dcc5ec0996818884fd5fb1\"},\"breadcrumb\":{\"@id\":\"https:\/\/www.noticiasradioreflejos.com.ar\/2021\/convocatoria-al-cargo-de-capacitador-del-curso-denominado-elaboracion-de-lacteos-quesos-para-m-a-n-1\/#breadcrumb\"},\"inLanguage\":\"es\",\"potentialAction\":[{\"@type\":\"ReadAction\",\"target\":[\"https:\/\/www.noticiasradioreflejos.com.ar\/2021\/convocatoria-al-cargo-de-capacitador-del-curso-denominado-elaboracion-de-lacteos-quesos-para-m-a-n-1\/\"]}]},{\"@type\":\"ImageObject\",\"inLanguage\":\"es\",\"@id\":\"https:\/\/www.noticiasradioreflejos.com.ar\/2021\/convocatoria-al-cargo-de-capacitador-del-curso-denominado-elaboracion-de-lacteos-quesos-para-m-a-n-1\/#primaryimage\",\"url\":\"https:\/\/www.noticiasradioreflejos.com.ar\/2021\/wp-content\/uploads\/2023\/11\/d-lacteos.jpg\",\"contentUrl\":\"https:\/\/www.noticiasradioreflejos.com.ar\/2021\/wp-content\/uploads\/2023\/11\/d-lacteos.jpg\",\"width\":1688,\"height\":1125,\"caption\":\"Selection of dairy products on rustic wood bacground, copy space\"},{\"@type\":\"BreadcrumbList\",\"@id\":\"https:\/\/www.noticiasradioreflejos.com.ar\/2021\/convocatoria-al-cargo-de-capacitador-del-curso-denominado-elaboracion-de-lacteos-quesos-para-m-a-n-1\/#breadcrumb\",\"itemListElement\":[{\"@type\":\"ListItem\",\"position\":1,\"name\":\"Portada\",\"item\":\"https:\/\/www.noticiasradioreflejos.com.ar\/2021\/\"},{\"@type\":\"ListItem\",\"position\":2,\"name\":\"Convocatoria al cargo de capacitador del Curso denominado \u201cElaboraci\u00f3n de l\u00e1cteos (quesos)\u201d para M.A. N\u00b0 1\"}]},{\"@type\":\"WebSite\",\"@id\":\"https:\/\/www.noticiasradioreflejos.com.ar\/2021\/#website\",\"url\":\"https:\/\/www.noticiasradioreflejos.com.ar\/2021\/\",\"name\":\"Noticias Radio Reflejos\",\"description\":\"Las noticias de mi comarca\",\"potentialAction\":[{\"@type\":\"SearchAction\",\"target\":{\"@type\":\"EntryPoint\",\"urlTemplate\":\"https:\/\/www.noticiasradioreflejos.com.ar\/2021\/?s={search_term_string}\"},\"query-input\":{\"@type\":\"PropertyValueSpecification\",\"valueRequired\":true,\"valueName\":\"search_term_string\"}}],\"inLanguage\":\"es\"},{\"@type\":\"Person\",\"@id\":\"https:\/\/www.noticiasradioreflejos.com.ar\/2021\/#\/schema\/person\/ad82545263dcc5ec0996818884fd5fb1\",\"name\":\"Arnaldo Botto\",\"image\":{\"@type\":\"ImageObject\",\"inLanguage\":\"es\",\"@id\":\"https:\/\/www.noticiasradioreflejos.com.ar\/2021\/#\/schema\/person\/image\/\",\"url\":\"https:\/\/secure.gravatar.com\/avatar\/55cb5e37c1efa326397366e6974cb338056df65cb50e7d64d1cf314e87504837?s=96&d=mm&r=g\",\"contentUrl\":\"https:\/\/secure.gravatar.com\/avatar\/55cb5e37c1efa326397366e6974cb338056df65cb50e7d64d1cf314e87504837?s=96&d=mm&r=g\",\"caption\":\"Arnaldo Botto\"},\"url\":\"https:\/\/www.noticiasradioreflejos.com.ar\/2021\/author\/arnaldo\/\"}]}<\/script>\n<!-- \/ Yoast SEO plugin. -->","yoast_head_json":{"title":"Convocatoria al cargo de capacitador del Curso denominado \u201cElaboraci\u00f3n de l\u00e1cteos (quesos)\u201d para M.A. N\u00b0 1 - Noticias Radio Reflejos","robots":{"index":"index","follow":"follow","max-snippet":"max-snippet:-1","max-image-preview":"max-image-preview:large","max-video-preview":"max-video-preview:-1"},"canonical":"https:\/\/www.noticiasradioreflejos.com.ar\/2021\/convocatoria-al-cargo-de-capacitador-del-curso-denominado-elaboracion-de-lacteos-quesos-para-m-a-n-1\/","og_locale":"es_ES","og_type":"article","og_title":"Convocatoria al cargo de capacitador del Curso denominado \u201cElaboraci\u00f3n de l\u00e1cteos (quesos)\u201d para M.A. N\u00b0 1 - Noticias Radio Reflejos","og_description":"La Secretar\u00eda de Asuntos Docentes de Tornquist, a pedido del Inspector T\u00e9cnico Pedag\u00f3gico Guillermo Grandrup,\u00a0llama a convocatoria para cobertura del cargo de Capacitador de la EESA N\u00ba 1 de Tornquist conforme a lo pautado por la Resoluci\u00f3n N\u00ba 5676\/08 y la disposici\u00f3n N\u00ba 45\/09 de la DEA, para el dictado del Curso denominado \u201cElaboraci\u00f3n\u00a0de\u00a0l\u00e1cteos\u00a0(quesos)\u201d.","og_url":"https:\/\/www.noticiasradioreflejos.com.ar\/2021\/convocatoria-al-cargo-de-capacitador-del-curso-denominado-elaboracion-de-lacteos-quesos-para-m-a-n-1\/","og_site_name":"Noticias Radio Reflejos","article_published_time":"2024-06-24T13:40:17+00:00","og_image":[{"width":1688,"height":1125,"url":"https:\/\/www.noticiasradioreflejos.com.ar\/2021\/wp-content\/uploads\/2023\/11\/d-lacteos.jpg","type":"image\/jpeg"}],"author":"Arnaldo Botto","twitter_card":"summary_large_image","schema":{"@context":"https:\/\/schema.org","@graph":[{"@type":"WebPage","@id":"https:\/\/www.noticiasradioreflejos.com.ar\/2021\/convocatoria-al-cargo-de-capacitador-del-curso-denominado-elaboracion-de-lacteos-quesos-para-m-a-n-1\/","url":"https:\/\/www.noticiasradioreflejos.com.ar\/2021\/convocatoria-al-cargo-de-capacitador-del-curso-denominado-elaboracion-de-lacteos-quesos-para-m-a-n-1\/","name":"Convocatoria al cargo de capacitador del Curso denominado \u201cElaboraci\u00f3n de l\u00e1cteos (quesos)\u201d para M.A. N\u00b0 1 - Noticias Radio Reflejos","isPartOf":{"@id":"https:\/\/www.noticiasradioreflejos.com.ar\/2021\/#website"},"primaryImageOfPage":{"@id":"https:\/\/www.noticiasradioreflejos.com.ar\/2021\/convocatoria-al-cargo-de-capacitador-del-curso-denominado-elaboracion-de-lacteos-quesos-para-m-a-n-1\/#primaryimage"},"image":{"@id":"https:\/\/www.noticiasradioreflejos.com.ar\/2021\/convocatoria-al-cargo-de-capacitador-del-curso-denominado-elaboracion-de-lacteos-quesos-para-m-a-n-1\/#primaryimage"},"thumbnailUrl":"https:\/\/www.noticiasradioreflejos.com.ar\/2021\/wp-content\/uploads\/2023\/11\/d-lacteos.jpg","datePublished":"2024-06-24T13:40:17+00:00","author":{"@id":"https:\/\/www.noticiasradioreflejos.com.ar\/2021\/#\/schema\/person\/ad82545263dcc5ec0996818884fd5fb1"},"breadcrumb":{"@id":"https:\/\/www.noticiasradioreflejos.com.ar\/2021\/convocatoria-al-cargo-de-capacitador-del-curso-denominado-elaboracion-de-lacteos-quesos-para-m-a-n-1\/#breadcrumb"},"inLanguage":"es","potentialAction":[{"@type":"ReadAction","target":["https:\/\/www.noticiasradioreflejos.com.ar\/2021\/convocatoria-al-cargo-de-capacitador-del-curso-denominado-elaboracion-de-lacteos-quesos-para-m-a-n-1\/"]}]},{"@type":"ImageObject","inLanguage":"es","@id":"https:\/\/www.noticiasradioreflejos.com.ar\/2021\/convocatoria-al-cargo-de-capacitador-del-curso-denominado-elaboracion-de-lacteos-quesos-para-m-a-n-1\/#primaryimage","url":"https:\/\/www.noticiasradioreflejos.com.ar\/2021\/wp-content\/uploads\/2023\/11\/d-lacteos.jpg","contentUrl":"https:\/\/www.noticiasradioreflejos.com.ar\/2021\/wp-content\/uploads\/2023\/11\/d-lacteos.jpg","width":1688,"height":1125,"caption":"Selection of dairy products on rustic wood bacground, copy space"},{"@type":"BreadcrumbList","@id":"https:\/\/www.noticiasradioreflejos.com.ar\/2021\/convocatoria-al-cargo-de-capacitador-del-curso-denominado-elaboracion-de-lacteos-quesos-para-m-a-n-1\/#breadcrumb","itemListElement":[{"@type":"ListItem","position":1,"name":"Portada","item":"https:\/\/www.noticiasradioreflejos.com.ar\/2021\/"},{"@type":"ListItem","position":2,"name":"Convocatoria al cargo de capacitador del Curso denominado \u201cElaboraci\u00f3n de l\u00e1cteos (quesos)\u201d para M.A. N\u00b0 1"}]},{"@type":"WebSite","@id":"https:\/\/www.noticiasradioreflejos.com.ar\/2021\/#website","url":"https:\/\/www.noticiasradioreflejos.com.ar\/2021\/","name":"Noticias Radio Reflejos","description":"Las noticias de mi comarca","potentialAction":[{"@type":"SearchAction","target":{"@type":"EntryPoint","urlTemplate":"https:\/\/www.noticiasradioreflejos.com.ar\/2021\/?s={search_term_string}"},"query-input":{"@type":"PropertyValueSpecification","valueRequired":true,"valueName":"search_term_string"}}],"inLanguage":"es"},{"@type":"Person","@id":"https:\/\/www.noticiasradioreflejos.com.ar\/2021\/#\/schema\/person\/ad82545263dcc5ec0996818884fd5fb1","name":"Arnaldo Botto","image":{"@type":"ImageObject","inLanguage":"es","@id":"https:\/\/www.noticiasradioreflejos.com.ar\/2021\/#\/schema\/person\/image\/","url":"https:\/\/secure.gravatar.com\/avatar\/55cb5e37c1efa326397366e6974cb338056df65cb50e7d64d1cf314e87504837?s=96&d=mm&r=g","contentUrl":"https:\/\/secure.gravatar.com\/avatar\/55cb5e37c1efa326397366e6974cb338056df65cb50e7d64d1cf314e87504837?s=96&d=mm&r=g","caption":"Arnaldo Botto"},"url":"https:\/\/www.noticiasradioreflejos.com.ar\/2021\/author\/arnaldo\/"}]}},"_links":{"self":[{"href":"https:\/\/www.noticiasradioreflejos.com.ar\/2021\/wp-json\/wp\/v2\/posts\/104190","targetHints":{"allow":["GET"]}}],"collection":[{"href":"https:\/\/www.noticiasradioreflejos.com.ar\/2021\/wp-json\/wp\/v2\/posts"}],"about":[{"href":"https:\/\/www.noticiasradioreflejos.com.ar\/2021\/wp-json\/wp\/v2\/types\/post"}],"author":[{"embeddable":true,"href":"https:\/\/www.noticiasradioreflejos.com.ar\/2021\/wp-json\/wp\/v2\/users\/3"}],"replies":[{"embeddable":true,"href":"https:\/\/www.noticiasradioreflejos.com.ar\/2021\/wp-json\/wp\/v2\/comments?post=104190"}],"version-history":[{"count":1,"href":"https:\/\/www.noticiasradioreflejos.com.ar\/2021\/wp-json\/wp\/v2\/posts\/104190\/revisions"}],"predecessor-version":[{"id":104191,"href":"https:\/\/www.noticiasradioreflejos.com.ar\/2021\/wp-json\/wp\/v2\/posts\/104190\/revisions\/104191"}],"wp:featuredmedia":[{"embeddable":true,"href":"https:\/\/www.noticiasradioreflejos.com.ar\/2021\/wp-json\/wp\/v2\/media\/95676"}],"wp:attachment":[{"href":"https:\/\/www.noticiasradioreflejos.com.ar\/2021\/wp-json\/wp\/v2\/media?parent=104190"}],"wp:term":[{"taxonomy":"category","embeddable":true,"href":"https:\/\/www.noticiasradioreflejos.com.ar\/2021\/wp-json\/wp\/v2\/categories?post=104190"},{"taxonomy":"post_tag","embeddable":true,"href":"https:\/\/www.noticiasradioreflejos.com.ar\/2021\/wp-json\/wp\/v2\/tags?post=104190"}],"curies":[{"name":"wp","href":"https:\/\/api.w.org\/{rel}","templated":true}]}}