{"id":104186,"date":"2024-06-24T09:17:37","date_gmt":"2024-06-24T12:17:37","guid":{"rendered":"https:\/\/www.noticiasradioreflejos.com.ar\/2021\/?p=104186"},"modified":"2024-06-24T09:17:37","modified_gmt":"2024-06-24T12:17:37","slug":"unos-320-mil-pasajeros-viajaron-con-aerolineas-en-los-dos-fines-de-semana-largos","status":"publish","type":"post","link":"https:\/\/www.noticiasradioreflejos.com.ar\/2021\/unos-320-mil-pasajeros-viajaron-con-aerolineas-en-los-dos-fines-de-semana-largos\/","title":{"rendered":"Unos 320 mil pasajeros viajaron con Aerol\u00edneas en los dos fines de semana largos"},"content":{"rendered":"<p><b>Aerol\u00edneas Argentinas transport\u00f3 m\u00e1s de 320.000 pasajeros entre los fines de semana largos <\/b>conmemorativos del paso a la inmortalidad del General Don Mart\u00edn Miguel de G\u00fcemes y del General Manuel Belgrano, informaron desde la compa\u00f1\u00eda estatal mediante un comunicado.<!--more--><b>Durante este \u00faltimo fin de semana se transportaron unos 185.000 pasajeros, de los cuales m\u00e1s de 140.000 viajaron a destinos dom\u00e9sticos, 28.000 a destinos regionales y el resto a destinos internacionales.<\/b><\/p>\n<div class=\"post_content page_margin_top_section clearfix\">\n<div class=\"content_box\">\n<div id=\"content-box\" class=\"text\">\n<p>En el caso del\u00a0<b>fin de semana anterior, se transportaron m\u00e1s de 140.000 pasajeros: 109.000 en vuelos dentro del pa\u00eds, 19.000 en vuelos regionales y el resto en vuelos internacionales.<\/b><\/p>\n<p><b>Los destinos m\u00e1s elegidos por los pasajeros fueron Bariloche, C\u00f3rdoba, Iguaz\u00fa, Mendoza, Salta, Neuqu\u00e9n, Ushuaia, San Pablo, Tucum\u00e1n y Miami<\/b>, representando estos destinos casi el 50% del total de las reservas.<\/p>\n<p><b>Durante estos dos fines de semana largos, Aerol\u00edneas Argentinas logr\u00f3 un cumplimiento de vuelos programados de m\u00e1s del 98%.\u00a0<\/b>En la misma l\u00ednea, la compa\u00f1\u00eda se ubic\u00f3 entre las tres aerol\u00edneas m\u00e1s puntuales de Latinoam\u00e9rica durante el mes de mayo, de acuerdo a un reporte de la consultora Cirium.<\/p>\n<p>El fin de semana del d\u00eda de la Bandera se trata del \u00faltimo \u201cextra large\u201d del a\u00f1o y el \u00faltimo previo a la\u00a0<b>alta temporada de invierno, en la que la empresa proyecta transportar m\u00e1s de 1 mill\u00f3n de pasajeros.<\/b><\/p>\n<\/div>\n<\/div>\n<\/div>\n","protected":false},"excerpt":{"rendered":"<p>Aerol\u00edneas Argentinas transport\u00f3 m\u00e1s de 320.000 pasajeros entre los fines de semana largos conmemorativos del paso a la inmortalidad del General Don Mart\u00edn Miguel de G\u00fcemes y del General Manuel Belgrano, informaron desde la compa\u00f1\u00eda estatal mediante un comunicado.<\/p>\n","protected":false},"author":3,"featured_media":104187,"comment_status":"closed","ping_status":"closed","sticky":false,"template":"","format":"standard","meta":{"footnotes":""},"categories":[36,33],"tags":[],"class_list":["post-104186","post","type-post","status-publish","format-standard","has-post-thumbnail","hentry","category-economia","category-turismo"],"yoast_head":"<!-- This site is optimized with the Yoast SEO plugin v25.9 - https:\/\/yoast.com\/wordpress\/plugins\/seo\/ -->\n<title>Unos 320 mil pasajeros viajaron con Aerol\u00edneas en los dos fines de semana largos - Noticias Radio Reflejos<\/title>\n<meta name=\"robots\" content=\"index, follow, max-snippet:-1, max-image-preview:large, max-video-preview:-1\" \/>\n<link rel=\"canonical\" href=\"https:\/\/www.noticiasradioreflejos.com.ar\/2021\/unos-320-mil-pasajeros-viajaron-con-aerolineas-en-los-dos-fines-de-semana-largos\/\" \/>\n<meta property=\"og:locale\" content=\"es_ES\" \/>\n<meta property=\"og:type\" content=\"article\" \/>\n<meta property=\"og:title\" content=\"Unos 320 mil pasajeros viajaron con Aerol\u00edneas en los dos fines de semana largos - Noticias Radio Reflejos\" \/>\n<meta property=\"og:description\" content=\"Aerol\u00edneas Argentinas transport\u00f3 m\u00e1s de 320.000 pasajeros entre los fines de semana largos conmemorativos del paso a la inmortalidad del General Don Mart\u00edn Miguel de G\u00fcemes y del General Manuel Belgrano, informaron desde la compa\u00f1\u00eda estatal mediante un comunicado.\" \/>\n<meta property=\"og:url\" content=\"https:\/\/www.noticiasradioreflejos.com.ar\/2021\/unos-320-mil-pasajeros-viajaron-con-aerolineas-en-los-dos-fines-de-semana-largos\/\" \/>\n<meta property=\"og:site_name\" content=\"Noticias Radio Reflejos\" \/>\n<meta property=\"article:published_time\" content=\"2024-06-24T12:17:37+00:00\" \/>\n<meta property=\"og:image\" content=\"https:\/\/www.noticiasradioreflejos.com.ar\/2021\/wp-content\/uploads\/2024\/06\/aerolineas.jpg\" \/>\n\t<meta property=\"og:image:width\" content=\"1625\" \/>\n\t<meta property=\"og:image:height\" content=\"715\" \/>\n\t<meta property=\"og:image:type\" content=\"image\/jpeg\" \/>\n<meta name=\"author\" content=\"Arnaldo Botto\" \/>\n<meta name=\"twitter:card\" content=\"summary_large_image\" \/>\n<script type=\"application\/ld+json\" class=\"yoast-schema-graph\">{\"@context\":\"https:\/\/schema.org\",\"@graph\":[{\"@type\":\"WebPage\",\"@id\":\"https:\/\/www.noticiasradioreflejos.com.ar\/2021\/unos-320-mil-pasajeros-viajaron-con-aerolineas-en-los-dos-fines-de-semana-largos\/\",\"url\":\"https:\/\/www.noticiasradioreflejos.com.ar\/2021\/unos-320-mil-pasajeros-viajaron-con-aerolineas-en-los-dos-fines-de-semana-largos\/\",\"name\":\"Unos 320 mil pasajeros viajaron con Aerol\u00edneas en los dos fines de semana largos - Noticias Radio Reflejos\",\"isPartOf\":{\"@id\":\"https:\/\/www.noticiasradioreflejos.com.ar\/2021\/#website\"},\"primaryImageOfPage\":{\"@id\":\"https:\/\/www.noticiasradioreflejos.com.ar\/2021\/unos-320-mil-pasajeros-viajaron-con-aerolineas-en-los-dos-fines-de-semana-largos\/#primaryimage\"},\"image\":{\"@id\":\"https:\/\/www.noticiasradioreflejos.com.ar\/2021\/unos-320-mil-pasajeros-viajaron-con-aerolineas-en-los-dos-fines-de-semana-largos\/#primaryimage\"},\"thumbnailUrl\":\"https:\/\/www.noticiasradioreflejos.com.ar\/2021\/wp-content\/uploads\/2024\/06\/aerolineas.jpg\",\"datePublished\":\"2024-06-24T12:17:37+00:00\",\"author\":{\"@id\":\"https:\/\/www.noticiasradioreflejos.com.ar\/2021\/#\/schema\/person\/ad82545263dcc5ec0996818884fd5fb1\"},\"breadcrumb\":{\"@id\":\"https:\/\/www.noticiasradioreflejos.com.ar\/2021\/unos-320-mil-pasajeros-viajaron-con-aerolineas-en-los-dos-fines-de-semana-largos\/#breadcrumb\"},\"inLanguage\":\"es\",\"potentialAction\":[{\"@type\":\"ReadAction\",\"target\":[\"https:\/\/www.noticiasradioreflejos.com.ar\/2021\/unos-320-mil-pasajeros-viajaron-con-aerolineas-en-los-dos-fines-de-semana-largos\/\"]}]},{\"@type\":\"ImageObject\",\"inLanguage\":\"es\",\"@id\":\"https:\/\/www.noticiasradioreflejos.com.ar\/2021\/unos-320-mil-pasajeros-viajaron-con-aerolineas-en-los-dos-fines-de-semana-largos\/#primaryimage\",\"url\":\"https:\/\/www.noticiasradioreflejos.com.ar\/2021\/wp-content\/uploads\/2024\/06\/aerolineas.jpg\",\"contentUrl\":\"https:\/\/www.noticiasradioreflejos.com.ar\/2021\/wp-content\/uploads\/2024\/06\/aerolineas.jpg\",\"width\":1625,\"height\":715},{\"@type\":\"BreadcrumbList\",\"@id\":\"https:\/\/www.noticiasradioreflejos.com.ar\/2021\/unos-320-mil-pasajeros-viajaron-con-aerolineas-en-los-dos-fines-de-semana-largos\/#breadcrumb\",\"itemListElement\":[{\"@type\":\"ListItem\",\"position\":1,\"name\":\"Portada\",\"item\":\"https:\/\/www.noticiasradioreflejos.com.ar\/2021\/\"},{\"@type\":\"ListItem\",\"position\":2,\"name\":\"Unos 320 mil pasajeros viajaron con Aerol\u00edneas en los dos fines de semana largos\"}]},{\"@type\":\"WebSite\",\"@id\":\"https:\/\/www.noticiasradioreflejos.com.ar\/2021\/#website\",\"url\":\"https:\/\/www.noticiasradioreflejos.com.ar\/2021\/\",\"name\":\"Noticias Radio Reflejos\",\"description\":\"Las noticias de mi comarca\",\"potentialAction\":[{\"@type\":\"SearchAction\",\"target\":{\"@type\":\"EntryPoint\",\"urlTemplate\":\"https:\/\/www.noticiasradioreflejos.com.ar\/2021\/?s={search_term_string}\"},\"query-input\":{\"@type\":\"PropertyValueSpecification\",\"valueRequired\":true,\"valueName\":\"search_term_string\"}}],\"inLanguage\":\"es\"},{\"@type\":\"Person\",\"@id\":\"https:\/\/www.noticiasradioreflejos.com.ar\/2021\/#\/schema\/person\/ad82545263dcc5ec0996818884fd5fb1\",\"name\":\"Arnaldo Botto\",\"image\":{\"@type\":\"ImageObject\",\"inLanguage\":\"es\",\"@id\":\"https:\/\/www.noticiasradioreflejos.com.ar\/2021\/#\/schema\/person\/image\/\",\"url\":\"https:\/\/secure.gravatar.com\/avatar\/55cb5e37c1efa326397366e6974cb338056df65cb50e7d64d1cf314e87504837?s=96&d=mm&r=g\",\"contentUrl\":\"https:\/\/secure.gravatar.com\/avatar\/55cb5e37c1efa326397366e6974cb338056df65cb50e7d64d1cf314e87504837?s=96&d=mm&r=g\",\"caption\":\"Arnaldo Botto\"},\"url\":\"https:\/\/www.noticiasradioreflejos.com.ar\/2021\/author\/arnaldo\/\"}]}<\/script>\n<!-- \/ Yoast SEO plugin. -->","yoast_head_json":{"title":"Unos 320 mil pasajeros viajaron con Aerol\u00edneas en los dos fines de semana largos - Noticias Radio Reflejos","robots":{"index":"index","follow":"follow","max-snippet":"max-snippet:-1","max-image-preview":"max-image-preview:large","max-video-preview":"max-video-preview:-1"},"canonical":"https:\/\/www.noticiasradioreflejos.com.ar\/2021\/unos-320-mil-pasajeros-viajaron-con-aerolineas-en-los-dos-fines-de-semana-largos\/","og_locale":"es_ES","og_type":"article","og_title":"Unos 320 mil pasajeros viajaron con Aerol\u00edneas en los dos fines de semana largos - Noticias Radio Reflejos","og_description":"Aerol\u00edneas Argentinas transport\u00f3 m\u00e1s de 320.000 pasajeros entre los fines de semana largos conmemorativos del paso a la inmortalidad del General Don Mart\u00edn Miguel de G\u00fcemes y del General Manuel Belgrano, informaron desde la compa\u00f1\u00eda estatal mediante un comunicado.","og_url":"https:\/\/www.noticiasradioreflejos.com.ar\/2021\/unos-320-mil-pasajeros-viajaron-con-aerolineas-en-los-dos-fines-de-semana-largos\/","og_site_name":"Noticias Radio Reflejos","article_published_time":"2024-06-24T12:17:37+00:00","og_image":[{"width":1625,"height":715,"url":"https:\/\/www.noticiasradioreflejos.com.ar\/2021\/wp-content\/uploads\/2024\/06\/aerolineas.jpg","type":"image\/jpeg"}],"author":"Arnaldo Botto","twitter_card":"summary_large_image","schema":{"@context":"https:\/\/schema.org","@graph":[{"@type":"WebPage","@id":"https:\/\/www.noticiasradioreflejos.com.ar\/2021\/unos-320-mil-pasajeros-viajaron-con-aerolineas-en-los-dos-fines-de-semana-largos\/","url":"https:\/\/www.noticiasradioreflejos.com.ar\/2021\/unos-320-mil-pasajeros-viajaron-con-aerolineas-en-los-dos-fines-de-semana-largos\/","name":"Unos 320 mil pasajeros viajaron con Aerol\u00edneas en los dos fines de semana largos - Noticias Radio Reflejos","isPartOf":{"@id":"https:\/\/www.noticiasradioreflejos.com.ar\/2021\/#website"},"primaryImageOfPage":{"@id":"https:\/\/www.noticiasradioreflejos.com.ar\/2021\/unos-320-mil-pasajeros-viajaron-con-aerolineas-en-los-dos-fines-de-semana-largos\/#primaryimage"},"image":{"@id":"https:\/\/www.noticiasradioreflejos.com.ar\/2021\/unos-320-mil-pasajeros-viajaron-con-aerolineas-en-los-dos-fines-de-semana-largos\/#primaryimage"},"thumbnailUrl":"https:\/\/www.noticiasradioreflejos.com.ar\/2021\/wp-content\/uploads\/2024\/06\/aerolineas.jpg","datePublished":"2024-06-24T12:17:37+00:00","author":{"@id":"https:\/\/www.noticiasradioreflejos.com.ar\/2021\/#\/schema\/person\/ad82545263dcc5ec0996818884fd5fb1"},"breadcrumb":{"@id":"https:\/\/www.noticiasradioreflejos.com.ar\/2021\/unos-320-mil-pasajeros-viajaron-con-aerolineas-en-los-dos-fines-de-semana-largos\/#breadcrumb"},"inLanguage":"es","potentialAction":[{"@type":"ReadAction","target":["https:\/\/www.noticiasradioreflejos.com.ar\/2021\/unos-320-mil-pasajeros-viajaron-con-aerolineas-en-los-dos-fines-de-semana-largos\/"]}]},{"@type":"ImageObject","inLanguage":"es","@id":"https:\/\/www.noticiasradioreflejos.com.ar\/2021\/unos-320-mil-pasajeros-viajaron-con-aerolineas-en-los-dos-fines-de-semana-largos\/#primaryimage","url":"https:\/\/www.noticiasradioreflejos.com.ar\/2021\/wp-content\/uploads\/2024\/06\/aerolineas.jpg","contentUrl":"https:\/\/www.noticiasradioreflejos.com.ar\/2021\/wp-content\/uploads\/2024\/06\/aerolineas.jpg","width":1625,"height":715},{"@type":"BreadcrumbList","@id":"https:\/\/www.noticiasradioreflejos.com.ar\/2021\/unos-320-mil-pasajeros-viajaron-con-aerolineas-en-los-dos-fines-de-semana-largos\/#breadcrumb","itemListElement":[{"@type":"ListItem","position":1,"name":"Portada","item":"https:\/\/www.noticiasradioreflejos.com.ar\/2021\/"},{"@type":"ListItem","position":2,"name":"Unos 320 mil pasajeros viajaron con Aerol\u00edneas en los dos fines de semana largos"}]},{"@type":"WebSite","@id":"https:\/\/www.noticiasradioreflejos.com.ar\/2021\/#website","url":"https:\/\/www.noticiasradioreflejos.com.ar\/2021\/","name":"Noticias Radio Reflejos","description":"Las noticias de mi comarca","potentialAction":[{"@type":"SearchAction","target":{"@type":"EntryPoint","urlTemplate":"https:\/\/www.noticiasradioreflejos.com.ar\/2021\/?s={search_term_string}"},"query-input":{"@type":"PropertyValueSpecification","valueRequired":true,"valueName":"search_term_string"}}],"inLanguage":"es"},{"@type":"Person","@id":"https:\/\/www.noticiasradioreflejos.com.ar\/2021\/#\/schema\/person\/ad82545263dcc5ec0996818884fd5fb1","name":"Arnaldo Botto","image":{"@type":"ImageObject","inLanguage":"es","@id":"https:\/\/www.noticiasradioreflejos.com.ar\/2021\/#\/schema\/person\/image\/","url":"https:\/\/secure.gravatar.com\/avatar\/55cb5e37c1efa326397366e6974cb338056df65cb50e7d64d1cf314e87504837?s=96&d=mm&r=g","contentUrl":"https:\/\/secure.gravatar.com\/avatar\/55cb5e37c1efa326397366e6974cb338056df65cb50e7d64d1cf314e87504837?s=96&d=mm&r=g","caption":"Arnaldo Botto"},"url":"https:\/\/www.noticiasradioreflejos.com.ar\/2021\/author\/arnaldo\/"}]}},"_links":{"self":[{"href":"https:\/\/www.noticiasradioreflejos.com.ar\/2021\/wp-json\/wp\/v2\/posts\/104186","targetHints":{"allow":["GET"]}}],"collection":[{"href":"https:\/\/www.noticiasradioreflejos.com.ar\/2021\/wp-json\/wp\/v2\/posts"}],"about":[{"href":"https:\/\/www.noticiasradioreflejos.com.ar\/2021\/wp-json\/wp\/v2\/types\/post"}],"author":[{"embeddable":true,"href":"https:\/\/www.noticiasradioreflejos.com.ar\/2021\/wp-json\/wp\/v2\/users\/3"}],"replies":[{"embeddable":true,"href":"https:\/\/www.noticiasradioreflejos.com.ar\/2021\/wp-json\/wp\/v2\/comments?post=104186"}],"version-history":[{"count":1,"href":"https:\/\/www.noticiasradioreflejos.com.ar\/2021\/wp-json\/wp\/v2\/posts\/104186\/revisions"}],"predecessor-version":[{"id":104188,"href":"https:\/\/www.noticiasradioreflejos.com.ar\/2021\/wp-json\/wp\/v2\/posts\/104186\/revisions\/104188"}],"wp:featuredmedia":[{"embeddable":true,"href":"https:\/\/www.noticiasradioreflejos.com.ar\/2021\/wp-json\/wp\/v2\/media\/104187"}],"wp:attachment":[{"href":"https:\/\/www.noticiasradioreflejos.com.ar\/2021\/wp-json\/wp\/v2\/media?parent=104186"}],"wp:term":[{"taxonomy":"category","embeddable":true,"href":"https:\/\/www.noticiasradioreflejos.com.ar\/2021\/wp-json\/wp\/v2\/categories?post=104186"},{"taxonomy":"post_tag","embeddable":true,"href":"https:\/\/www.noticiasradioreflejos.com.ar\/2021\/wp-json\/wp\/v2\/tags?post=104186"}],"curies":[{"name":"wp","href":"https:\/\/api.w.org\/{rel}","templated":true}]}}