{"id":104182,"date":"2024-06-24T09:08:13","date_gmt":"2024-06-24T12:08:13","guid":{"rendered":"https:\/\/www.noticiasradioreflejos.com.ar\/2021\/?p=104182"},"modified":"2024-06-24T09:12:17","modified_gmt":"2024-06-24T12:12:17","slug":"el-frise-instala-en-nuestra-comarca-como-seran-las-temperaturas-esta-semana","status":"publish","type":"post","link":"https:\/\/www.noticiasradioreflejos.com.ar\/2021\/el-frise-instala-en-nuestra-comarca-como-seran-las-temperaturas-esta-semana\/","title":{"rendered":"El fr\u00edo se instala en nuestra comarca: c\u00f3mo ser\u00e1n las temperaturas esta semana"},"content":{"rendered":"<p>El Servicio Meteorol\u00f3gico Nacional difundi\u00f3 el pron\u00f3stico para toda la semana, que estar\u00e1 signada por un fuerte descenso de las temperaturas. \u00bfPuede nevar?.<!--more--><br \/>\nTras un fin de semana largo marcado por la inestabilidad y las bajas temperaturas con condiciones clim\u00e1ticas adversas, <strong>el fr\u00edo regresa con fuerza a la zona serrana a partir de este lunes<\/strong>.<\/p>\n<div class=\"article-body\" data-tadevel-template=\"web\/article-body\">\n<div class=\"article-body-content\">\n<p>El\u00a0<strong>Servicio Meteorol\u00f3gico Nacional (SMN)<\/strong>\u00a0anunci\u00f3 que las pr\u00f3ximas semanas ser\u00e1n\u00a0<strong>fr\u00edas<\/strong>, con\u00a0<strong>temperaturas m\u00ednimas que rondar\u00e1n entre los -5 y 3 grados<\/strong>\u00a0y\u00a0<strong>m\u00e1ximas que no superar\u00e1n los 14 grados<\/strong>.<\/p>\n<p>De hecho, el organismo ha advertido que este\u00a0<strong>invierno podr\u00eda ser uno de los m\u00e1s crudos de los \u00faltimos a\u00f1os<\/strong>.<\/p>\n<h3>Vuelve el fr\u00edo: qu\u00e9 esperar para esta semana<\/h3>\n<ul>\n<li>Lunes: Arrancamos la semana con cielo parcialmente nublado y temperaturas que oscilar\u00e1n entre los 3 grados de m\u00ednima y los 7 grados de m\u00e1xima.<\/li>\n<li>Martes: El d\u00eda m\u00e1s fr\u00edo de la semana. Prep\u00e1rate para una m\u00ednima de -3 grados y una m\u00e1xima de 7 grados.<\/li>\n<li>Mi\u00e9rcoles: Un ligero repunte en las temperaturas, con m\u00ednima de 3 grados y m\u00e1xima de 12 grados.<\/li>\n<li>Jueves: Mismas condiciones que el mi\u00e9rcoles, con m\u00ednima de 8 grados y m\u00e1xima de 14 grados.<\/li>\n<li>Viernes: Despedimos la semana con un leve descenso en la m\u00e1xima, que se ubicar\u00e1 en 8 grados. La m\u00ednima se mantiene en 3 grados.<\/li>\n<\/ul>\n<p><strong>Lluvias no se esperan<\/strong> para los pr\u00f3ximos d\u00edas, aunque en la madrugada del jueves podr\u00eda llegar a tener chaparrones aislados.<\/p>\n<h3>Recomendaciones ante la vuelta del fr\u00edo al la regi\u00f3n.<\/h3>\n<ul>\n<li>Estar atento a los pron\u00f3sticos meteorol\u00f3gicos para estar preparado ante cualquier cambio brusco de temperatura.<\/li>\n<li>Abrigarte bien con varias capas de ropa para mantener el calor corporal.<\/li>\n<li>Consumir alimentos ricos en calor\u00edas para ayudar a tu cuerpo a combatir el fr\u00edo.<\/li>\n<li>Tomar bebidas calientes como t\u00e9 o caf\u00e9 para entrar en calor.<\/li>\n<li>Evitar la exposici\u00f3n prolongada al fr\u00edo, especialmente si perteneces a un grupo de riesgo como ni\u00f1os, personas mayores o con enfermedades cr\u00f3nicas.<\/li>\n<\/ul>\n<h3>Qu\u00e9 tiene que pasar para que vuelva a nevar en la rtegi\u00f3n<\/h3>\n<p><strong>Los ingredientes para una nevada:<\/strong><\/p>\n<ul>\n<li>Aire fr\u00edo:\u00a0No solo en la superficie, sino tambi\u00e9n en las capas altas de la atm\u00f3sfera. La temperatura debe ser igual o inferior a 0\u00b0C en toda la columna de aire por la que desciendan las precipitaciones.<\/li>\n<li>Humedad: La presencia de vapor de agua en la atm\u00f3sfera es fundamental para la formaci\u00f3n de nubes y, posteriormente, de nieve.<\/li>\n<li>Precipitaci\u00f3n: Es necesario que se produzcan precipitaciones en forma de nieve, lo que implica que las nubes deben encontrarse a una temperatura lo suficientemente baja como para que los cristales de hielo no se derritan antes de llegar al suelo.<\/li>\n<\/ul>\n<\/div>\n<\/div>\n","protected":false},"excerpt":{"rendered":"<p>El Servicio Meteorol\u00f3gico Nacional difundi\u00f3 el pron\u00f3stico para toda la semana, que estar\u00e1 signada por un fuerte descenso de las temperaturas. \u00bfPuede nevar?.<\/p>\n","protected":false},"author":3,"featured_media":104183,"comment_status":"closed","ping_status":"closed","sticky":false,"template":"","format":"standard","meta":{"footnotes":""},"categories":[46],"tags":[48],"class_list":["post-104182","post","type-post","status-publish","format-standard","has-post-thumbnail","hentry","category-ciencia-y-tecnologia","tag-destacada"],"yoast_head":"<!-- This site is optimized with the Yoast SEO plugin v25.9 - https:\/\/yoast.com\/wordpress\/plugins\/seo\/ -->\n<title>El fr\u00edo se instala en nuestra comarca: c\u00f3mo ser\u00e1n las temperaturas esta semana - Noticias Radio Reflejos<\/title>\n<meta name=\"robots\" content=\"index, follow, max-snippet:-1, max-image-preview:large, max-video-preview:-1\" \/>\n<link rel=\"canonical\" href=\"https:\/\/www.noticiasradioreflejos.com.ar\/2021\/el-frise-instala-en-nuestra-comarca-como-seran-las-temperaturas-esta-semana\/\" \/>\n<meta property=\"og:locale\" content=\"es_ES\" \/>\n<meta property=\"og:type\" content=\"article\" \/>\n<meta property=\"og:title\" content=\"El fr\u00edo se instala en nuestra comarca: c\u00f3mo ser\u00e1n las temperaturas esta semana - Noticias Radio Reflejos\" \/>\n<meta property=\"og:description\" content=\"El Servicio Meteorol\u00f3gico Nacional difundi\u00f3 el pron\u00f3stico para toda la semana, que estar\u00e1 signada por un fuerte descenso de las temperaturas. \u00bfPuede nevar?.\" \/>\n<meta property=\"og:url\" content=\"https:\/\/www.noticiasradioreflejos.com.ar\/2021\/el-frise-instala-en-nuestra-comarca-como-seran-las-temperaturas-esta-semana\/\" \/>\n<meta property=\"og:site_name\" content=\"Noticias Radio Reflejos\" \/>\n<meta property=\"article:published_time\" content=\"2024-06-24T12:08:13+00:00\" \/>\n<meta property=\"article:modified_time\" content=\"2024-06-24T12:12:17+00:00\" \/>\n<meta property=\"og:image\" content=\"https:\/\/www.noticiasradioreflejos.com.ar\/2021\/wp-content\/uploads\/2024\/06\/frio-invierno.jpg\" \/>\n\t<meta property=\"og:image:width\" content=\"723\" \/>\n\t<meta property=\"og:image:height\" content=\"410\" \/>\n\t<meta property=\"og:image:type\" content=\"image\/jpeg\" \/>\n<meta name=\"author\" content=\"Arnaldo Botto\" \/>\n<meta name=\"twitter:card\" content=\"summary_large_image\" \/>\n<script type=\"application\/ld+json\" class=\"yoast-schema-graph\">{\"@context\":\"https:\/\/schema.org\",\"@graph\":[{\"@type\":\"WebPage\",\"@id\":\"https:\/\/www.noticiasradioreflejos.com.ar\/2021\/el-frise-instala-en-nuestra-comarca-como-seran-las-temperaturas-esta-semana\/\",\"url\":\"https:\/\/www.noticiasradioreflejos.com.ar\/2021\/el-frise-instala-en-nuestra-comarca-como-seran-las-temperaturas-esta-semana\/\",\"name\":\"El fr\u00edo se instala en nuestra comarca: c\u00f3mo ser\u00e1n las temperaturas esta semana - Noticias Radio Reflejos\",\"isPartOf\":{\"@id\":\"https:\/\/www.noticiasradioreflejos.com.ar\/2021\/#website\"},\"primaryImageOfPage\":{\"@id\":\"https:\/\/www.noticiasradioreflejos.com.ar\/2021\/el-frise-instala-en-nuestra-comarca-como-seran-las-temperaturas-esta-semana\/#primaryimage\"},\"image\":{\"@id\":\"https:\/\/www.noticiasradioreflejos.com.ar\/2021\/el-frise-instala-en-nuestra-comarca-como-seran-las-temperaturas-esta-semana\/#primaryimage\"},\"thumbnailUrl\":\"https:\/\/www.noticiasradioreflejos.com.ar\/2021\/wp-content\/uploads\/2024\/06\/frio-invierno.jpg\",\"datePublished\":\"2024-06-24T12:08:13+00:00\",\"dateModified\":\"2024-06-24T12:12:17+00:00\",\"author\":{\"@id\":\"https:\/\/www.noticiasradioreflejos.com.ar\/2021\/#\/schema\/person\/ad82545263dcc5ec0996818884fd5fb1\"},\"breadcrumb\":{\"@id\":\"https:\/\/www.noticiasradioreflejos.com.ar\/2021\/el-frise-instala-en-nuestra-comarca-como-seran-las-temperaturas-esta-semana\/#breadcrumb\"},\"inLanguage\":\"es\",\"potentialAction\":[{\"@type\":\"ReadAction\",\"target\":[\"https:\/\/www.noticiasradioreflejos.com.ar\/2021\/el-frise-instala-en-nuestra-comarca-como-seran-las-temperaturas-esta-semana\/\"]}]},{\"@type\":\"ImageObject\",\"inLanguage\":\"es\",\"@id\":\"https:\/\/www.noticiasradioreflejos.com.ar\/2021\/el-frise-instala-en-nuestra-comarca-como-seran-las-temperaturas-esta-semana\/#primaryimage\",\"url\":\"https:\/\/www.noticiasradioreflejos.com.ar\/2021\/wp-content\/uploads\/2024\/06\/frio-invierno.jpg\",\"contentUrl\":\"https:\/\/www.noticiasradioreflejos.com.ar\/2021\/wp-content\/uploads\/2024\/06\/frio-invierno.jpg\",\"width\":723,\"height\":410},{\"@type\":\"BreadcrumbList\",\"@id\":\"https:\/\/www.noticiasradioreflejos.com.ar\/2021\/el-frise-instala-en-nuestra-comarca-como-seran-las-temperaturas-esta-semana\/#breadcrumb\",\"itemListElement\":[{\"@type\":\"ListItem\",\"position\":1,\"name\":\"Portada\",\"item\":\"https:\/\/www.noticiasradioreflejos.com.ar\/2021\/\"},{\"@type\":\"ListItem\",\"position\":2,\"name\":\"El fr\u00edo se instala en nuestra comarca: c\u00f3mo ser\u00e1n las temperaturas esta semana\"}]},{\"@type\":\"WebSite\",\"@id\":\"https:\/\/www.noticiasradioreflejos.com.ar\/2021\/#website\",\"url\":\"https:\/\/www.noticiasradioreflejos.com.ar\/2021\/\",\"name\":\"Noticias Radio Reflejos\",\"description\":\"Las noticias de mi comarca\",\"potentialAction\":[{\"@type\":\"SearchAction\",\"target\":{\"@type\":\"EntryPoint\",\"urlTemplate\":\"https:\/\/www.noticiasradioreflejos.com.ar\/2021\/?s={search_term_string}\"},\"query-input\":{\"@type\":\"PropertyValueSpecification\",\"valueRequired\":true,\"valueName\":\"search_term_string\"}}],\"inLanguage\":\"es\"},{\"@type\":\"Person\",\"@id\":\"https:\/\/www.noticiasradioreflejos.com.ar\/2021\/#\/schema\/person\/ad82545263dcc5ec0996818884fd5fb1\",\"name\":\"Arnaldo Botto\",\"image\":{\"@type\":\"ImageObject\",\"inLanguage\":\"es\",\"@id\":\"https:\/\/www.noticiasradioreflejos.com.ar\/2021\/#\/schema\/person\/image\/\",\"url\":\"https:\/\/secure.gravatar.com\/avatar\/55cb5e37c1efa326397366e6974cb338056df65cb50e7d64d1cf314e87504837?s=96&d=mm&r=g\",\"contentUrl\":\"https:\/\/secure.gravatar.com\/avatar\/55cb5e37c1efa326397366e6974cb338056df65cb50e7d64d1cf314e87504837?s=96&d=mm&r=g\",\"caption\":\"Arnaldo Botto\"},\"url\":\"https:\/\/www.noticiasradioreflejos.com.ar\/2021\/author\/arnaldo\/\"}]}<\/script>\n<!-- \/ Yoast SEO plugin. -->","yoast_head_json":{"title":"El fr\u00edo se instala en nuestra comarca: c\u00f3mo ser\u00e1n las temperaturas esta semana - Noticias Radio Reflejos","robots":{"index":"index","follow":"follow","max-snippet":"max-snippet:-1","max-image-preview":"max-image-preview:large","max-video-preview":"max-video-preview:-1"},"canonical":"https:\/\/www.noticiasradioreflejos.com.ar\/2021\/el-frise-instala-en-nuestra-comarca-como-seran-las-temperaturas-esta-semana\/","og_locale":"es_ES","og_type":"article","og_title":"El fr\u00edo se instala en nuestra comarca: c\u00f3mo ser\u00e1n las temperaturas esta semana - Noticias Radio Reflejos","og_description":"El Servicio Meteorol\u00f3gico Nacional difundi\u00f3 el pron\u00f3stico para toda la semana, que estar\u00e1 signada por un fuerte descenso de las temperaturas. \u00bfPuede nevar?.","og_url":"https:\/\/www.noticiasradioreflejos.com.ar\/2021\/el-frise-instala-en-nuestra-comarca-como-seran-las-temperaturas-esta-semana\/","og_site_name":"Noticias Radio Reflejos","article_published_time":"2024-06-24T12:08:13+00:00","article_modified_time":"2024-06-24T12:12:17+00:00","og_image":[{"width":723,"height":410,"url":"https:\/\/www.noticiasradioreflejos.com.ar\/2021\/wp-content\/uploads\/2024\/06\/frio-invierno.jpg","type":"image\/jpeg"}],"author":"Arnaldo Botto","twitter_card":"summary_large_image","schema":{"@context":"https:\/\/schema.org","@graph":[{"@type":"WebPage","@id":"https:\/\/www.noticiasradioreflejos.com.ar\/2021\/el-frise-instala-en-nuestra-comarca-como-seran-las-temperaturas-esta-semana\/","url":"https:\/\/www.noticiasradioreflejos.com.ar\/2021\/el-frise-instala-en-nuestra-comarca-como-seran-las-temperaturas-esta-semana\/","name":"El fr\u00edo se instala en nuestra comarca: c\u00f3mo ser\u00e1n las temperaturas esta semana - Noticias Radio Reflejos","isPartOf":{"@id":"https:\/\/www.noticiasradioreflejos.com.ar\/2021\/#website"},"primaryImageOfPage":{"@id":"https:\/\/www.noticiasradioreflejos.com.ar\/2021\/el-frise-instala-en-nuestra-comarca-como-seran-las-temperaturas-esta-semana\/#primaryimage"},"image":{"@id":"https:\/\/www.noticiasradioreflejos.com.ar\/2021\/el-frise-instala-en-nuestra-comarca-como-seran-las-temperaturas-esta-semana\/#primaryimage"},"thumbnailUrl":"https:\/\/www.noticiasradioreflejos.com.ar\/2021\/wp-content\/uploads\/2024\/06\/frio-invierno.jpg","datePublished":"2024-06-24T12:08:13+00:00","dateModified":"2024-06-24T12:12:17+00:00","author":{"@id":"https:\/\/www.noticiasradioreflejos.com.ar\/2021\/#\/schema\/person\/ad82545263dcc5ec0996818884fd5fb1"},"breadcrumb":{"@id":"https:\/\/www.noticiasradioreflejos.com.ar\/2021\/el-frise-instala-en-nuestra-comarca-como-seran-las-temperaturas-esta-semana\/#breadcrumb"},"inLanguage":"es","potentialAction":[{"@type":"ReadAction","target":["https:\/\/www.noticiasradioreflejos.com.ar\/2021\/el-frise-instala-en-nuestra-comarca-como-seran-las-temperaturas-esta-semana\/"]}]},{"@type":"ImageObject","inLanguage":"es","@id":"https:\/\/www.noticiasradioreflejos.com.ar\/2021\/el-frise-instala-en-nuestra-comarca-como-seran-las-temperaturas-esta-semana\/#primaryimage","url":"https:\/\/www.noticiasradioreflejos.com.ar\/2021\/wp-content\/uploads\/2024\/06\/frio-invierno.jpg","contentUrl":"https:\/\/www.noticiasradioreflejos.com.ar\/2021\/wp-content\/uploads\/2024\/06\/frio-invierno.jpg","width":723,"height":410},{"@type":"BreadcrumbList","@id":"https:\/\/www.noticiasradioreflejos.com.ar\/2021\/el-frise-instala-en-nuestra-comarca-como-seran-las-temperaturas-esta-semana\/#breadcrumb","itemListElement":[{"@type":"ListItem","position":1,"name":"Portada","item":"https:\/\/www.noticiasradioreflejos.com.ar\/2021\/"},{"@type":"ListItem","position":2,"name":"El fr\u00edo se instala en nuestra comarca: c\u00f3mo ser\u00e1n las temperaturas esta semana"}]},{"@type":"WebSite","@id":"https:\/\/www.noticiasradioreflejos.com.ar\/2021\/#website","url":"https:\/\/www.noticiasradioreflejos.com.ar\/2021\/","name":"Noticias Radio Reflejos","description":"Las noticias de mi comarca","potentialAction":[{"@type":"SearchAction","target":{"@type":"EntryPoint","urlTemplate":"https:\/\/www.noticiasradioreflejos.com.ar\/2021\/?s={search_term_string}"},"query-input":{"@type":"PropertyValueSpecification","valueRequired":true,"valueName":"search_term_string"}}],"inLanguage":"es"},{"@type":"Person","@id":"https:\/\/www.noticiasradioreflejos.com.ar\/2021\/#\/schema\/person\/ad82545263dcc5ec0996818884fd5fb1","name":"Arnaldo Botto","image":{"@type":"ImageObject","inLanguage":"es","@id":"https:\/\/www.noticiasradioreflejos.com.ar\/2021\/#\/schema\/person\/image\/","url":"https:\/\/secure.gravatar.com\/avatar\/55cb5e37c1efa326397366e6974cb338056df65cb50e7d64d1cf314e87504837?s=96&d=mm&r=g","contentUrl":"https:\/\/secure.gravatar.com\/avatar\/55cb5e37c1efa326397366e6974cb338056df65cb50e7d64d1cf314e87504837?s=96&d=mm&r=g","caption":"Arnaldo Botto"},"url":"https:\/\/www.noticiasradioreflejos.com.ar\/2021\/author\/arnaldo\/"}]}},"_links":{"self":[{"href":"https:\/\/www.noticiasradioreflejos.com.ar\/2021\/wp-json\/wp\/v2\/posts\/104182","targetHints":{"allow":["GET"]}}],"collection":[{"href":"https:\/\/www.noticiasradioreflejos.com.ar\/2021\/wp-json\/wp\/v2\/posts"}],"about":[{"href":"https:\/\/www.noticiasradioreflejos.com.ar\/2021\/wp-json\/wp\/v2\/types\/post"}],"author":[{"embeddable":true,"href":"https:\/\/www.noticiasradioreflejos.com.ar\/2021\/wp-json\/wp\/v2\/users\/3"}],"replies":[{"embeddable":true,"href":"https:\/\/www.noticiasradioreflejos.com.ar\/2021\/wp-json\/wp\/v2\/comments?post=104182"}],"version-history":[{"count":2,"href":"https:\/\/www.noticiasradioreflejos.com.ar\/2021\/wp-json\/wp\/v2\/posts\/104182\/revisions"}],"predecessor-version":[{"id":104185,"href":"https:\/\/www.noticiasradioreflejos.com.ar\/2021\/wp-json\/wp\/v2\/posts\/104182\/revisions\/104185"}],"wp:featuredmedia":[{"embeddable":true,"href":"https:\/\/www.noticiasradioreflejos.com.ar\/2021\/wp-json\/wp\/v2\/media\/104183"}],"wp:attachment":[{"href":"https:\/\/www.noticiasradioreflejos.com.ar\/2021\/wp-json\/wp\/v2\/media?parent=104182"}],"wp:term":[{"taxonomy":"category","embeddable":true,"href":"https:\/\/www.noticiasradioreflejos.com.ar\/2021\/wp-json\/wp\/v2\/categories?post=104182"},{"taxonomy":"post_tag","embeddable":true,"href":"https:\/\/www.noticiasradioreflejos.com.ar\/2021\/wp-json\/wp\/v2\/tags?post=104182"}],"curies":[{"name":"wp","href":"https:\/\/api.w.org\/{rel}","templated":true}]}}