{"id":104179,"date":"2024-06-24T08:57:16","date_gmt":"2024-06-24T11:57:16","guid":{"rendered":"https:\/\/www.noticiasradioreflejos.com.ar\/2021\/?p=104179"},"modified":"2024-06-24T12:16:48","modified_gmt":"2024-06-24T15:16:48","slug":"los-vecinos-salvan-un-arbol-de-cristal","status":"publish","type":"post","link":"https:\/\/www.noticiasradioreflejos.com.ar\/2021\/los-vecinos-salvan-un-arbol-de-cristal\/","title":{"rendered":"Los vecinos salvan un \u00e1rbol de cristal"},"content":{"rendered":"<div class=\"section-2-col article-header\">\n<div class=\"col 2-col\">\n<p class=\"h4 ff-16px-w700\">Hay tres ejemplares en todo el pa\u00eds y lo iban a talar para hacer un play\u00f3n<\/p>\n<div class=\"author\">\n<div class=\"author-inner\">\n<div class=\"authors-l\">\n<div class=\"authors-l-w\">\n<div class=\"authors-l-i\"><\/div>\n<\/div>\n<\/div>\n<\/div>\n<\/div>\n<\/div>\n<\/div>\n<p><!--more--><\/p>\n<div class=\"section-2-col article-main-image\">\n<div class=\"col 1-col hide-on-mobile\">\n<div class=\"article-info \">\n<div class=\"sidebar-separator\">\n<div class=\"date modification-date ff-14px\"><\/div>\n<\/div>\n<\/div>\n<\/div>\n<div class=\"col 2-col\">\n<div class=\"article-main-media-image__container\">\n<div class=\"image-wrapper\">\n<figure>\n<figure class=\"object-fit-block--contain intrinsic-container intrinsic-container-3x2\"><img decoding=\"async\" class=\" \" src=\"https:\/\/images.pagina12.com.ar\/styles\/focal_3_2_960x640\/public\/2024-06\/849874-whatsapp-20image-202024-06-23-20at-207-36-36-20pm.jpeg?h=30887b49&amp;itok=q_cwLJGi\" alt=\"Fue plantado en 1870 en lo que despu\u00e9s fue la quinta de Libertad Lamarque.\" \/><\/figure><figcaption><em>Fue plantado en 1870 en lo que despu\u00e9s fue la quinta de Libertad Lamarque.<\/em><\/figcaption><\/figure>\n<\/div>\n<\/div>\n<\/div>\n<\/div>\n<div class=\"section-2-col article-main-content\">\n<div class=\"col 1-col cxense-articles\"><\/div>\n<div class=\"col 2-col\">\n<div class=\"article-main-content article-text  \">\n<p>El lote entre calle 259 y Camino General Belgrano de Berazategui, es una propiedad conocida hist\u00f3ricamente como \u201cLa Piba\u201d por pertenecer a la fallecida actriz y cantante Libertad Lamarque. Seg\u00fan cuentan la vivienda fue la estancia de fin de semana de Lamarque \u201celeg\u00eda venir a su quinta en Sourigues donde era muy querida por todos, y muchos aseguran que el General Per\u00f3n, con quien eran muy amigos, la ven\u00eda a visitar\u201d.<\/p>\n<h2>El \u00e1rbol de cristal<\/h2>\n<div id=\"talkFireEvent\"><\/div>\n<p>El \u00e1rbol de cristal o agathis alba es una especie oriunda de Malasia que fue introducida en el pa\u00eds por los Pereyra Iraola. Es considerado uno de los \u00fanicos en Sudam\u00e9rica y posiblemente en todo el continente americano. Pertenece a la familia de las araucarias, con hojas verde azuladas perennes y el\u00edpticas y un tronco gris\u00e1ceo. Presenta tambi\u00e9n manchas rojizas en determinadas \u00e9pocas del a\u00f1o. Pero una de las caracter\u00edsticas m\u00e1s maravillosas de este \u00e1rbol es su resina perfumada, conocida como copal de manila. Esta resina se acumula en heridas del tronco y horquetas, y brilla durante la noche. Desde tiempos remotos, se ha recolectado raspando la corteza y se ha utilizado en estado viscoso o s\u00f3lido por chamanes, debido a sus propiedades analg\u00e9sicas y bactericidas. Pero su cualidad m\u00e1s especial sin dudas, es que exuda una resina en forma de \u201cl\u00e1grimas\u201d, que en las noches de luna llena reflejan la luz de luna, dando la sensaci\u00f3n de ser realmente un \u00e1rbol de cristal.<\/p>\n<div class=\"slot-available\"><\/div>\n<p>La historia cuenta que a mediados del siglo XIX, Leonardo Higinio Pereyra Iraola en un viaje trajo del archipi\u00e9lago malayo doce ejemplares, por lo que su plantaci\u00f3n data de la primera fase del vivero all\u00e1 por 1860. Pereyra Iraola lo trajo al pa\u00eds con el deseo de representar los jardines ingleses que conoci\u00f3 a lo largo de sus viajes por Europa. Para eso, contrat\u00f3 al paisajista belga Carlos Vereecke, quien se encarg\u00f3 de dise\u00f1ar el parque, compuesto en un noventa por ciento de especies ex\u00f3ticas.<\/p>\n<p>\u201cCalculamos que se plant\u00f3 en 1870\u201d, cuenta la licenciada en Biolog\u00eda y directora de Reforestaci\u00f3n y Arbolado P\u00fablico municipal, Andrea Gantzer, durante un breve documental publicado en la cuenta de YouTube comunal. \u201cLos otros \u00e1rboles son bastante m\u00e1s j\u00f3venes\u201d, agrega la especialista.<\/p>\n<div class=\"slot-available\"><\/div>\n<p>De aquella docena inicial, solo tres llegaron a su forma adulta. Hab\u00eda sobrevivido uno en el Parque Iraola, que hasta hace poco se consideraba el \u00fanico del pa\u00eds y del que se dec\u00eda que su inevitable destino era la soledad, ya que para poder reproducirse necesitaba otro ejemplar. Pero luego se descubri\u00f3 que hab\u00eda sobrevivido uno m\u00e1s en el predio Los Privilegiados y este tercero, cuyo descubrimiento fue hace unas semanas, en la que supo ser la casa de Libertad Lamarque.<\/p>\n<h2>El conflicto<\/h2>\n<p>Samanta Bovelli, una de las vecinas de la quinta inici\u00f3 la presentaci\u00f3n ante la comuna de Berazategui. \u201cEntre el martes 28 y mi\u00e9rcoles 29 de mayo comenzamos a ver m\u00e1quinas en la Quinta La Piba. Algunos preguntamos qu\u00e9 iban a realizar y primero nos dijeron que eran unos paredones, pero luego indagamos m\u00e1s y nos enteramos de que la idea era tirar abajo todo el arbolado y crear un play\u00f3n para guardar camiones\u201d. Otra vecina, Andrea D\u00edaz Kelly acota \u201cAlgunos vecinos comentaban que en La Piba estaba el \u00e1rbol de cristal. Cuando comenzamos a ver que estaban sacando de ra\u00edz los \u00e1rboles, nos contactamos con personal del Guardaparque de Parque Pereyra. Vinieron varios bi\u00f3logos, lo inspeccionaron, analizaron hojas, ramas y fotos donde se observan los conos masculinos y femeninos, y nos confirmaron la existencia del \u00e1rbol de cristal en el predio, cosa que hasta el momento no sab\u00edamos a ciencia cierta.\u201d<\/p>\n<div class=\"slot-available\"><\/div>\n<p>Los vecinos anteriormente hab\u00edan visto como para realizar el cercado del ingreso de los camiones, hab\u00edan talado un eucalipto que ten\u00eda m\u00e1s de setenta a\u00f1os y que formaba parte de una cortina vegetal que proteg\u00eda al \u00e1rbol de cristal de los vientos fuertes. As\u00ed fue como quisieron ponerse en acci\u00f3n r\u00e1pidamente para que no acabaran con el ejemplar \u00fanico.<\/p>\n<p>Bovelli decidi\u00f3 entonces junto con un grupo, ir a la Municipalidad de Berazategui con una nota y el pedido de todos para que cesara la construcci\u00f3n. Estaban construyendo un play\u00f3n de estacionamiento de camiones. Las vecinas cuentan que cuando se pusieron a indagar, encontraron que no contaban, incluso, con la habilitaci\u00f3n correspondiente para realizar la obra.<\/p>\n<p>La presentaci\u00f3n de la petici\u00f3n fue acompa\u00f1ada por un grupo de ciclistas que decidieron manifestarse en apoyo. La caravana parti\u00f3 desde Plaza Moreno para llegar al barrio Sourigues. \u201cLa presentaci\u00f3n de firmas y fotos a distintas \u00e1reas de la Municipalidad hicieron que, de forma urgente, el mismo lunes al mediod\u00eda intervinieran, clausuraran la obra y decretaran el cese de los trabajos de desmonte y de la instalaci\u00f3n de la empresa de log\u00edstica\u201d Afirm\u00f3 Samanta.<\/p>\n<div class=\"slot-available\"><\/div>\n<p>\u201cEstamos muy agradecidos al intendente y a los funcionarios que intervinieron r\u00e1pidamente, porque tem\u00edamos que en un abrir y cerrar de ojos destruyeran estos \u00e1rboles tan importantes para la zona\u201d, destacaron las vecinas.<\/p>\n<p>&nbsp;<\/p>\n<p>De los tres ejemplares del \u00e1rbol, puede visitarse el que se encuentra en el Parque Pereyra Iraola. Se ubica en el extremo noreste de la Escuela de Polic\u00eda Juan Vucetich. Para llegar al \u00e1rbol es necesario realizar una breve traves\u00eda a pie o en bicicleta desde la estaci\u00f3n de Pereyra. No se puede llegar en auto. El camino parte desde la estaci\u00f3n y se interna en el parque durante aproximadamente un kil\u00f3metro. Ese camino termina en una garita abandonada de la escuela Vucetich. A pocos metros de ah\u00ed, en un peque\u00f1o claro, se puede apreciar la copa del \u00e1rbol de cristal, emergiendo con claridad sobre el techo del bosque. Este \u00e1rbol ha sido reconocido formalmente como monumento natural provincial.<\/p>\n<\/div>\n<\/div>\n<\/div>\n<p>&nbsp;<\/p>\n<p>&nbsp;<\/p>\n<p>Por\u00a0<a class=\"no-link\">Malena Saito P\u00e1gina 12<\/a><\/p>\n","protected":false},"excerpt":{"rendered":"<p>Hay tres ejemplares en todo el pa\u00eds y lo iban a talar para hacer un play\u00f3n<\/p>\n","protected":false},"author":3,"featured_media":0,"comment_status":"closed","ping_status":"closed","sticky":false,"template":"","format":"standard","meta":{"footnotes":""},"categories":[46,33],"tags":[],"class_list":["post-104179","post","type-post","status-publish","format-standard","hentry","category-ciencia-y-tecnologia","category-turismo"],"yoast_head":"<!-- This site is optimized with the Yoast SEO plugin v25.9 - https:\/\/yoast.com\/wordpress\/plugins\/seo\/ -->\n<title>Los vecinos salvan un \u00e1rbol de cristal - Noticias Radio Reflejos<\/title>\n<meta name=\"robots\" content=\"index, follow, max-snippet:-1, max-image-preview:large, max-video-preview:-1\" \/>\n<link rel=\"canonical\" href=\"https:\/\/www.noticiasradioreflejos.com.ar\/2021\/los-vecinos-salvan-un-arbol-de-cristal\/\" \/>\n<meta property=\"og:locale\" content=\"es_ES\" \/>\n<meta property=\"og:type\" content=\"article\" \/>\n<meta property=\"og:title\" content=\"Los vecinos salvan un \u00e1rbol de cristal - Noticias Radio Reflejos\" \/>\n<meta property=\"og:description\" content=\"Hay tres ejemplares en todo el pa\u00eds y lo iban a talar para hacer un play\u00f3n\" \/>\n<meta property=\"og:url\" content=\"https:\/\/www.noticiasradioreflejos.com.ar\/2021\/los-vecinos-salvan-un-arbol-de-cristal\/\" \/>\n<meta property=\"og:site_name\" content=\"Noticias Radio Reflejos\" \/>\n<meta property=\"article:published_time\" content=\"2024-06-24T11:57:16+00:00\" \/>\n<meta property=\"article:modified_time\" content=\"2024-06-24T15:16:48+00:00\" \/>\n<meta property=\"og:image\" content=\"https:\/\/images.pagina12.com.ar\/styles\/focal_3_2_960x640\/public\/2024-06\/849874-whatsapp-20image-202024-06-23-20at-207-36-36-20pm.jpeg?h=30887b49&amp;itok=q_cwLJGi\" \/>\n<meta name=\"author\" content=\"Arnaldo Botto\" \/>\n<meta name=\"twitter:card\" content=\"summary_large_image\" \/>\n<script type=\"application\/ld+json\" class=\"yoast-schema-graph\">{\"@context\":\"https:\/\/schema.org\",\"@graph\":[{\"@type\":\"WebPage\",\"@id\":\"https:\/\/www.noticiasradioreflejos.com.ar\/2021\/los-vecinos-salvan-un-arbol-de-cristal\/\",\"url\":\"https:\/\/www.noticiasradioreflejos.com.ar\/2021\/los-vecinos-salvan-un-arbol-de-cristal\/\",\"name\":\"Los vecinos salvan un \u00e1rbol de cristal - Noticias Radio Reflejos\",\"isPartOf\":{\"@id\":\"https:\/\/www.noticiasradioreflejos.com.ar\/2021\/#website\"},\"primaryImageOfPage\":{\"@id\":\"https:\/\/www.noticiasradioreflejos.com.ar\/2021\/los-vecinos-salvan-un-arbol-de-cristal\/#primaryimage\"},\"image\":{\"@id\":\"https:\/\/www.noticiasradioreflejos.com.ar\/2021\/los-vecinos-salvan-un-arbol-de-cristal\/#primaryimage\"},\"thumbnailUrl\":\"https:\/\/images.pagina12.com.ar\/styles\/focal_3_2_960x640\/public\/2024-06\/849874-whatsapp-20image-202024-06-23-20at-207-36-36-20pm.jpeg?h=30887b49&amp;itok=q_cwLJGi\",\"datePublished\":\"2024-06-24T11:57:16+00:00\",\"dateModified\":\"2024-06-24T15:16:48+00:00\",\"author\":{\"@id\":\"https:\/\/www.noticiasradioreflejos.com.ar\/2021\/#\/schema\/person\/ad82545263dcc5ec0996818884fd5fb1\"},\"breadcrumb\":{\"@id\":\"https:\/\/www.noticiasradioreflejos.com.ar\/2021\/los-vecinos-salvan-un-arbol-de-cristal\/#breadcrumb\"},\"inLanguage\":\"es\",\"potentialAction\":[{\"@type\":\"ReadAction\",\"target\":[\"https:\/\/www.noticiasradioreflejos.com.ar\/2021\/los-vecinos-salvan-un-arbol-de-cristal\/\"]}]},{\"@type\":\"ImageObject\",\"inLanguage\":\"es\",\"@id\":\"https:\/\/www.noticiasradioreflejos.com.ar\/2021\/los-vecinos-salvan-un-arbol-de-cristal\/#primaryimage\",\"url\":\"https:\/\/images.pagina12.com.ar\/styles\/focal_3_2_960x640\/public\/2024-06\/849874-whatsapp-20image-202024-06-23-20at-207-36-36-20pm.jpeg?h=30887b49&amp;itok=q_cwLJGi\",\"contentUrl\":\"https:\/\/images.pagina12.com.ar\/styles\/focal_3_2_960x640\/public\/2024-06\/849874-whatsapp-20image-202024-06-23-20at-207-36-36-20pm.jpeg?h=30887b49&amp;itok=q_cwLJGi\"},{\"@type\":\"BreadcrumbList\",\"@id\":\"https:\/\/www.noticiasradioreflejos.com.ar\/2021\/los-vecinos-salvan-un-arbol-de-cristal\/#breadcrumb\",\"itemListElement\":[{\"@type\":\"ListItem\",\"position\":1,\"name\":\"Portada\",\"item\":\"https:\/\/www.noticiasradioreflejos.com.ar\/2021\/\"},{\"@type\":\"ListItem\",\"position\":2,\"name\":\"Los vecinos salvan un \u00e1rbol de cristal\"}]},{\"@type\":\"WebSite\",\"@id\":\"https:\/\/www.noticiasradioreflejos.com.ar\/2021\/#website\",\"url\":\"https:\/\/www.noticiasradioreflejos.com.ar\/2021\/\",\"name\":\"Noticias Radio Reflejos\",\"description\":\"Las noticias de mi comarca\",\"potentialAction\":[{\"@type\":\"SearchAction\",\"target\":{\"@type\":\"EntryPoint\",\"urlTemplate\":\"https:\/\/www.noticiasradioreflejos.com.ar\/2021\/?s={search_term_string}\"},\"query-input\":{\"@type\":\"PropertyValueSpecification\",\"valueRequired\":true,\"valueName\":\"search_term_string\"}}],\"inLanguage\":\"es\"},{\"@type\":\"Person\",\"@id\":\"https:\/\/www.noticiasradioreflejos.com.ar\/2021\/#\/schema\/person\/ad82545263dcc5ec0996818884fd5fb1\",\"name\":\"Arnaldo Botto\",\"image\":{\"@type\":\"ImageObject\",\"inLanguage\":\"es\",\"@id\":\"https:\/\/www.noticiasradioreflejos.com.ar\/2021\/#\/schema\/person\/image\/\",\"url\":\"https:\/\/secure.gravatar.com\/avatar\/55cb5e37c1efa326397366e6974cb338056df65cb50e7d64d1cf314e87504837?s=96&d=mm&r=g\",\"contentUrl\":\"https:\/\/secure.gravatar.com\/avatar\/55cb5e37c1efa326397366e6974cb338056df65cb50e7d64d1cf314e87504837?s=96&d=mm&r=g\",\"caption\":\"Arnaldo Botto\"},\"url\":\"https:\/\/www.noticiasradioreflejos.com.ar\/2021\/author\/arnaldo\/\"}]}<\/script>\n<!-- \/ Yoast SEO plugin. -->","yoast_head_json":{"title":"Los vecinos salvan un \u00e1rbol de cristal - Noticias Radio Reflejos","robots":{"index":"index","follow":"follow","max-snippet":"max-snippet:-1","max-image-preview":"max-image-preview:large","max-video-preview":"max-video-preview:-1"},"canonical":"https:\/\/www.noticiasradioreflejos.com.ar\/2021\/los-vecinos-salvan-un-arbol-de-cristal\/","og_locale":"es_ES","og_type":"article","og_title":"Los vecinos salvan un \u00e1rbol de cristal - Noticias Radio Reflejos","og_description":"Hay tres ejemplares en todo el pa\u00eds y lo iban a talar para hacer un play\u00f3n","og_url":"https:\/\/www.noticiasradioreflejos.com.ar\/2021\/los-vecinos-salvan-un-arbol-de-cristal\/","og_site_name":"Noticias Radio Reflejos","article_published_time":"2024-06-24T11:57:16+00:00","article_modified_time":"2024-06-24T15:16:48+00:00","og_image":[{"url":"https:\/\/images.pagina12.com.ar\/styles\/focal_3_2_960x640\/public\/2024-06\/849874-whatsapp-20image-202024-06-23-20at-207-36-36-20pm.jpeg?h=30887b49&amp;itok=q_cwLJGi","type":"","width":"","height":""}],"author":"Arnaldo Botto","twitter_card":"summary_large_image","schema":{"@context":"https:\/\/schema.org","@graph":[{"@type":"WebPage","@id":"https:\/\/www.noticiasradioreflejos.com.ar\/2021\/los-vecinos-salvan-un-arbol-de-cristal\/","url":"https:\/\/www.noticiasradioreflejos.com.ar\/2021\/los-vecinos-salvan-un-arbol-de-cristal\/","name":"Los vecinos salvan un \u00e1rbol de cristal - Noticias Radio Reflejos","isPartOf":{"@id":"https:\/\/www.noticiasradioreflejos.com.ar\/2021\/#website"},"primaryImageOfPage":{"@id":"https:\/\/www.noticiasradioreflejos.com.ar\/2021\/los-vecinos-salvan-un-arbol-de-cristal\/#primaryimage"},"image":{"@id":"https:\/\/www.noticiasradioreflejos.com.ar\/2021\/los-vecinos-salvan-un-arbol-de-cristal\/#primaryimage"},"thumbnailUrl":"https:\/\/images.pagina12.com.ar\/styles\/focal_3_2_960x640\/public\/2024-06\/849874-whatsapp-20image-202024-06-23-20at-207-36-36-20pm.jpeg?h=30887b49&amp;itok=q_cwLJGi","datePublished":"2024-06-24T11:57:16+00:00","dateModified":"2024-06-24T15:16:48+00:00","author":{"@id":"https:\/\/www.noticiasradioreflejos.com.ar\/2021\/#\/schema\/person\/ad82545263dcc5ec0996818884fd5fb1"},"breadcrumb":{"@id":"https:\/\/www.noticiasradioreflejos.com.ar\/2021\/los-vecinos-salvan-un-arbol-de-cristal\/#breadcrumb"},"inLanguage":"es","potentialAction":[{"@type":"ReadAction","target":["https:\/\/www.noticiasradioreflejos.com.ar\/2021\/los-vecinos-salvan-un-arbol-de-cristal\/"]}]},{"@type":"ImageObject","inLanguage":"es","@id":"https:\/\/www.noticiasradioreflejos.com.ar\/2021\/los-vecinos-salvan-un-arbol-de-cristal\/#primaryimage","url":"https:\/\/images.pagina12.com.ar\/styles\/focal_3_2_960x640\/public\/2024-06\/849874-whatsapp-20image-202024-06-23-20at-207-36-36-20pm.jpeg?h=30887b49&amp;itok=q_cwLJGi","contentUrl":"https:\/\/images.pagina12.com.ar\/styles\/focal_3_2_960x640\/public\/2024-06\/849874-whatsapp-20image-202024-06-23-20at-207-36-36-20pm.jpeg?h=30887b49&amp;itok=q_cwLJGi"},{"@type":"BreadcrumbList","@id":"https:\/\/www.noticiasradioreflejos.com.ar\/2021\/los-vecinos-salvan-un-arbol-de-cristal\/#breadcrumb","itemListElement":[{"@type":"ListItem","position":1,"name":"Portada","item":"https:\/\/www.noticiasradioreflejos.com.ar\/2021\/"},{"@type":"ListItem","position":2,"name":"Los vecinos salvan un \u00e1rbol de cristal"}]},{"@type":"WebSite","@id":"https:\/\/www.noticiasradioreflejos.com.ar\/2021\/#website","url":"https:\/\/www.noticiasradioreflejos.com.ar\/2021\/","name":"Noticias Radio Reflejos","description":"Las noticias de mi comarca","potentialAction":[{"@type":"SearchAction","target":{"@type":"EntryPoint","urlTemplate":"https:\/\/www.noticiasradioreflejos.com.ar\/2021\/?s={search_term_string}"},"query-input":{"@type":"PropertyValueSpecification","valueRequired":true,"valueName":"search_term_string"}}],"inLanguage":"es"},{"@type":"Person","@id":"https:\/\/www.noticiasradioreflejos.com.ar\/2021\/#\/schema\/person\/ad82545263dcc5ec0996818884fd5fb1","name":"Arnaldo Botto","image":{"@type":"ImageObject","inLanguage":"es","@id":"https:\/\/www.noticiasradioreflejos.com.ar\/2021\/#\/schema\/person\/image\/","url":"https:\/\/secure.gravatar.com\/avatar\/55cb5e37c1efa326397366e6974cb338056df65cb50e7d64d1cf314e87504837?s=96&d=mm&r=g","contentUrl":"https:\/\/secure.gravatar.com\/avatar\/55cb5e37c1efa326397366e6974cb338056df65cb50e7d64d1cf314e87504837?s=96&d=mm&r=g","caption":"Arnaldo Botto"},"url":"https:\/\/www.noticiasradioreflejos.com.ar\/2021\/author\/arnaldo\/"}]}},"_links":{"self":[{"href":"https:\/\/www.noticiasradioreflejos.com.ar\/2021\/wp-json\/wp\/v2\/posts\/104179","targetHints":{"allow":["GET"]}}],"collection":[{"href":"https:\/\/www.noticiasradioreflejos.com.ar\/2021\/wp-json\/wp\/v2\/posts"}],"about":[{"href":"https:\/\/www.noticiasradioreflejos.com.ar\/2021\/wp-json\/wp\/v2\/types\/post"}],"author":[{"embeddable":true,"href":"https:\/\/www.noticiasradioreflejos.com.ar\/2021\/wp-json\/wp\/v2\/users\/3"}],"replies":[{"embeddable":true,"href":"https:\/\/www.noticiasradioreflejos.com.ar\/2021\/wp-json\/wp\/v2\/comments?post=104179"}],"version-history":[{"count":1,"href":"https:\/\/www.noticiasradioreflejos.com.ar\/2021\/wp-json\/wp\/v2\/posts\/104179\/revisions"}],"predecessor-version":[{"id":104181,"href":"https:\/\/www.noticiasradioreflejos.com.ar\/2021\/wp-json\/wp\/v2\/posts\/104179\/revisions\/104181"}],"wp:attachment":[{"href":"https:\/\/www.noticiasradioreflejos.com.ar\/2021\/wp-json\/wp\/v2\/media?parent=104179"}],"wp:term":[{"taxonomy":"category","embeddable":true,"href":"https:\/\/www.noticiasradioreflejos.com.ar\/2021\/wp-json\/wp\/v2\/categories?post=104179"},{"taxonomy":"post_tag","embeddable":true,"href":"https:\/\/www.noticiasradioreflejos.com.ar\/2021\/wp-json\/wp\/v2\/tags?post=104179"}],"curies":[{"name":"wp","href":"https:\/\/api.w.org\/{rel}","templated":true}]}}