{"id":104176,"date":"2024-06-24T08:51:25","date_gmt":"2024-06-24T11:51:25","guid":{"rendered":"https:\/\/www.noticiasradioreflejos.com.ar\/2021\/?p=104176"},"modified":"2024-06-24T08:51:25","modified_gmt":"2024-06-24T11:51:25","slug":"24-de-junio-la-fecha-que-une-a-sabato-fangio-riquelme-messi-duki-gardel-y-rodrigo","status":"publish","type":"post","link":"https:\/\/www.noticiasradioreflejos.com.ar\/2021\/24-de-junio-la-fecha-que-une-a-sabato-fangio-riquelme-messi-duki-gardel-y-rodrigo\/","title":{"rendered":"24 de junio: la fecha que une a S\u00e1bato, Fangio, Riquelme, Messi, Duki, Gardel y Rodrigo"},"content":{"rendered":"<p>El 24 de junio, Argentina celebra los nacimientos de los primeros cuatro y recuerda las muertes de los \u00faltimos dos, unidos por esta fecha significativa. Este d\u00eda, dedicado al talento en diversas disciplinas, tambi\u00e9n es el D\u00eda del Piloto y el D\u00eda del Cantor.<!--more--><\/p>\n<div class=\"columns\" data-tadevel-template=\"web\/article-columns\">\n<div class=\"column-main\">\n<div class=\"article-body\" data-tadevel-template=\"web\/article-body\">\n<div class=\"article-body-content\">\n<p>El 24 de junio es un d\u00eda particularmente significativo en la historia argentina. Esta fecha ha sido testigo del nacimiento de grandes figuras de la cultura y el deporte, y tambi\u00e9n de la tr\u00e1gica partida de \u00edconos de la m\u00fasica. En honor a estos eventos, se celebra el\u00a0<strong>D\u00eda del Piloto<\/strong>\u00a0y el\u00a0<strong>D\u00eda del Cantor<\/strong>\u00a0en el pa\u00eds.<\/p>\n<p>A continuaci\u00f3n, repasamos a los protagonistas de esta fecha que ha dejado una profunda huella en la identidad argentina.<\/p>\n<h3><u>Nacimientos notables<\/u><\/h3>\n<h4>Juan Manuel Fangio<\/h4>\n<p>El 24 de junio de 1911, en Balcarce, provincia de Buenos Aires, nac\u00eda Juan Manuel Fangio, el legendario piloto que se convertir\u00eda en un mito del automovilismo mundial. Apodado \u201cEl Chueco\u201d, Fangio fue cinco veces campe\u00f3n mundial de F\u00f3rmula 1, un r\u00e9cord que mantuvo hasta 2003. Su habilidad y valent\u00eda lo consagraron como uno de los m\u00e1s grandes en la historia de este deporte. En reconocimiento a su legado, cada 24 de junio se celebra el\u00a0<strong>D\u00eda Nacional del Piloto<\/strong>\u00a0en Argentina.<\/p>\n<h4>Ernesto S\u00e1bato<\/h4>\n<p>Ese mismo d\u00eda, tambi\u00e9n en 1911, nac\u00eda en Rojas, Buenos Aires, el escritor, f\u00edsico y pintor Ernesto S\u00e1bato. Con obras monumentales como \u00abSobre h\u00e9roes y tumbas\u00bb, S\u00e1bato se consolid\u00f3 como uno de los m\u00e1ximos exponentes de la literatura argentina del siglo XX. Adem\u00e1s, su papel como presidente de la Comisi\u00f3n Nacional sobre la Desaparici\u00f3n de Personas (CONADEP) lo inscribi\u00f3 en la historia reciente del pa\u00eds como una figura comprometida con los derechos humanos.<\/p>\n<h4>Juan Rom\u00e1n Riquelme<\/h4>\n<p>El 24 de junio de 1978, justo un d\u00eda antes de que Argentina ganara su primer Mundial de f\u00fatbol, naci\u00f3 Juan Rom\u00e1n Riquelme en San Fernando, Buenos Aires. Riquelme, conocido por su maestr\u00eda en el manejo del bal\u00f3n y su visi\u00f3n de juego, se convirti\u00f3 en un \u00edcono de Boca Juniors y del f\u00fatbol argentino. Hoy, como vicepresidente del club, contin\u00faa influyendo en el deporte que lo vio brillar.<\/p>\n<h4>Lionel Messi<\/h4>\n<p>El astro del f\u00fatbol mundial, Lionel Andr\u00e9s Messi, vino al mundo el 24 de junio de 1987 en Rosario. Con una carrera llena de logros, Messi es considerado por muchos como el mejor jugador de todos los tiempos. Ha celebrado su cumplea\u00f1os durante varias Copas del Mundo y Copas Am\u00e9rica, consolidando su legado no solo en el Barcelona, sino tambi\u00e9n en la selecci\u00f3n argentina y ahora en el Inter Miami.<\/p>\n<h4>Duki<\/h4>\n<p>El 24 de junio de 1996, nac\u00eda en Buenos Aires Mauro Ezequiel Lombardo, m\u00e1s conocido como Duki. Este joven artista ha revolucionado la escena del trap y el reggaet\u00f3n en Argentina, convirti\u00e9ndose en una figura prominente de la m\u00fasica urbana contempor\u00e1nea. Con millones de seguidores y una carrera en ascenso, Duki celebra su cumplea\u00f1os lanzando nuevos \u00e9xitos que r\u00e1pidamente se posicionan en los primeros puestos de las listas.<\/p>\n<h3><u>Tr\u00e1gicas despedidas<\/u><\/h3>\n<h4>Carlos Gardel<\/h4>\n<p>El 24 de junio de 1935, la m\u00fasica argentina perdi\u00f3 a uno de sus m\u00e1s grandes int\u00e9rpretes, Carlos Gardel, en un tr\u00e1gico accidente a\u00e9reo en Medell\u00edn, Colombia. Conocido como \u00abEl Zorzal Criollo\u00bb, Gardel dej\u00f3 un legado inmortal en el tango, elevando este g\u00e9nero a nivel internacional. Su m\u00fasica sigue viva y cada 24 de junio se conmemora el\u00a0<strong>D\u00eda del Cantor<\/strong>\u00a0en su honor.<\/p>\n<h4>Rodrigo Bueno<\/h4>\n<p>Rodrigo Bueno, conocido simplemente como Rodrigo o \u00abEl Potro\u00bb, falleci\u00f3 el 24 de junio del a\u00f1o 2000 en un accidente de tr\u00e1fico en la autopista Buenos Aires-La Plata. A sus 27 a\u00f1os, Rodrigo era una estrella del cuarteto, habiendo alcanzado una popularidad masiva con sus contagiosas canciones y su carisma sobre el escenario. Su muerte dej\u00f3 un vac\u00edo en la m\u00fasica argentina, pero su legado contin\u00faa resonando entre sus seguidores.<\/p>\n<figure class=\"multimedia\" data-type=\"\" data-tadevel-template=\"web\/multimedia\">\n<div class=\"content\"><\/div><figcaption class=\"caption\">Obteniendo datos&#8230;<\/figcaption><\/figure>\n<h3>Una fecha marcada en el calendario argentino<\/h3>\n<p>El 24 de junio no es solo un d\u00eda m\u00e1s en el calendario para los argentinos. Es una fecha que celebra el nacimiento de grandes talentos y recuerda la p\u00e9rdida de figuras irreemplazables. Desde la velocidad de Fangio hasta la pluma de S\u00e1bato, el genio de Messi y el ritmo de Gardel y Rodrigo, esta fecha une a diversas generaciones en un tributo a la excelencia y la pasi\u00f3n que define a la cultura argentina.<\/p>\n<\/div>\n<\/div>\n<\/div>\n<\/div>\n","protected":false},"excerpt":{"rendered":"<p>El 24 de junio, Argentina celebra los nacimientos de los primeros cuatro y recuerda las muertes de los \u00faltimos dos, unidos por esta fecha significativa. Este d\u00eda, dedicado al talento en diversas disciplinas, tambi\u00e9n es el D\u00eda del Piloto y el D\u00eda del Cantor.<\/p>\n","protected":false},"author":3,"featured_media":0,"comment_status":"closed","ping_status":"closed","sticky":false,"template":"","format":"standard","meta":{"footnotes":""},"categories":[26],"tags":[],"class_list":["post-104176","post","type-post","status-publish","format-standard","hentry","category-sociedad"],"yoast_head":"<!-- This site is optimized with the Yoast SEO plugin v25.9 - https:\/\/yoast.com\/wordpress\/plugins\/seo\/ -->\n<title>24 de junio: la fecha que une a S\u00e1bato, Fangio, Riquelme, Messi, Duki, Gardel y Rodrigo - Noticias Radio Reflejos<\/title>\n<meta name=\"robots\" content=\"index, follow, max-snippet:-1, max-image-preview:large, max-video-preview:-1\" \/>\n<link rel=\"canonical\" href=\"https:\/\/www.noticiasradioreflejos.com.ar\/2021\/24-de-junio-la-fecha-que-une-a-sabato-fangio-riquelme-messi-duki-gardel-y-rodrigo\/\" \/>\n<meta property=\"og:locale\" content=\"es_ES\" \/>\n<meta property=\"og:type\" content=\"article\" \/>\n<meta property=\"og:title\" content=\"24 de junio: la fecha que une a S\u00e1bato, Fangio, Riquelme, Messi, Duki, Gardel y Rodrigo - Noticias Radio Reflejos\" \/>\n<meta property=\"og:description\" content=\"El 24 de junio, Argentina celebra los nacimientos de los primeros cuatro y recuerda las muertes de los \u00faltimos dos, unidos por esta fecha significativa. Este d\u00eda, dedicado al talento en diversas disciplinas, tambi\u00e9n es el D\u00eda del Piloto y el D\u00eda del Cantor.\" \/>\n<meta property=\"og:url\" content=\"https:\/\/www.noticiasradioreflejos.com.ar\/2021\/24-de-junio-la-fecha-que-une-a-sabato-fangio-riquelme-messi-duki-gardel-y-rodrigo\/\" \/>\n<meta property=\"og:site_name\" content=\"Noticias Radio Reflejos\" \/>\n<meta property=\"article:published_time\" content=\"2024-06-24T11:51:25+00:00\" \/>\n<meta property=\"og:image\" content=\"https:\/\/www.noticiasradioreflejos.com.ar\/2021\/wp-content\/uploads\/2021\/07\/logosol300x200.png\" \/>\n\t<meta property=\"og:image:width\" content=\"300\" \/>\n\t<meta property=\"og:image:height\" content=\"200\" \/>\n\t<meta property=\"og:image:type\" content=\"image\/png\" \/>\n<meta name=\"author\" content=\"Arnaldo Botto\" \/>\n<meta name=\"twitter:card\" content=\"summary_large_image\" \/>\n<script type=\"application\/ld+json\" class=\"yoast-schema-graph\">{\"@context\":\"https:\/\/schema.org\",\"@graph\":[{\"@type\":\"WebPage\",\"@id\":\"https:\/\/www.noticiasradioreflejos.com.ar\/2021\/24-de-junio-la-fecha-que-une-a-sabato-fangio-riquelme-messi-duki-gardel-y-rodrigo\/\",\"url\":\"https:\/\/www.noticiasradioreflejos.com.ar\/2021\/24-de-junio-la-fecha-que-une-a-sabato-fangio-riquelme-messi-duki-gardel-y-rodrigo\/\",\"name\":\"24 de junio: la fecha que une a S\u00e1bato, Fangio, Riquelme, Messi, Duki, Gardel y Rodrigo - Noticias Radio Reflejos\",\"isPartOf\":{\"@id\":\"https:\/\/www.noticiasradioreflejos.com.ar\/2021\/#website\"},\"datePublished\":\"2024-06-24T11:51:25+00:00\",\"author\":{\"@id\":\"https:\/\/www.noticiasradioreflejos.com.ar\/2021\/#\/schema\/person\/ad82545263dcc5ec0996818884fd5fb1\"},\"breadcrumb\":{\"@id\":\"https:\/\/www.noticiasradioreflejos.com.ar\/2021\/24-de-junio-la-fecha-que-une-a-sabato-fangio-riquelme-messi-duki-gardel-y-rodrigo\/#breadcrumb\"},\"inLanguage\":\"es\",\"potentialAction\":[{\"@type\":\"ReadAction\",\"target\":[\"https:\/\/www.noticiasradioreflejos.com.ar\/2021\/24-de-junio-la-fecha-que-une-a-sabato-fangio-riquelme-messi-duki-gardel-y-rodrigo\/\"]}]},{\"@type\":\"BreadcrumbList\",\"@id\":\"https:\/\/www.noticiasradioreflejos.com.ar\/2021\/24-de-junio-la-fecha-que-une-a-sabato-fangio-riquelme-messi-duki-gardel-y-rodrigo\/#breadcrumb\",\"itemListElement\":[{\"@type\":\"ListItem\",\"position\":1,\"name\":\"Portada\",\"item\":\"https:\/\/www.noticiasradioreflejos.com.ar\/2021\/\"},{\"@type\":\"ListItem\",\"position\":2,\"name\":\"24 de junio: la fecha que une a S\u00e1bato, Fangio, Riquelme, Messi, Duki, Gardel y Rodrigo\"}]},{\"@type\":\"WebSite\",\"@id\":\"https:\/\/www.noticiasradioreflejos.com.ar\/2021\/#website\",\"url\":\"https:\/\/www.noticiasradioreflejos.com.ar\/2021\/\",\"name\":\"Noticias Radio Reflejos\",\"description\":\"Las noticias de mi comarca\",\"potentialAction\":[{\"@type\":\"SearchAction\",\"target\":{\"@type\":\"EntryPoint\",\"urlTemplate\":\"https:\/\/www.noticiasradioreflejos.com.ar\/2021\/?s={search_term_string}\"},\"query-input\":{\"@type\":\"PropertyValueSpecification\",\"valueRequired\":true,\"valueName\":\"search_term_string\"}}],\"inLanguage\":\"es\"},{\"@type\":\"Person\",\"@id\":\"https:\/\/www.noticiasradioreflejos.com.ar\/2021\/#\/schema\/person\/ad82545263dcc5ec0996818884fd5fb1\",\"name\":\"Arnaldo Botto\",\"image\":{\"@type\":\"ImageObject\",\"inLanguage\":\"es\",\"@id\":\"https:\/\/www.noticiasradioreflejos.com.ar\/2021\/#\/schema\/person\/image\/\",\"url\":\"https:\/\/secure.gravatar.com\/avatar\/55cb5e37c1efa326397366e6974cb338056df65cb50e7d64d1cf314e87504837?s=96&d=mm&r=g\",\"contentUrl\":\"https:\/\/secure.gravatar.com\/avatar\/55cb5e37c1efa326397366e6974cb338056df65cb50e7d64d1cf314e87504837?s=96&d=mm&r=g\",\"caption\":\"Arnaldo Botto\"},\"url\":\"https:\/\/www.noticiasradioreflejos.com.ar\/2021\/author\/arnaldo\/\"}]}<\/script>\n<!-- \/ Yoast SEO plugin. -->","yoast_head_json":{"title":"24 de junio: la fecha que une a S\u00e1bato, Fangio, Riquelme, Messi, Duki, Gardel y Rodrigo - Noticias Radio Reflejos","robots":{"index":"index","follow":"follow","max-snippet":"max-snippet:-1","max-image-preview":"max-image-preview:large","max-video-preview":"max-video-preview:-1"},"canonical":"https:\/\/www.noticiasradioreflejos.com.ar\/2021\/24-de-junio-la-fecha-que-une-a-sabato-fangio-riquelme-messi-duki-gardel-y-rodrigo\/","og_locale":"es_ES","og_type":"article","og_title":"24 de junio: la fecha que une a S\u00e1bato, Fangio, Riquelme, Messi, Duki, Gardel y Rodrigo - Noticias Radio Reflejos","og_description":"El 24 de junio, Argentina celebra los nacimientos de los primeros cuatro y recuerda las muertes de los \u00faltimos dos, unidos por esta fecha significativa. Este d\u00eda, dedicado al talento en diversas disciplinas, tambi\u00e9n es el D\u00eda del Piloto y el D\u00eda del Cantor.","og_url":"https:\/\/www.noticiasradioreflejos.com.ar\/2021\/24-de-junio-la-fecha-que-une-a-sabato-fangio-riquelme-messi-duki-gardel-y-rodrigo\/","og_site_name":"Noticias Radio Reflejos","article_published_time":"2024-06-24T11:51:25+00:00","og_image":[{"width":300,"height":200,"url":"https:\/\/www.noticiasradioreflejos.com.ar\/2021\/wp-content\/uploads\/2021\/07\/logosol300x200.png","type":"image\/png"}],"author":"Arnaldo Botto","twitter_card":"summary_large_image","schema":{"@context":"https:\/\/schema.org","@graph":[{"@type":"WebPage","@id":"https:\/\/www.noticiasradioreflejos.com.ar\/2021\/24-de-junio-la-fecha-que-une-a-sabato-fangio-riquelme-messi-duki-gardel-y-rodrigo\/","url":"https:\/\/www.noticiasradioreflejos.com.ar\/2021\/24-de-junio-la-fecha-que-une-a-sabato-fangio-riquelme-messi-duki-gardel-y-rodrigo\/","name":"24 de junio: la fecha que une a S\u00e1bato, Fangio, Riquelme, Messi, Duki, Gardel y Rodrigo - Noticias Radio Reflejos","isPartOf":{"@id":"https:\/\/www.noticiasradioreflejos.com.ar\/2021\/#website"},"datePublished":"2024-06-24T11:51:25+00:00","author":{"@id":"https:\/\/www.noticiasradioreflejos.com.ar\/2021\/#\/schema\/person\/ad82545263dcc5ec0996818884fd5fb1"},"breadcrumb":{"@id":"https:\/\/www.noticiasradioreflejos.com.ar\/2021\/24-de-junio-la-fecha-que-une-a-sabato-fangio-riquelme-messi-duki-gardel-y-rodrigo\/#breadcrumb"},"inLanguage":"es","potentialAction":[{"@type":"ReadAction","target":["https:\/\/www.noticiasradioreflejos.com.ar\/2021\/24-de-junio-la-fecha-que-une-a-sabato-fangio-riquelme-messi-duki-gardel-y-rodrigo\/"]}]},{"@type":"BreadcrumbList","@id":"https:\/\/www.noticiasradioreflejos.com.ar\/2021\/24-de-junio-la-fecha-que-une-a-sabato-fangio-riquelme-messi-duki-gardel-y-rodrigo\/#breadcrumb","itemListElement":[{"@type":"ListItem","position":1,"name":"Portada","item":"https:\/\/www.noticiasradioreflejos.com.ar\/2021\/"},{"@type":"ListItem","position":2,"name":"24 de junio: la fecha que une a S\u00e1bato, Fangio, Riquelme, Messi, Duki, Gardel y Rodrigo"}]},{"@type":"WebSite","@id":"https:\/\/www.noticiasradioreflejos.com.ar\/2021\/#website","url":"https:\/\/www.noticiasradioreflejos.com.ar\/2021\/","name":"Noticias Radio Reflejos","description":"Las noticias de mi comarca","potentialAction":[{"@type":"SearchAction","target":{"@type":"EntryPoint","urlTemplate":"https:\/\/www.noticiasradioreflejos.com.ar\/2021\/?s={search_term_string}"},"query-input":{"@type":"PropertyValueSpecification","valueRequired":true,"valueName":"search_term_string"}}],"inLanguage":"es"},{"@type":"Person","@id":"https:\/\/www.noticiasradioreflejos.com.ar\/2021\/#\/schema\/person\/ad82545263dcc5ec0996818884fd5fb1","name":"Arnaldo Botto","image":{"@type":"ImageObject","inLanguage":"es","@id":"https:\/\/www.noticiasradioreflejos.com.ar\/2021\/#\/schema\/person\/image\/","url":"https:\/\/secure.gravatar.com\/avatar\/55cb5e37c1efa326397366e6974cb338056df65cb50e7d64d1cf314e87504837?s=96&d=mm&r=g","contentUrl":"https:\/\/secure.gravatar.com\/avatar\/55cb5e37c1efa326397366e6974cb338056df65cb50e7d64d1cf314e87504837?s=96&d=mm&r=g","caption":"Arnaldo Botto"},"url":"https:\/\/www.noticiasradioreflejos.com.ar\/2021\/author\/arnaldo\/"}]}},"_links":{"self":[{"href":"https:\/\/www.noticiasradioreflejos.com.ar\/2021\/wp-json\/wp\/v2\/posts\/104176","targetHints":{"allow":["GET"]}}],"collection":[{"href":"https:\/\/www.noticiasradioreflejos.com.ar\/2021\/wp-json\/wp\/v2\/posts"}],"about":[{"href":"https:\/\/www.noticiasradioreflejos.com.ar\/2021\/wp-json\/wp\/v2\/types\/post"}],"author":[{"embeddable":true,"href":"https:\/\/www.noticiasradioreflejos.com.ar\/2021\/wp-json\/wp\/v2\/users\/3"}],"replies":[{"embeddable":true,"href":"https:\/\/www.noticiasradioreflejos.com.ar\/2021\/wp-json\/wp\/v2\/comments?post=104176"}],"version-history":[{"count":1,"href":"https:\/\/www.noticiasradioreflejos.com.ar\/2021\/wp-json\/wp\/v2\/posts\/104176\/revisions"}],"predecessor-version":[{"id":104178,"href":"https:\/\/www.noticiasradioreflejos.com.ar\/2021\/wp-json\/wp\/v2\/posts\/104176\/revisions\/104178"}],"wp:attachment":[{"href":"https:\/\/www.noticiasradioreflejos.com.ar\/2021\/wp-json\/wp\/v2\/media?parent=104176"}],"wp:term":[{"taxonomy":"category","embeddable":true,"href":"https:\/\/www.noticiasradioreflejos.com.ar\/2021\/wp-json\/wp\/v2\/categories?post=104176"},{"taxonomy":"post_tag","embeddable":true,"href":"https:\/\/www.noticiasradioreflejos.com.ar\/2021\/wp-json\/wp\/v2\/tags?post=104176"}],"curies":[{"name":"wp","href":"https:\/\/api.w.org\/{rel}","templated":true}]}}