{"id":104174,"date":"2024-06-24T08:31:33","date_gmt":"2024-06-24T11:31:33","guid":{"rendered":"https:\/\/www.noticiasradioreflejos.com.ar\/2021\/?p=104174"},"modified":"2024-06-24T08:31:33","modified_gmt":"2024-06-24T11:31:33","slug":"en-los-dos-fines-de-semana-de-junio-viajaron-26-millones-de-turistas-y-gastaron-us-418-millones","status":"publish","type":"post","link":"https:\/\/www.noticiasradioreflejos.com.ar\/2021\/en-los-dos-fines-de-semana-de-junio-viajaron-26-millones-de-turistas-y-gastaron-us-418-millones\/","title":{"rendered":"En los dos fines de semana de junio viajaron 2,6 millones de turistas y gastaron US$ 418 millones"},"content":{"rendered":"<p>Este a\u00f1o los dos feriados de junio se festejaron en fines de semana separados y en el balance final, result\u00f3 favorable para el sector. Al sumar las dos fechas, los turistas tuvieron siete d\u00edas para viajar, cuando en junio de 2023 fueron solo cuatro. Como resultado, esta vez se moviliz\u00f3 un 15,3% m\u00e1s de personas que en 2023. Unos 800 mil viajaron por la Inmortalidad de G\u00fcemes, del 14 al 17 de junio, y 1,8 millones lo hicieron este fin de semana por el D\u00eda de la Bandera. Hubo muchos arribos sobre hora con venta de mostrador.<!--more--><\/p>\n<p><span lang=\"ES-AR\">En el fin de semana de cuatro jornadas por el D\u00eda de la Bandera viajaron 1,8 millones de turistas por la Argentina y gastaron $303.405 millones en alimentos, bebidas, alojamiento, transporte, recreaci\u00f3n y compras diversas.<\/span><\/p>\n<p><span lang=\"ES-AR\">La cantidad de gente que se traslad\u00f3 fue 20% menor al mismo fin de semana del a\u00f1o pasado, que tuvo igual cantidad de d\u00edas (4) y gast\u00f3 24,3% menos a precios reales.<\/span><\/p>\n<p><span lang=\"ES-AR\">Pero en el balance final, festejar los feriados en fines de semana separados, como sucedi\u00f3 este a\u00f1o, termin\u00f3 siendo mejor para la actividad: si se agregan los resultados de este fin de semana con los del feriado del pasado 17 de junio, al sumar siete d\u00edas, casi 2,6 millones de personas salieron de paseo, es 15,3% m\u00e1s que en los cuatro d\u00edas que dur\u00f3 el fin de semana combinado de 2023.<\/span><\/p>\n<p><span lang=\"ES-AR\">En materia de gasto, igualmente este a\u00f1o fue m\u00e1s austero: incluso sumando las dos fechas, gastaron en total $384.869 millones (US$ 418 millones), 4% menos en pesos, a precios reales, que lo que se gast\u00f3 en solo cuatro d\u00edas del 2023. Una diferencia la aport\u00f3 el turista internacional, que este a\u00f1o tuvo muy poca presencia, y redujo el gasto per c\u00e1pita.<\/span><\/p>\n<p><span lang=\"ES-AR\">Los turistas de este fin de semana tuvieron una estad\u00eda promedio de 3 noches y gastaron $56.500 diarios cada uno, por encima del desembolso realizado el fin de semana pasado, donde ante la baja demanda, hubo muchas m\u00e1s promociones y menos opciones recreativas donde gastar.<\/span><\/p>\n<p><span lang=\"ES-AR\">El tiempo este a\u00f1o fue menos amigable, con nevadas en la Patagonia, tormentas en algunas zonas de Cuyo y NOA, temporales en el NEA, y vientos fuertes en la Costa. Aun as\u00ed, hubo sol y tambi\u00e9n momentos de temperaturas templadas.<\/span><\/p>\n<p><span lang=\"ES-AR\">En lo que va del a\u00f1o tuvieron lugar 4 fines de semana largos, donde viajaron 8,4 millones de turistas y gastaron $1.369.395 millones (US$1.488 millones a d\u00f3lar oficial venta del BNA).<\/span><\/p>\n<p>&nbsp;<\/p>\n<p align=\"center\"><strong><span lang=\"ES-AR\">Los n\u00fameros que dejaron los feriados de junio<\/span><\/strong><\/p>\n<p align=\"center\"><span lang=\"ES-AR\">(variaciones reales 2024\/2023)<\/span><\/p>\n<p><img loading=\"lazy\" decoding=\"async\" class=\"CToWUd a6T\" tabindex=\"0\" src=\"https:\/\/ci3.googleusercontent.com\/meips\/ADKq_NZNZ9foPvWJsN5eF8lyVPWq_nAx367hILGZKXIbseLsQAldJPgRY3Xv3-1HWFvgPQc-_JJ1OVqOwZt0rAX-kigbt2vgLn8BowGcXHIP6czT6ffl0GGlsx6Ndt1uej1oav3EL4zGLZSLbmKIf9ucVLEnk8GudmkP3h_2iT8-9_NiCUWbWa4=s0-d-e1-ft#https:\/\/mailprensa.came.org.ar\/data\/1899c60d3e88c767f20949a98d5003460b14bf85\/media_files\/871\/original\/image.png\" width=\"600\" height=\"103\" data-bit=\"iit\" \/><\/p>\n<p><img loading=\"lazy\" decoding=\"async\" class=\"CToWUd a6T\" tabindex=\"0\" src=\"https:\/\/ci3.googleusercontent.com\/meips\/ADKq_NYKRNSzmGrf7-J00Pk8M_x69QU-zZhoPyiBNelNfLNUHc6ilIVIAw-wpfvX0o6i3z0BV6NJRSW9kf42OG13GyHdg2TM9r3lV4-BdBnvyc-pw7OXRqS9pLLF2nKG04TPoWGys_xpeZ4Ngymh16LKLOykDbgbsIr_h3nojlPt30zOdeHQY2U=s0-d-e1-ft#https:\/\/mailprensa.came.org.ar\/data\/1899c60d3e88c767f20949a98d5003460b14bf85\/media_files\/872\/original\/image.png\" width=\"600\" height=\"210\" data-bit=\"iit\" \/><\/p>\n<p><em><span lang=\"ES-AR\">Fuente: Confederaci\u00f3n Argentina de la Mediana Empresa sobre datos aportados por las c\u00e1maras de comercio, de turismo y federaciones asociadas a CAME de todo el pa\u00eds y las direcciones y agencias de turismo regionales<\/span><\/em><\/p>\n<p align=\"center\"><strong><span lang=\"ES-AR\">Consideraciones Generales<\/span><\/strong><\/p>\n<p><strong><span lang=\"ES-AR\">1) Provincia de Buenos Aires.<\/span><\/strong><span lang=\"ES-AR\">\u00a0Aunque lejos de las agradables temperaturas del fin de semana anterior, el turismo dijo presente en los cuatros d\u00edas. Prevalecieron los arribos espont\u00e1neos, de \u00faltima hora, que hicieron din\u00e1mico el fin de semana. Mar del Plata recibi\u00f3 104.397 visitantes, seg\u00fan inform\u00f3 el Ente Municipal de Turismo y Cultura (Emturyc). La ocupaci\u00f3n hotelera rond\u00f3 el 70%, a pesar del clima fr\u00edo y las precipitaciones aisladas. Con ese movimiento, entre el 1 y 21 de junio arribaron 346.713 turistas a la ciudad, 1,1% menos que el mismo periodo del a\u00f1o pasado. Las ciudades de la Costa como Pinamar, Caril\u00f3, Villa Gesell, San Bernardo, no tuvieron tantos alquileres como en junio del 2023, pero si mucho propietario que fue a pasar unos d\u00edas y le dio ritmo a balnearios, restaurantes y cafeter\u00edas. En el interior de la provincia, los destinos repuntaron fuerte frente al fin de semana anterior. Sierra de la Ventana y Tandil fueron muy concurridas, pero tambi\u00e9n otras como Chascom\u00fas, Tigre, Lobos, La Plata, o San Antonio de Areco.<\/span><\/p>\n<p><strong><span lang=\"ES-AR\">2) Ciudad de Buenos Aires.<\/span><\/strong><span lang=\"ES-AR\">\u00a0Con mejores resultados que la semana anterior, CABA prepar\u00f3 m\u00faltiples propuestas para recibir a turistas, excursionistas y locales. Esta vez, se promocionaron cinco circuitos con eje en la Copa Am\u00e9rica y el feriado patrio: el circuito hist\u00f3rico para descubrir la huella de Manuel Belgrano, tomar un caf\u00e9 en un bar mas\u00f3n o viajar en el tiempo en un museo; el circuito Copa Am\u00e9rica para disfrutar lugares que le hacen honor a Messi y Maradona; y los circuitos Cultural, Tradici\u00f3n y Familiar. Se sumaron a ellas propuestas de visitas guiadas por el casco hist\u00f3rico y barrios emblem\u00e1ticos de la urbe, ciclos musicales, teatrales, cine para todas las edades y una variedad de ferias. Los bares de la Ciudad se vieron colmados durante los 4 d\u00edas.<\/span><\/p>\n<p><strong><span lang=\"ES-AR\">3) Catamarca.<\/span><\/strong><span lang=\"ES-AR\">\u00a0Con 70% de ocupaci\u00f3n en la capital y 90% en ciudades del interior como Fiambal\u00e1, Bel\u00e9n y Antofagasta, la provincia recibi\u00f3 al turista con propuestas culturales, naturales y econ\u00f3micas. Uno de los lugares m\u00e1s visitados fueron las Termas de Fiambal\u00e1, que estuvieron a pleno toda la semana, quedando incluso gente sin poder ingresar por la capacidad colmada. En la capital, a turistas y residentes que realizaban compras de productos y\/o servicios en comercios, bares, restaurantes y hoteles adheridos, se les otorg\u00f3 ofertas e importantes premios, como vouchers de consumo en comercios, tel\u00e9fonos celulares y kits de viajes, entre otros. En tanto, la ciudad de Bel\u00e9n desarroll\u00f3 el Seminario Nacional OVOP Argentina, con la participaci\u00f3n de m\u00e1s de 100 representantes de la provincia, de Misiones, Chaco, Salta y Buenos Aires. Adem\u00e1s, quienes arribaron a esa localidad recorrieron monta\u00f1as, paisajes des\u00e9rticos, visitaron la Iglesia de San Francisco y el Museo Arqueol\u00f3gico C\u00f3ndor Huasi. Tambi\u00e9n, el Rodeo, Las Juntas, Santa Mar\u00eda y Antofagasta de las Sierras, fueron otros de los lugares destacados en visitantes.<\/span><\/p>\n<p><strong><span lang=\"ES-AR\">4) C\u00f3rdoba.<\/span><\/strong><span lang=\"ES-AR\">\u00a0La ciudad capital registr\u00f3 una ocupaci\u00f3n hotelera promedio de casi 75%, seg\u00fan el Observatorio Tur\u00edstico municipal, con encuentros convocantes como el show de La Renga. En las Sierras, desde la Agencia C\u00f3rdoba Turismo, se\u00f1alaron que la ocupaci\u00f3n super\u00f3 el 80%, con numerosos establecimientos (sobre todo los m\u00e1s categorizados) completos, y localidades que superaron el 90% de hospedaje. Los tres valles m\u00e1s convocantes, Punilla, Calamuchita y Traslasierra, tuvieron niveles de alojamiento superiores al 85%. Hubo muchas actividades convocantes como, por ejemplo, en Santa Rosa de Calamuchita, donde se present\u00f3 la Semana de los Pr\u00f3ceres. Tambi\u00e9n en Villa Cura Brochero se destacaron las visitas guiadas \u201cConociendo lo Nuestro\u201d y Ecoturismo. \u00a0En tanto, en Villa General Belgrano, se hizo la Juni Fest mientras en Agua de Oro, el Encuentro de Artesan\u00edas Criolla. Adem\u00e1s, en el pueblo de Costa Sacate se realiz\u00f3 la 1\u00b0 Fiesta del Locro, mientras en Sinsacate estuvo el Encuentro Regional de Ballets y Academias Folkl\u00f3ricas. Por su parte, en Villa del Totoral se dio cita la 3\u00b0 edici\u00f3n del Auto Tour por el Corredor del Norte Cordob\u00e9s. Tambi\u00e9n Villa Giardino tuvo actividad con el DanSer Festival Consciente en el Reloj Floral, como Nono con la Feria de Artesan\u00edas y del Libro. Por su parte, en Alta Gracia, se organiz\u00f3 el Concierto Tamboreras y en Almafuerte, la Buena Onda Festi.<\/span><\/p>\n<p><strong><span lang=\"ES-AR\">5) Chaco.\u00a0<\/span><\/strong><span lang=\"ES-AR\">El promedio de ocupaci\u00f3n hotelera promedi\u00f3 el 65%, con la Regi\u00f3n Litoral como la m\u00e1s concurrida. El gasto diario estimado por persona rond\u00f3 los $60.000, incluyendo traslados. La mayor\u00eda de las ciudades prepararon encuentros, destac\u00e1ndose la Marathon Fest en Resistencia; el Encuentro Regional de Danzas, en Las Bre\u00f1as; el Motoencuentro Internacional en Colonia Elisa, y el recital Rock al Mate, en Barranqueras. Otros puntos con movimiento fueron Villa Angela, Castelli, y S\u00e1enz Pe\u00f1a con el complejo termal como centro de atracci\u00f3n. Como cada fin de semana largo, los principales parques nacionales estuvieron abiertos para recibir al turista, especialmente \u201cEl Impenetrable\u201d.<\/span><\/p>\n<p><strong><span lang=\"ES-AR\">6) Chubut.<\/span><\/strong><span lang=\"ES-AR\">\u00a0Con una estad\u00eda promedio de 3 d\u00edas y condiciones clim\u00e1ticas que por momento dificultaron el tr\u00e1nsito, lo m\u00e1s visitado fue Puerto Madryn y Esquel, aunque los turistas circularon por toda la cordillera de la provincia. Hubo encuentros como el Madryn Comestible, y las t\u00edpicas excursiones, como el avistaje de ballenas, que fueron muy demandadas. Lago Puelo, Puerto Pir\u00e1mides, Gaim\u00e1n, Trevel\u00edn y El Hoyo, no pasaron desapercibidos entre quienes arribaron a la provincia. Los turistas observaron la fauna marina en la Pen\u00ednsula Vald\u00e9s, hicieron senderismo y pesca en el Parque Nacional Los Alerces, caminaron entre ping\u00fcinos en Punta Tombo y tambi\u00e9n visitaron el Museo Paleontol\u00f3gico en Trelew.<\/span><\/p>\n<p><strong><span lang=\"ES-AR\">7) Corrientes.<\/span><\/strong><span lang=\"ES-AR\">\u00a0Con una ocupaci\u00f3n promedio de 73%, seg\u00fan el Observatorio Tur\u00edstico Provincial, lo m\u00e1s concurrido fueron los Esteros del Iber\u00e1, uno de los humedales m\u00e1s grandes del mundo, que alcanz\u00f3 el 80% de alojamiento. En la misma ecorregi\u00f3n, fue muy visitado el Parque Nacional Mburucuy\u00e1, donde los amantes de la naturaleza recorrieron sus senderos, observaron aves y las diversas especies de flora y fauna nativa. Tambi\u00e9n la zona de Paran\u00e1 Sur con fuerte impacto en la pesca deportiva, y el Corredor Jesu\u00edtico Guaran\u00ed sobre el R\u00edo Uruguay estuvieron transitados. En tanto, en la ciudad de Esquina la Fiesta del Dorado fue una buena excusa para atraer visitantes amantes de la pesca. La estad\u00eda promedio en toda la provincia fue de 3 noches, y los principales motivos del viaje, adem\u00e1s de llegar hasta los esteros, fue realizar pesca deportiva, visitar familiares y amigos, trabajo y descanso.<\/span><\/p>\n<p><strong><span lang=\"ES-AR\">8) Entre R\u00edos.<\/span><\/strong><span lang=\"ES-AR\">\u00a0La ocupaci\u00f3n promedi\u00f3 el 87% y el gasto diario por turista, los $51.800. Buena parte de los visitantes llegaron sin reservas, en decisiones de \u00faltimo momento, buscando alojamiento en el lugar. Por ciudades, Santa Elena estuvo con 60% de ocupaci\u00f3n, Villa Elisa, La Paz y Federaci\u00f3n con 90%, San Jos\u00e9 65%, Paran\u00e1 60%. Fueron muy buscados el termalismo y el turismo rural. Hubo eventos convocantes, como el Torneo Federal de Chef, en la ciudad capital o la tercera fecha del Campeonato Entrerriano R\u00edo Uruguay Seguros por los caminos de San Jos\u00e9 y Primero de Mayo. El clima fue cambiante, con sol, luvias, momentos templados y otros fr\u00edos. Otro destino con buena concurrencia de turistas fue Concepci\u00f3n del Uruguay, que jueves, viernes y s\u00e1bado llen\u00f3 sus restaurantes y confiter\u00edas, y trabaj\u00f3 con sus temas a pleno. Se destacaron tambi\u00e9n Col\u00f3n, Gualeguaych\u00fa y Chajar\u00ed, entre otros.<\/span><\/p>\n<p><strong><span lang=\"ES-AR\">9) Formosa.<\/span><\/strong><span lang=\"ES-AR\">\u00a0Con un gasto promedio diario de $50 mil y 3 noches de estad\u00eda, sobre el viernes la provincia fue sorprendida con el arribo de centenares de turistas sin reservas previas, que llevaron la ocupaci\u00f3n en la ciudad capital al 100% en el segmento de hoteles de m\u00e1s categor\u00edas. Los mismos niveles del 100% se obtuvieron en el Ba\u00f1ado la Estrella y en Las Lomitas, con las termas muy concurridas. Los operadores tur\u00edsticos trabajaron a pleno. Localidades como Laguna Blanca, conocida por su proximidad al Parque Nacional R\u00edo Pilcomayo y sus hermosos paisajes naturales, convocaron p\u00fablico con una gran variedad de actividades para celebrar su 110\u00b0 aniversario.<\/span><\/p>\n<p><strong><span lang=\"ES-AR\">10) Jujuy.<\/span><\/strong><span lang=\"ES-AR\">\u00a0La ocupaci\u00f3n promedi\u00f3 el 80%, seg\u00fan el Ministerio de Cultura y Turismo provincial, con picos de 90% en La Quebrada, donde adem\u00e1s del paisaje, los turistas pudieron disfrutar del Tren Solar, que comenz\u00f3 a funcionar desde el 18 de junio, y realiza paradas en las estaciones de Volc\u00e1n, Tumbaya, Purmamarca y Maimara. Las Salinas Grandes, el Cerro Hornocal, el Pucar\u00e1 de Tilcara, la Laguna de Yala, fueron algunos de ellos lugares m\u00e1s transitados. El clima acompa\u00f1o todo el fin de semana con temperaturas que el s\u00e1bado se acercaron a los 30 grados.<\/span><\/p>\n<p><strong><span lang=\"ES-AR\">11) La Pampa.<\/span><\/strong><span lang=\"ES-AR\">\u00a0Fue un fin de semana con movimiento de turistas moderado, aunque mejor que el anterior. La provincia ofreci\u00f3 eventos y atractivos naturales, destac\u00e1ndose las ofertas del Parque Luro, famoso por su reserva de ciervos colorados y sus extensos bosques de cald\u00e9n, de la Laguna Utrac\u00e1n y del Parque Nacional Lihu\u00e9 Calel, con sus paisajes monta\u00f1osos \u00fanicos en la regi\u00f3n pampeana. Las ciudades m\u00e1s concurridas fueron Santa Rosa, General Pico y Victorica, adem\u00e1s de las Termas de Bernardo Larroud\u00e9 y las zonas de estancias, que fueron requeridas, aunque no como otros fines de semana.<\/span><\/p>\n<p><strong><span lang=\"ES-AR\">12) La Rioja.<\/span><\/strong><span lang=\"ES-AR\">\u00a0Con un gasto diario por turista de $40.000, uno de los puntos fuertes del fin de semana pas\u00f3 por Sanagasta, donde se realiz\u00f3 el Campeonato Argentino de Enduro, que reuni\u00f3 a los mejores pilotos del motociclismo del pa\u00eds. Otras ciudades concurridas fueron La Rioja capital, Chilecito y Villa Uni\u00f3n. En Chilecito, los turistas visitaron el Museo Molino San Francisco, un antiguo molino harinero con exposiciones hist\u00f3ricas. Villa Uni\u00f3n, ofreci\u00f3 al visitante el ca\u00f1\u00f3n de Talampaya, famoso por sus paredes rocosas de hasta 150 metros de altura, y las formaciones rocosas dentro del parque (catedral G\u00f3tica y El Monje). El Corredor de la Costa, las aguas termales de Santa Teresita y la Reserva Provincial de Laguna Brava fueron otros lugares concurridos el fin de semana.<\/span><\/p>\n<p><strong><span lang=\"ES-AR\">13) Mendoza.<\/span><\/strong><span lang=\"ES-AR\">\u00a0Con miras al receso invernal, la provincia super\u00f3 el 78% de ocupaci\u00f3n, con la nieve como atracci\u00f3n principal. De la mano de un viajero que busc\u00f3 contacto con la naturaleza, practicar esqu\u00ed o visitar vi\u00f1edos, el fin de semana cumpli\u00f3 con las expectativas. Las intensas nevadas y el riesgo de aludes, que incluso hizo postergar la preapertura de Las Le\u00f1as, en Malarg\u00fce, y de Penitentes, en Las Heras, no impidi\u00f3 que los visitantes se acerquen a la nieve, disfruten de una rica agenda cultural y degusten las variedades gastron\u00f3micas. La Ciudad de Mendoza, San Rafael, Potrerillos, Valle de Uco, Cacheuta, Alta Monta\u00f1a, Tupungato, Malarg\u00fce, fueron algunas de las localidades m\u00e1s visitadas. La estad\u00eda promedio fue de tres d\u00edas, con un gasto por persona diario de $50.000.<\/span><\/p>\n<p><strong><span lang=\"ES-AR\">14) Misiones.\u00a0<\/span><\/strong><span lang=\"ES-AR\">Seg\u00fan datos del Ministerio de Turismo provincial, la ocupaci\u00f3n promedi\u00f3 el 78%, alcanzando picos de 85% y 90% en las noches del viernes y s\u00e1bado. Puerto Iguaz\u00fa obtuvo una ocupaci\u00f3n de 84%, con 15 mil turistas que ingresaron al parque nacional entre viernes y domingo. En El Dorado, la ocupaci\u00f3n fue 61%, en Posadas, 70%, San Ignacio, 63%, El Soberbio, 60%, Arist\u00f3bulo del Valle, 63%, y Ober\u00e1, un 65%. En total, se registraron m\u00e1s de 30 mil arribos y m\u00e1s de 75 mil pernoctaciones el fin de semana, con una estad\u00eda promedio de 2,9 noches. El 84% de los visitantes fue de origen nacional, mientras que 11% provinieron de la regi\u00f3n (Brasil, Paraguay y Uruguay) y 5% de otros pa\u00edses. En cuanto a las actividades preferidas, la naturaleza fue la m\u00e1s elegida con un 87%, seguida por las actividades culturales con 43%, realizar compras 21% y entretenimiento nocturno, 18%.<\/span><\/p>\n<p><strong><span lang=\"ES-AR\">15) Neuqu\u00e9n.<\/span><\/strong><span lang=\"ES-AR\">\u00a0Con muchos arribos espont\u00e1neos y turismo de cercan\u00eda, los n\u00fameros marcaron 65% de ocupaci\u00f3n en Villa la Angostura y San Mart\u00edn de los Andes, 45% en Villa Pehuenia y 30% en Alumin\u00e9. Rinc\u00f3n de los Sauces, Caviahue-Copahue, Jun\u00edn de Los Andes, fueron ciudades concurridas, aunque con un tr\u00e1nsito moderado en parte por las condiciones clim\u00e1ticas.<\/span><\/p>\n<p><strong><span lang=\"ES-AR\">16) R\u00edo Negro.<\/span><\/strong><span lang=\"ES-AR\">\u00a0El fin de semana se vio complicado por las intensas nevadas que obstruyeron rutas y dificultaron incluso el aterrizaje de aviones. Hubo temperaturas bajo cero, y calles anegadas o cortadas para el tr\u00e1nsito que impidieron circular. Aun as\u00ed, Bariloche fue muy concurrida, lo mismo que localidades como El Bols\u00f3n, Las Grutas, Choele Choel. Hubo un trabajo intenso todo el fin de semana para mitigar los efectos del tiempo y que el turista pueda disfrutar su estad\u00eda.<\/span><\/p>\n<p><strong><span lang=\"ES-AR\">17) San Juan.<\/span><\/strong><span lang=\"ES-AR\">\u00a0Seg\u00fan datos de la Secretar\u00eda de Turismo provincial, la ocupaci\u00f3n lleg\u00f3 a 80% en Calingasta, 79% Valle F\u00e9rtil, 60% en Gran San Juan, 31% en J\u00e1chal y 46% en Iglesia. La provincia organiz\u00f3 actividades variadas para entretener al turista. Los lugares m\u00e1s visitados fueron el Parque Provincial Ischigualasto (Valle de la Luna), famoso por sus formaciones rocosas y los f\u00f3siles de dinosaurios; el Parque Nacional El Leoncito, muy buscando para astroturismo; y el Embalse Ullum, un hermoso lago artificial donde se practican deportes acu\u00e1ticos todo el a\u00f1o.<\/span><\/p>\n<p><strong><span lang=\"ES-AR\">18) San Luis.<\/span><\/strong><span lang=\"ES-AR\">\u00a0Con una amplia agenda de actividades y festejos, la provincia tuvo un fin de semana tranquilo pero a tono con las expectativas del sector. Villa Merlo, Potrero de Funes, La Punta, Juana Koslay y El Trapiche, fueron las ciudades mas visitadas por los turistas, que llegaron principalmente de regiones cercanas. Se sum\u00f3 en esta fecha la localidad de Lavaisse con los festejos por los 117 a\u00f1os de su fundaci\u00f3n. Otro evento muy convocante fue la Liga de Newcom Mixto en Merlo, una adaptaci\u00f3n del v\u00f3ley para adultos mayores que se convirti\u00f3 en una actividad deportiva y social de gran popularidad en San Luis y reuni\u00f3 a 700 participantes este fin de semana. Los visitantes recorrieron adem\u00e1s el Parque Yucat en Merlo, la mina de oro en Antu Ruca y la reserva de llamas Antu Ruca (casa del sol) en Inti Huasi, entre otros atractivos.<\/span><\/p>\n<p><strong><span lang=\"ES-AR\">19) Santa Cruz.<\/span><\/strong><span lang=\"ES-AR\">\u00a0Como buena parte de la Patagonia, la provincia se vio afectada por las nevadas del fin de semana. A\u00fan as\u00ed, el turista recorri\u00f3 el Parque Nacional Los Glaciares, las rutas de senderismo en el Lago Argentino, los espacios de observaci\u00f3n de ping\u00fcinos, guanacos y c\u00f3ndores en el Parque Nacional Monte Le\u00f3n y la Cueva de las Manos cerca de Perito Moreno. El Calafate, Puerto San Juli\u00e1n, El Chalt\u00e9n, R\u00edo Gallegos, Los Antiguos, Caleta Olivia y Perito Moreno, fueron las ciudades m\u00e1s visitadas.<\/span><\/p>\n<p><strong><span lang=\"ES-AR\">20) Santa Fe.<\/span><\/strong><span lang=\"ES-AR\">\u00a0Rosario fue la ciudad con m\u00e1s concurrencia, por los festejos del d\u00eda de la Bandera que son un cl\u00e1sico, y que, como todos los a\u00f1os, cont\u00f3 con la presencia presidencial. Visitantes y locales disfrutaron de la gran fiesta popular organizada, que incluy\u00f3 m\u00fasica en vivo, concursos gastron\u00f3micos, ferias, patio de baile y juegos en el Parque Nacional a la Bandera, con entrada libre y gratuita. En la ciudad capital y su \u00e1rea metropolitana, algunos complejos tuvieron ocupaci\u00f3n plena con un promedio de 3 noches de estad\u00eda. Los tres corredores tur\u00edsticos de la costa, es decir Ruta 1, Ruta 11 y Carcara\u00f1\u00e1, tuvieron buen flujo de visitantes, con familias provenientes de distintas provincias del pa\u00eds como Buenos Aires, Entre R\u00edos y turismo de cercan\u00eda. Santa Rosa de Calchines, Cayast\u00e1, Helvecia, San Javier, fueron otras ciudades concurridas.<\/span><\/p>\n<p><strong><span lang=\"ES-AR\">21) Santiago del Estero.<\/span><\/strong><span lang=\"ES-AR\">\u00a0En Termas de Rio Hondo, principal y estrat\u00e9gico destino de atracciones en la provincia, la ocupaci\u00f3n super\u00f3 el 82%, con los Hoteles 5 y 4 estrellas al 93%, los 3 estrellas al 76% y los de 2, al 100%. En Villa La Punta, donde se revelan peculiares caracter\u00edsticas paisaj\u00edsticas serranas que incentivan la demanda receptiva, la ocupaci\u00f3n rond\u00f3 el 55%, con turistas que llegaron de C\u00f3rdoba, Buenos Aires, Tucum\u00e1n, Catamarca y Salta. Fue destacado el turismo rural, donde las estancias ofrecieron variantes para experimentar la vida en el campo, participar en actividades agr\u00edcolas y disfrutar de la gastronom\u00eda local. El gasto promedio diario en la provincia fue de $60.000 por turista y la ocupaci\u00f3n promedio, de 2 d\u00edas.<\/span><\/p>\n<p><strong><span lang=\"ES-AR\">22) Tierra del Fuego.<\/span><\/strong><span lang=\"ES-AR\">\u00a0Ushuaia fue lo m\u00e1s concurrido, con 60% de ocupaci\u00f3n hotelera y para hotelera y la propuesta de la Fiesta Nacional de la noche m\u00e1s larga 2024, que tuvo buena convocatoria. Fuera de las actividades programas por el municipio, quienes llegaron a la ciudad navegaron en el Canal Beagle, recorrieron el Parque Nacional Tierra del Fuego a bordo del tren del Fin del Mundo y realizaron senderismo. Otros lugares concurridos fueron Cabo San Pablo, y el Lago Fagnano de Tolhuin.<\/span><\/p>\n<p><strong><span lang=\"ES-AR\">23) Tucum\u00e1n.<\/span><\/strong><span lang=\"ES-AR\">\u00a0Con un gasto promedio diario de $59 mil, seg\u00fan el Observatorio Tur\u00edstico provincial, lo m\u00e1s concurrido fue Taf\u00ed Viejo, con ocupaci\u00f3n plena, Taf\u00ed del Valle, con 95% de ocupaci\u00f3n y San Javier con 90%. Todos los pueblos del interior tucumano tuvieron sus visitantes, tanto quienes se acercaron a vislumbrar la naturaleza como quienes llegaron a participar de alg\u00fan evento. En la capital, hubo ferias, paseos en el bus tur\u00edstico y teatro, entre otras actividades. En Yungas, tuvo buena aceptaci\u00f3n la propuesta \u00abTraves\u00eda por las Yungas\u00bb para disfrutar la naturaleza, y aprender sobre la flora y fauna local. En Yerba Buena, se destac\u00f3 la 1\u00b0 Edici\u00f3n Mercado de Cer\u00e1mica, para todos los amantes del arte y la artesan\u00eda. En la comuna de Alpachiri, se realiz\u00f3 la Ceremonia Inti Raymi &#8216;Festejamos el Retorno del Sol&#8217;, una celebraci\u00f3n ancestral que honra al solsticio de invierno en el hemisferio sur, marcando el retorno del sol y la renovaci\u00f3n de la vida. En la Banda de R\u00edo Sal\u00ed, se realiz\u00f3 la marat\u00f3n de 21 km D\u00eda de la Bandera.<\/span><\/p>\n","protected":false},"excerpt":{"rendered":"<p>Este a\u00f1o los dos feriados de junio se festejaron en fines de semana separados y en el balance final, result\u00f3 favorable para el sector. Al sumar las dos fechas, los turistas tuvieron siete d\u00edas para viajar, cuando en junio de 2023 fueron solo cuatro. Como resultado, esta vez se moviliz\u00f3 un 15,3% m\u00e1s de personas [&hellip;]<\/p>\n","protected":false},"author":3,"featured_media":75873,"comment_status":"closed","ping_status":"closed","sticky":false,"template":"","format":"standard","meta":{"footnotes":""},"categories":[36,33],"tags":[48],"class_list":["post-104174","post","type-post","status-publish","format-standard","has-post-thumbnail","hentry","category-economia","category-turismo","tag-destacada"],"yoast_head":"<!-- This site is optimized with the Yoast SEO plugin v25.9 - https:\/\/yoast.com\/wordpress\/plugins\/seo\/ -->\n<title>En los dos fines de semana de junio viajaron 2,6 millones de turistas y gastaron US$ 418 millones - Noticias Radio Reflejos<\/title>\n<meta name=\"robots\" content=\"index, follow, max-snippet:-1, max-image-preview:large, max-video-preview:-1\" \/>\n<link rel=\"canonical\" href=\"https:\/\/www.noticiasradioreflejos.com.ar\/2021\/en-los-dos-fines-de-semana-de-junio-viajaron-26-millones-de-turistas-y-gastaron-us-418-millones\/\" \/>\n<meta property=\"og:locale\" content=\"es_ES\" \/>\n<meta property=\"og:type\" content=\"article\" \/>\n<meta property=\"og:title\" content=\"En los dos fines de semana de junio viajaron 2,6 millones de turistas y gastaron US$ 418 millones - Noticias Radio Reflejos\" \/>\n<meta property=\"og:description\" content=\"Este a\u00f1o los dos feriados de junio se festejaron en fines de semana separados y en el balance final, result\u00f3 favorable para el sector. Al sumar las dos fechas, los turistas tuvieron siete d\u00edas para viajar, cuando en junio de 2023 fueron solo cuatro. Como resultado, esta vez se moviliz\u00f3 un 15,3% m\u00e1s de personas [&hellip;]\" \/>\n<meta property=\"og:url\" content=\"https:\/\/www.noticiasradioreflejos.com.ar\/2021\/en-los-dos-fines-de-semana-de-junio-viajaron-26-millones-de-turistas-y-gastaron-us-418-millones\/\" \/>\n<meta property=\"og:site_name\" content=\"Noticias Radio Reflejos\" \/>\n<meta property=\"article:published_time\" content=\"2024-06-24T11:31:33+00:00\" \/>\n<meta property=\"og:image\" content=\"https:\/\/www.noticiasradioreflejos.com.ar\/2021\/wp-content\/uploads\/2022\/08\/Turismo-Cerro-Ventana.jpg\" \/>\n\t<meta property=\"og:image:width\" content=\"1600\" \/>\n\t<meta property=\"og:image:height\" content=\"1067\" \/>\n\t<meta property=\"og:image:type\" content=\"image\/jpeg\" \/>\n<meta name=\"author\" content=\"Arnaldo Botto\" \/>\n<meta name=\"twitter:card\" content=\"summary_large_image\" \/>\n<script type=\"application\/ld+json\" class=\"yoast-schema-graph\">{\"@context\":\"https:\/\/schema.org\",\"@graph\":[{\"@type\":\"WebPage\",\"@id\":\"https:\/\/www.noticiasradioreflejos.com.ar\/2021\/en-los-dos-fines-de-semana-de-junio-viajaron-26-millones-de-turistas-y-gastaron-us-418-millones\/\",\"url\":\"https:\/\/www.noticiasradioreflejos.com.ar\/2021\/en-los-dos-fines-de-semana-de-junio-viajaron-26-millones-de-turistas-y-gastaron-us-418-millones\/\",\"name\":\"En los dos fines de semana de junio viajaron 2,6 millones de turistas y gastaron US$ 418 millones - Noticias Radio Reflejos\",\"isPartOf\":{\"@id\":\"https:\/\/www.noticiasradioreflejos.com.ar\/2021\/#website\"},\"primaryImageOfPage\":{\"@id\":\"https:\/\/www.noticiasradioreflejos.com.ar\/2021\/en-los-dos-fines-de-semana-de-junio-viajaron-26-millones-de-turistas-y-gastaron-us-418-millones\/#primaryimage\"},\"image\":{\"@id\":\"https:\/\/www.noticiasradioreflejos.com.ar\/2021\/en-los-dos-fines-de-semana-de-junio-viajaron-26-millones-de-turistas-y-gastaron-us-418-millones\/#primaryimage\"},\"thumbnailUrl\":\"https:\/\/www.noticiasradioreflejos.com.ar\/2021\/wp-content\/uploads\/2022\/08\/Turismo-Cerro-Ventana.jpg\",\"datePublished\":\"2024-06-24T11:31:33+00:00\",\"author\":{\"@id\":\"https:\/\/www.noticiasradioreflejos.com.ar\/2021\/#\/schema\/person\/ad82545263dcc5ec0996818884fd5fb1\"},\"breadcrumb\":{\"@id\":\"https:\/\/www.noticiasradioreflejos.com.ar\/2021\/en-los-dos-fines-de-semana-de-junio-viajaron-26-millones-de-turistas-y-gastaron-us-418-millones\/#breadcrumb\"},\"inLanguage\":\"es\",\"potentialAction\":[{\"@type\":\"ReadAction\",\"target\":[\"https:\/\/www.noticiasradioreflejos.com.ar\/2021\/en-los-dos-fines-de-semana-de-junio-viajaron-26-millones-de-turistas-y-gastaron-us-418-millones\/\"]}]},{\"@type\":\"ImageObject\",\"inLanguage\":\"es\",\"@id\":\"https:\/\/www.noticiasradioreflejos.com.ar\/2021\/en-los-dos-fines-de-semana-de-junio-viajaron-26-millones-de-turistas-y-gastaron-us-418-millones\/#primaryimage\",\"url\":\"https:\/\/www.noticiasradioreflejos.com.ar\/2021\/wp-content\/uploads\/2022\/08\/Turismo-Cerro-Ventana.jpg\",\"contentUrl\":\"https:\/\/www.noticiasradioreflejos.com.ar\/2021\/wp-content\/uploads\/2022\/08\/Turismo-Cerro-Ventana.jpg\",\"width\":1600,\"height\":1067},{\"@type\":\"BreadcrumbList\",\"@id\":\"https:\/\/www.noticiasradioreflejos.com.ar\/2021\/en-los-dos-fines-de-semana-de-junio-viajaron-26-millones-de-turistas-y-gastaron-us-418-millones\/#breadcrumb\",\"itemListElement\":[{\"@type\":\"ListItem\",\"position\":1,\"name\":\"Portada\",\"item\":\"https:\/\/www.noticiasradioreflejos.com.ar\/2021\/\"},{\"@type\":\"ListItem\",\"position\":2,\"name\":\"En los dos fines de semana de junio viajaron 2,6 millones de turistas y gastaron US$ 418 millones\"}]},{\"@type\":\"WebSite\",\"@id\":\"https:\/\/www.noticiasradioreflejos.com.ar\/2021\/#website\",\"url\":\"https:\/\/www.noticiasradioreflejos.com.ar\/2021\/\",\"name\":\"Noticias Radio Reflejos\",\"description\":\"Las noticias de mi comarca\",\"potentialAction\":[{\"@type\":\"SearchAction\",\"target\":{\"@type\":\"EntryPoint\",\"urlTemplate\":\"https:\/\/www.noticiasradioreflejos.com.ar\/2021\/?s={search_term_string}\"},\"query-input\":{\"@type\":\"PropertyValueSpecification\",\"valueRequired\":true,\"valueName\":\"search_term_string\"}}],\"inLanguage\":\"es\"},{\"@type\":\"Person\",\"@id\":\"https:\/\/www.noticiasradioreflejos.com.ar\/2021\/#\/schema\/person\/ad82545263dcc5ec0996818884fd5fb1\",\"name\":\"Arnaldo Botto\",\"image\":{\"@type\":\"ImageObject\",\"inLanguage\":\"es\",\"@id\":\"https:\/\/www.noticiasradioreflejos.com.ar\/2021\/#\/schema\/person\/image\/\",\"url\":\"https:\/\/secure.gravatar.com\/avatar\/55cb5e37c1efa326397366e6974cb338056df65cb50e7d64d1cf314e87504837?s=96&d=mm&r=g\",\"contentUrl\":\"https:\/\/secure.gravatar.com\/avatar\/55cb5e37c1efa326397366e6974cb338056df65cb50e7d64d1cf314e87504837?s=96&d=mm&r=g\",\"caption\":\"Arnaldo Botto\"},\"url\":\"https:\/\/www.noticiasradioreflejos.com.ar\/2021\/author\/arnaldo\/\"}]}<\/script>\n<!-- \/ Yoast SEO plugin. -->","yoast_head_json":{"title":"En los dos fines de semana de junio viajaron 2,6 millones de turistas y gastaron US$ 418 millones - Noticias Radio Reflejos","robots":{"index":"index","follow":"follow","max-snippet":"max-snippet:-1","max-image-preview":"max-image-preview:large","max-video-preview":"max-video-preview:-1"},"canonical":"https:\/\/www.noticiasradioreflejos.com.ar\/2021\/en-los-dos-fines-de-semana-de-junio-viajaron-26-millones-de-turistas-y-gastaron-us-418-millones\/","og_locale":"es_ES","og_type":"article","og_title":"En los dos fines de semana de junio viajaron 2,6 millones de turistas y gastaron US$ 418 millones - Noticias Radio Reflejos","og_description":"Este a\u00f1o los dos feriados de junio se festejaron en fines de semana separados y en el balance final, result\u00f3 favorable para el sector. Al sumar las dos fechas, los turistas tuvieron siete d\u00edas para viajar, cuando en junio de 2023 fueron solo cuatro. Como resultado, esta vez se moviliz\u00f3 un 15,3% m\u00e1s de personas [&hellip;]","og_url":"https:\/\/www.noticiasradioreflejos.com.ar\/2021\/en-los-dos-fines-de-semana-de-junio-viajaron-26-millones-de-turistas-y-gastaron-us-418-millones\/","og_site_name":"Noticias Radio Reflejos","article_published_time":"2024-06-24T11:31:33+00:00","og_image":[{"width":1600,"height":1067,"url":"https:\/\/www.noticiasradioreflejos.com.ar\/2021\/wp-content\/uploads\/2022\/08\/Turismo-Cerro-Ventana.jpg","type":"image\/jpeg"}],"author":"Arnaldo Botto","twitter_card":"summary_large_image","schema":{"@context":"https:\/\/schema.org","@graph":[{"@type":"WebPage","@id":"https:\/\/www.noticiasradioreflejos.com.ar\/2021\/en-los-dos-fines-de-semana-de-junio-viajaron-26-millones-de-turistas-y-gastaron-us-418-millones\/","url":"https:\/\/www.noticiasradioreflejos.com.ar\/2021\/en-los-dos-fines-de-semana-de-junio-viajaron-26-millones-de-turistas-y-gastaron-us-418-millones\/","name":"En los dos fines de semana de junio viajaron 2,6 millones de turistas y gastaron US$ 418 millones - Noticias Radio Reflejos","isPartOf":{"@id":"https:\/\/www.noticiasradioreflejos.com.ar\/2021\/#website"},"primaryImageOfPage":{"@id":"https:\/\/www.noticiasradioreflejos.com.ar\/2021\/en-los-dos-fines-de-semana-de-junio-viajaron-26-millones-de-turistas-y-gastaron-us-418-millones\/#primaryimage"},"image":{"@id":"https:\/\/www.noticiasradioreflejos.com.ar\/2021\/en-los-dos-fines-de-semana-de-junio-viajaron-26-millones-de-turistas-y-gastaron-us-418-millones\/#primaryimage"},"thumbnailUrl":"https:\/\/www.noticiasradioreflejos.com.ar\/2021\/wp-content\/uploads\/2022\/08\/Turismo-Cerro-Ventana.jpg","datePublished":"2024-06-24T11:31:33+00:00","author":{"@id":"https:\/\/www.noticiasradioreflejos.com.ar\/2021\/#\/schema\/person\/ad82545263dcc5ec0996818884fd5fb1"},"breadcrumb":{"@id":"https:\/\/www.noticiasradioreflejos.com.ar\/2021\/en-los-dos-fines-de-semana-de-junio-viajaron-26-millones-de-turistas-y-gastaron-us-418-millones\/#breadcrumb"},"inLanguage":"es","potentialAction":[{"@type":"ReadAction","target":["https:\/\/www.noticiasradioreflejos.com.ar\/2021\/en-los-dos-fines-de-semana-de-junio-viajaron-26-millones-de-turistas-y-gastaron-us-418-millones\/"]}]},{"@type":"ImageObject","inLanguage":"es","@id":"https:\/\/www.noticiasradioreflejos.com.ar\/2021\/en-los-dos-fines-de-semana-de-junio-viajaron-26-millones-de-turistas-y-gastaron-us-418-millones\/#primaryimage","url":"https:\/\/www.noticiasradioreflejos.com.ar\/2021\/wp-content\/uploads\/2022\/08\/Turismo-Cerro-Ventana.jpg","contentUrl":"https:\/\/www.noticiasradioreflejos.com.ar\/2021\/wp-content\/uploads\/2022\/08\/Turismo-Cerro-Ventana.jpg","width":1600,"height":1067},{"@type":"BreadcrumbList","@id":"https:\/\/www.noticiasradioreflejos.com.ar\/2021\/en-los-dos-fines-de-semana-de-junio-viajaron-26-millones-de-turistas-y-gastaron-us-418-millones\/#breadcrumb","itemListElement":[{"@type":"ListItem","position":1,"name":"Portada","item":"https:\/\/www.noticiasradioreflejos.com.ar\/2021\/"},{"@type":"ListItem","position":2,"name":"En los dos fines de semana de junio viajaron 2,6 millones de turistas y gastaron US$ 418 millones"}]},{"@type":"WebSite","@id":"https:\/\/www.noticiasradioreflejos.com.ar\/2021\/#website","url":"https:\/\/www.noticiasradioreflejos.com.ar\/2021\/","name":"Noticias Radio Reflejos","description":"Las noticias de mi comarca","potentialAction":[{"@type":"SearchAction","target":{"@type":"EntryPoint","urlTemplate":"https:\/\/www.noticiasradioreflejos.com.ar\/2021\/?s={search_term_string}"},"query-input":{"@type":"PropertyValueSpecification","valueRequired":true,"valueName":"search_term_string"}}],"inLanguage":"es"},{"@type":"Person","@id":"https:\/\/www.noticiasradioreflejos.com.ar\/2021\/#\/schema\/person\/ad82545263dcc5ec0996818884fd5fb1","name":"Arnaldo Botto","image":{"@type":"ImageObject","inLanguage":"es","@id":"https:\/\/www.noticiasradioreflejos.com.ar\/2021\/#\/schema\/person\/image\/","url":"https:\/\/secure.gravatar.com\/avatar\/55cb5e37c1efa326397366e6974cb338056df65cb50e7d64d1cf314e87504837?s=96&d=mm&r=g","contentUrl":"https:\/\/secure.gravatar.com\/avatar\/55cb5e37c1efa326397366e6974cb338056df65cb50e7d64d1cf314e87504837?s=96&d=mm&r=g","caption":"Arnaldo Botto"},"url":"https:\/\/www.noticiasradioreflejos.com.ar\/2021\/author\/arnaldo\/"}]}},"_links":{"self":[{"href":"https:\/\/www.noticiasradioreflejos.com.ar\/2021\/wp-json\/wp\/v2\/posts\/104174","targetHints":{"allow":["GET"]}}],"collection":[{"href":"https:\/\/www.noticiasradioreflejos.com.ar\/2021\/wp-json\/wp\/v2\/posts"}],"about":[{"href":"https:\/\/www.noticiasradioreflejos.com.ar\/2021\/wp-json\/wp\/v2\/types\/post"}],"author":[{"embeddable":true,"href":"https:\/\/www.noticiasradioreflejos.com.ar\/2021\/wp-json\/wp\/v2\/users\/3"}],"replies":[{"embeddable":true,"href":"https:\/\/www.noticiasradioreflejos.com.ar\/2021\/wp-json\/wp\/v2\/comments?post=104174"}],"version-history":[{"count":1,"href":"https:\/\/www.noticiasradioreflejos.com.ar\/2021\/wp-json\/wp\/v2\/posts\/104174\/revisions"}],"predecessor-version":[{"id":104175,"href":"https:\/\/www.noticiasradioreflejos.com.ar\/2021\/wp-json\/wp\/v2\/posts\/104174\/revisions\/104175"}],"wp:featuredmedia":[{"embeddable":true,"href":"https:\/\/www.noticiasradioreflejos.com.ar\/2021\/wp-json\/wp\/v2\/media\/75873"}],"wp:attachment":[{"href":"https:\/\/www.noticiasradioreflejos.com.ar\/2021\/wp-json\/wp\/v2\/media?parent=104174"}],"wp:term":[{"taxonomy":"category","embeddable":true,"href":"https:\/\/www.noticiasradioreflejos.com.ar\/2021\/wp-json\/wp\/v2\/categories?post=104174"},{"taxonomy":"post_tag","embeddable":true,"href":"https:\/\/www.noticiasradioreflejos.com.ar\/2021\/wp-json\/wp\/v2\/tags?post=104174"}],"curies":[{"name":"wp","href":"https:\/\/api.w.org\/{rel}","templated":true}]}}