{"id":104162,"date":"2024-06-23T09:03:28","date_gmt":"2024-06-23T12:03:28","guid":{"rendered":"https:\/\/www.noticiasradioreflejos.com.ar\/2021\/?p=104162"},"modified":"2024-06-23T09:05:13","modified_gmt":"2024-06-23T12:05:13","slug":"comienza-la-transicion-hacia-la-receta-electronica-de-farmacos-y-tratamientos-como-afectara-a-los-pacientes-y-profesionales","status":"publish","type":"post","link":"https:\/\/www.noticiasradioreflejos.com.ar\/2021\/comienza-la-transicion-hacia-la-receta-electronica-de-farmacos-y-tratamientos-como-afectara-a-los-pacientes-y-profesionales\/","title":{"rendered":"Comienza la transici\u00f3n hacia la receta electr\u00f3nica de f\u00e1rmacos y tratamientos: c\u00f3mo afectar\u00e1 a los pacientes y profesionales"},"content":{"rendered":"<p>A partir del 1 de julio comenzar\u00e1 a regir en todo el territorio argentino un per\u00edodo de 180 d\u00edas para implementar la Ley de Receta Electr\u00f3nica que implica la adecuaci\u00f3n al sistema de plataformas digitales. Qu\u00e9 pasar\u00e1 con la prescripci\u00f3n en papel<!--more--><\/p>\n<article class=\"article\">\n<div class=\"body-article\">\n<div class=\"visual__image\"><img loading=\"lazy\" decoding=\"async\" class=\"\" src=\"https:\/\/www.infobae.com\/new-resizer\/xBq3-Uk2p5kNnY0HsnAS9HCmaTY=\/420x280\/filters:format(webp):quality(85)\/cloudfront-us-east-1.images.arcpublishing.com\/infobae\/I4KPA5L7DZFBJM64B3WZIAHDFE.jpg%20420w\" sizes=\"auto, (min-width: 1560px) 856px, (min-width: 1000px) calc(74.63vw - 293px), (min-width: 780px) calc(100vw - 376px), (min-width: 580px) calc(100vw - 32px), 100vw\" srcset=\"https:\/\/www.infobae.com\/new-resizer\/xBq3-Uk2p5kNnY0HsnAS9HCmaTY=\/420x280\/filters:format(webp):quality(85)\/cloudfront-us-east-1.images.arcpublishing.com\/infobae\/I4KPA5L7DZFBJM64B3WZIAHDFE.jpg 420w,https:\/\/www.infobae.com\/new-resizer\/8rldrGHIad_AzI20fO6iGJhQNW0=\/768x512\/filters:format(webp):quality(85)\/cloudfront-us-east-1.images.arcpublishing.com\/infobae\/I4KPA5L7DZFBJM64B3WZIAHDFE.jpg 768w,https:\/\/www.infobae.com\/new-resizer\/3bovMlPA-ADf83zj6N-Mb7usqHk=\/992x661\/filters:format(webp):quality(85)\/cloudfront-us-east-1.images.arcpublishing.com\/infobae\/I4KPA5L7DZFBJM64B3WZIAHDFE.jpg 992w,https:\/\/www.infobae.com\/new-resizer\/NDZgIrHvyUFMcafyYKQ9yE1lPng=\/1200x800\/filters:format(webp):quality(85)\/cloudfront-us-east-1.images.arcpublishing.com\/infobae\/I4KPA5L7DZFBJM64B3WZIAHDFE.jpg 1200w,https:\/\/www.infobae.com\/new-resizer\/OQhwF0AmnUGGZp8vXK3BQ3z8W9k=\/1440x960\/filters:format(webp):quality(85)\/cloudfront-us-east-1.images.arcpublishing.com\/infobae\/I4KPA5L7DZFBJM64B3WZIAHDFE.jpg 1440w\" alt=\"El 1 de julio comienza en Argentina la regulaci\u00f3n de las recetas electr\u00f3nicas\" width=\"5472\" height=\"3648\" data-src=\"https:\/\/www.infobae.com\/new-resizer\/xBq3-Uk2p5kNnY0HsnAS9HCmaTY=\/420x280\/filters:format(webp):quality(85)\/cloudfront-us-east-1.images.arcpublishing.com\/infobae\/I4KPA5L7DZFBJM64B3WZIAHDFE.jpg 420w\" \/><em>El 1 de julio comienza en Argentina la regulaci\u00f3n de las recetas electr\u00f3nicas<\/em><\/div>\n<p class=\"paragraph\" data-mrf-recirculation=\"Links inline\">En\u00a0<b>Argentina<\/b>\u00a0hoy, muchos eslabones de la cadena de la salud utilizan<a href=\"https:\/\/www.infobae.com\/salud\/2024\/04\/22\/desde-julio-la-receta-electronica-sera-obligatoria-en-todo-el-pais-para-comprar-medicamentos\/\" target=\"_blank\" rel=\"noopener noreferrer\" data-mrf-link=\"https:\/\/www.infobae.com\/salud\/2024\/04\/22\/desde-julio-la-receta-electronica-sera-obligatoria-en-todo-el-pais-para-comprar-medicamentos\/\">\u00a0plataformas digitales para prescribir f\u00e1rmacos<\/a>\u00a0de manera electr\u00f3nica, pero el pr\u00f3ximo\u00a0<b>1 de julio\u00a0<\/b>significar\u00e1 un punto de inflexi\u00f3n para el sistema a nivel nacional. Ese d\u00eda entrar\u00e1 en vigencia el Decreto 345\/2024 con la\u00a0<b>nueva reglamentaci\u00f3n de la Ley 27553<\/b>\u00a0de recetas digitales que, de manera\u00a0<b>progresiva<\/b>\u00a0pero\u00a0<b>obligatoria<\/b>, introducir\u00e1 este<b>\u00a0cambio clave<\/b>\u00a0en la forma en que los profesionales m\u00e9dicos prescriben los medicamentos y los tratamientos.<\/p>\n<div class=\"news-module\" data-mrf-recirculation=\"IL_GBLs3HYWRq2RgU4Qz8MM1Q\" data-testid=\"text-html\" data-mrf-experience=\"IL_GBLs3HYWRq2RgU4Qz8MM1Q\">\n<div class=\"recommended-card__info\">\n<div class=\"recommended-card__info-button recommended-card__info-button--deportes\"><\/div>\n<\/div>\n<\/div>\n<p class=\"paragraph\" data-mrf-recirculation=\"Links inline\">Con este sistema se busca\u00a0<b>facilitar el proceso<\/b>\u00a0y contribuir a la\u00a0<b>seguridad\u00a0<\/b>y la\u00a0<b>eficiencia\u00a0<\/b>en la atenci\u00f3n sanitaria. Sin embargo, como toda transformaci\u00f3n de los procesos, plantea desaf\u00edos en cuanto a la\u00a0<b>protecci\u00f3n de datos<\/b>\u00a0y la\u00a0<b>adaptaci\u00f3n de los sistemas<\/b>\u00a0y los\u00a0<b>profesionales<\/b>, sumado a que, en un pa\u00eds de la extensi\u00f3n de Argentina, con amplios sectores sin acceso a Internet, al menos de forma estable, la emisi\u00f3n de recetas puede verse dificultada.<\/p>\n<p class=\"paragraph\" data-mrf-recirculation=\"Links inline\">Seg\u00fan pudo saber\u00a0<b>Infobae\u00a0<\/b>de fuentes calificadas del\u00a0<a href=\"https:\/\/www.infobae.com\/salud\/2024\/05\/28\/con-mario-russo-ratificado-al-frente-del-ministerio-de-salud-se-conocen-dos-nuevas-designaciones\/\" target=\"_blank\" rel=\"noopener noreferrer\" data-mrf-link=\"https:\/\/www.infobae.com\/salud\/2024\/05\/28\/con-mario-russo-ratificado-al-frente-del-ministerio-de-salud-se-conocen-dos-nuevas-designaciones\/\"><b>Ministerio de Salud de la Naci\u00f3n<\/b><\/a><b>,<\/b>\u00a0la prioridad siempre son los pacientes, y por lo tanto, estar\u00e1\u00a0<b>garantizada la continuidad de los tratamientos,<\/b> ya que la receta de papel se seguir\u00e1 usando toda vez que la nueva modalidad, por la raz\u00f3n que fuese, no est\u00e9 accesible.<\/p>\n<p class=\"paragraph\" data-mrf-recirculation=\"Links inline\">Con est\u00e1ndares de calidad bien definidos, la receta electr\u00f3nica garantizar\u00e1 que solo\u00a0<b>profesionales matriculados y habilitados<\/b>\u00a0emitan recetas, dijo el vocero de la cartera sanitaria nacional. Adem\u00e1s, facilitar\u00e1 la\u00a0<b>trazabilidad\u00a0<\/b>del proceso de prescripci\u00f3n y entrega de f\u00e1rmacos porque simplifica las tareas administrativas. Los promotores de la iniciativa conf\u00edan en que proporcionar\u00e1 tambi\u00e9n herramientas a los m\u00e9dicos para tomar\u00a0<b>decisiones de tratamiento\u00a0<\/b>m\u00e1s informadas.<\/p>\n<div class=\"visual__image\"><img loading=\"lazy\" decoding=\"async\" class=\"\" src=\"https:\/\/www.infobae.com\/new-resizer\/DDZ6adIiyYpNnDvR5jjK4n_E-LA=\/420x280\/filters:format(webp):quality(85)\/cloudfront-us-east-1.images.arcpublishing.com\/infobae\/6YJJLAY76FGT3I3MFG24L5ODEY.jpeg%20420w\" sizes=\"auto, (min-width: 1560px) 856px, (min-width: 1000px) calc(74.63vw - 293px), (min-width: 780px) calc(100vw - 376px), (min-width: 580px) calc(100vw - 32px), 100vw\" srcset=\"https:\/\/www.infobae.com\/new-resizer\/DDZ6adIiyYpNnDvR5jjK4n_E-LA=\/420x280\/filters:format(webp):quality(85)\/cloudfront-us-east-1.images.arcpublishing.com\/infobae\/6YJJLAY76FGT3I3MFG24L5ODEY.jpeg 420w,https:\/\/www.infobae.com\/new-resizer\/SWRM7E5_zS_QqWFXgRQUtoDli-o=\/768x512\/filters:format(webp):quality(85)\/cloudfront-us-east-1.images.arcpublishing.com\/infobae\/6YJJLAY76FGT3I3MFG24L5ODEY.jpeg 768w,https:\/\/www.infobae.com\/new-resizer\/1uAp8c-_53W-M2VSYHu8jbwP0Wg=\/992x661\/filters:format(webp):quality(85)\/cloudfront-us-east-1.images.arcpublishing.com\/infobae\/6YJJLAY76FGT3I3MFG24L5ODEY.jpeg 992w,https:\/\/www.infobae.com\/new-resizer\/Nwr1nVG5dmykVHi6FSEhIumolU8=\/1200x800\/filters:format(webp):quality(85)\/cloudfront-us-east-1.images.arcpublishing.com\/infobae\/6YJJLAY76FGT3I3MFG24L5ODEY.jpeg 1200w,https:\/\/www.infobae.com\/new-resizer\/UVLpbZH4NEO5HF12mCZMXU2sOnA=\/1440x960\/filters:format(webp):quality(85)\/cloudfront-us-east-1.images.arcpublishing.com\/infobae\/6YJJLAY76FGT3I3MFG24L5ODEY.jpeg 1440w\" alt=\"El ministro de Salud Mario Russo convoc\u00f3 a sus pares de los 24 distritos del pa\u00eds a conversar sobre el inicio del programa de implementaci\u00f3n de la receta digital\" width=\"1600\" height=\"1066\" data-src=\"https:\/\/www.infobae.com\/new-resizer\/DDZ6adIiyYpNnDvR5jjK4n_E-LA=\/420x280\/filters:format(webp):quality(85)\/cloudfront-us-east-1.images.arcpublishing.com\/infobae\/6YJJLAY76FGT3I3MFG24L5ODEY.jpeg 420w\" \/><em>El ministro de Salud Mario Russo convoc\u00f3 a sus pares de los 24 distritos del pa\u00eds a conversar sobre el inicio del programa de implementaci\u00f3n de la receta digital<\/em><\/div>\n<p class=\"paragraph\" data-mrf-recirculation=\"Links inline\">El Plan de<b>\u00a0implementaci\u00f3n de la receta electr\u00f3nica arrancar\u00e1 el 1 de julio\u00a0<\/b>y contempla tambi\u00e9n un\u00a0<b>plazo de adhesi\u00f3n, registraci\u00f3n y adecuaci\u00f3n de 180 d\u00edas.\u00a0<\/b>Estecomenzar\u00e1 a regir a partir publicaci\u00f3n de una disposici\u00f3n del Ministerio de Salud que se publicar\u00e1 esta semana en el Bolet\u00edn Oficial.<\/p>\n<p class=\"paragraph\" data-mrf-recirculation=\"Links inline\">El programa abarca, adem\u00e1s, la<b>\u00a0integraci\u00f3n y estandarizaci\u00f3n<\/b>\u00a0de los sistemas que se registren para crear una red nacional coherente y eficiente. La estrategia adoptada es integral y evolutiva, lo que significa que se buscar\u00e1\u00a0<b>adaptar y mejorar continuamente\u00a0<\/b>las tecnolog\u00edas en uso para asegurar su<b>\u00a0compatibilidad y eficacia<\/b>. Seg\u00fan el Ministerio de Salud, se fortalecer\u00e1n las conexiones entre las distintas plataformas para permitir que las recetas electr\u00f3nicas puedan ser\u00a0<b>emitidas, transmitidas y recibidas<\/b>\u00a0sin obst\u00e1culos para facilitar el acceso y seguimiento de los tratamientos m\u00e9dicos en cualquier punto del pa\u00eds.<\/p>\n<p class=\"paragraph\" data-mrf-recirculation=\"Links inline\">Las fuentes consultadas remarcaron a<b>\u00a0Infobae\u00a0<\/b>que estar\u00e1 garantizada la\u00a0<b>protecci\u00f3n de la identidad<\/b>\u00a0de los pacientes y su informaci\u00f3n personal, pero al mismo tiempo el sistema permitir\u00e1 al Estado obtener datos<b>\u00a0confiables, ordenados y an\u00f3nimos,<\/b>\u00a0de las condiciones de salud de la poblaci\u00f3n lo que orientar\u00e1 las pol\u00edticas sanitarias y contribuir\u00e1 a la calidad de los servicios de salud.<\/p>\n<p class=\"paragraph\" data-mrf-recirculation=\"Links inline\">\u201cLa ley del Derecho del Paciente, la ley del Resguardo de Datos personales, la ley de Ciberseguridad, y la ley del Uso de Gen\u00e9ricos, todos estos aspectos se est\u00e1n considerando en el proceso de digitalizaci\u00f3n de recetas\u201d, agreg\u00f3 la fuente.<\/p>\n<p class=\"paragraph\" data-mrf-recirculation=\"Links inline\">La implementaci\u00f3n de la receta electr\u00f3nica se formaliz\u00f3 a trav\u00e9s del\u00a0<b>Decreto de Necesidad y Urgencia (DNU) 70\/23\u00a0<\/b>y el\u00a0<b>Decreto 345\/2024<\/b>\u00a0publicado en el Bolet\u00edn Oficial el 22 de abril pasado que establece la nueva\u00a0<b>reglamentaci\u00f3n\u00a0<\/b>de la Ley Nacional de Receta Electr\u00f3nica 27553, sancionada en agosto 2020.<\/p>\n<div class=\"visual__image\"><img loading=\"lazy\" decoding=\"async\" class=\"alignnone\" src=\"https:\/\/www.infobae.com\/new-resizer\/STgtf5xVFnXG-ZMbCn09I691hac=\/420x560\/filters:format(webp):quality(85)\/cloudfront-us-east-1.images.arcpublishing.com\/infobae\/T34TSP2ULNBOTCTQYH6Z3SB4IU.PNG%20420w\" sizes=\"auto, (min-width: 1560px) 856px, (min-width: 1000px) calc(74.63vw - 293px), (min-width: 780px) calc(100vw - 376px), (min-width: 580px) calc(100vw - 32px), 100vw\" srcset=\"https:\/\/www.infobae.com\/new-resizer\/STgtf5xVFnXG-ZMbCn09I691hac=\/420x560\/filters:format(webp):quality(85)\/cloudfront-us-east-1.images.arcpublishing.com\/infobae\/T34TSP2ULNBOTCTQYH6Z3SB4IU.PNG 420w,https:\/\/www.infobae.com\/new-resizer\/MDDnK7qhvUQ4FEECAzTAJOMkLT0=\/768x1024\/filters:format(webp):quality(85)\/cloudfront-us-east-1.images.arcpublishing.com\/infobae\/T34TSP2ULNBOTCTQYH6Z3SB4IU.PNG 768w,https:\/\/www.infobae.com\/new-resizer\/qVaLFvMsf-KNZ7RcqydtxesABhI=\/992x1323\/filters:format(webp):quality(85)\/cloudfront-us-east-1.images.arcpublishing.com\/infobae\/T34TSP2ULNBOTCTQYH6Z3SB4IU.PNG 992w,https:\/\/www.infobae.com\/new-resizer\/KIpo5Gzp0OS0p4zkOL9DU1BjH4Q=\/1200x1600\/filters:format(webp):quality(85)\/cloudfront-us-east-1.images.arcpublishing.com\/infobae\/T34TSP2ULNBOTCTQYH6Z3SB4IU.PNG 1200w\" alt=\"Modelo de receta electr\u00f3nica\" width=\"696\" height=\"843\" data-src=\"https:\/\/www.infobae.com\/new-resizer\/STgtf5xVFnXG-ZMbCn09I691hac=\/420x560\/filters:format(webp):quality(85)\/cloudfront-us-east-1.images.arcpublishing.com\/infobae\/T34TSP2ULNBOTCTQYH6Z3SB4IU.PNG 420w\" \/><em>Modelo de receta electr\u00f3nica<\/em><\/div>\n<p class=\"paragraph\" data-mrf-recirculation=\"Links inline\">Esta norma, si bien hab\u00eda sido reglamentada por el Decreto 98\/2023 de febrero del a\u00f1o pasado, su puesta en marcha hab\u00eda quedado a medio camino. Con la nueva normativa el actual gobierno estableci\u00f3 la\u00a0<b>obligatoriedad\u00a0<\/b>de la prescripci\u00f3n m\u00e9dica electr\u00f3nica en todo el territorio nacional.<\/p>\n<p class=\"paragraph\" data-mrf-recirculation=\"Links inline\">Para ma\u00f1ana, el ministro de Salud\u00a0<b>Mario Russo<\/b>\u00a0convoc\u00f3 a sus pares de los 24 distritos del pa\u00eds a conversar sobre el inicio del programa de implementaci\u00f3n de la receta digital.<\/p>\n<div class=\"headline-wrapper\">\n<h2 class=\"header headline-class-h2\">Qu\u00e9 ocurrir\u00e1 a partir el 1 de julio<\/h2>\n<\/div>\n<div class=\"visual__image\"><img loading=\"lazy\" decoding=\"async\" class=\"\" src=\"https:\/\/www.infobae.com\/new-resizer\/U8hp7-e0gRZF3KXrPtr7qtTGaDU=\/420x280\/filters:format(webp):quality(85)\/cloudfront-us-east-1.images.arcpublishing.com\/infobae\/MJMJEFDTB5BFDJWN5DGYOCKUDM.jpg%20420w\" sizes=\"auto, (min-width: 1560px) 856px, (min-width: 1000px) calc(74.63vw - 293px), (min-width: 780px) calc(100vw - 376px), (min-width: 580px) calc(100vw - 32px), 100vw\" srcset=\"https:\/\/www.infobae.com\/new-resizer\/U8hp7-e0gRZF3KXrPtr7qtTGaDU=\/420x280\/filters:format(webp):quality(85)\/cloudfront-us-east-1.images.arcpublishing.com\/infobae\/MJMJEFDTB5BFDJWN5DGYOCKUDM.jpg 420w,https:\/\/www.infobae.com\/new-resizer\/P6ZupBj9XDQsRAF4rTfB22KhyXc=\/768x512\/filters:format(webp):quality(85)\/cloudfront-us-east-1.images.arcpublishing.com\/infobae\/MJMJEFDTB5BFDJWN5DGYOCKUDM.jpg 768w,https:\/\/www.infobae.com\/new-resizer\/KrR88YYijrQbcnakfRIvBppfliw=\/992x661\/filters:format(webp):quality(85)\/cloudfront-us-east-1.images.arcpublishing.com\/infobae\/MJMJEFDTB5BFDJWN5DGYOCKUDM.jpg 992w,https:\/\/www.infobae.com\/new-resizer\/p-Y2KUwhrnw7loLx_2Qk92e7_tI=\/1200x800\/filters:format(webp):quality(85)\/cloudfront-us-east-1.images.arcpublishing.com\/infobae\/MJMJEFDTB5BFDJWN5DGYOCKUDM.jpg 1200w,https:\/\/www.infobae.com\/new-resizer\/FP0OuP4ykpZ0t_FtruORltiyZBM=\/1440x960\/filters:format(webp):quality(85)\/cloudfront-us-east-1.images.arcpublishing.com\/infobae\/MJMJEFDTB5BFDJWN5DGYOCKUDM.jpg 1440w\" alt=\"La transici\u00f3n a recetas digitales no eliminar\u00e1 la opci\u00f3n de recetas en papel \" width=\"612\" height=\"408\" data-src=\"https:\/\/www.infobae.com\/new-resizer\/U8hp7-e0gRZF3KXrPtr7qtTGaDU=\/420x280\/filters:format(webp):quality(85)\/cloudfront-us-east-1.images.arcpublishing.com\/infobae\/MJMJEFDTB5BFDJWN5DGYOCKUDM.jpg 420w\" \/>La transici\u00f3n a <em>recetas digitales no eliminar\u00e1 la opci\u00f3n de recetas en papel<\/em><\/div>\n<p class=\"paragraph\" data-mrf-recirculation=\"Links inline\">Seg\u00fan dijeron a este medio fuentes de la cartera de Salud que conduce Mario\u00a0<b>Russo<\/b>, el pr\u00f3ximo lunes comenzar\u00e1 a ejecutarse el\u00a0<b>Plan de implementaci\u00f3n de las recetas electr\u00f3nicas<\/b>\u00a0que establece un cambio en la modalidad de las prescripciones de medicamentos, \u00f3rdenes de estudios y pr\u00e1cticas indicadas por profesionales que,\u00a0<b>de manera progresiva,<\/b>\u00a0empezar\u00e1 a llevarse a cabo a trav\u00e9s de plataformas digitales.<\/p>\n<p class=\"paragraph\" data-mrf-recirculation=\"Links inline\">Esto significa que se inicia una instancia de\u00a0<b>adecuaci\u00f3n.\u00a0<\/b>El Ministerio llam\u00f3 a los desarrolladores interesados a inscribirse en el recientemente creado\u00a0<b>Registro Nacional de Plataformas Digitales Sanitarias (ReNaPDiS).<\/b>\u00a0Todos los sistemas deber\u00e1n adaptar sus software, en caso de ser necesario, a los requisitos que estipule el organismo rector que es la propia cartera sanitaria.<\/p>\n<p class=\"paragraph\" data-mrf-recirculation=\"Links inline\">El ReNaPDiS tiene el objetivo de mejorar los procesos de\u00a0<b>modernizaci\u00f3n e interoperabilidad<\/b>\u00a0entre sistemas lo que implica la correcta adopci\u00f3n de\u00a0<b>buenas pr\u00e1cticas\u00a0<\/b>definidas por los equipos t\u00e9cnico-sanitarios. Adem\u00e1s, en el per\u00edodo establecido para el registro se iniciar\u00e1 la\u00a0<b>adhesi\u00f3n sucesiva de las provincias<\/b>\u00a0conforme se vayan incorporando a esta modalidad de prescripci\u00f3n. \u201cEl objetivo es que todas las provincias puedan\u00a0<b>converger\u00a0<\/b>en el uso de plataformas digitales durante este plazo\u201d, aclar\u00f3 la fuente.<\/p>\n<div class=\"headline-wrapper\">\n<h2 class=\"header headline-class-h2\">C\u00f3mo impactar\u00e1 el cambio en pacientes y profesionales<\/h2>\n<\/div>\n<div class=\"visual__image\"><img loading=\"lazy\" decoding=\"async\" class=\"\" src=\"https:\/\/www.infobae.com\/new-resizer\/SYTy0Wu8mqsr9n7u4cuTlXvT1v0=\/420x236\/filters:format(webp):quality(85)\/cloudfront-us-east-1.images.arcpublishing.com\/infobae\/RI6XYACBC5DWRO4ZGYWEASH5EI.png%20420w\" sizes=\"auto, (min-width: 1560px) 856px, (min-width: 1000px) calc(74.63vw - 293px), (min-width: 780px) calc(100vw - 376px), (min-width: 580px) calc(100vw - 32px), 100vw\" srcset=\"https:\/\/www.infobae.com\/new-resizer\/SYTy0Wu8mqsr9n7u4cuTlXvT1v0=\/420x236\/filters:format(webp):quality(85)\/cloudfront-us-east-1.images.arcpublishing.com\/infobae\/RI6XYACBC5DWRO4ZGYWEASH5EI.png 420w,https:\/\/www.infobae.com\/new-resizer\/DBw8DCmge3igM0X9nv5YGTtae4Y=\/768x432\/filters:format(webp):quality(85)\/cloudfront-us-east-1.images.arcpublishing.com\/infobae\/RI6XYACBC5DWRO4ZGYWEASH5EI.png 768w,https:\/\/www.infobae.com\/new-resizer\/5xb3YChaSdpuCZydjjXo0O_Aa2Y=\/992x558\/filters:format(webp):quality(85)\/cloudfront-us-east-1.images.arcpublishing.com\/infobae\/RI6XYACBC5DWRO4ZGYWEASH5EI.png 992w,https:\/\/www.infobae.com\/new-resizer\/RMHgBTPkPN9zxJQ9vQAQMIvSkv0=\/1200x675\/filters:format(webp):quality(85)\/cloudfront-us-east-1.images.arcpublishing.com\/infobae\/RI6XYACBC5DWRO4ZGYWEASH5EI.png 1200w,https:\/\/www.infobae.com\/new-resizer\/JI9bImdq908NHjg4f2C2mH9f5vQ=\/1440x810\/filters:format(webp):quality(85)\/cloudfront-us-east-1.images.arcpublishing.com\/infobae\/RI6XYACBC5DWRO4ZGYWEASH5EI.png 1440w\" alt=\"El decreto 345\/2024 regula la implementaci\u00f3n de la Ley Nacional de Receta Electr\u00f3nica (Imagen Ilustrativa Infobae)\" width=\"1456\" height=\"816\" data-src=\"https:\/\/www.infobae.com\/new-resizer\/SYTy0Wu8mqsr9n7u4cuTlXvT1v0=\/420x236\/filters:format(webp):quality(85)\/cloudfront-us-east-1.images.arcpublishing.com\/infobae\/RI6XYACBC5DWRO4ZGYWEASH5EI.png 420w\" \/><em>El decreto 345\/2024 regula la implementaci\u00f3n de la Ley Nacional de Receta Electr\u00f3nica (Imagen Ilustrativa Infobae)<\/em><\/div>\n<p class=\"paragraph\" data-mrf-recirculation=\"Links inline\">El vocero consultado remarc\u00f3 que<b>\u00a0\u201cla gente no va a tener ning\u00fan inconveniente\u201d<\/b>\u00a0cuando comience a regir el plan. \u201cEn primer lugar, muchos de los prescriptores, establecimientos de salud o m\u00e9dicos, ya tienen sus soluciones digitalizadas\u201d y estas<b>\u00a0seguir\u00e1n vigentes<\/b>.<\/p>\n<p class=\"paragraph\" data-mrf-recirculation=\"Links inline\">Pero adem\u00e1s, dijo, \u201cestablecemos un\u00a0<b>periodo de contingencia\u00a0<\/b>que se ha definido en\u00a0<b>180 d\u00edas<\/b>\u00a0lo que nos permite convocar, invitar y contener a todas estas soluciones diferentes de receta electr\u00f3nica, establecer requisitos de\u00a0<b>adecuaci\u00f3n<\/b>, de\u00a0<b>estandarizaci\u00f3n\u00a0<\/b>y de\u00a0<b>homogeneizaci\u00f3n<\/b>\u00a0de esas plataformas para que puedan ser utilizadas por todos las partes\u201d.<\/p>\n<p class=\"paragraph\" data-mrf-recirculation=\"Links inline\">El alto funcionario que dialog\u00f3 con este medio sobre el tema agreg\u00f3 que las eventualidades pueden ocurrir por \u201cuna falta de comunicaci\u00f3n, ya que todo sistema puede tener una interrupci\u00f3n temporaria y siempre tiene que haber un proceso alternativo de contingencia, porque\u00a0<b>lo m\u00e1s importante es que el ciudadano no se quede sin la prescripci\u00f3n\u201d de sus medicamentos<\/b>. Asegur\u00f3, asimismo, que el Ministerio contempla que existen \u201c<b>lugares inh\u00f3spitos<\/b>\u00a0donde nunca hay conectividad o que no hay conectividad temporalmente\u201d por lo que ser\u00e1, en esas regiones, una opci\u00f3n de contingencia que<b>\u00a0existir\u00e1 siempre.<\/b><\/p>\n<p class=\"paragraph\" data-mrf-recirculation=\"Links inline\">M\u00e1s all\u00e1 de las zonas con menos acceso a la comunicaci\u00f3n,\u00a0<b>durante el per\u00edodo de registraci\u00f3n de 180 d\u00edas,<\/b>\u00a0los profesionales que no cuenten con recetarios electr\u00f3nicos podr\u00e1n confeccionar recetas en papel y con ellas las personas obtendr\u00e1n sus medicamentos en una farmacia como hasta ahora. Pero, una vez que\u00a0<b>todas las plataformas est\u00e9n inscriptas,\u00a0<\/b>esta modalidad\u00a0<b>permanecer\u00e1\u00a0<\/b>como condici\u00f3n\u00a0<b>de excepci\u00f3n en zonas de dif\u00edcil acceso o sin conectividad<\/b>.<\/p>\n<div class=\"visual__image\"><img loading=\"lazy\" decoding=\"async\" class=\"\" src=\"https:\/\/www.infobae.com\/new-resizer\/Se5LzzcBtWtSqqkxM69E99KA43U=\/420x280\/filters:format(webp):quality(85)\/cloudfront-us-east-1.images.arcpublishing.com\/infobae\/ERGMYE4AH5DXVLVKVIUU3J6SPI.jpg%20420w\" sizes=\"auto, (min-width: 1560px) 856px, (min-width: 1000px) calc(74.63vw - 293px), (min-width: 780px) calc(100vw - 376px), (min-width: 580px) calc(100vw - 32px), 100vw\" srcset=\"https:\/\/www.infobae.com\/new-resizer\/Se5LzzcBtWtSqqkxM69E99KA43U=\/420x280\/filters:format(webp):quality(85)\/cloudfront-us-east-1.images.arcpublishing.com\/infobae\/ERGMYE4AH5DXVLVKVIUU3J6SPI.jpg 420w,https:\/\/www.infobae.com\/new-resizer\/Jzpy7_1pYyhU_NeI4-uEPA7ltls=\/768x512\/filters:format(webp):quality(85)\/cloudfront-us-east-1.images.arcpublishing.com\/infobae\/ERGMYE4AH5DXVLVKVIUU3J6SPI.jpg 768w,https:\/\/www.infobae.com\/new-resizer\/EMxSb2ykHg7WLQ9BhcLwEe1pYGk=\/992x661\/filters:format(webp):quality(85)\/cloudfront-us-east-1.images.arcpublishing.com\/infobae\/ERGMYE4AH5DXVLVKVIUU3J6SPI.jpg 992w,https:\/\/www.infobae.com\/new-resizer\/JMZwt_T3COP6S82IjrotoRDmhlQ=\/1200x800\/filters:format(webp):quality(85)\/cloudfront-us-east-1.images.arcpublishing.com\/infobae\/ERGMYE4AH5DXVLVKVIUU3J6SPI.jpg 1200w,https:\/\/www.infobae.com\/new-resizer\/y7IRXZ3UVGjuwm2Dc_AmrbQSusE=\/1440x960\/filters:format(webp):quality(85)\/cloudfront-us-east-1.images.arcpublishing.com\/infobae\/ERGMYE4AH5DXVLVKVIUU3J6SPI.jpg 1440w\" alt=\"El Ministerio de Salud garantiza la continuidad de los tratamientos durante la transici\u00f3n \" width=\"2121\" height=\"1414\" data-src=\"https:\/\/www.infobae.com\/new-resizer\/Se5LzzcBtWtSqqkxM69E99KA43U=\/420x280\/filters:format(webp):quality(85)\/cloudfront-us-east-1.images.arcpublishing.com\/infobae\/ERGMYE4AH5DXVLVKVIUU3J6SPI.jpg 420w\" \/><em>El Ministerio de Salud garantiza la continuidad de los tratamientos durante la transici\u00f3n<\/em><\/div>\n<p class=\"paragraph\" data-mrf-recirculation=\"Links inline\">Las farmacias\u00a0<b>seguir\u00e1n aceptando recetas<\/b>\u00a0seg\u00fan el cronograma establecido en el ReNaPDiS. Esto incluye tanto las\u00a0<b>recetas en papel como las emitidas a trav\u00e9s de plataformas habilitadas o en proceso de adecuaci\u00f3n<\/b>. Durante la etapa de adhesi\u00f3n y registro, los soportes de recetas electr\u00f3nicas que\u00a0<b>operan actualmente\u00a0<\/b>pueden continuar prescribiendo con su modalidad mientras completan el tr\u00e1mite en el registro. Una vez inscritas, cada receta tendr\u00e1 un c\u00f3digo \u00fanico que permitir\u00e1 verificar su autenticidad en todo el pa\u00eds. Este identificador garantiza la\u00a0<b>transparencia\u00a0<\/b>en la dispensaci\u00f3n tanto para los pacientes como para otros actores involucrados.<\/p>\n<p class=\"paragraph\" data-mrf-recirculation=\"Links inline\">En cuanto a la calidad de los datos, el Ministerio inform\u00f3 que se ha actualizado el registro de profesionales de la salud inscritos en el\u00a0<b>Sistema Integrado de Informaci\u00f3n Sanitaria Argentino (SISA).<\/b>\u00a0Adem\u00e1s, se ha implementado un procedimiento de carga masiva para que las jurisdicciones mantengan actualizada la\u00a0<b>informaci\u00f3n de los profesionales matriculados y habilitados<\/b>\u00a0para ejercer, lo que les permitir\u00e1 validar la prescripci\u00f3n de recetas electr\u00f3nicas.<\/p>\n<p class=\"paragraph\" data-mrf-recirculation=\"Links inline\">El funcionario consultado agreg\u00f3 que existen plataformas electr\u00f3nicas\u00a0<b>de pago<\/b>\u00a0y otras\u00a0<b>gratuitas\u00a0<\/b>a la que podr\u00e1n sumarse los m\u00e9dicos, obras sociales, prepagas u otros efectores.<\/p>\n<p class=\"paragraph\" data-mrf-recirculation=\"Links inline\">A partir de la publicaci\u00f3n de la disposici\u00f3n, estar\u00e1 disponible en el<b>\u00a0sitio web oficial del Ministerio\u00a0<\/b>los instructivos para profesionales y farmacias, donde podr\u00e1n encontrar toda la informaci\u00f3n detalla sobre la implementaci\u00f3n de la receta electr\u00f3nica y los procesos de registraci\u00f3n.<\/p>\n<p class=\"paragraph\" data-mrf-recirculation=\"Links inline\">El Ministerio inform\u00f3 que viene trabajando con los equipos de las\u00a0<b>jurisdicciones<\/b>, los\u00a0<b>colegios\u00a0<\/b>y\u00a0<b>c\u00e1maras\u00a0<\/b>del sector de la salud, el\u00a0<b>PAMI\u00a0<\/b>y la\u00a0<b>Superintendencia de Servicios de Salud<\/b>. Record\u00f3, en ese sentido que la obra social de jubialdos y pensionados, varias obras sociales y prepagas ya vienen implementando modalidades de receta electr\u00f3nica.<\/p>\n<div class=\"headline-wrapper\">\n<h2 class=\"header headline-class-h2\">C\u00f3mo deben actuar las provincias ante el inicio del plan de transici\u00f3n<\/h2>\n<\/div>\n<div class=\"visual__image\"><img loading=\"lazy\" decoding=\"async\" class=\"\" src=\"https:\/\/www.infobae.com\/new-resizer\/YOXpvVwpXGqara-1TFoNhtIUzMA=\/420x280\/filters:format(webp):quality(85)\/cloudfront-us-east-1.images.arcpublishing.com\/infobae\/I4PFWOJASVAOVI52WWSILJU6XI.jpg%20420w\" sizes=\"auto, (min-width: 1560px) 856px, (min-width: 1000px) calc(74.63vw - 293px), (min-width: 780px) calc(100vw - 376px), (min-width: 580px) calc(100vw - 32px), 100vw\" srcset=\"https:\/\/www.infobae.com\/new-resizer\/YOXpvVwpXGqara-1TFoNhtIUzMA=\/420x280\/filters:format(webp):quality(85)\/cloudfront-us-east-1.images.arcpublishing.com\/infobae\/I4PFWOJASVAOVI52WWSILJU6XI.jpg 420w,https:\/\/www.infobae.com\/new-resizer\/o81obOIeu3Klyxe7GtHr7C_vguc=\/768x512\/filters:format(webp):quality(85)\/cloudfront-us-east-1.images.arcpublishing.com\/infobae\/I4PFWOJASVAOVI52WWSILJU6XI.jpg 768w,https:\/\/www.infobae.com\/new-resizer\/H9d_xsGpm4RU71YbEqh29q9fw3E=\/992x661\/filters:format(webp):quality(85)\/cloudfront-us-east-1.images.arcpublishing.com\/infobae\/I4PFWOJASVAOVI52WWSILJU6XI.jpg 992w,https:\/\/www.infobae.com\/new-resizer\/6ZoR8gCoeDiwqJURMLdB_0H8ATo=\/1200x800\/filters:format(webp):quality(85)\/cloudfront-us-east-1.images.arcpublishing.com\/infobae\/I4PFWOJASVAOVI52WWSILJU6XI.jpg 1200w,https:\/\/www.infobae.com\/new-resizer\/q0cwaFl2zPnFlMw4ZSwgzcii-6Y=\/1440x960\/filters:format(webp):quality(85)\/cloudfront-us-east-1.images.arcpublishing.com\/infobae\/I4PFWOJASVAOVI52WWSILJU6XI.jpg 1440w\" alt=\"Habr\u00e1 un lapso de 180 d\u00edas para la adecuaci\u00f3n de los sistemas de receta electr\u00f3nica \" width=\"7466\" height=\"5304\" data-src=\"https:\/\/www.infobae.com\/new-resizer\/YOXpvVwpXGqara-1TFoNhtIUzMA=\/420x280\/filters:format(webp):quality(85)\/cloudfront-us-east-1.images.arcpublishing.com\/infobae\/I4PFWOJASVAOVI52WWSILJU6XI.jpg 420w\" \/><em>Habr\u00e1 un lapso de 180 d\u00edas para la adecuaci\u00f3n de los sistemas de receta electr\u00f3nica<\/em><\/div>\n<p class=\"paragraph\" data-mrf-recirculation=\"Links inline\">La implementaci\u00f3n de la receta electr\u00f3nica requerir\u00e1 la cooperaci\u00f3n y adaptaci\u00f3n de las\u00a0<b>24 jurisdicciones<\/b>\u00a0para asegurar una aplicaci\u00f3n<b>\u00a0uniforme y efectiva<\/b>. Seg\u00fan el decreto N\u00b0345\/2024, las autoridades locales<b>\u00a0deben promover legislaciones adicionales cuando sea necesario\u00a0<\/b>para alinear sus leyes de pr\u00e1ctica profesional y disposiciones sancionatorias con los nuevos est\u00e1ndares nacionales.<\/p>\n<p class=\"paragraph\" data-mrf-recirculation=\"Links inline\">Esta colaboraci\u00f3n entre niveles de gobierno es crucial para superar las\u00a0<b>disparidades regionales<\/b>\u00a0en t\u00e9rminos de infraestructura y capacidad tecnol\u00f3gica y garantizar as\u00ed que todos los profesionales de la salud y centros m\u00e9dicos puedan adoptar la nueva normativa sin dificultades importantes.<\/p>\n<p class=\"paragraph\" data-mrf-recirculation=\"Links inline\">Las jurisdicciones locales tambi\u00e9n jugar\u00e1n un papel clave en la\u00a0<b>supervisi\u00f3n y regulaci\u00f3n<\/b>\u00a0del uso de las recetas electr\u00f3nicas dentro de sus territorios. Esto incluye la\u00a0<b>capacitaci\u00f3n de los profesionales de la salud<\/b>\u00a0en el uso de las nuevas plataformas digitales y la garant\u00eda de que las<b>\u00a0farmacias cumplan\u00a0<\/b>con los requisitos de almacenamiento seguro de las recetas digitales durante el per\u00edodo estipulado de<b>\u00a0tres a\u00f1os.<\/b><\/p>\n<div class=\"headline-wrapper\">\n<h2 class=\"header headline-class-h2\">Siete objetivos del sistema de receta electr\u00f3nica<\/h2>\n<\/div>\n<div class=\"visual__image\"><img loading=\"lazy\" decoding=\"async\" class=\"\" src=\"https:\/\/www.infobae.com\/new-resizer\/TM2JIOxDBXMFpbjMe36xdfymA8w=\/420x236\/filters:format(webp):quality(85)\/cloudfront-us-east-1.images.arcpublishing.com\/infobae\/YFXGZ2DZBBBN7JZXHJX2ECUJVE.jpg%20420w\" sizes=\"auto, (min-width: 1560px) 856px, (min-width: 1000px) calc(74.63vw - 293px), (min-width: 780px) calc(100vw - 376px), (min-width: 580px) calc(100vw - 32px), 100vw\" srcset=\"https:\/\/www.infobae.com\/new-resizer\/TM2JIOxDBXMFpbjMe36xdfymA8w=\/420x236\/filters:format(webp):quality(85)\/cloudfront-us-east-1.images.arcpublishing.com\/infobae\/YFXGZ2DZBBBN7JZXHJX2ECUJVE.jpg 420w,https:\/\/www.infobae.com\/new-resizer\/panKcPixHVR1f6lpDr5VbkaK_WA=\/768x432\/filters:format(webp):quality(85)\/cloudfront-us-east-1.images.arcpublishing.com\/infobae\/YFXGZ2DZBBBN7JZXHJX2ECUJVE.jpg 768w,https:\/\/www.infobae.com\/new-resizer\/9dyybfxNggcTy8eHOMkTF0OY4n8=\/992x558\/filters:format(webp):quality(85)\/cloudfront-us-east-1.images.arcpublishing.com\/infobae\/YFXGZ2DZBBBN7JZXHJX2ECUJVE.jpg 992w,https:\/\/www.infobae.com\/new-resizer\/o7OZWjE8l5Gz2JBWXtN9asyPPTk=\/1200x675\/filters:format(webp):quality(85)\/cloudfront-us-east-1.images.arcpublishing.com\/infobae\/YFXGZ2DZBBBN7JZXHJX2ECUJVE.jpg 1200w,https:\/\/www.infobae.com\/new-resizer\/T5AOVnkoZmrYSMaN7TGgmc6WkfU=\/1440x810\/filters:format(webp):quality(85)\/cloudfront-us-east-1.images.arcpublishing.com\/infobae\/YFXGZ2DZBBBN7JZXHJX2ECUJVE.jpg 1440w\" alt=\"El c\u00f3digo \u00fanico de las recetas electr\u00f3nicas facilitar\u00e1 su autenticidad y transparencia \" width=\"1920\" height=\"1080\" data-src=\"https:\/\/www.infobae.com\/new-resizer\/TM2JIOxDBXMFpbjMe36xdfymA8w=\/420x236\/filters:format(webp):quality(85)\/cloudfront-us-east-1.images.arcpublishing.com\/infobae\/YFXGZ2DZBBBN7JZXHJX2ECUJVE.jpg 420w\" \/><em>El c\u00f3digo \u00fanico de las recetas electr\u00f3nicas facilitar\u00e1 su autenticidad y transparencia<\/em><\/div>\n<\/div>\n<\/article>\n<p>&nbsp;<\/p>\n<ol class=\"list\" data-icon=\"\u2b24\">\n<li data-icon=\"\u2b24\">Permitir una mayor legibilidad y evitar errores en la prescripci\u00f3n<\/li>\n<li data-icon=\"\u2b24\">Evitar la adulteraci\u00f3n de recetas<\/li>\n<li data-icon=\"\u2b24\">Mejorar la calidad en la prestaci\u00f3n de servicios de salud a los ciudadanos con un sistema m\u00e1s eficiente y seguro<\/li>\n<li data-icon=\"\u2b24\">Facilitar la identificaci\u00f3n de los profesionales que prescriben medicamentos<\/li>\n<li data-icon=\"\u2b24\">Crear un diccionario nacional de medicamentos<\/li>\n<li data-icon=\"\u2b24\">Posibilitar un seguimiento eficaz del tratamiento de los pacientes<\/li>\n<li data-icon=\"\u2b24\">Permitir la trazabilidad y simplificar el circuito de prescripci\u00f3n y entrega<\/li>\n<\/ol>\n<p>&nbsp;<\/p>\n<div class=\"byline-image-ctn\">\n<div class=\"author-image-header\"><img loading=\"lazy\" decoding=\"async\" class=\"byline-author-image lazyload\" src=\"https:\/\/s3.amazonaws.com\/arc-authors\/infobae\/25360c03-925a-4c13-8e12-928c974a657c.png\" alt=\"Daniela Blanco\" width=\"60\" height=\"60\" data-src=\"https:\/\/s3.amazonaws.com\/arc-authors\/infobae\/25360c03-925a-4c13-8e12-928c974a657c.png\" \/><\/div>\n<\/div>\n<p class=\"authors-name-txt-ctn\">Por <a class=\"author-name\" href=\"https:\/\/www.infobae.com\/autor\/daniela-blanco\/\" aria-label=\"Daniela Blanco\">Daniela Blanco Infobae<\/a><\/p>\n","protected":false},"excerpt":{"rendered":"<p>A partir del 1 de julio comenzar\u00e1 a regir en todo el territorio argentino un per\u00edodo de 180 d\u00edas para implementar la Ley de Receta Electr\u00f3nica que implica la adecuaci\u00f3n al sistema de plataformas digitales. Qu\u00e9 pasar\u00e1 con la prescripci\u00f3n en papel<\/p>\n","protected":false},"author":3,"featured_media":104163,"comment_status":"closed","ping_status":"closed","sticky":false,"template":"","format":"standard","meta":{"footnotes":""},"categories":[36,30,26],"tags":[],"class_list":["post-104162","post","type-post","status-publish","format-standard","has-post-thumbnail","hentry","category-economia","category-salud","category-sociedad"],"yoast_head":"<!-- This site is optimized with the Yoast SEO plugin v25.9 - https:\/\/yoast.com\/wordpress\/plugins\/seo\/ -->\n<title>Comienza la transici\u00f3n hacia la receta electr\u00f3nica de f\u00e1rmacos y tratamientos: c\u00f3mo afectar\u00e1 a los pacientes y profesionales - Noticias Radio Reflejos<\/title>\n<meta name=\"robots\" content=\"index, follow, max-snippet:-1, max-image-preview:large, max-video-preview:-1\" \/>\n<link rel=\"canonical\" href=\"https:\/\/www.noticiasradioreflejos.com.ar\/2021\/comienza-la-transicion-hacia-la-receta-electronica-de-farmacos-y-tratamientos-como-afectara-a-los-pacientes-y-profesionales\/\" \/>\n<meta property=\"og:locale\" content=\"es_ES\" \/>\n<meta property=\"og:type\" content=\"article\" \/>\n<meta property=\"og:title\" content=\"Comienza la transici\u00f3n hacia la receta electr\u00f3nica de f\u00e1rmacos y tratamientos: c\u00f3mo afectar\u00e1 a los pacientes y profesionales - Noticias Radio Reflejos\" \/>\n<meta property=\"og:description\" content=\"A partir del 1 de julio comenzar\u00e1 a regir en todo el territorio argentino un per\u00edodo de 180 d\u00edas para implementar la Ley de Receta Electr\u00f3nica que implica la adecuaci\u00f3n al sistema de plataformas digitales. Qu\u00e9 pasar\u00e1 con la prescripci\u00f3n en papel\" \/>\n<meta property=\"og:url\" content=\"https:\/\/www.noticiasradioreflejos.com.ar\/2021\/comienza-la-transicion-hacia-la-receta-electronica-de-farmacos-y-tratamientos-como-afectara-a-los-pacientes-y-profesionales\/\" \/>\n<meta property=\"og:site_name\" content=\"Noticias Radio Reflejos\" \/>\n<meta property=\"article:published_time\" content=\"2024-06-23T12:03:28+00:00\" \/>\n<meta property=\"article:modified_time\" content=\"2024-06-23T12:05:13+00:00\" \/>\n<meta property=\"og:image\" content=\"https:\/\/www.noticiasradioreflejos.com.ar\/2021\/wp-content\/uploads\/2024\/06\/receta-electronica.jpg\" \/>\n\t<meta property=\"og:image:width\" content=\"768\" \/>\n\t<meta property=\"og:image:height\" content=\"512\" \/>\n\t<meta property=\"og:image:type\" content=\"image\/jpeg\" \/>\n<meta name=\"author\" content=\"Arnaldo Botto\" \/>\n<meta name=\"twitter:card\" content=\"summary_large_image\" \/>\n<script type=\"application\/ld+json\" class=\"yoast-schema-graph\">{\"@context\":\"https:\/\/schema.org\",\"@graph\":[{\"@type\":\"WebPage\",\"@id\":\"https:\/\/www.noticiasradioreflejos.com.ar\/2021\/comienza-la-transicion-hacia-la-receta-electronica-de-farmacos-y-tratamientos-como-afectara-a-los-pacientes-y-profesionales\/\",\"url\":\"https:\/\/www.noticiasradioreflejos.com.ar\/2021\/comienza-la-transicion-hacia-la-receta-electronica-de-farmacos-y-tratamientos-como-afectara-a-los-pacientes-y-profesionales\/\",\"name\":\"Comienza la transici\u00f3n hacia la receta electr\u00f3nica de f\u00e1rmacos y tratamientos: c\u00f3mo afectar\u00e1 a los pacientes y profesionales - Noticias Radio Reflejos\",\"isPartOf\":{\"@id\":\"https:\/\/www.noticiasradioreflejos.com.ar\/2021\/#website\"},\"primaryImageOfPage\":{\"@id\":\"https:\/\/www.noticiasradioreflejos.com.ar\/2021\/comienza-la-transicion-hacia-la-receta-electronica-de-farmacos-y-tratamientos-como-afectara-a-los-pacientes-y-profesionales\/#primaryimage\"},\"image\":{\"@id\":\"https:\/\/www.noticiasradioreflejos.com.ar\/2021\/comienza-la-transicion-hacia-la-receta-electronica-de-farmacos-y-tratamientos-como-afectara-a-los-pacientes-y-profesionales\/#primaryimage\"},\"thumbnailUrl\":\"https:\/\/www.noticiasradioreflejos.com.ar\/2021\/wp-content\/uploads\/2024\/06\/receta-electronica.jpg\",\"datePublished\":\"2024-06-23T12:03:28+00:00\",\"dateModified\":\"2024-06-23T12:05:13+00:00\",\"author\":{\"@id\":\"https:\/\/www.noticiasradioreflejos.com.ar\/2021\/#\/schema\/person\/ad82545263dcc5ec0996818884fd5fb1\"},\"breadcrumb\":{\"@id\":\"https:\/\/www.noticiasradioreflejos.com.ar\/2021\/comienza-la-transicion-hacia-la-receta-electronica-de-farmacos-y-tratamientos-como-afectara-a-los-pacientes-y-profesionales\/#breadcrumb\"},\"inLanguage\":\"es\",\"potentialAction\":[{\"@type\":\"ReadAction\",\"target\":[\"https:\/\/www.noticiasradioreflejos.com.ar\/2021\/comienza-la-transicion-hacia-la-receta-electronica-de-farmacos-y-tratamientos-como-afectara-a-los-pacientes-y-profesionales\/\"]}]},{\"@type\":\"ImageObject\",\"inLanguage\":\"es\",\"@id\":\"https:\/\/www.noticiasradioreflejos.com.ar\/2021\/comienza-la-transicion-hacia-la-receta-electronica-de-farmacos-y-tratamientos-como-afectara-a-los-pacientes-y-profesionales\/#primaryimage\",\"url\":\"https:\/\/www.noticiasradioreflejos.com.ar\/2021\/wp-content\/uploads\/2024\/06\/receta-electronica.jpg\",\"contentUrl\":\"https:\/\/www.noticiasradioreflejos.com.ar\/2021\/wp-content\/uploads\/2024\/06\/receta-electronica.jpg\",\"width\":768,\"height\":512},{\"@type\":\"BreadcrumbList\",\"@id\":\"https:\/\/www.noticiasradioreflejos.com.ar\/2021\/comienza-la-transicion-hacia-la-receta-electronica-de-farmacos-y-tratamientos-como-afectara-a-los-pacientes-y-profesionales\/#breadcrumb\",\"itemListElement\":[{\"@type\":\"ListItem\",\"position\":1,\"name\":\"Portada\",\"item\":\"https:\/\/www.noticiasradioreflejos.com.ar\/2021\/\"},{\"@type\":\"ListItem\",\"position\":2,\"name\":\"Comienza la transici\u00f3n hacia la receta electr\u00f3nica de f\u00e1rmacos y tratamientos: c\u00f3mo afectar\u00e1 a los pacientes y profesionales\"}]},{\"@type\":\"WebSite\",\"@id\":\"https:\/\/www.noticiasradioreflejos.com.ar\/2021\/#website\",\"url\":\"https:\/\/www.noticiasradioreflejos.com.ar\/2021\/\",\"name\":\"Noticias Radio Reflejos\",\"description\":\"Las noticias de mi comarca\",\"potentialAction\":[{\"@type\":\"SearchAction\",\"target\":{\"@type\":\"EntryPoint\",\"urlTemplate\":\"https:\/\/www.noticiasradioreflejos.com.ar\/2021\/?s={search_term_string}\"},\"query-input\":{\"@type\":\"PropertyValueSpecification\",\"valueRequired\":true,\"valueName\":\"search_term_string\"}}],\"inLanguage\":\"es\"},{\"@type\":\"Person\",\"@id\":\"https:\/\/www.noticiasradioreflejos.com.ar\/2021\/#\/schema\/person\/ad82545263dcc5ec0996818884fd5fb1\",\"name\":\"Arnaldo Botto\",\"image\":{\"@type\":\"ImageObject\",\"inLanguage\":\"es\",\"@id\":\"https:\/\/www.noticiasradioreflejos.com.ar\/2021\/#\/schema\/person\/image\/\",\"url\":\"https:\/\/secure.gravatar.com\/avatar\/55cb5e37c1efa326397366e6974cb338056df65cb50e7d64d1cf314e87504837?s=96&d=mm&r=g\",\"contentUrl\":\"https:\/\/secure.gravatar.com\/avatar\/55cb5e37c1efa326397366e6974cb338056df65cb50e7d64d1cf314e87504837?s=96&d=mm&r=g\",\"caption\":\"Arnaldo Botto\"},\"url\":\"https:\/\/www.noticiasradioreflejos.com.ar\/2021\/author\/arnaldo\/\"}]}<\/script>\n<!-- \/ Yoast SEO plugin. -->","yoast_head_json":{"title":"Comienza la transici\u00f3n hacia la receta electr\u00f3nica de f\u00e1rmacos y tratamientos: c\u00f3mo afectar\u00e1 a los pacientes y profesionales - Noticias Radio Reflejos","robots":{"index":"index","follow":"follow","max-snippet":"max-snippet:-1","max-image-preview":"max-image-preview:large","max-video-preview":"max-video-preview:-1"},"canonical":"https:\/\/www.noticiasradioreflejos.com.ar\/2021\/comienza-la-transicion-hacia-la-receta-electronica-de-farmacos-y-tratamientos-como-afectara-a-los-pacientes-y-profesionales\/","og_locale":"es_ES","og_type":"article","og_title":"Comienza la transici\u00f3n hacia la receta electr\u00f3nica de f\u00e1rmacos y tratamientos: c\u00f3mo afectar\u00e1 a los pacientes y profesionales - Noticias Radio Reflejos","og_description":"A partir del 1 de julio comenzar\u00e1 a regir en todo el territorio argentino un per\u00edodo de 180 d\u00edas para implementar la Ley de Receta Electr\u00f3nica que implica la adecuaci\u00f3n al sistema de plataformas digitales. Qu\u00e9 pasar\u00e1 con la prescripci\u00f3n en papel","og_url":"https:\/\/www.noticiasradioreflejos.com.ar\/2021\/comienza-la-transicion-hacia-la-receta-electronica-de-farmacos-y-tratamientos-como-afectara-a-los-pacientes-y-profesionales\/","og_site_name":"Noticias Radio Reflejos","article_published_time":"2024-06-23T12:03:28+00:00","article_modified_time":"2024-06-23T12:05:13+00:00","og_image":[{"width":768,"height":512,"url":"https:\/\/www.noticiasradioreflejos.com.ar\/2021\/wp-content\/uploads\/2024\/06\/receta-electronica.jpg","type":"image\/jpeg"}],"author":"Arnaldo Botto","twitter_card":"summary_large_image","schema":{"@context":"https:\/\/schema.org","@graph":[{"@type":"WebPage","@id":"https:\/\/www.noticiasradioreflejos.com.ar\/2021\/comienza-la-transicion-hacia-la-receta-electronica-de-farmacos-y-tratamientos-como-afectara-a-los-pacientes-y-profesionales\/","url":"https:\/\/www.noticiasradioreflejos.com.ar\/2021\/comienza-la-transicion-hacia-la-receta-electronica-de-farmacos-y-tratamientos-como-afectara-a-los-pacientes-y-profesionales\/","name":"Comienza la transici\u00f3n hacia la receta electr\u00f3nica de f\u00e1rmacos y tratamientos: c\u00f3mo afectar\u00e1 a los pacientes y profesionales - Noticias Radio Reflejos","isPartOf":{"@id":"https:\/\/www.noticiasradioreflejos.com.ar\/2021\/#website"},"primaryImageOfPage":{"@id":"https:\/\/www.noticiasradioreflejos.com.ar\/2021\/comienza-la-transicion-hacia-la-receta-electronica-de-farmacos-y-tratamientos-como-afectara-a-los-pacientes-y-profesionales\/#primaryimage"},"image":{"@id":"https:\/\/www.noticiasradioreflejos.com.ar\/2021\/comienza-la-transicion-hacia-la-receta-electronica-de-farmacos-y-tratamientos-como-afectara-a-los-pacientes-y-profesionales\/#primaryimage"},"thumbnailUrl":"https:\/\/www.noticiasradioreflejos.com.ar\/2021\/wp-content\/uploads\/2024\/06\/receta-electronica.jpg","datePublished":"2024-06-23T12:03:28+00:00","dateModified":"2024-06-23T12:05:13+00:00","author":{"@id":"https:\/\/www.noticiasradioreflejos.com.ar\/2021\/#\/schema\/person\/ad82545263dcc5ec0996818884fd5fb1"},"breadcrumb":{"@id":"https:\/\/www.noticiasradioreflejos.com.ar\/2021\/comienza-la-transicion-hacia-la-receta-electronica-de-farmacos-y-tratamientos-como-afectara-a-los-pacientes-y-profesionales\/#breadcrumb"},"inLanguage":"es","potentialAction":[{"@type":"ReadAction","target":["https:\/\/www.noticiasradioreflejos.com.ar\/2021\/comienza-la-transicion-hacia-la-receta-electronica-de-farmacos-y-tratamientos-como-afectara-a-los-pacientes-y-profesionales\/"]}]},{"@type":"ImageObject","inLanguage":"es","@id":"https:\/\/www.noticiasradioreflejos.com.ar\/2021\/comienza-la-transicion-hacia-la-receta-electronica-de-farmacos-y-tratamientos-como-afectara-a-los-pacientes-y-profesionales\/#primaryimage","url":"https:\/\/www.noticiasradioreflejos.com.ar\/2021\/wp-content\/uploads\/2024\/06\/receta-electronica.jpg","contentUrl":"https:\/\/www.noticiasradioreflejos.com.ar\/2021\/wp-content\/uploads\/2024\/06\/receta-electronica.jpg","width":768,"height":512},{"@type":"BreadcrumbList","@id":"https:\/\/www.noticiasradioreflejos.com.ar\/2021\/comienza-la-transicion-hacia-la-receta-electronica-de-farmacos-y-tratamientos-como-afectara-a-los-pacientes-y-profesionales\/#breadcrumb","itemListElement":[{"@type":"ListItem","position":1,"name":"Portada","item":"https:\/\/www.noticiasradioreflejos.com.ar\/2021\/"},{"@type":"ListItem","position":2,"name":"Comienza la transici\u00f3n hacia la receta electr\u00f3nica de f\u00e1rmacos y tratamientos: c\u00f3mo afectar\u00e1 a los pacientes y profesionales"}]},{"@type":"WebSite","@id":"https:\/\/www.noticiasradioreflejos.com.ar\/2021\/#website","url":"https:\/\/www.noticiasradioreflejos.com.ar\/2021\/","name":"Noticias Radio Reflejos","description":"Las noticias de mi comarca","potentialAction":[{"@type":"SearchAction","target":{"@type":"EntryPoint","urlTemplate":"https:\/\/www.noticiasradioreflejos.com.ar\/2021\/?s={search_term_string}"},"query-input":{"@type":"PropertyValueSpecification","valueRequired":true,"valueName":"search_term_string"}}],"inLanguage":"es"},{"@type":"Person","@id":"https:\/\/www.noticiasradioreflejos.com.ar\/2021\/#\/schema\/person\/ad82545263dcc5ec0996818884fd5fb1","name":"Arnaldo Botto","image":{"@type":"ImageObject","inLanguage":"es","@id":"https:\/\/www.noticiasradioreflejos.com.ar\/2021\/#\/schema\/person\/image\/","url":"https:\/\/secure.gravatar.com\/avatar\/55cb5e37c1efa326397366e6974cb338056df65cb50e7d64d1cf314e87504837?s=96&d=mm&r=g","contentUrl":"https:\/\/secure.gravatar.com\/avatar\/55cb5e37c1efa326397366e6974cb338056df65cb50e7d64d1cf314e87504837?s=96&d=mm&r=g","caption":"Arnaldo Botto"},"url":"https:\/\/www.noticiasradioreflejos.com.ar\/2021\/author\/arnaldo\/"}]}},"_links":{"self":[{"href":"https:\/\/www.noticiasradioreflejos.com.ar\/2021\/wp-json\/wp\/v2\/posts\/104162","targetHints":{"allow":["GET"]}}],"collection":[{"href":"https:\/\/www.noticiasradioreflejos.com.ar\/2021\/wp-json\/wp\/v2\/posts"}],"about":[{"href":"https:\/\/www.noticiasradioreflejos.com.ar\/2021\/wp-json\/wp\/v2\/types\/post"}],"author":[{"embeddable":true,"href":"https:\/\/www.noticiasradioreflejos.com.ar\/2021\/wp-json\/wp\/v2\/users\/3"}],"replies":[{"embeddable":true,"href":"https:\/\/www.noticiasradioreflejos.com.ar\/2021\/wp-json\/wp\/v2\/comments?post=104162"}],"version-history":[{"count":3,"href":"https:\/\/www.noticiasradioreflejos.com.ar\/2021\/wp-json\/wp\/v2\/posts\/104162\/revisions"}],"predecessor-version":[{"id":104166,"href":"https:\/\/www.noticiasradioreflejos.com.ar\/2021\/wp-json\/wp\/v2\/posts\/104162\/revisions\/104166"}],"wp:featuredmedia":[{"embeddable":true,"href":"https:\/\/www.noticiasradioreflejos.com.ar\/2021\/wp-json\/wp\/v2\/media\/104163"}],"wp:attachment":[{"href":"https:\/\/www.noticiasradioreflejos.com.ar\/2021\/wp-json\/wp\/v2\/media?parent=104162"}],"wp:term":[{"taxonomy":"category","embeddable":true,"href":"https:\/\/www.noticiasradioreflejos.com.ar\/2021\/wp-json\/wp\/v2\/categories?post=104162"},{"taxonomy":"post_tag","embeddable":true,"href":"https:\/\/www.noticiasradioreflejos.com.ar\/2021\/wp-json\/wp\/v2\/tags?post=104162"}],"curies":[{"name":"wp","href":"https:\/\/api.w.org\/{rel}","templated":true}]}}