{"id":10415,"date":"2017-05-24T09:06:53","date_gmt":"2017-05-24T12:06:53","guid":{"rendered":"http:\/\/noticiasradioreflejos.com.ar\/noticias\/?p=10415"},"modified":"2017-05-24T09:06:53","modified_gmt":"2017-05-24T12:06:53","slug":"la-gente-que-vota-y-es-quien-dice-quien-tiene-que-seguir-gobernando","status":"publish","type":"post","link":"https:\/\/www.noticiasradioreflejos.com.ar\/2021\/la-gente-que-vota-y-es-quien-dice-quien-tiene-que-seguir-gobernando\/","title":{"rendered":"&quot;La gente que  vota y es quien dice quien tiene que seguir gobernando&quot;."},"content":{"rendered":"<p>El Intendente municipal Sergio Bordoni dispens\u00f3 unos minutos de su tiempo para dialogar con nuestro medio a pocas horas de su llegada en La Plata. Lo hizo en un imp\u00e1s de la inauguraci\u00f3n de Confiter\u00eda Automoto este martes por la noche.<br \/>\nEn referencia a esto hizo hincapi\u00e9 a la visita del ministro Ritondo en Bah\u00eda Blanca en la entrega de veh\u00edculos policiales para la regi\u00f3n.<br \/>\n\u201cSe est\u00e1n realizando distintas inauguraciones pero adem\u00e1s desde el \u00e1rea de seguridad se recibieron en Bah\u00eda Blanca tres m\u00f3viles uno para Chasic\u00f3 una berlingo para Tornquist y una moto. Bienvenido sea porque Chasic\u00f3 necesitaba un m\u00f3vil nuevo desde hace mucho tiempo y pudimos lograrlo\u201d.<!--more--><br \/>\nEn materia de salud Bordoni indic\u00f3 que el pr\u00f3ximo mes visitar\u00e1 oficialmente el distrito la Ministra de Salud de la Provincia.<br \/>\n\u201cEl 9 de Junio se inaugura la ampliaci\u00f3n del hospital y la Sala de primeros auxilios de La Gruta con la presencia de la Ministra de Salud y luego para poder seguir con la segunda etapa del hospital municipal que es la ampliaci\u00f3n del laboratorio y la sala de quimioterapia. Hay muchas cosas para seguir haciendo porque desde que comenzamos a Gobernar no se descansa y cada vez tenemos m\u00e1s cosas para hacer\u201d<br \/>\nTambi\u00e9n el jefe comunal confirm\u00f3 que despu\u00e9s de interminables reclamos se logr\u00f3 que se realice la limpieza de la planta de l\u00edquidos cloacales.<br \/>\n\u201cYa Sali\u00f3 la licitaci\u00f3n para limpieza y mantenimiento de la Planta de Liquidos cloacales a cargo de una firma de La Plata as\u00ed que en breve van a empezar a trabajar porque hace mucho que se viene pidiendo y se pudo lograr en un a\u00f1o y cinco meses de gesti\u00f3n\u201d.<br \/>\nEn referencia a otras obras en el sector serrano puntualiz\u00f3.<br \/>\n\u201cAdem\u00e1s en Ventana se est\u00e1 trabajando en Villa Ventana se est\u00e1 culminando con la senda peatonal. En breve vamos a comenzar con la construcci\u00f3n del corral\u00f3n municipal para trasladar el corral\u00f3n de Sierra de la Ventana y hay muchas cosas en la carpeta del ejecutivo que se tienen que realizar durante todo el a\u00f1o 2017\u201d.<br \/>\nSobre la actividad pol\u00edtica en este 2017, a\u00f1o de elecciones, remarc\u00f3.<br \/>\n\u201cEn el \u00e1mbito pol\u00edtico ya est\u00e1n definido los nombres y esto es el principio de una campa\u00f1a que todav\u00eda falta pero tenemos que empezar a hablar de nombres y la idea es conformar la lista y empezar a trabajar en lo que a ello compete, pero nosotros no trabajamos solo en campa\u00f1a porque nos quedan dos a\u00f1os m\u00e1s para trabajar y gestionar. Para nosotros es continuar lo que vinimos haciendo, no para trabajar por una campa\u00f1a\u201d.<br \/>\nAl ser consultado por \u00faltimo sobre la si le da importancia a las cr\u00edticas opositoras, manifest\u00f3.<br \/>\n\u201cMe tienen sin cuidado las cr\u00edticas. Esta bien que lo hagan est\u00e1n en veredas opuestas. Nosotros seguimos tranquilos porque estamos haciendo las cosas que deb\u00edamos hacer y las cosas que estamos prometiendo en campa\u00f1a la estamos realizando. Tienen el derecho de hacer pol\u00edtica de la forma que quieran. Nosotros estamos tranquilo de la forma que estamos trabajando y la gente tiene el poder de decidir en 2017 una continuidad de este gobierno con mayor\u00eda en el concejo deliberante porque la necesitamos para seguir trabajando de la forma que lo estamos haciendo o un cambio que tambi\u00e9n lo aceptaremos si nos sale adverso. La decisi\u00f3n popular la tiene la gente que vota y es quien dice quien tiene que seguir gobernando o no\u201d.<br \/>\n<iframe loading=\"lazy\" src=\"https:\/\/w.soundcloud.com\/player\/?url=https%3A\/\/api.soundcloud.com\/tracks\/324253708&amp;color=ff5500&amp;auto_play=false&amp;hide_related=false&amp;show_comments=true&amp;show_user=true&amp;show_reposts=false\" width=\"100%\" height=\"166\" frameborder=\"no\" scrolling=\"no\"><\/iframe><br \/>\nFuente<strong>: Marcelo Alga\u00f1araz<\/strong><\/p>\n","protected":false},"excerpt":{"rendered":"<p>El Intendente municipal Sergio Bordoni dispens\u00f3 unos minutos de su tiempo para dialogar con nuestro medio a pocas horas de su llegada en La Plata. Lo hizo en un imp\u00e1s de la inauguraci\u00f3n de Confiter\u00eda Automoto este martes por la noche. En referencia a esto hizo hincapi\u00e9 a la visita del ministro Ritondo en Bah\u00eda [&hellip;]<\/p>\n","protected":false},"author":3,"featured_media":0,"comment_status":"closed","ping_status":"open","sticky":false,"template":"","format":"standard","meta":{"footnotes":""},"categories":[28],"tags":[],"class_list":["post-10415","post","type-post","status-publish","format-standard","hentry","category-municipales"],"yoast_head":"<!-- This site is optimized with the Yoast SEO plugin v25.9 - https:\/\/yoast.com\/wordpress\/plugins\/seo\/ -->\n<title>&quot;La gente que vota y es quien dice quien tiene que seguir gobernando&quot;. - Noticias Radio Reflejos<\/title>\n<meta name=\"robots\" content=\"index, follow, max-snippet:-1, max-image-preview:large, max-video-preview:-1\" \/>\n<link rel=\"canonical\" href=\"https:\/\/www.noticiasradioreflejos.com.ar\/2021\/la-gente-que-vota-y-es-quien-dice-quien-tiene-que-seguir-gobernando\/\" \/>\n<meta property=\"og:locale\" content=\"es_ES\" \/>\n<meta property=\"og:type\" content=\"article\" \/>\n<meta property=\"og:title\" content=\"&quot;La gente que vota y es quien dice quien tiene que seguir gobernando&quot;. - Noticias Radio Reflejos\" \/>\n<meta property=\"og:description\" content=\"El Intendente municipal Sergio Bordoni dispens\u00f3 unos minutos de su tiempo para dialogar con nuestro medio a pocas horas de su llegada en La Plata. Lo hizo en un imp\u00e1s de la inauguraci\u00f3n de Confiter\u00eda Automoto este martes por la noche. En referencia a esto hizo hincapi\u00e9 a la visita del ministro Ritondo en Bah\u00eda [&hellip;]\" \/>\n<meta property=\"og:url\" content=\"https:\/\/www.noticiasradioreflejos.com.ar\/2021\/la-gente-que-vota-y-es-quien-dice-quien-tiene-que-seguir-gobernando\/\" \/>\n<meta property=\"og:site_name\" content=\"Noticias Radio Reflejos\" \/>\n<meta property=\"article:published_time\" content=\"2017-05-24T12:06:53+00:00\" \/>\n<meta property=\"og:image\" content=\"https:\/\/www.noticiasradioreflejos.com.ar\/2021\/wp-content\/uploads\/2021\/07\/logosol300x200.png\" \/>\n\t<meta property=\"og:image:width\" content=\"300\" \/>\n\t<meta property=\"og:image:height\" content=\"200\" \/>\n\t<meta property=\"og:image:type\" content=\"image\/png\" \/>\n<meta name=\"author\" content=\"Arnaldo Botto\" \/>\n<meta name=\"twitter:card\" content=\"summary_large_image\" \/>\n<script type=\"application\/ld+json\" class=\"yoast-schema-graph\">{\"@context\":\"https:\/\/schema.org\",\"@graph\":[{\"@type\":\"WebPage\",\"@id\":\"https:\/\/www.noticiasradioreflejos.com.ar\/2021\/la-gente-que-vota-y-es-quien-dice-quien-tiene-que-seguir-gobernando\/\",\"url\":\"https:\/\/www.noticiasradioreflejos.com.ar\/2021\/la-gente-que-vota-y-es-quien-dice-quien-tiene-que-seguir-gobernando\/\",\"name\":\"&quot;La gente que vota y es quien dice quien tiene que seguir gobernando&quot;. - Noticias Radio Reflejos\",\"isPartOf\":{\"@id\":\"https:\/\/www.noticiasradioreflejos.com.ar\/2021\/#website\"},\"datePublished\":\"2017-05-24T12:06:53+00:00\",\"author\":{\"@id\":\"https:\/\/www.noticiasradioreflejos.com.ar\/2021\/#\/schema\/person\/ad82545263dcc5ec0996818884fd5fb1\"},\"breadcrumb\":{\"@id\":\"https:\/\/www.noticiasradioreflejos.com.ar\/2021\/la-gente-que-vota-y-es-quien-dice-quien-tiene-que-seguir-gobernando\/#breadcrumb\"},\"inLanguage\":\"es\",\"potentialAction\":[{\"@type\":\"ReadAction\",\"target\":[\"https:\/\/www.noticiasradioreflejos.com.ar\/2021\/la-gente-que-vota-y-es-quien-dice-quien-tiene-que-seguir-gobernando\/\"]}]},{\"@type\":\"BreadcrumbList\",\"@id\":\"https:\/\/www.noticiasradioreflejos.com.ar\/2021\/la-gente-que-vota-y-es-quien-dice-quien-tiene-que-seguir-gobernando\/#breadcrumb\",\"itemListElement\":[{\"@type\":\"ListItem\",\"position\":1,\"name\":\"Portada\",\"item\":\"https:\/\/www.noticiasradioreflejos.com.ar\/2021\/\"},{\"@type\":\"ListItem\",\"position\":2,\"name\":\"&quot;La gente que vota y es quien dice quien tiene que seguir gobernando&quot;.\"}]},{\"@type\":\"WebSite\",\"@id\":\"https:\/\/www.noticiasradioreflejos.com.ar\/2021\/#website\",\"url\":\"https:\/\/www.noticiasradioreflejos.com.ar\/2021\/\",\"name\":\"Noticias Radio Reflejos\",\"description\":\"Las noticias de mi comarca\",\"potentialAction\":[{\"@type\":\"SearchAction\",\"target\":{\"@type\":\"EntryPoint\",\"urlTemplate\":\"https:\/\/www.noticiasradioreflejos.com.ar\/2021\/?s={search_term_string}\"},\"query-input\":{\"@type\":\"PropertyValueSpecification\",\"valueRequired\":true,\"valueName\":\"search_term_string\"}}],\"inLanguage\":\"es\"},{\"@type\":\"Person\",\"@id\":\"https:\/\/www.noticiasradioreflejos.com.ar\/2021\/#\/schema\/person\/ad82545263dcc5ec0996818884fd5fb1\",\"name\":\"Arnaldo Botto\",\"image\":{\"@type\":\"ImageObject\",\"inLanguage\":\"es\",\"@id\":\"https:\/\/www.noticiasradioreflejos.com.ar\/2021\/#\/schema\/person\/image\/\",\"url\":\"https:\/\/secure.gravatar.com\/avatar\/55cb5e37c1efa326397366e6974cb338056df65cb50e7d64d1cf314e87504837?s=96&d=mm&r=g\",\"contentUrl\":\"https:\/\/secure.gravatar.com\/avatar\/55cb5e37c1efa326397366e6974cb338056df65cb50e7d64d1cf314e87504837?s=96&d=mm&r=g\",\"caption\":\"Arnaldo Botto\"},\"url\":\"https:\/\/www.noticiasradioreflejos.com.ar\/2021\/author\/arnaldo\/\"}]}<\/script>\n<!-- \/ Yoast SEO plugin. -->","yoast_head_json":{"title":"&quot;La gente que vota y es quien dice quien tiene que seguir gobernando&quot;. - Noticias Radio Reflejos","robots":{"index":"index","follow":"follow","max-snippet":"max-snippet:-1","max-image-preview":"max-image-preview:large","max-video-preview":"max-video-preview:-1"},"canonical":"https:\/\/www.noticiasradioreflejos.com.ar\/2021\/la-gente-que-vota-y-es-quien-dice-quien-tiene-que-seguir-gobernando\/","og_locale":"es_ES","og_type":"article","og_title":"&quot;La gente que vota y es quien dice quien tiene que seguir gobernando&quot;. - Noticias Radio Reflejos","og_description":"El Intendente municipal Sergio Bordoni dispens\u00f3 unos minutos de su tiempo para dialogar con nuestro medio a pocas horas de su llegada en La Plata. Lo hizo en un imp\u00e1s de la inauguraci\u00f3n de Confiter\u00eda Automoto este martes por la noche. En referencia a esto hizo hincapi\u00e9 a la visita del ministro Ritondo en Bah\u00eda [&hellip;]","og_url":"https:\/\/www.noticiasradioreflejos.com.ar\/2021\/la-gente-que-vota-y-es-quien-dice-quien-tiene-que-seguir-gobernando\/","og_site_name":"Noticias Radio Reflejos","article_published_time":"2017-05-24T12:06:53+00:00","og_image":[{"width":300,"height":200,"url":"https:\/\/www.noticiasradioreflejos.com.ar\/2021\/wp-content\/uploads\/2021\/07\/logosol300x200.png","type":"image\/png"}],"author":"Arnaldo Botto","twitter_card":"summary_large_image","schema":{"@context":"https:\/\/schema.org","@graph":[{"@type":"WebPage","@id":"https:\/\/www.noticiasradioreflejos.com.ar\/2021\/la-gente-que-vota-y-es-quien-dice-quien-tiene-que-seguir-gobernando\/","url":"https:\/\/www.noticiasradioreflejos.com.ar\/2021\/la-gente-que-vota-y-es-quien-dice-quien-tiene-que-seguir-gobernando\/","name":"&quot;La gente que vota y es quien dice quien tiene que seguir gobernando&quot;. - Noticias Radio Reflejos","isPartOf":{"@id":"https:\/\/www.noticiasradioreflejos.com.ar\/2021\/#website"},"datePublished":"2017-05-24T12:06:53+00:00","author":{"@id":"https:\/\/www.noticiasradioreflejos.com.ar\/2021\/#\/schema\/person\/ad82545263dcc5ec0996818884fd5fb1"},"breadcrumb":{"@id":"https:\/\/www.noticiasradioreflejos.com.ar\/2021\/la-gente-que-vota-y-es-quien-dice-quien-tiene-que-seguir-gobernando\/#breadcrumb"},"inLanguage":"es","potentialAction":[{"@type":"ReadAction","target":["https:\/\/www.noticiasradioreflejos.com.ar\/2021\/la-gente-que-vota-y-es-quien-dice-quien-tiene-que-seguir-gobernando\/"]}]},{"@type":"BreadcrumbList","@id":"https:\/\/www.noticiasradioreflejos.com.ar\/2021\/la-gente-que-vota-y-es-quien-dice-quien-tiene-que-seguir-gobernando\/#breadcrumb","itemListElement":[{"@type":"ListItem","position":1,"name":"Portada","item":"https:\/\/www.noticiasradioreflejos.com.ar\/2021\/"},{"@type":"ListItem","position":2,"name":"&quot;La gente que vota y es quien dice quien tiene que seguir gobernando&quot;."}]},{"@type":"WebSite","@id":"https:\/\/www.noticiasradioreflejos.com.ar\/2021\/#website","url":"https:\/\/www.noticiasradioreflejos.com.ar\/2021\/","name":"Noticias Radio Reflejos","description":"Las noticias de mi comarca","potentialAction":[{"@type":"SearchAction","target":{"@type":"EntryPoint","urlTemplate":"https:\/\/www.noticiasradioreflejos.com.ar\/2021\/?s={search_term_string}"},"query-input":{"@type":"PropertyValueSpecification","valueRequired":true,"valueName":"search_term_string"}}],"inLanguage":"es"},{"@type":"Person","@id":"https:\/\/www.noticiasradioreflejos.com.ar\/2021\/#\/schema\/person\/ad82545263dcc5ec0996818884fd5fb1","name":"Arnaldo Botto","image":{"@type":"ImageObject","inLanguage":"es","@id":"https:\/\/www.noticiasradioreflejos.com.ar\/2021\/#\/schema\/person\/image\/","url":"https:\/\/secure.gravatar.com\/avatar\/55cb5e37c1efa326397366e6974cb338056df65cb50e7d64d1cf314e87504837?s=96&d=mm&r=g","contentUrl":"https:\/\/secure.gravatar.com\/avatar\/55cb5e37c1efa326397366e6974cb338056df65cb50e7d64d1cf314e87504837?s=96&d=mm&r=g","caption":"Arnaldo Botto"},"url":"https:\/\/www.noticiasradioreflejos.com.ar\/2021\/author\/arnaldo\/"}]}},"_links":{"self":[{"href":"https:\/\/www.noticiasradioreflejos.com.ar\/2021\/wp-json\/wp\/v2\/posts\/10415","targetHints":{"allow":["GET"]}}],"collection":[{"href":"https:\/\/www.noticiasradioreflejos.com.ar\/2021\/wp-json\/wp\/v2\/posts"}],"about":[{"href":"https:\/\/www.noticiasradioreflejos.com.ar\/2021\/wp-json\/wp\/v2\/types\/post"}],"author":[{"embeddable":true,"href":"https:\/\/www.noticiasradioreflejos.com.ar\/2021\/wp-json\/wp\/v2\/users\/3"}],"replies":[{"embeddable":true,"href":"https:\/\/www.noticiasradioreflejos.com.ar\/2021\/wp-json\/wp\/v2\/comments?post=10415"}],"version-history":[{"count":0,"href":"https:\/\/www.noticiasradioreflejos.com.ar\/2021\/wp-json\/wp\/v2\/posts\/10415\/revisions"}],"wp:attachment":[{"href":"https:\/\/www.noticiasradioreflejos.com.ar\/2021\/wp-json\/wp\/v2\/media?parent=10415"}],"wp:term":[{"taxonomy":"category","embeddable":true,"href":"https:\/\/www.noticiasradioreflejos.com.ar\/2021\/wp-json\/wp\/v2\/categories?post=10415"},{"taxonomy":"post_tag","embeddable":true,"href":"https:\/\/www.noticiasradioreflejos.com.ar\/2021\/wp-json\/wp\/v2\/tags?post=10415"}],"curies":[{"name":"wp","href":"https:\/\/api.w.org\/{rel}","templated":true}]}}