{"id":104139,"date":"2024-06-21T09:25:28","date_gmt":"2024-06-21T12:25:28","guid":{"rendered":"https:\/\/www.noticiasradioreflejos.com.ar\/2021\/?p=104139"},"modified":"2024-06-21T10:46:54","modified_gmt":"2024-06-21T13:46:54","slug":"el-invierno-llego-a-la-comarca-serrana-con-lluvias-como-sigue-el-finde-largo","status":"publish","type":"post","link":"https:\/\/www.noticiasradioreflejos.com.ar\/2021\/el-invierno-llego-a-la-comarca-serrana-con-lluvias-como-sigue-el-finde-largo\/","title":{"rendered":"El invierno lleg\u00f3 a la comarca serrana con lluvias. Como sigue el finde largo."},"content":{"rendered":"<p>Jornada fr\u00eda la de ayer y viernes de lluvia corrida; el invierno muestra su perfil en las sierras australes bonaerenses.<!--more--><\/p>\n<p>Lleg\u00f3 el invierno en un fin de semana extra largo, mostrar\u00e1 su variedad de recursos dentro de un clima\u00a0 inestable donde no se descarta la probabilidad de nevadas suaves.<\/p>\n<p>El d\u00eda jueves se present\u00f3 muy fr\u00edo, con heladas matinales y la m\u00e1xima en apenas 8\u00b0 dentro del amplio valle del Sauce Grande. La jornada se destac\u00f3 por los fuertes vientos del sector Este que se iniciaron durante la tarde y se extendieron hasta la madrugada de hoy.<\/p>\n<p><strong>Este viernes 21<\/strong> amaneci\u00f3 lluvioso, h\u00famedo y con vientos suaves del Este , la m\u00ednima en 9\u00b0 y una m\u00e1xima que se proyectar\u00e1 a no mas de 11\u00b0; habr\u00e1 precipitaciones en forma de chaparrones aislados durante todo el d\u00eda y parte de la noche.<\/p>\n<p><strong>Para ma\u00f1ana s\u00e1bado<\/strong>, cielo cubierto, viento del sur suave entre los 5 y hasta los 20 km\/h. subiendo su intensidad llegando la noche para llegar a r\u00e1fagas de 35 a 40 kms., la m\u00ednima se espera en 9\u00b0 y la m\u00e1xima en los 14\u00b0.<\/p>\n<p><strong>Domingo fr\u00edo y ventoso<\/strong>, m\u00ednima 3\u00b0 m\u00e1xima 8\u00b0, vientos fuertes del SO\u00a0 que llegar\u00edan hasta los 45 km\/h, el cielo mayormente soleado y para la noche cubierto\u00a0 con precipitaciones.<\/p>\n<p>El lunes se presentar\u00e1 muy frio con m\u00ednima entre los 2 y 3 grados y la m\u00e1xima no sobrepasando\u00a0 los 7 u 8 grados; vientos del SO moderados y cielo cubierto la mayor parte del d\u00eda y la noche<\/p>\n<p>&nbsp;<\/p>\n<h4>Registros de lluvias en la zona<\/h4>\n<p>5 mm en Sierra de la Ventana<br \/>\n10 mm en Villa Ventana<br \/>\n5 mm en Saldungaray<br \/>\n4,5 mm en Frapal<br \/>\n6 mm en El Pantanoso<br \/>\n4 mm en Monte Hermoso<br \/>\n2 mm en Tornquist<br \/>\n8 mm en Tres Picos<br \/>\n5 mm en Cabildo<br \/>\n1 mm en San Eloy<\/p>\n","protected":false},"excerpt":{"rendered":"<p>Jornada fr\u00eda la de ayer y viernes de lluvia corrida; el invierno muestra su perfil en las sierras australes bonaerenses.<\/p>\n","protected":false},"author":3,"featured_media":40679,"comment_status":"closed","ping_status":"closed","sticky":false,"template":"","format":"standard","meta":{"footnotes":""},"categories":[46],"tags":[48],"class_list":["post-104139","post","type-post","status-publish","format-standard","has-post-thumbnail","hentry","category-ciencia-y-tecnologia","tag-destacada"],"yoast_head":"<!-- This site is optimized with the Yoast SEO plugin v25.9 - https:\/\/yoast.com\/wordpress\/plugins\/seo\/ -->\n<title>El invierno lleg\u00f3 a la comarca serrana con lluvias. Como sigue el finde largo. - Noticias Radio Reflejos<\/title>\n<meta name=\"robots\" content=\"index, follow, max-snippet:-1, max-image-preview:large, max-video-preview:-1\" \/>\n<link rel=\"canonical\" href=\"https:\/\/www.noticiasradioreflejos.com.ar\/2021\/el-invierno-llego-a-la-comarca-serrana-con-lluvias-como-sigue-el-finde-largo\/\" \/>\n<meta property=\"og:locale\" content=\"es_ES\" \/>\n<meta property=\"og:type\" content=\"article\" \/>\n<meta property=\"og:title\" content=\"El invierno lleg\u00f3 a la comarca serrana con lluvias. Como sigue el finde largo. - Noticias Radio Reflejos\" \/>\n<meta property=\"og:description\" content=\"Jornada fr\u00eda la de ayer y viernes de lluvia corrida; el invierno muestra su perfil en las sierras australes bonaerenses.\" \/>\n<meta property=\"og:url\" content=\"https:\/\/www.noticiasradioreflejos.com.ar\/2021\/el-invierno-llego-a-la-comarca-serrana-con-lluvias-como-sigue-el-finde-largo\/\" \/>\n<meta property=\"og:site_name\" content=\"Noticias Radio Reflejos\" \/>\n<meta property=\"article:published_time\" content=\"2024-06-21T12:25:28+00:00\" \/>\n<meta property=\"article:modified_time\" content=\"2024-06-21T13:46:54+00:00\" \/>\n<meta property=\"og:image\" content=\"https:\/\/www.noticiasradioreflejos.com.ar\/2021\/wp-content\/uploads\/2020\/04\/Lluvias-en-la-comarca.jpg\" \/>\n\t<meta property=\"og:image:width\" content=\"400\" \/>\n\t<meta property=\"og:image:height\" content=\"224\" \/>\n\t<meta property=\"og:image:type\" content=\"image\/jpeg\" \/>\n<meta name=\"author\" content=\"Arnaldo Botto\" \/>\n<meta name=\"twitter:card\" content=\"summary_large_image\" \/>\n<script type=\"application\/ld+json\" class=\"yoast-schema-graph\">{\"@context\":\"https:\/\/schema.org\",\"@graph\":[{\"@type\":\"WebPage\",\"@id\":\"https:\/\/www.noticiasradioreflejos.com.ar\/2021\/el-invierno-llego-a-la-comarca-serrana-con-lluvias-como-sigue-el-finde-largo\/\",\"url\":\"https:\/\/www.noticiasradioreflejos.com.ar\/2021\/el-invierno-llego-a-la-comarca-serrana-con-lluvias-como-sigue-el-finde-largo\/\",\"name\":\"El invierno lleg\u00f3 a la comarca serrana con lluvias. Como sigue el finde largo. - Noticias Radio Reflejos\",\"isPartOf\":{\"@id\":\"https:\/\/www.noticiasradioreflejos.com.ar\/2021\/#website\"},\"primaryImageOfPage\":{\"@id\":\"https:\/\/www.noticiasradioreflejos.com.ar\/2021\/el-invierno-llego-a-la-comarca-serrana-con-lluvias-como-sigue-el-finde-largo\/#primaryimage\"},\"image\":{\"@id\":\"https:\/\/www.noticiasradioreflejos.com.ar\/2021\/el-invierno-llego-a-la-comarca-serrana-con-lluvias-como-sigue-el-finde-largo\/#primaryimage\"},\"thumbnailUrl\":\"https:\/\/www.noticiasradioreflejos.com.ar\/2021\/wp-content\/uploads\/2020\/04\/Lluvias-en-la-comarca.jpg\",\"datePublished\":\"2024-06-21T12:25:28+00:00\",\"dateModified\":\"2024-06-21T13:46:54+00:00\",\"author\":{\"@id\":\"https:\/\/www.noticiasradioreflejos.com.ar\/2021\/#\/schema\/person\/ad82545263dcc5ec0996818884fd5fb1\"},\"breadcrumb\":{\"@id\":\"https:\/\/www.noticiasradioreflejos.com.ar\/2021\/el-invierno-llego-a-la-comarca-serrana-con-lluvias-como-sigue-el-finde-largo\/#breadcrumb\"},\"inLanguage\":\"es\",\"potentialAction\":[{\"@type\":\"ReadAction\",\"target\":[\"https:\/\/www.noticiasradioreflejos.com.ar\/2021\/el-invierno-llego-a-la-comarca-serrana-con-lluvias-como-sigue-el-finde-largo\/\"]}]},{\"@type\":\"ImageObject\",\"inLanguage\":\"es\",\"@id\":\"https:\/\/www.noticiasradioreflejos.com.ar\/2021\/el-invierno-llego-a-la-comarca-serrana-con-lluvias-como-sigue-el-finde-largo\/#primaryimage\",\"url\":\"https:\/\/www.noticiasradioreflejos.com.ar\/2021\/wp-content\/uploads\/2020\/04\/Lluvias-en-la-comarca.jpg\",\"contentUrl\":\"https:\/\/www.noticiasradioreflejos.com.ar\/2021\/wp-content\/uploads\/2020\/04\/Lluvias-en-la-comarca.jpg\",\"width\":400,\"height\":224},{\"@type\":\"BreadcrumbList\",\"@id\":\"https:\/\/www.noticiasradioreflejos.com.ar\/2021\/el-invierno-llego-a-la-comarca-serrana-con-lluvias-como-sigue-el-finde-largo\/#breadcrumb\",\"itemListElement\":[{\"@type\":\"ListItem\",\"position\":1,\"name\":\"Portada\",\"item\":\"https:\/\/www.noticiasradioreflejos.com.ar\/2021\/\"},{\"@type\":\"ListItem\",\"position\":2,\"name\":\"El invierno lleg\u00f3 a la comarca serrana con lluvias. Como sigue el finde largo.\"}]},{\"@type\":\"WebSite\",\"@id\":\"https:\/\/www.noticiasradioreflejos.com.ar\/2021\/#website\",\"url\":\"https:\/\/www.noticiasradioreflejos.com.ar\/2021\/\",\"name\":\"Noticias Radio Reflejos\",\"description\":\"Las noticias de mi comarca\",\"potentialAction\":[{\"@type\":\"SearchAction\",\"target\":{\"@type\":\"EntryPoint\",\"urlTemplate\":\"https:\/\/www.noticiasradioreflejos.com.ar\/2021\/?s={search_term_string}\"},\"query-input\":{\"@type\":\"PropertyValueSpecification\",\"valueRequired\":true,\"valueName\":\"search_term_string\"}}],\"inLanguage\":\"es\"},{\"@type\":\"Person\",\"@id\":\"https:\/\/www.noticiasradioreflejos.com.ar\/2021\/#\/schema\/person\/ad82545263dcc5ec0996818884fd5fb1\",\"name\":\"Arnaldo Botto\",\"image\":{\"@type\":\"ImageObject\",\"inLanguage\":\"es\",\"@id\":\"https:\/\/www.noticiasradioreflejos.com.ar\/2021\/#\/schema\/person\/image\/\",\"url\":\"https:\/\/secure.gravatar.com\/avatar\/55cb5e37c1efa326397366e6974cb338056df65cb50e7d64d1cf314e87504837?s=96&d=mm&r=g\",\"contentUrl\":\"https:\/\/secure.gravatar.com\/avatar\/55cb5e37c1efa326397366e6974cb338056df65cb50e7d64d1cf314e87504837?s=96&d=mm&r=g\",\"caption\":\"Arnaldo Botto\"},\"url\":\"https:\/\/www.noticiasradioreflejos.com.ar\/2021\/author\/arnaldo\/\"}]}<\/script>\n<!-- \/ Yoast SEO plugin. -->","yoast_head_json":{"title":"El invierno lleg\u00f3 a la comarca serrana con lluvias. Como sigue el finde largo. - Noticias Radio Reflejos","robots":{"index":"index","follow":"follow","max-snippet":"max-snippet:-1","max-image-preview":"max-image-preview:large","max-video-preview":"max-video-preview:-1"},"canonical":"https:\/\/www.noticiasradioreflejos.com.ar\/2021\/el-invierno-llego-a-la-comarca-serrana-con-lluvias-como-sigue-el-finde-largo\/","og_locale":"es_ES","og_type":"article","og_title":"El invierno lleg\u00f3 a la comarca serrana con lluvias. Como sigue el finde largo. - Noticias Radio Reflejos","og_description":"Jornada fr\u00eda la de ayer y viernes de lluvia corrida; el invierno muestra su perfil en las sierras australes bonaerenses.","og_url":"https:\/\/www.noticiasradioreflejos.com.ar\/2021\/el-invierno-llego-a-la-comarca-serrana-con-lluvias-como-sigue-el-finde-largo\/","og_site_name":"Noticias Radio Reflejos","article_published_time":"2024-06-21T12:25:28+00:00","article_modified_time":"2024-06-21T13:46:54+00:00","og_image":[{"width":400,"height":224,"url":"https:\/\/www.noticiasradioreflejos.com.ar\/2021\/wp-content\/uploads\/2020\/04\/Lluvias-en-la-comarca.jpg","type":"image\/jpeg"}],"author":"Arnaldo Botto","twitter_card":"summary_large_image","schema":{"@context":"https:\/\/schema.org","@graph":[{"@type":"WebPage","@id":"https:\/\/www.noticiasradioreflejos.com.ar\/2021\/el-invierno-llego-a-la-comarca-serrana-con-lluvias-como-sigue-el-finde-largo\/","url":"https:\/\/www.noticiasradioreflejos.com.ar\/2021\/el-invierno-llego-a-la-comarca-serrana-con-lluvias-como-sigue-el-finde-largo\/","name":"El invierno lleg\u00f3 a la comarca serrana con lluvias. Como sigue el finde largo. - Noticias Radio Reflejos","isPartOf":{"@id":"https:\/\/www.noticiasradioreflejos.com.ar\/2021\/#website"},"primaryImageOfPage":{"@id":"https:\/\/www.noticiasradioreflejos.com.ar\/2021\/el-invierno-llego-a-la-comarca-serrana-con-lluvias-como-sigue-el-finde-largo\/#primaryimage"},"image":{"@id":"https:\/\/www.noticiasradioreflejos.com.ar\/2021\/el-invierno-llego-a-la-comarca-serrana-con-lluvias-como-sigue-el-finde-largo\/#primaryimage"},"thumbnailUrl":"https:\/\/www.noticiasradioreflejos.com.ar\/2021\/wp-content\/uploads\/2020\/04\/Lluvias-en-la-comarca.jpg","datePublished":"2024-06-21T12:25:28+00:00","dateModified":"2024-06-21T13:46:54+00:00","author":{"@id":"https:\/\/www.noticiasradioreflejos.com.ar\/2021\/#\/schema\/person\/ad82545263dcc5ec0996818884fd5fb1"},"breadcrumb":{"@id":"https:\/\/www.noticiasradioreflejos.com.ar\/2021\/el-invierno-llego-a-la-comarca-serrana-con-lluvias-como-sigue-el-finde-largo\/#breadcrumb"},"inLanguage":"es","potentialAction":[{"@type":"ReadAction","target":["https:\/\/www.noticiasradioreflejos.com.ar\/2021\/el-invierno-llego-a-la-comarca-serrana-con-lluvias-como-sigue-el-finde-largo\/"]}]},{"@type":"ImageObject","inLanguage":"es","@id":"https:\/\/www.noticiasradioreflejos.com.ar\/2021\/el-invierno-llego-a-la-comarca-serrana-con-lluvias-como-sigue-el-finde-largo\/#primaryimage","url":"https:\/\/www.noticiasradioreflejos.com.ar\/2021\/wp-content\/uploads\/2020\/04\/Lluvias-en-la-comarca.jpg","contentUrl":"https:\/\/www.noticiasradioreflejos.com.ar\/2021\/wp-content\/uploads\/2020\/04\/Lluvias-en-la-comarca.jpg","width":400,"height":224},{"@type":"BreadcrumbList","@id":"https:\/\/www.noticiasradioreflejos.com.ar\/2021\/el-invierno-llego-a-la-comarca-serrana-con-lluvias-como-sigue-el-finde-largo\/#breadcrumb","itemListElement":[{"@type":"ListItem","position":1,"name":"Portada","item":"https:\/\/www.noticiasradioreflejos.com.ar\/2021\/"},{"@type":"ListItem","position":2,"name":"El invierno lleg\u00f3 a la comarca serrana con lluvias. Como sigue el finde largo."}]},{"@type":"WebSite","@id":"https:\/\/www.noticiasradioreflejos.com.ar\/2021\/#website","url":"https:\/\/www.noticiasradioreflejos.com.ar\/2021\/","name":"Noticias Radio Reflejos","description":"Las noticias de mi comarca","potentialAction":[{"@type":"SearchAction","target":{"@type":"EntryPoint","urlTemplate":"https:\/\/www.noticiasradioreflejos.com.ar\/2021\/?s={search_term_string}"},"query-input":{"@type":"PropertyValueSpecification","valueRequired":true,"valueName":"search_term_string"}}],"inLanguage":"es"},{"@type":"Person","@id":"https:\/\/www.noticiasradioreflejos.com.ar\/2021\/#\/schema\/person\/ad82545263dcc5ec0996818884fd5fb1","name":"Arnaldo Botto","image":{"@type":"ImageObject","inLanguage":"es","@id":"https:\/\/www.noticiasradioreflejos.com.ar\/2021\/#\/schema\/person\/image\/","url":"https:\/\/secure.gravatar.com\/avatar\/55cb5e37c1efa326397366e6974cb338056df65cb50e7d64d1cf314e87504837?s=96&d=mm&r=g","contentUrl":"https:\/\/secure.gravatar.com\/avatar\/55cb5e37c1efa326397366e6974cb338056df65cb50e7d64d1cf314e87504837?s=96&d=mm&r=g","caption":"Arnaldo Botto"},"url":"https:\/\/www.noticiasradioreflejos.com.ar\/2021\/author\/arnaldo\/"}]}},"_links":{"self":[{"href":"https:\/\/www.noticiasradioreflejos.com.ar\/2021\/wp-json\/wp\/v2\/posts\/104139","targetHints":{"allow":["GET"]}}],"collection":[{"href":"https:\/\/www.noticiasradioreflejos.com.ar\/2021\/wp-json\/wp\/v2\/posts"}],"about":[{"href":"https:\/\/www.noticiasradioreflejos.com.ar\/2021\/wp-json\/wp\/v2\/types\/post"}],"author":[{"embeddable":true,"href":"https:\/\/www.noticiasradioreflejos.com.ar\/2021\/wp-json\/wp\/v2\/users\/3"}],"replies":[{"embeddable":true,"href":"https:\/\/www.noticiasradioreflejos.com.ar\/2021\/wp-json\/wp\/v2\/comments?post=104139"}],"version-history":[{"count":3,"href":"https:\/\/www.noticiasradioreflejos.com.ar\/2021\/wp-json\/wp\/v2\/posts\/104139\/revisions"}],"predecessor-version":[{"id":104150,"href":"https:\/\/www.noticiasradioreflejos.com.ar\/2021\/wp-json\/wp\/v2\/posts\/104139\/revisions\/104150"}],"wp:featuredmedia":[{"embeddable":true,"href":"https:\/\/www.noticiasradioreflejos.com.ar\/2021\/wp-json\/wp\/v2\/media\/40679"}],"wp:attachment":[{"href":"https:\/\/www.noticiasradioreflejos.com.ar\/2021\/wp-json\/wp\/v2\/media?parent=104139"}],"wp:term":[{"taxonomy":"category","embeddable":true,"href":"https:\/\/www.noticiasradioreflejos.com.ar\/2021\/wp-json\/wp\/v2\/categories?post=104139"},{"taxonomy":"post_tag","embeddable":true,"href":"https:\/\/www.noticiasradioreflejos.com.ar\/2021\/wp-json\/wp\/v2\/tags?post=104139"}],"curies":[{"name":"wp","href":"https:\/\/api.w.org\/{rel}","templated":true}]}}