{"id":104091,"date":"2024-06-19T14:34:24","date_gmt":"2024-06-19T17:34:24","guid":{"rendered":"https:\/\/www.noticiasradioreflejos.com.ar\/2021\/?p=104091"},"modified":"2024-06-19T14:34:24","modified_gmt":"2024-06-19T17:34:24","slug":"disponible-la-tercera-etapa-de-financiamiento-para-implantacion-de-pasturas-en-el-sudoeste-bonaerense","status":"publish","type":"post","link":"https:\/\/www.noticiasradioreflejos.com.ar\/2021\/disponible-la-tercera-etapa-de-financiamiento-para-implantacion-de-pasturas-en-el-sudoeste-bonaerense\/","title":{"rendered":"Disponible la tercera etapa de financiamiento para implantaci\u00f3n de pasturas en el sudoeste bonaerense"},"content":{"rendered":"<p>La Secretar\u00eda Ambiente y Desarrollo Productivo informa que se encuentra disponible la tercera etapa de financiamiento para la implantaci\u00f3n de pasturas en el sudoeste bonaerense, impulsada por el Gobierno de la Provincia de Buenos Aires, con el fin de fortalecer el crecimiento y desarrollo de la actividad agropecuaria e impulsar el entramado socio productivo. <!--more--><\/p>\n<p><a data-flickr-embed=\"true\" href=\"https:\/\/www.flickr.com\/photos\/182279889@N02\/53801424377\/in\/dateposted-public\/\" title=\"financiamientopasturas\"><img loading=\"lazy\" decoding=\"async\" src=\"https:\/\/live.staticflickr.com\/65535\/53801424377_040b75784f_b.jpg\" width=\"1024\" height=\"1024\" alt=\"financiamientopasturas\"\/><\/a><script async src=\"\/\/embedr.flickr.com\/assets\/client-code.js\" charset=\"utf-8\"><\/script><\/p>\n<p>La misma est\u00e1 destinada a productoras y productores ganaderos bovinos de la regi\u00f3n integrada por Tornquist, distritos vecinos y de la regi\u00f3n, que cuenten con hasta 400 vientres bovinos y quieran aumentar el recurso forrajero a trav\u00e9s de la implantaci\u00f3n de pasturas perennes.<\/p>\n<p>El pr\u00e9stamo es a tasa 0% (indexada a valor producto del \u00cdndice de Mercado Agroganadero), con un plazo de devoluci\u00f3n de 48 meses y un periodo de gracia de 6 meses (primera cuota al a\u00f1o del desembolso). <\/p>\n<p>Los interesados en acceder, deben inscribirse ingresando en el siguiente link: <a href=\"https:\/\/mi.mda.gba.gob.ar\/\" rel=\"noopener\" target=\"_blank\">https:\/\/mi.mda.gba.gob.ar\/ <\/a><br \/>\nPor consultas, acercarse a la oficina de Desarrollo Productivo, en Av. San Martin n\u00b0268. <\/p>\n","protected":false},"excerpt":{"rendered":"<p>La Secretar\u00eda Ambiente y Desarrollo Productivo informa que se encuentra disponible la tercera etapa de financiamiento para la implantaci\u00f3n de pasturas en el sudoeste bonaerense, impulsada por el Gobierno de la Provincia de Buenos Aires, con el fin de fortalecer el crecimiento y desarrollo de la actividad agropecuaria e impulsar el entramado socio productivo.<\/p>\n","protected":false},"author":3,"featured_media":0,"comment_status":"closed","ping_status":"closed","sticky":false,"template":"","format":"standard","meta":{"footnotes":""},"categories":[36],"tags":[],"class_list":["post-104091","post","type-post","status-publish","format-standard","hentry","category-economia"],"yoast_head":"<!-- This site is optimized with the Yoast SEO plugin v25.9 - https:\/\/yoast.com\/wordpress\/plugins\/seo\/ -->\n<title>Disponible la tercera etapa de financiamiento para implantaci\u00f3n de pasturas en el sudoeste bonaerense - Noticias Radio Reflejos<\/title>\n<meta name=\"robots\" content=\"index, follow, max-snippet:-1, max-image-preview:large, max-video-preview:-1\" \/>\n<link rel=\"canonical\" href=\"https:\/\/www.noticiasradioreflejos.com.ar\/2021\/disponible-la-tercera-etapa-de-financiamiento-para-implantacion-de-pasturas-en-el-sudoeste-bonaerense\/\" \/>\n<meta property=\"og:locale\" content=\"es_ES\" \/>\n<meta property=\"og:type\" content=\"article\" \/>\n<meta property=\"og:title\" content=\"Disponible la tercera etapa de financiamiento para implantaci\u00f3n de pasturas en el sudoeste bonaerense - Noticias Radio Reflejos\" \/>\n<meta property=\"og:description\" content=\"La Secretar\u00eda Ambiente y Desarrollo Productivo informa que se encuentra disponible la tercera etapa de financiamiento para la implantaci\u00f3n de pasturas en el sudoeste bonaerense, impulsada por el Gobierno de la Provincia de Buenos Aires, con el fin de fortalecer el crecimiento y desarrollo de la actividad agropecuaria e impulsar el entramado socio productivo.\" \/>\n<meta property=\"og:url\" content=\"https:\/\/www.noticiasradioreflejos.com.ar\/2021\/disponible-la-tercera-etapa-de-financiamiento-para-implantacion-de-pasturas-en-el-sudoeste-bonaerense\/\" \/>\n<meta property=\"og:site_name\" content=\"Noticias Radio Reflejos\" \/>\n<meta property=\"article:published_time\" content=\"2024-06-19T17:34:24+00:00\" \/>\n<meta property=\"og:image\" content=\"https:\/\/live.staticflickr.com\/65535\/53801424377_040b75784f_b.jpg\" \/>\n<meta name=\"author\" content=\"Arnaldo Botto\" \/>\n<meta name=\"twitter:card\" content=\"summary_large_image\" \/>\n<script type=\"application\/ld+json\" class=\"yoast-schema-graph\">{\"@context\":\"https:\/\/schema.org\",\"@graph\":[{\"@type\":\"WebPage\",\"@id\":\"https:\/\/www.noticiasradioreflejos.com.ar\/2021\/disponible-la-tercera-etapa-de-financiamiento-para-implantacion-de-pasturas-en-el-sudoeste-bonaerense\/\",\"url\":\"https:\/\/www.noticiasradioreflejos.com.ar\/2021\/disponible-la-tercera-etapa-de-financiamiento-para-implantacion-de-pasturas-en-el-sudoeste-bonaerense\/\",\"name\":\"Disponible la tercera etapa de financiamiento para implantaci\u00f3n de pasturas en el sudoeste bonaerense - Noticias Radio Reflejos\",\"isPartOf\":{\"@id\":\"https:\/\/www.noticiasradioreflejos.com.ar\/2021\/#website\"},\"primaryImageOfPage\":{\"@id\":\"https:\/\/www.noticiasradioreflejos.com.ar\/2021\/disponible-la-tercera-etapa-de-financiamiento-para-implantacion-de-pasturas-en-el-sudoeste-bonaerense\/#primaryimage\"},\"image\":{\"@id\":\"https:\/\/www.noticiasradioreflejos.com.ar\/2021\/disponible-la-tercera-etapa-de-financiamiento-para-implantacion-de-pasturas-en-el-sudoeste-bonaerense\/#primaryimage\"},\"thumbnailUrl\":\"https:\/\/live.staticflickr.com\/65535\/53801424377_040b75784f_b.jpg\",\"datePublished\":\"2024-06-19T17:34:24+00:00\",\"author\":{\"@id\":\"https:\/\/www.noticiasradioreflejos.com.ar\/2021\/#\/schema\/person\/ad82545263dcc5ec0996818884fd5fb1\"},\"breadcrumb\":{\"@id\":\"https:\/\/www.noticiasradioreflejos.com.ar\/2021\/disponible-la-tercera-etapa-de-financiamiento-para-implantacion-de-pasturas-en-el-sudoeste-bonaerense\/#breadcrumb\"},\"inLanguage\":\"es\",\"potentialAction\":[{\"@type\":\"ReadAction\",\"target\":[\"https:\/\/www.noticiasradioreflejos.com.ar\/2021\/disponible-la-tercera-etapa-de-financiamiento-para-implantacion-de-pasturas-en-el-sudoeste-bonaerense\/\"]}]},{\"@type\":\"ImageObject\",\"inLanguage\":\"es\",\"@id\":\"https:\/\/www.noticiasradioreflejos.com.ar\/2021\/disponible-la-tercera-etapa-de-financiamiento-para-implantacion-de-pasturas-en-el-sudoeste-bonaerense\/#primaryimage\",\"url\":\"https:\/\/live.staticflickr.com\/65535\/53801424377_040b75784f_b.jpg\",\"contentUrl\":\"https:\/\/live.staticflickr.com\/65535\/53801424377_040b75784f_b.jpg\"},{\"@type\":\"BreadcrumbList\",\"@id\":\"https:\/\/www.noticiasradioreflejos.com.ar\/2021\/disponible-la-tercera-etapa-de-financiamiento-para-implantacion-de-pasturas-en-el-sudoeste-bonaerense\/#breadcrumb\",\"itemListElement\":[{\"@type\":\"ListItem\",\"position\":1,\"name\":\"Portada\",\"item\":\"https:\/\/www.noticiasradioreflejos.com.ar\/2021\/\"},{\"@type\":\"ListItem\",\"position\":2,\"name\":\"Disponible la tercera etapa de financiamiento para implantaci\u00f3n de pasturas en el sudoeste bonaerense\"}]},{\"@type\":\"WebSite\",\"@id\":\"https:\/\/www.noticiasradioreflejos.com.ar\/2021\/#website\",\"url\":\"https:\/\/www.noticiasradioreflejos.com.ar\/2021\/\",\"name\":\"Noticias Radio Reflejos\",\"description\":\"Las noticias de mi comarca\",\"potentialAction\":[{\"@type\":\"SearchAction\",\"target\":{\"@type\":\"EntryPoint\",\"urlTemplate\":\"https:\/\/www.noticiasradioreflejos.com.ar\/2021\/?s={search_term_string}\"},\"query-input\":{\"@type\":\"PropertyValueSpecification\",\"valueRequired\":true,\"valueName\":\"search_term_string\"}}],\"inLanguage\":\"es\"},{\"@type\":\"Person\",\"@id\":\"https:\/\/www.noticiasradioreflejos.com.ar\/2021\/#\/schema\/person\/ad82545263dcc5ec0996818884fd5fb1\",\"name\":\"Arnaldo Botto\",\"image\":{\"@type\":\"ImageObject\",\"inLanguage\":\"es\",\"@id\":\"https:\/\/www.noticiasradioreflejos.com.ar\/2021\/#\/schema\/person\/image\/\",\"url\":\"https:\/\/secure.gravatar.com\/avatar\/55cb5e37c1efa326397366e6974cb338056df65cb50e7d64d1cf314e87504837?s=96&d=mm&r=g\",\"contentUrl\":\"https:\/\/secure.gravatar.com\/avatar\/55cb5e37c1efa326397366e6974cb338056df65cb50e7d64d1cf314e87504837?s=96&d=mm&r=g\",\"caption\":\"Arnaldo Botto\"},\"url\":\"https:\/\/www.noticiasradioreflejos.com.ar\/2021\/author\/arnaldo\/\"}]}<\/script>\n<!-- \/ Yoast SEO plugin. -->","yoast_head_json":{"title":"Disponible la tercera etapa de financiamiento para implantaci\u00f3n de pasturas en el sudoeste bonaerense - Noticias Radio Reflejos","robots":{"index":"index","follow":"follow","max-snippet":"max-snippet:-1","max-image-preview":"max-image-preview:large","max-video-preview":"max-video-preview:-1"},"canonical":"https:\/\/www.noticiasradioreflejos.com.ar\/2021\/disponible-la-tercera-etapa-de-financiamiento-para-implantacion-de-pasturas-en-el-sudoeste-bonaerense\/","og_locale":"es_ES","og_type":"article","og_title":"Disponible la tercera etapa de financiamiento para implantaci\u00f3n de pasturas en el sudoeste bonaerense - Noticias Radio Reflejos","og_description":"La Secretar\u00eda Ambiente y Desarrollo Productivo informa que se encuentra disponible la tercera etapa de financiamiento para la implantaci\u00f3n de pasturas en el sudoeste bonaerense, impulsada por el Gobierno de la Provincia de Buenos Aires, con el fin de fortalecer el crecimiento y desarrollo de la actividad agropecuaria e impulsar el entramado socio productivo.","og_url":"https:\/\/www.noticiasradioreflejos.com.ar\/2021\/disponible-la-tercera-etapa-de-financiamiento-para-implantacion-de-pasturas-en-el-sudoeste-bonaerense\/","og_site_name":"Noticias Radio Reflejos","article_published_time":"2024-06-19T17:34:24+00:00","og_image":[{"url":"https:\/\/live.staticflickr.com\/65535\/53801424377_040b75784f_b.jpg","type":"","width":"","height":""}],"author":"Arnaldo Botto","twitter_card":"summary_large_image","schema":{"@context":"https:\/\/schema.org","@graph":[{"@type":"WebPage","@id":"https:\/\/www.noticiasradioreflejos.com.ar\/2021\/disponible-la-tercera-etapa-de-financiamiento-para-implantacion-de-pasturas-en-el-sudoeste-bonaerense\/","url":"https:\/\/www.noticiasradioreflejos.com.ar\/2021\/disponible-la-tercera-etapa-de-financiamiento-para-implantacion-de-pasturas-en-el-sudoeste-bonaerense\/","name":"Disponible la tercera etapa de financiamiento para implantaci\u00f3n de pasturas en el sudoeste bonaerense - Noticias Radio Reflejos","isPartOf":{"@id":"https:\/\/www.noticiasradioreflejos.com.ar\/2021\/#website"},"primaryImageOfPage":{"@id":"https:\/\/www.noticiasradioreflejos.com.ar\/2021\/disponible-la-tercera-etapa-de-financiamiento-para-implantacion-de-pasturas-en-el-sudoeste-bonaerense\/#primaryimage"},"image":{"@id":"https:\/\/www.noticiasradioreflejos.com.ar\/2021\/disponible-la-tercera-etapa-de-financiamiento-para-implantacion-de-pasturas-en-el-sudoeste-bonaerense\/#primaryimage"},"thumbnailUrl":"https:\/\/live.staticflickr.com\/65535\/53801424377_040b75784f_b.jpg","datePublished":"2024-06-19T17:34:24+00:00","author":{"@id":"https:\/\/www.noticiasradioreflejos.com.ar\/2021\/#\/schema\/person\/ad82545263dcc5ec0996818884fd5fb1"},"breadcrumb":{"@id":"https:\/\/www.noticiasradioreflejos.com.ar\/2021\/disponible-la-tercera-etapa-de-financiamiento-para-implantacion-de-pasturas-en-el-sudoeste-bonaerense\/#breadcrumb"},"inLanguage":"es","potentialAction":[{"@type":"ReadAction","target":["https:\/\/www.noticiasradioreflejos.com.ar\/2021\/disponible-la-tercera-etapa-de-financiamiento-para-implantacion-de-pasturas-en-el-sudoeste-bonaerense\/"]}]},{"@type":"ImageObject","inLanguage":"es","@id":"https:\/\/www.noticiasradioreflejos.com.ar\/2021\/disponible-la-tercera-etapa-de-financiamiento-para-implantacion-de-pasturas-en-el-sudoeste-bonaerense\/#primaryimage","url":"https:\/\/live.staticflickr.com\/65535\/53801424377_040b75784f_b.jpg","contentUrl":"https:\/\/live.staticflickr.com\/65535\/53801424377_040b75784f_b.jpg"},{"@type":"BreadcrumbList","@id":"https:\/\/www.noticiasradioreflejos.com.ar\/2021\/disponible-la-tercera-etapa-de-financiamiento-para-implantacion-de-pasturas-en-el-sudoeste-bonaerense\/#breadcrumb","itemListElement":[{"@type":"ListItem","position":1,"name":"Portada","item":"https:\/\/www.noticiasradioreflejos.com.ar\/2021\/"},{"@type":"ListItem","position":2,"name":"Disponible la tercera etapa de financiamiento para implantaci\u00f3n de pasturas en el sudoeste bonaerense"}]},{"@type":"WebSite","@id":"https:\/\/www.noticiasradioreflejos.com.ar\/2021\/#website","url":"https:\/\/www.noticiasradioreflejos.com.ar\/2021\/","name":"Noticias Radio Reflejos","description":"Las noticias de mi comarca","potentialAction":[{"@type":"SearchAction","target":{"@type":"EntryPoint","urlTemplate":"https:\/\/www.noticiasradioreflejos.com.ar\/2021\/?s={search_term_string}"},"query-input":{"@type":"PropertyValueSpecification","valueRequired":true,"valueName":"search_term_string"}}],"inLanguage":"es"},{"@type":"Person","@id":"https:\/\/www.noticiasradioreflejos.com.ar\/2021\/#\/schema\/person\/ad82545263dcc5ec0996818884fd5fb1","name":"Arnaldo Botto","image":{"@type":"ImageObject","inLanguage":"es","@id":"https:\/\/www.noticiasradioreflejos.com.ar\/2021\/#\/schema\/person\/image\/","url":"https:\/\/secure.gravatar.com\/avatar\/55cb5e37c1efa326397366e6974cb338056df65cb50e7d64d1cf314e87504837?s=96&d=mm&r=g","contentUrl":"https:\/\/secure.gravatar.com\/avatar\/55cb5e37c1efa326397366e6974cb338056df65cb50e7d64d1cf314e87504837?s=96&d=mm&r=g","caption":"Arnaldo Botto"},"url":"https:\/\/www.noticiasradioreflejos.com.ar\/2021\/author\/arnaldo\/"}]}},"_links":{"self":[{"href":"https:\/\/www.noticiasradioreflejos.com.ar\/2021\/wp-json\/wp\/v2\/posts\/104091","targetHints":{"allow":["GET"]}}],"collection":[{"href":"https:\/\/www.noticiasradioreflejos.com.ar\/2021\/wp-json\/wp\/v2\/posts"}],"about":[{"href":"https:\/\/www.noticiasradioreflejos.com.ar\/2021\/wp-json\/wp\/v2\/types\/post"}],"author":[{"embeddable":true,"href":"https:\/\/www.noticiasradioreflejos.com.ar\/2021\/wp-json\/wp\/v2\/users\/3"}],"replies":[{"embeddable":true,"href":"https:\/\/www.noticiasradioreflejos.com.ar\/2021\/wp-json\/wp\/v2\/comments?post=104091"}],"version-history":[{"count":1,"href":"https:\/\/www.noticiasradioreflejos.com.ar\/2021\/wp-json\/wp\/v2\/posts\/104091\/revisions"}],"predecessor-version":[{"id":104093,"href":"https:\/\/www.noticiasradioreflejos.com.ar\/2021\/wp-json\/wp\/v2\/posts\/104091\/revisions\/104093"}],"wp:attachment":[{"href":"https:\/\/www.noticiasradioreflejos.com.ar\/2021\/wp-json\/wp\/v2\/media?parent=104091"}],"wp:term":[{"taxonomy":"category","embeddable":true,"href":"https:\/\/www.noticiasradioreflejos.com.ar\/2021\/wp-json\/wp\/v2\/categories?post=104091"},{"taxonomy":"post_tag","embeddable":true,"href":"https:\/\/www.noticiasradioreflejos.com.ar\/2021\/wp-json\/wp\/v2\/tags?post=104091"}],"curies":[{"name":"wp","href":"https:\/\/api.w.org\/{rel}","templated":true}]}}