{"id":104062,"date":"2024-06-19T12:57:24","date_gmt":"2024-06-19T15:57:24","guid":{"rendered":"https:\/\/www.noticiasradioreflejos.com.ar\/2021\/?p=104062"},"modified":"2024-06-19T12:59:48","modified_gmt":"2024-06-19T15:59:48","slug":"museo-de-las-mujeres-se-inauguran-tres-exposiciones-colectivas","status":"publish","type":"post","link":"https:\/\/www.noticiasradioreflejos.com.ar\/2021\/museo-de-las-mujeres-se-inauguran-tres-exposiciones-colectivas\/","title":{"rendered":"Museo de las Mujeres: Se inauguran tres exposiciones colectivas"},"content":{"rendered":"<p>El viernes 28 de junio, a las 19,  se inauguran tres exposiciones colectivas en las salas del Espacio Cultural  Museo de las Mujeres (Rivera Indarte 55)-.<!--more--><\/p>\n<p>La primera, \u201cEl futuro detr\u00e1s. Imaginaci\u00f3n pol\u00edtica despu\u00e9s del estallido del 2001\u201d, re\u00fane diversas producciones: fotograf\u00edas, instalaciones, mapas y videos, con la participaci\u00f3n de m\u00e1s de 60 colectivos y artistas, y un gran equipo curatorial. La muestra recupera las m\u00faltiples voces y experiencias que se volvieron centrales en aquella \u00e9poca.<\/p>\n<p>En otras salas, se presenta \u201cLa m\u00e1s maravillosa m\u00fasica\u201d del colectivo Polifon\u00edas y desbordes. Esta exposici\u00f3n propone, a trav\u00e9s del bordado y el collage, tres momentos: la felicidad del pueblo, los ecos y lo iconogr\u00e1fico. Inspirada en las cartas del pueblo argentino dirigidas a Juan y Eva Per\u00f3n, la muestra revisita una experiencia cultural-pol\u00edtica.<\/p>\n<p>En el auditorio, suceder\u00e1 \u201cPogo en el MUMU\u201d por el colectivo Carbonillas Projekt. A lo largo de 10 metros de muro, Les Carbonillas dibujan a partir de las resonancias de las otras producciones con las que convive y con las del propio lugar. Una intervenci\u00f3n que sit\u00faa la pr\u00e1ctica del dibujo y ensaya formas colaborativas de creaci\u00f3n.<\/p>\n<p>La entrada es libre y gratuita<\/p>\n<p>Las exposiciones podr\u00e1n visitarse, de martes a s\u00e1bados, de 10 a 19 h,  hasta el s\u00e1bado 21 de septiembre. <\/p>\n<p>Adem\u00e1s, contar\u00e1 con la banda en vivo Grupo Gorgojo, compuesta por Lua Daniele, Gaetano Milone y Matias Giordano.<\/p>\n<p>El futuro detr\u00e1s. Imaginaci\u00f3n pol\u00edtica despu\u00e9s del estallido del 2001<\/p>\n<p>Salas 4, 5, 6,7 y 8<\/p>\n<p>Esta exposici\u00f3n re\u00fane diversas producciones, m\u00e1s de 60 colectivos y artistas, y un gran equipo curatorial. \u201cEl futuro detr\u00e1s. Imaginaci\u00f3n pol\u00edtica despu\u00e9s del estallido del 2001\u2033 recupera las m\u00faltiples voces y experiencias que se volvieron centrales en aquella \u00e9poca.<\/p>\n<p>La muestra est\u00e1 compuesta por una multiplicidad de materiales que provienen de acciones, la mayor parte de las veces realizadas de manera colectiva o an\u00f3nima, por distintos grupos activistas, asambleas populares, clubes de trueque, f\u00e1bricas recuperadas y movimientos sociales, que ser\u00eda imposible enumerar aqu\u00ed. <\/p>\n<p>\u201cUna crisis fenomenal azota el pa\u00eds mientras- afirman los organizadores- un laboratorio de experimentaci\u00f3n pol\u00edtica y est\u00e9tica instala nuevos modos de hacer arte y pol\u00edtica en el inicio del nuevo milenio. Un helic\u00f3ptero sobrevolando la Casa Rosada, cinco presidentes en once d\u00edas, una feroz represi\u00f3n intenta contener la \u00faltima de las insurrecciones populares argentinas. Las marcas, las memorias y las potencias de esa inmensa creatividad social que busc\u00f3 instituir una nueva forma de vida en com\u00fan dan cuerpo a esta exposici\u00f3n que aspira a conmover este dist\u00f3pico presente.\u201d<\/p>\n<p>M\u00e1s informaci\u00f3n<\/p>\n<p>Investigaci\u00f3n y curadur\u00eda:<\/p>\n<p>Alejandro Thornton- Ana Longoni- Cecilia Iida- Cora Gamarnik- Guillermo Sanch\u00e9z Maidana- Luc\u00eda Ca\u00f1ada- Magdalena P\u00e9rez Balbi- Maril\u00e9 Di Filippo- Maximiliano de la Puente- Santiago Mazzuchini- Nicolas Cuello- Ramiro Manduca <\/p>\n<p>Coordinaci\u00f3n de esta itinerancia: <\/p>\n<p>Alejandro Thornton- Ana Longoni- Cecilia Iida- Magdalena P\u00e9rez Balbi- Maril\u00e9 Di Filippo- Maximiliano de la Puente-Paula La Rocca- Ramiro Manduca.<\/p>\n<p>Artistas y colectivos participantes,Alejandro Thornton,Alejo Hoijman,Alex Portugheis, Alicia Herrero, Archivo de la Memoria Trans, Arde Arte, Arte por Libertad, Arte y Confecci\u00f3n: semana cultural por Brukman, Avi Lewis y Naomi Klein, Carla Thompson,Ceramicazo \u2013 Semana de Zan\u00f3n en Plaza Congreso, Colectivo Boedo Films + Contraimagen + Kino Nuestra Lucha, Colectivo Potlach, Costuras Urbanas, Cristina Piffer y Hugo Vidal, Dami\u00e1n Finvard, El Barrio TV, En Movimiento TV, Movimiento Popular La Dignidad, El Hormigazo, Emiliana Miguelez, Enrique Garc\u00eda Medina , Etc\u00e9tera\u2026, FaSinPat (F\u00e1brica sin Patrones \u2013 Cer\u00e1micas Zan\u00f3n), Flor Vespignani, Gala Abramovich y Dan Damelio, Grupo de Arte Callejero, Grupo de Arte Callejero Periferia, Grupo La Grieta, Grupo Trasmargen, Gustavo Larsen, Gustavo Laskier, HIJOS La Plata, Iconoclasistas, Javier del Olmo, Javier Gramuglia, Jorge Gustavo Torres (Maka), Karina Granieri, Kiki Roca, Las chicas del chancho y el corpi\u00f1o, Lesbianas en Resistencia, Luc\u00eda Merle, Mar\u00eda Causa, Mariano Espinosa, Mariela Scafati,  Mart\u00edn Lucesole, Maximiliano Kosteki, Maxie Amena y Ver\u00f3nica Iglesias, Nicol\u00e1s Pousthomis, Pablo Ares y Juan Mart\u00edn Biderman, Pablo Piovano, Partido Transportista de Votantes (PTV), Patricio Escobar,Pepe Mateos, Pobres Diablos, Proyecto Venus, Sergio Goya, Silvia Hern\u00e1ndez, Taller Popular de Serigraf\u00eda, Tony Valdez, Trabajadoras de Brukman, Urbomaquia, Victoria Gesualdi, Yomango y Zucoa Noes .<\/p>\n<p>\u2026\u2026\u2026\u2026\u2026\u2026\u2026\u2026\u2026\u2026\u2026\u2026\u2026\u2026\u2026\u2026\u2026\u2026\u2026\u2026\u2026<\/p>\n<p>\u201cLa m\u00e1s maravillosa m\u00fasica\u201d, de Polifon\u00edas y desbordes<\/p>\n<p>  Salas 1,2 y 3<\/p>\n<p>\u201cInspirada en las cartas enviadas por el pueblo argentino a Juan y Eva Per\u00f3n, esta muestra revisita una experiencia cultural-pol\u00edtica que pervive e insiste en sus modos de ser nombrada y comprendida. A trav\u00e9s del bordado, el collage y la fotograf\u00eda, la exposici\u00f3n propone una lectura de esta experiencia desde tres dimensiones: los ecos y las resonancias de ciertos postulados y consignas que, desde las voces marginales, toman un valor protag\u00f3nico; la felicidad del pueblo, como forma de nombrar un modo de hacer lazo con el otro, atento a su sufrimiento y desamparo; y lo iconogr\u00e1fico como reflejo de una dimensi\u00f3n m\u00edstico-espiritual insoslayable en la experiencia \u00edntima del ser. Polifon\u00edas y Desbordes apuesta en este recorrido por el valor celebratorio que adquieren las m\u00faltiples e incalculables formas de imaginar y reinventar, cada vez, la Naci\u00f3n y las visiones de lo comunitario.\u201d<\/p>\n<p>El colectivo art\u00edstico est\u00e1 compuesto por Gabriela Sol Morales, Manuel Pascual, Mercedes Vargas<\/p>\n<p>Podcasts y M\u00fasica est\u00e1 a cargo de Juan Azn\u00e1rez Carini con Santiago Vega y Manuel Barros.<\/p>\n<p>Virginia Morales, la comunicaci\u00f3n<\/p>\n<p>\u2026\u2026\u2026\u2026\u2026\u2026\u2026\u2026\u2026\u2026\u2026\u2026\u2026\u2026\u2026\u2026\u2026\u2026\u2026\u2026\u2026<\/p>\n<p>\u201cPogo en el MUMU\u201d, colectivo Carbonillas Projekt<\/p>\n<p>Auditorio<\/p>\n<p>A lo largo de 10 metros de muro, en el auditorio del Museo, Les Carbonillas dibujan a partir de las resonancias de las otras producciones con las que convive la muestra y con las del propio lugar, su entorno. El colectivo sit\u00faa la pr\u00e1ctica del dibujo en una intervenci\u00f3n que ensaya pr\u00e1cticas colaborativas a trav\u00e9s del dibujo. <\/p>\n<p>&#8212;&#8212;&#8212;&#8212;&#8212;&#8212;&#8212;&#8212;&#8212;&#8212;&#8212;&#8212;&#8212;&#8212;&#8212;&#8212;&#8212;&#8212;&#8212;&#8212;&#8212;&#8212;&#8212;&#8212;&#8212;&#8212;&#8212;&#8212;&#8212;&#8212;&#8212;&#8212;&#8212;&#8212;&#8212;&#8212;&#8212;<\/p>\n<p>Grupo Gorgojo, banda en vivo<\/p>\n<p>La banda est\u00e1 compuesta por Lua Daniele (guitarra), Gaetano Milone (bajo)y Matias Giordano (bater\u00eda). <\/p>\n<p>Gorgojo es una banda integrada por j\u00f3venes de la ciudad que se viene encontrando hace un a\u00f1o y medio. \u201cCon respecto a nuestra m\u00fasica, siempre decimos que hacemos \u201crock fusi\u00f3n\u201d porque nos gusta un poco de todo y porque la mezcla de muchas cosas nos parece divertida\u2026\u201d.<\/p>\n<p>\u2014&#8212;&#8212;&#8212;&#8212;&#8212;&#8212;&#8212;&#8212;&#8212;&#8212;&#8212;&#8212;&#8212;&#8212;&#8212;&#8212;&#8212;&#8212;&#8212;&#8212;&#8212;&#8212;&#8212;&#8212;&#8212;&#8212;&#8212;&#8212;&#8212;&#8212;&#8212;&#8212;&#8212;&#8212;&#8212;&#8212;-<\/p>\n<p>Asamblea-Crisis<\/p>\n<p> El s\u00e1bado 29 de junio, a las 16 h, se llevar\u00e1 a cabo la primera actividad p\u00fablica de la exposici\u00f3n \u201cEl futuro detr\u00e1s\u201d en el Espacio Cultural Museo de las Mujeres, abierta a todo el p\u00fablico y con entrada libre y gratuita.<\/p>\n<p> De acuerdo a los artistas, \u201cretomamos la forma asamblearia y convocamos a un ejercicio colectivo en torno a las memorias de aquel acontecimiento, a sus derivas y los deseos que insisten y las brechas de porvenir que podemos vislumbrar.\u00bfQu\u00e9 se recuerda del 2001?\u00bfQu\u00e9 memorias en conflicto insisten?, \u00bfqu\u00e9 lazos son posibles en tiempos de crisis?  y \u00bfqu\u00e9 experiencias de autoorganizaci\u00f3n e imaginaci\u00f3n pol\u00edtica vuelven a resonar hoy?\u201d<\/p>\n<p><a data-flickr-embed=\"true\" href=\"https:\/\/www.flickr.com\/photos\/182279889@N02\/53802431138\/in\/dateposted-public\/\" title=\"Carbonilla\"><img loading=\"lazy\" decoding=\"async\" src=\"https:\/\/live.staticflickr.com\/65535\/53802431138_0c996064fd_b.jpg\" width=\"1024\" height=\"576\" alt=\"Carbonilla\"\/><\/a><script async src=\"\/\/embedr.flickr.com\/assets\/client-code.js\" charset=\"utf-8\"><\/script><\/p>\n<p><a data-flickr-embed=\"true\" href=\"https:\/\/www.flickr.com\/photos\/182279889@N02\/53802520269\/in\/dateposted-public\/\" title=\"Carbonilla Projekt\"><img loading=\"lazy\" decoding=\"async\" src=\"https:\/\/live.staticflickr.com\/65535\/53802520269_5d54056c3a_b.jpg\" width=\"640\" height=\"960\" alt=\"Carbonilla Projekt\"\/><\/a><script async src=\"\/\/embedr.flickr.com\/assets\/client-code.js\" charset=\"utf-8\"><\/script><\/p>\n<p><a data-flickr-embed=\"true\" href=\"https:\/\/www.flickr.com\/photos\/182279889@N02\/53802623595\/in\/dateposted-public\/\" title=\"El futuro detr\u00e1s.Fue 1_Zucoa noes\"><img loading=\"lazy\" decoding=\"async\" src=\"https:\/\/live.staticflickr.com\/65535\/53802623595_4dee6baa4b_b.jpg\" width=\"1024\" height=\"768\" alt=\"El futuro detr\u00e1s.Fue 1_Zucoa noes\"\/><\/a><script async src=\"\/\/embedr.flickr.com\/assets\/client-code.js\" charset=\"utf-8\"><\/script><\/p>\n<p><a data-flickr-embed=\"true\" href=\"https:\/\/www.flickr.com\/photos\/182279889@N02\/53802431158\/in\/dateposted-public\/\" title=\"La mas maravillosa musica. limosna\"><img loading=\"lazy\" decoding=\"async\" src=\"https:\/\/live.staticflickr.com\/65535\/53802431158_d2ea3fe159_b.jpg\" width=\"611\" height=\"1024\" alt=\"La mas maravillosa musica. limosna\"\/><\/a><script async src=\"\/\/embedr.flickr.com\/assets\/client-code.js\" charset=\"utf-8\"><\/script><\/p>\n<p><a data-flickr-embed=\"true\" href=\"https:\/\/www.flickr.com\/photos\/182279889@N02\/53802431223\/in\/dateposted-public\/\" title=\"El futuro detr\u00e1s. Ahorristas 1_Enrique Garcia Medina\"><img loading=\"lazy\" decoding=\"async\" src=\"https:\/\/live.staticflickr.com\/65535\/53802431223_5f36777514_b.jpg\" width=\"690\" height=\"1024\" alt=\"El futuro detr\u00e1s. Ahorristas 1_Enrique Garcia Medina\"\/><\/a><script async src=\"\/\/embedr.flickr.com\/assets\/client-code.js\" charset=\"utf-8\"><\/script><\/p>\n<p><a data-flickr-embed=\"true\" href=\"https:\/\/www.flickr.com\/photos\/182279889@N02\/53802623760\/in\/dateposted-public\/\" title=\"La mas maravillosa musicaconstelaciones\"><img loading=\"lazy\" decoding=\"async\" src=\"https:\/\/live.staticflickr.com\/65535\/53802623760_1c998ba219_b.jpg\" width=\"1024\" height=\"684\" alt=\"La mas maravillosa musicaconstelaciones\"\/><\/a><script async src=\"\/\/embedr.flickr.com\/assets\/client-code.js\" charset=\"utf-8\"><\/script><\/p>\n","protected":false},"excerpt":{"rendered":"<p>El viernes 28 de junio, a las 19, se inauguran tres exposiciones colectivas en las salas del Espacio Cultural Museo de las Mujeres (Rivera Indarte 55)-.<\/p>\n","protected":false},"author":3,"featured_media":0,"comment_status":"closed","ping_status":"closed","sticky":false,"template":"","format":"standard","meta":{"footnotes":""},"categories":[35],"tags":[],"class_list":["post-104062","post","type-post","status-publish","format-standard","hentry","category-cultura"],"yoast_head":"<!-- This site is optimized with the Yoast SEO plugin v25.9 - https:\/\/yoast.com\/wordpress\/plugins\/seo\/ -->\n<title>Museo de las Mujeres: Se inauguran tres exposiciones colectivas - Noticias Radio Reflejos<\/title>\n<meta name=\"robots\" content=\"index, follow, max-snippet:-1, max-image-preview:large, max-video-preview:-1\" \/>\n<link rel=\"canonical\" href=\"https:\/\/www.noticiasradioreflejos.com.ar\/2021\/museo-de-las-mujeres-se-inauguran-tres-exposiciones-colectivas\/\" \/>\n<meta property=\"og:locale\" content=\"es_ES\" \/>\n<meta property=\"og:type\" content=\"article\" \/>\n<meta property=\"og:title\" content=\"Museo de las Mujeres: Se inauguran tres exposiciones colectivas - Noticias Radio Reflejos\" \/>\n<meta property=\"og:description\" content=\"El viernes 28 de junio, a las 19, se inauguran tres exposiciones colectivas en las salas del Espacio Cultural Museo de las Mujeres (Rivera Indarte 55)-.\" \/>\n<meta property=\"og:url\" content=\"https:\/\/www.noticiasradioreflejos.com.ar\/2021\/museo-de-las-mujeres-se-inauguran-tres-exposiciones-colectivas\/\" \/>\n<meta property=\"og:site_name\" content=\"Noticias Radio Reflejos\" \/>\n<meta property=\"article:published_time\" content=\"2024-06-19T15:57:24+00:00\" \/>\n<meta property=\"article:modified_time\" content=\"2024-06-19T15:59:48+00:00\" \/>\n<meta property=\"og:image\" content=\"https:\/\/live.staticflickr.com\/65535\/53802431138_0c996064fd_b.jpg\" \/>\n<meta name=\"author\" content=\"Arnaldo Botto\" \/>\n<meta name=\"twitter:card\" content=\"summary_large_image\" \/>\n<script type=\"application\/ld+json\" class=\"yoast-schema-graph\">{\"@context\":\"https:\/\/schema.org\",\"@graph\":[{\"@type\":\"WebPage\",\"@id\":\"https:\/\/www.noticiasradioreflejos.com.ar\/2021\/museo-de-las-mujeres-se-inauguran-tres-exposiciones-colectivas\/\",\"url\":\"https:\/\/www.noticiasradioreflejos.com.ar\/2021\/museo-de-las-mujeres-se-inauguran-tres-exposiciones-colectivas\/\",\"name\":\"Museo de las Mujeres: Se inauguran tres exposiciones colectivas - Noticias Radio Reflejos\",\"isPartOf\":{\"@id\":\"https:\/\/www.noticiasradioreflejos.com.ar\/2021\/#website\"},\"primaryImageOfPage\":{\"@id\":\"https:\/\/www.noticiasradioreflejos.com.ar\/2021\/museo-de-las-mujeres-se-inauguran-tres-exposiciones-colectivas\/#primaryimage\"},\"image\":{\"@id\":\"https:\/\/www.noticiasradioreflejos.com.ar\/2021\/museo-de-las-mujeres-se-inauguran-tres-exposiciones-colectivas\/#primaryimage\"},\"thumbnailUrl\":\"https:\/\/live.staticflickr.com\/65535\/53802431138_0c996064fd_b.jpg\",\"datePublished\":\"2024-06-19T15:57:24+00:00\",\"dateModified\":\"2024-06-19T15:59:48+00:00\",\"author\":{\"@id\":\"https:\/\/www.noticiasradioreflejos.com.ar\/2021\/#\/schema\/person\/ad82545263dcc5ec0996818884fd5fb1\"},\"breadcrumb\":{\"@id\":\"https:\/\/www.noticiasradioreflejos.com.ar\/2021\/museo-de-las-mujeres-se-inauguran-tres-exposiciones-colectivas\/#breadcrumb\"},\"inLanguage\":\"es\",\"potentialAction\":[{\"@type\":\"ReadAction\",\"target\":[\"https:\/\/www.noticiasradioreflejos.com.ar\/2021\/museo-de-las-mujeres-se-inauguran-tres-exposiciones-colectivas\/\"]}]},{\"@type\":\"ImageObject\",\"inLanguage\":\"es\",\"@id\":\"https:\/\/www.noticiasradioreflejos.com.ar\/2021\/museo-de-las-mujeres-se-inauguran-tres-exposiciones-colectivas\/#primaryimage\",\"url\":\"https:\/\/live.staticflickr.com\/65535\/53802431138_0c996064fd_b.jpg\",\"contentUrl\":\"https:\/\/live.staticflickr.com\/65535\/53802431138_0c996064fd_b.jpg\"},{\"@type\":\"BreadcrumbList\",\"@id\":\"https:\/\/www.noticiasradioreflejos.com.ar\/2021\/museo-de-las-mujeres-se-inauguran-tres-exposiciones-colectivas\/#breadcrumb\",\"itemListElement\":[{\"@type\":\"ListItem\",\"position\":1,\"name\":\"Portada\",\"item\":\"https:\/\/www.noticiasradioreflejos.com.ar\/2021\/\"},{\"@type\":\"ListItem\",\"position\":2,\"name\":\"Museo de las Mujeres: Se inauguran tres exposiciones colectivas\"}]},{\"@type\":\"WebSite\",\"@id\":\"https:\/\/www.noticiasradioreflejos.com.ar\/2021\/#website\",\"url\":\"https:\/\/www.noticiasradioreflejos.com.ar\/2021\/\",\"name\":\"Noticias Radio Reflejos\",\"description\":\"Las noticias de mi comarca\",\"potentialAction\":[{\"@type\":\"SearchAction\",\"target\":{\"@type\":\"EntryPoint\",\"urlTemplate\":\"https:\/\/www.noticiasradioreflejos.com.ar\/2021\/?s={search_term_string}\"},\"query-input\":{\"@type\":\"PropertyValueSpecification\",\"valueRequired\":true,\"valueName\":\"search_term_string\"}}],\"inLanguage\":\"es\"},{\"@type\":\"Person\",\"@id\":\"https:\/\/www.noticiasradioreflejos.com.ar\/2021\/#\/schema\/person\/ad82545263dcc5ec0996818884fd5fb1\",\"name\":\"Arnaldo Botto\",\"image\":{\"@type\":\"ImageObject\",\"inLanguage\":\"es\",\"@id\":\"https:\/\/www.noticiasradioreflejos.com.ar\/2021\/#\/schema\/person\/image\/\",\"url\":\"https:\/\/secure.gravatar.com\/avatar\/55cb5e37c1efa326397366e6974cb338056df65cb50e7d64d1cf314e87504837?s=96&d=mm&r=g\",\"contentUrl\":\"https:\/\/secure.gravatar.com\/avatar\/55cb5e37c1efa326397366e6974cb338056df65cb50e7d64d1cf314e87504837?s=96&d=mm&r=g\",\"caption\":\"Arnaldo Botto\"},\"url\":\"https:\/\/www.noticiasradioreflejos.com.ar\/2021\/author\/arnaldo\/\"}]}<\/script>\n<!-- \/ Yoast SEO plugin. -->","yoast_head_json":{"title":"Museo de las Mujeres: Se inauguran tres exposiciones colectivas - Noticias Radio Reflejos","robots":{"index":"index","follow":"follow","max-snippet":"max-snippet:-1","max-image-preview":"max-image-preview:large","max-video-preview":"max-video-preview:-1"},"canonical":"https:\/\/www.noticiasradioreflejos.com.ar\/2021\/museo-de-las-mujeres-se-inauguran-tres-exposiciones-colectivas\/","og_locale":"es_ES","og_type":"article","og_title":"Museo de las Mujeres: Se inauguran tres exposiciones colectivas - Noticias Radio Reflejos","og_description":"El viernes 28 de junio, a las 19, se inauguran tres exposiciones colectivas en las salas del Espacio Cultural Museo de las Mujeres (Rivera Indarte 55)-.","og_url":"https:\/\/www.noticiasradioreflejos.com.ar\/2021\/museo-de-las-mujeres-se-inauguran-tres-exposiciones-colectivas\/","og_site_name":"Noticias Radio Reflejos","article_published_time":"2024-06-19T15:57:24+00:00","article_modified_time":"2024-06-19T15:59:48+00:00","og_image":[{"url":"https:\/\/live.staticflickr.com\/65535\/53802431138_0c996064fd_b.jpg","type":"","width":"","height":""}],"author":"Arnaldo Botto","twitter_card":"summary_large_image","schema":{"@context":"https:\/\/schema.org","@graph":[{"@type":"WebPage","@id":"https:\/\/www.noticiasradioreflejos.com.ar\/2021\/museo-de-las-mujeres-se-inauguran-tres-exposiciones-colectivas\/","url":"https:\/\/www.noticiasradioreflejos.com.ar\/2021\/museo-de-las-mujeres-se-inauguran-tres-exposiciones-colectivas\/","name":"Museo de las Mujeres: Se inauguran tres exposiciones colectivas - Noticias Radio Reflejos","isPartOf":{"@id":"https:\/\/www.noticiasradioreflejos.com.ar\/2021\/#website"},"primaryImageOfPage":{"@id":"https:\/\/www.noticiasradioreflejos.com.ar\/2021\/museo-de-las-mujeres-se-inauguran-tres-exposiciones-colectivas\/#primaryimage"},"image":{"@id":"https:\/\/www.noticiasradioreflejos.com.ar\/2021\/museo-de-las-mujeres-se-inauguran-tres-exposiciones-colectivas\/#primaryimage"},"thumbnailUrl":"https:\/\/live.staticflickr.com\/65535\/53802431138_0c996064fd_b.jpg","datePublished":"2024-06-19T15:57:24+00:00","dateModified":"2024-06-19T15:59:48+00:00","author":{"@id":"https:\/\/www.noticiasradioreflejos.com.ar\/2021\/#\/schema\/person\/ad82545263dcc5ec0996818884fd5fb1"},"breadcrumb":{"@id":"https:\/\/www.noticiasradioreflejos.com.ar\/2021\/museo-de-las-mujeres-se-inauguran-tres-exposiciones-colectivas\/#breadcrumb"},"inLanguage":"es","potentialAction":[{"@type":"ReadAction","target":["https:\/\/www.noticiasradioreflejos.com.ar\/2021\/museo-de-las-mujeres-se-inauguran-tres-exposiciones-colectivas\/"]}]},{"@type":"ImageObject","inLanguage":"es","@id":"https:\/\/www.noticiasradioreflejos.com.ar\/2021\/museo-de-las-mujeres-se-inauguran-tres-exposiciones-colectivas\/#primaryimage","url":"https:\/\/live.staticflickr.com\/65535\/53802431138_0c996064fd_b.jpg","contentUrl":"https:\/\/live.staticflickr.com\/65535\/53802431138_0c996064fd_b.jpg"},{"@type":"BreadcrumbList","@id":"https:\/\/www.noticiasradioreflejos.com.ar\/2021\/museo-de-las-mujeres-se-inauguran-tres-exposiciones-colectivas\/#breadcrumb","itemListElement":[{"@type":"ListItem","position":1,"name":"Portada","item":"https:\/\/www.noticiasradioreflejos.com.ar\/2021\/"},{"@type":"ListItem","position":2,"name":"Museo de las Mujeres: Se inauguran tres exposiciones colectivas"}]},{"@type":"WebSite","@id":"https:\/\/www.noticiasradioreflejos.com.ar\/2021\/#website","url":"https:\/\/www.noticiasradioreflejos.com.ar\/2021\/","name":"Noticias Radio Reflejos","description":"Las noticias de mi comarca","potentialAction":[{"@type":"SearchAction","target":{"@type":"EntryPoint","urlTemplate":"https:\/\/www.noticiasradioreflejos.com.ar\/2021\/?s={search_term_string}"},"query-input":{"@type":"PropertyValueSpecification","valueRequired":true,"valueName":"search_term_string"}}],"inLanguage":"es"},{"@type":"Person","@id":"https:\/\/www.noticiasradioreflejos.com.ar\/2021\/#\/schema\/person\/ad82545263dcc5ec0996818884fd5fb1","name":"Arnaldo Botto","image":{"@type":"ImageObject","inLanguage":"es","@id":"https:\/\/www.noticiasradioreflejos.com.ar\/2021\/#\/schema\/person\/image\/","url":"https:\/\/secure.gravatar.com\/avatar\/55cb5e37c1efa326397366e6974cb338056df65cb50e7d64d1cf314e87504837?s=96&d=mm&r=g","contentUrl":"https:\/\/secure.gravatar.com\/avatar\/55cb5e37c1efa326397366e6974cb338056df65cb50e7d64d1cf314e87504837?s=96&d=mm&r=g","caption":"Arnaldo Botto"},"url":"https:\/\/www.noticiasradioreflejos.com.ar\/2021\/author\/arnaldo\/"}]}},"_links":{"self":[{"href":"https:\/\/www.noticiasradioreflejos.com.ar\/2021\/wp-json\/wp\/v2\/posts\/104062","targetHints":{"allow":["GET"]}}],"collection":[{"href":"https:\/\/www.noticiasradioreflejos.com.ar\/2021\/wp-json\/wp\/v2\/posts"}],"about":[{"href":"https:\/\/www.noticiasradioreflejos.com.ar\/2021\/wp-json\/wp\/v2\/types\/post"}],"author":[{"embeddable":true,"href":"https:\/\/www.noticiasradioreflejos.com.ar\/2021\/wp-json\/wp\/v2\/users\/3"}],"replies":[{"embeddable":true,"href":"https:\/\/www.noticiasradioreflejos.com.ar\/2021\/wp-json\/wp\/v2\/comments?post=104062"}],"version-history":[{"count":3,"href":"https:\/\/www.noticiasradioreflejos.com.ar\/2021\/wp-json\/wp\/v2\/posts\/104062\/revisions"}],"predecessor-version":[{"id":104066,"href":"https:\/\/www.noticiasradioreflejos.com.ar\/2021\/wp-json\/wp\/v2\/posts\/104062\/revisions\/104066"}],"wp:attachment":[{"href":"https:\/\/www.noticiasradioreflejos.com.ar\/2021\/wp-json\/wp\/v2\/media?parent=104062"}],"wp:term":[{"taxonomy":"category","embeddable":true,"href":"https:\/\/www.noticiasradioreflejos.com.ar\/2021\/wp-json\/wp\/v2\/categories?post=104062"},{"taxonomy":"post_tag","embeddable":true,"href":"https:\/\/www.noticiasradioreflejos.com.ar\/2021\/wp-json\/wp\/v2\/tags?post=104062"}],"curies":[{"name":"wp","href":"https:\/\/api.w.org\/{rel}","templated":true}]}}