{"id":103955,"date":"2024-06-14T17:56:34","date_gmt":"2024-06-14T20:56:34","guid":{"rendered":"https:\/\/www.noticiasradioreflejos.com.ar\/2021\/?p=103955"},"modified":"2024-06-14T17:56:34","modified_gmt":"2024-06-14T20:56:34","slug":"carne-para-hoy-degradacion-para-manana","status":"publish","type":"post","link":"https:\/\/www.noticiasradioreflejos.com.ar\/2021\/carne-para-hoy-degradacion-para-manana\/","title":{"rendered":"Carne para hoy, degradaci\u00f3n para ma\u00f1ana"},"content":{"rendered":"<p>Un estudio acad\u00e9mico indag\u00f3 en los m\u00faltiples efectos de usar glifosato para estimular la producci\u00f3n de pasto para el ganado en la estaci\u00f3n fr\u00eda. Se destaca la necesidad de adecuar el manejo para reducir los efectos negativos a largo plazo.<br \/>\n<!--more--><\/p>\n<p>El invierno en la Pampa Deprimida bonaerense es duro para el ganado porque el forraje escasea. Para enfrentar este problema, los productores promueven el crecimiento de raigr\u00e1s anual \u2014una gram\u00ednea muy nutritiva\u2014 reduciendo el crecimiento de otros pastos con glifosato. Esto es efectivo en el corto plazo, pero plantea desaf\u00edos en el tiempo por sus efectos negativos en los microorganismos del suelo y en el ecosistema. Un trabajo de la FAUBA resalt\u00f3 la importancia de comunicar los impactos de la promoci\u00f3n con el herbicida y de favorecer forrajes clave con manejos que integren producci\u00f3n y conservaci\u00f3n ambiental.<\/p>\n<p>\u201cUna pr\u00e1ctica de manejo frecuente en los pastizales de la Pampa Deprimida es la promoci\u00f3n del raigr\u00e1s anual. Se hace para aumentar su cobertura y productividad porque ofrece muy buena calidad forrajera en pleno invierno, un momento cr\u00edtico para la alimentaci\u00f3n del ganado\u201d, dijo Magdalena Druille, docente de la c\u00e1tedra de Forrajicultura de la Facultad de Agronom\u00eda de la UBA (FAUBA).<\/p>\n<p>Druille, quien tambi\u00e9n es investigadora del CONICET en el instituto IFEVA (UBA-CONICET), coment\u00f3 a Sobre La Tierra que ese aumento de la cobertura se consigue reduciendo la productividad de la vegetaci\u00f3n que crece activamente durante el verano para que luego el raigr\u00e1s se pueda establecer y desarrollar sin competencia.<\/p>\n<p>\u201cUna de las formas de lograr esto es con el herbicida glifosato. Aplicarlo impacta sobre las especies estivales y las invernales que viven todo el a\u00f1o, como la festuca. Esta pr\u00e1ctica suele ir acompa\u00f1ada de una fertilizaci\u00f3n con nitr\u00f3geno y f\u00f3sforo que potencia aun m\u00e1s el crecimiento del raigr\u00e1s\u201d, explic\u00f3.<\/p>\n<p>En su trabajo \u2014publicado en la revista Agronom\u00eda &amp; Ambiente en coautor\u00eda con Adriana Rodr\u00edguez, docente de la misma c\u00e1tedra\u2014 Druille recopil\u00f3 y analiz\u00f3 datos publicados en la regi\u00f3n por varios grupos de investigaci\u00f3n acerca de los diversos efectos sobre el pastizal de la promoci\u00f3n de raigr\u00e1s con glifosato. \u201cNuestra meta fue integrar toda esa informaci\u00f3n\u201d, indic\u00f3 Magdalena.<\/p>\n<p><strong>Un herbicida, m\u00faltiples impactos<\/strong><br \/>\nSeg\u00fan Druille: \u201clos resultados muestran que, efectivamente, la promoci\u00f3n beneficia la germinaci\u00f3n y el establecimiento del raigr\u00e1s anual. Pero al mismo tiempo disminuye tanto la capacidad reproductiva de las especies estivales como la cantidad y la diversidad de sus semillas en el \u2018banco\u2019 del suelo\u201d.<\/p>\n<p>En este sentido, la investigadora advirti\u00f3 que una consecuencia directa de eso es el empobrecimiento del pastizal, cuya diversidad de especies vegetales puede caer hasta un 70%.<\/p>\n<p><strong>Lo inmediato, lo importante y lo invisible<\/strong><br \/>\n\u201cHay que estar en los zapatos del productor ganadero, en su \u2018d\u00eda a d\u00eda\u2019, cuando ve que viene el fr\u00edo y no hay forraje, sabiendo que los animales no deben perder peso y que est\u00e1 en juego la pre\u00f1ez de las vacas. Es l\u00f3gico, entonces, que adopte la promoci\u00f3n del raigr\u00e1s con glifosato por razones productivas y econ\u00f3micas de muy corto plazo\u201d, reconoci\u00f3 Druille.<\/p>\n<p>Y continu\u00f3: \u201cSin embargo, es probable que pierda de vista que aplicar ese herbicida tiene numerosos efectos colaterales a plazos m\u00e1s largos en el pastizal. Por eso, es necesario generar manejos alternativos que consideren a todos los componentes del ecosistema y que permitan superar la disyuntiva entre producir o conservar el ambiente\u201d.<\/p>\n<p>\u201cNo se puede cuidar lo que se desconoce\u201d, afirm\u00f3 la investigadora, y a\u00f1adi\u00f3 que, en general, se ignora que en los suelos de la Pampa Deprimida hay microorganismos ben\u00e9ficos que sostienen su funcionamiento y su productividad, y que el glifosato puede da\u00f1arlos.<\/p>\n<p>\u201cLamentablemente, esos microorganismos no tienen \u2018prensa\u2019. Perder hongos micorr\u00edcicos, rizobios y otras bacterias fijadoras de nitr\u00f3geno podr\u00eda hacer fracasar cualquier iniciativa para volver a incorporar las forrajeras que van desapareciendo. Dejar de usar glifosato y agregar semillas no garantiza que estos pastizales se puedan restaurar\u201d, subray\u00f3.<\/p>\n<p><strong>El ecosistema a recuperar<\/strong><br \/>\nDruille puntualiz\u00f3 que junto con Marina Omacini, docente de Ecolog\u00eda en la FAUBA, e Iv\u00e1n Ins\u00faa, becario doctoral, se enfocar\u00e1n en la restauraci\u00f3n de los pastizales de la Pampa Deprimida. \u201cHoy, muchos est\u00e1n degradados y las perspectivas indican que la intensificaci\u00f3n va a ser cada vez mayor porque la poblaci\u00f3n aumenta y la demanda de carne por cabeza tambi\u00e9n. Necesitamos recuperar la condici\u00f3n de esos ecosistemas\u201d.<\/p>\n<p>Para finalizar, Magdalena complet\u00f3: \u201cSi los microorganismos ben\u00e9ficos del suelo desaparecieron, la tarea ser\u00e1 reincorporarlos. Por eso, el camino a seguir es evaluar c\u00f3mo la inoculaci\u00f3n con hongos micorr\u00edcicos m\u00e1s la incorporaci\u00f3n de semillas de especies vegetales deseables pueden ir recobrando esa comunidad vegetal. Por ah\u00ed queremos avanzar\u201d.<\/p>\n<p><em>Fuente: SLT\/FAUBA<\/em><\/p>\n","protected":false},"excerpt":{"rendered":"<p>Un estudio acad\u00e9mico indag\u00f3 en los m\u00faltiples efectos de usar glifosato para estimular la producci\u00f3n de pasto para el ganado en la estaci\u00f3n fr\u00eda. Se destaca la necesidad de adecuar el manejo para reducir los efectos negativos a largo plazo.<\/p>\n","protected":false},"author":3,"featured_media":103956,"comment_status":"closed","ping_status":"closed","sticky":false,"template":"","format":"standard","meta":{"footnotes":""},"categories":[46,36],"tags":[],"class_list":["post-103955","post","type-post","status-publish","format-standard","has-post-thumbnail","hentry","category-ciencia-y-tecnologia","category-economia"],"yoast_head":"<!-- This site is optimized with the Yoast SEO plugin v25.9 - https:\/\/yoast.com\/wordpress\/plugins\/seo\/ -->\n<title>Carne para hoy, degradaci\u00f3n para ma\u00f1ana - Noticias Radio Reflejos<\/title>\n<meta name=\"robots\" content=\"index, follow, max-snippet:-1, max-image-preview:large, max-video-preview:-1\" \/>\n<link rel=\"canonical\" href=\"https:\/\/www.noticiasradioreflejos.com.ar\/2021\/carne-para-hoy-degradacion-para-manana\/\" \/>\n<meta property=\"og:locale\" content=\"es_ES\" \/>\n<meta property=\"og:type\" content=\"article\" \/>\n<meta property=\"og:title\" content=\"Carne para hoy, degradaci\u00f3n para ma\u00f1ana - Noticias Radio Reflejos\" \/>\n<meta property=\"og:description\" content=\"Un estudio acad\u00e9mico indag\u00f3 en los m\u00faltiples efectos de usar glifosato para estimular la producci\u00f3n de pasto para el ganado en la estaci\u00f3n fr\u00eda. Se destaca la necesidad de adecuar el manejo para reducir los efectos negativos a largo plazo.\" \/>\n<meta property=\"og:url\" content=\"https:\/\/www.noticiasradioreflejos.com.ar\/2021\/carne-para-hoy-degradacion-para-manana\/\" \/>\n<meta property=\"og:site_name\" content=\"Noticias Radio Reflejos\" \/>\n<meta property=\"article:published_time\" content=\"2024-06-14T20:56:34+00:00\" \/>\n<meta property=\"og:image\" content=\"https:\/\/www.noticiasradioreflejos.com.ar\/2021\/wp-content\/uploads\/2024\/06\/raigras-ganado.jpg\" \/>\n\t<meta property=\"og:image:width\" content=\"1024\" \/>\n\t<meta property=\"og:image:height\" content=\"576\" \/>\n\t<meta property=\"og:image:type\" content=\"image\/jpeg\" \/>\n<meta name=\"author\" content=\"Arnaldo Botto\" \/>\n<meta name=\"twitter:card\" content=\"summary_large_image\" \/>\n<script type=\"application\/ld+json\" class=\"yoast-schema-graph\">{\"@context\":\"https:\/\/schema.org\",\"@graph\":[{\"@type\":\"WebPage\",\"@id\":\"https:\/\/www.noticiasradioreflejos.com.ar\/2021\/carne-para-hoy-degradacion-para-manana\/\",\"url\":\"https:\/\/www.noticiasradioreflejos.com.ar\/2021\/carne-para-hoy-degradacion-para-manana\/\",\"name\":\"Carne para hoy, degradaci\u00f3n para ma\u00f1ana - Noticias Radio Reflejos\",\"isPartOf\":{\"@id\":\"https:\/\/www.noticiasradioreflejos.com.ar\/2021\/#website\"},\"primaryImageOfPage\":{\"@id\":\"https:\/\/www.noticiasradioreflejos.com.ar\/2021\/carne-para-hoy-degradacion-para-manana\/#primaryimage\"},\"image\":{\"@id\":\"https:\/\/www.noticiasradioreflejos.com.ar\/2021\/carne-para-hoy-degradacion-para-manana\/#primaryimage\"},\"thumbnailUrl\":\"https:\/\/www.noticiasradioreflejos.com.ar\/2021\/wp-content\/uploads\/2024\/06\/raigras-ganado.jpg\",\"datePublished\":\"2024-06-14T20:56:34+00:00\",\"author\":{\"@id\":\"https:\/\/www.noticiasradioreflejos.com.ar\/2021\/#\/schema\/person\/ad82545263dcc5ec0996818884fd5fb1\"},\"breadcrumb\":{\"@id\":\"https:\/\/www.noticiasradioreflejos.com.ar\/2021\/carne-para-hoy-degradacion-para-manana\/#breadcrumb\"},\"inLanguage\":\"es\",\"potentialAction\":[{\"@type\":\"ReadAction\",\"target\":[\"https:\/\/www.noticiasradioreflejos.com.ar\/2021\/carne-para-hoy-degradacion-para-manana\/\"]}]},{\"@type\":\"ImageObject\",\"inLanguage\":\"es\",\"@id\":\"https:\/\/www.noticiasradioreflejos.com.ar\/2021\/carne-para-hoy-degradacion-para-manana\/#primaryimage\",\"url\":\"https:\/\/www.noticiasradioreflejos.com.ar\/2021\/wp-content\/uploads\/2024\/06\/raigras-ganado.jpg\",\"contentUrl\":\"https:\/\/www.noticiasradioreflejos.com.ar\/2021\/wp-content\/uploads\/2024\/06\/raigras-ganado.jpg\",\"width\":1024,\"height\":576},{\"@type\":\"BreadcrumbList\",\"@id\":\"https:\/\/www.noticiasradioreflejos.com.ar\/2021\/carne-para-hoy-degradacion-para-manana\/#breadcrumb\",\"itemListElement\":[{\"@type\":\"ListItem\",\"position\":1,\"name\":\"Portada\",\"item\":\"https:\/\/www.noticiasradioreflejos.com.ar\/2021\/\"},{\"@type\":\"ListItem\",\"position\":2,\"name\":\"Carne para hoy, degradaci\u00f3n para ma\u00f1ana\"}]},{\"@type\":\"WebSite\",\"@id\":\"https:\/\/www.noticiasradioreflejos.com.ar\/2021\/#website\",\"url\":\"https:\/\/www.noticiasradioreflejos.com.ar\/2021\/\",\"name\":\"Noticias Radio Reflejos\",\"description\":\"Las noticias de mi comarca\",\"potentialAction\":[{\"@type\":\"SearchAction\",\"target\":{\"@type\":\"EntryPoint\",\"urlTemplate\":\"https:\/\/www.noticiasradioreflejos.com.ar\/2021\/?s={search_term_string}\"},\"query-input\":{\"@type\":\"PropertyValueSpecification\",\"valueRequired\":true,\"valueName\":\"search_term_string\"}}],\"inLanguage\":\"es\"},{\"@type\":\"Person\",\"@id\":\"https:\/\/www.noticiasradioreflejos.com.ar\/2021\/#\/schema\/person\/ad82545263dcc5ec0996818884fd5fb1\",\"name\":\"Arnaldo Botto\",\"image\":{\"@type\":\"ImageObject\",\"inLanguage\":\"es\",\"@id\":\"https:\/\/www.noticiasradioreflejos.com.ar\/2021\/#\/schema\/person\/image\/\",\"url\":\"https:\/\/secure.gravatar.com\/avatar\/55cb5e37c1efa326397366e6974cb338056df65cb50e7d64d1cf314e87504837?s=96&d=mm&r=g\",\"contentUrl\":\"https:\/\/secure.gravatar.com\/avatar\/55cb5e37c1efa326397366e6974cb338056df65cb50e7d64d1cf314e87504837?s=96&d=mm&r=g\",\"caption\":\"Arnaldo Botto\"},\"url\":\"https:\/\/www.noticiasradioreflejos.com.ar\/2021\/author\/arnaldo\/\"}]}<\/script>\n<!-- \/ Yoast SEO plugin. -->","yoast_head_json":{"title":"Carne para hoy, degradaci\u00f3n para ma\u00f1ana - Noticias Radio Reflejos","robots":{"index":"index","follow":"follow","max-snippet":"max-snippet:-1","max-image-preview":"max-image-preview:large","max-video-preview":"max-video-preview:-1"},"canonical":"https:\/\/www.noticiasradioreflejos.com.ar\/2021\/carne-para-hoy-degradacion-para-manana\/","og_locale":"es_ES","og_type":"article","og_title":"Carne para hoy, degradaci\u00f3n para ma\u00f1ana - Noticias Radio Reflejos","og_description":"Un estudio acad\u00e9mico indag\u00f3 en los m\u00faltiples efectos de usar glifosato para estimular la producci\u00f3n de pasto para el ganado en la estaci\u00f3n fr\u00eda. Se destaca la necesidad de adecuar el manejo para reducir los efectos negativos a largo plazo.","og_url":"https:\/\/www.noticiasradioreflejos.com.ar\/2021\/carne-para-hoy-degradacion-para-manana\/","og_site_name":"Noticias Radio Reflejos","article_published_time":"2024-06-14T20:56:34+00:00","og_image":[{"width":1024,"height":576,"url":"https:\/\/www.noticiasradioreflejos.com.ar\/2021\/wp-content\/uploads\/2024\/06\/raigras-ganado.jpg","type":"image\/jpeg"}],"author":"Arnaldo Botto","twitter_card":"summary_large_image","schema":{"@context":"https:\/\/schema.org","@graph":[{"@type":"WebPage","@id":"https:\/\/www.noticiasradioreflejos.com.ar\/2021\/carne-para-hoy-degradacion-para-manana\/","url":"https:\/\/www.noticiasradioreflejos.com.ar\/2021\/carne-para-hoy-degradacion-para-manana\/","name":"Carne para hoy, degradaci\u00f3n para ma\u00f1ana - Noticias Radio Reflejos","isPartOf":{"@id":"https:\/\/www.noticiasradioreflejos.com.ar\/2021\/#website"},"primaryImageOfPage":{"@id":"https:\/\/www.noticiasradioreflejos.com.ar\/2021\/carne-para-hoy-degradacion-para-manana\/#primaryimage"},"image":{"@id":"https:\/\/www.noticiasradioreflejos.com.ar\/2021\/carne-para-hoy-degradacion-para-manana\/#primaryimage"},"thumbnailUrl":"https:\/\/www.noticiasradioreflejos.com.ar\/2021\/wp-content\/uploads\/2024\/06\/raigras-ganado.jpg","datePublished":"2024-06-14T20:56:34+00:00","author":{"@id":"https:\/\/www.noticiasradioreflejos.com.ar\/2021\/#\/schema\/person\/ad82545263dcc5ec0996818884fd5fb1"},"breadcrumb":{"@id":"https:\/\/www.noticiasradioreflejos.com.ar\/2021\/carne-para-hoy-degradacion-para-manana\/#breadcrumb"},"inLanguage":"es","potentialAction":[{"@type":"ReadAction","target":["https:\/\/www.noticiasradioreflejos.com.ar\/2021\/carne-para-hoy-degradacion-para-manana\/"]}]},{"@type":"ImageObject","inLanguage":"es","@id":"https:\/\/www.noticiasradioreflejos.com.ar\/2021\/carne-para-hoy-degradacion-para-manana\/#primaryimage","url":"https:\/\/www.noticiasradioreflejos.com.ar\/2021\/wp-content\/uploads\/2024\/06\/raigras-ganado.jpg","contentUrl":"https:\/\/www.noticiasradioreflejos.com.ar\/2021\/wp-content\/uploads\/2024\/06\/raigras-ganado.jpg","width":1024,"height":576},{"@type":"BreadcrumbList","@id":"https:\/\/www.noticiasradioreflejos.com.ar\/2021\/carne-para-hoy-degradacion-para-manana\/#breadcrumb","itemListElement":[{"@type":"ListItem","position":1,"name":"Portada","item":"https:\/\/www.noticiasradioreflejos.com.ar\/2021\/"},{"@type":"ListItem","position":2,"name":"Carne para hoy, degradaci\u00f3n para ma\u00f1ana"}]},{"@type":"WebSite","@id":"https:\/\/www.noticiasradioreflejos.com.ar\/2021\/#website","url":"https:\/\/www.noticiasradioreflejos.com.ar\/2021\/","name":"Noticias Radio Reflejos","description":"Las noticias de mi comarca","potentialAction":[{"@type":"SearchAction","target":{"@type":"EntryPoint","urlTemplate":"https:\/\/www.noticiasradioreflejos.com.ar\/2021\/?s={search_term_string}"},"query-input":{"@type":"PropertyValueSpecification","valueRequired":true,"valueName":"search_term_string"}}],"inLanguage":"es"},{"@type":"Person","@id":"https:\/\/www.noticiasradioreflejos.com.ar\/2021\/#\/schema\/person\/ad82545263dcc5ec0996818884fd5fb1","name":"Arnaldo Botto","image":{"@type":"ImageObject","inLanguage":"es","@id":"https:\/\/www.noticiasradioreflejos.com.ar\/2021\/#\/schema\/person\/image\/","url":"https:\/\/secure.gravatar.com\/avatar\/55cb5e37c1efa326397366e6974cb338056df65cb50e7d64d1cf314e87504837?s=96&d=mm&r=g","contentUrl":"https:\/\/secure.gravatar.com\/avatar\/55cb5e37c1efa326397366e6974cb338056df65cb50e7d64d1cf314e87504837?s=96&d=mm&r=g","caption":"Arnaldo Botto"},"url":"https:\/\/www.noticiasradioreflejos.com.ar\/2021\/author\/arnaldo\/"}]}},"_links":{"self":[{"href":"https:\/\/www.noticiasradioreflejos.com.ar\/2021\/wp-json\/wp\/v2\/posts\/103955","targetHints":{"allow":["GET"]}}],"collection":[{"href":"https:\/\/www.noticiasradioreflejos.com.ar\/2021\/wp-json\/wp\/v2\/posts"}],"about":[{"href":"https:\/\/www.noticiasradioreflejos.com.ar\/2021\/wp-json\/wp\/v2\/types\/post"}],"author":[{"embeddable":true,"href":"https:\/\/www.noticiasradioreflejos.com.ar\/2021\/wp-json\/wp\/v2\/users\/3"}],"replies":[{"embeddable":true,"href":"https:\/\/www.noticiasradioreflejos.com.ar\/2021\/wp-json\/wp\/v2\/comments?post=103955"}],"version-history":[{"count":1,"href":"https:\/\/www.noticiasradioreflejos.com.ar\/2021\/wp-json\/wp\/v2\/posts\/103955\/revisions"}],"predecessor-version":[{"id":103957,"href":"https:\/\/www.noticiasradioreflejos.com.ar\/2021\/wp-json\/wp\/v2\/posts\/103955\/revisions\/103957"}],"wp:featuredmedia":[{"embeddable":true,"href":"https:\/\/www.noticiasradioreflejos.com.ar\/2021\/wp-json\/wp\/v2\/media\/103956"}],"wp:attachment":[{"href":"https:\/\/www.noticiasradioreflejos.com.ar\/2021\/wp-json\/wp\/v2\/media?parent=103955"}],"wp:term":[{"taxonomy":"category","embeddable":true,"href":"https:\/\/www.noticiasradioreflejos.com.ar\/2021\/wp-json\/wp\/v2\/categories?post=103955"},{"taxonomy":"post_tag","embeddable":true,"href":"https:\/\/www.noticiasradioreflejos.com.ar\/2021\/wp-json\/wp\/v2\/tags?post=103955"}],"curies":[{"name":"wp","href":"https:\/\/api.w.org\/{rel}","templated":true}]}}