{"id":103952,"date":"2024-06-14T17:53:02","date_gmt":"2024-06-14T20:53:02","guid":{"rendered":"https:\/\/www.noticiasradioreflejos.com.ar\/2021\/?p=103952"},"modified":"2024-06-14T17:53:02","modified_gmt":"2024-06-14T20:53:02","slug":"las-economias-agropecuarias-empeoraron-su-situacion","status":"publish","type":"post","link":"https:\/\/www.noticiasradioreflejos.com.ar\/2021\/las-economias-agropecuarias-empeoraron-su-situacion\/","title":{"rendered":"Las econom\u00edas agropecuarias empeoraron su situaci\u00f3n"},"content":{"rendered":"<p>Salvo man\u00ed, aves y arroz, las producciones agropecuarias en general y de las econom\u00edas regionales desmejoraron sus indicadores. Seg\u00fan Coninagro, hay m\u00e1s de 15 actividades con sus esquemas de producci\u00f3n en rojo.<!--more--><\/p>\n<p>Coninagro volvi\u00f3 a publicar su \u201csem\u00e1foro de econom\u00edas regionales\u201d, con los indicadores de las principales actividades productivas de Argentina. En su \u00faltimo an\u00e1lisis, sobre 19 producciones agropecuarias, se muestran 3 en color verdes, 1 amarillo y 15 rojos, empeorando a\u00fan m\u00e1s la situaci\u00f3n respecto de los meses anteriores.<\/p>\n<p>Los n\u00fameros de abril 2024, (que componen este sem\u00e1foro de mayo), muestra que las producciones agro tienen precios cuya din\u00e1mica en el mes fue por debajo de la inflaci\u00f3n, continuando la tendencia de los meses anteriores; y por el lado de los costos, con una tendencia creciente a mayor velocidad: es por eso que el primer pilar del sem\u00e1foro (llamado Componente Negocio) est\u00e1 en la mayor\u00eda de los casos, en rojo.<\/p>\n<figure class=\"wp-block-image size-full\"><img loading=\"lazy\" decoding=\"async\" class=\"wp-image-127808 entered lazyloaded\" src=\"https:\/\/www.todoagro.com.ar\/wp-content\/uploads\/2024\/06\/semaforo-mayo-2024.jpg\" sizes=\"auto, (max-width: 1024px) 100vw, 1024px\" srcset=\"https:\/\/www.todoagro.com.ar\/wp-content\/uploads\/2024\/06\/semaforo-mayo-2024.jpg 1024w, https:\/\/www.todoagro.com.ar\/wp-content\/uploads\/2024\/06\/semaforo-mayo-2024-300x169.jpg 300w, https:\/\/www.todoagro.com.ar\/wp-content\/uploads\/2024\/06\/semaforo-mayo-2024-768x432.jpg 768w\" alt=\"\" width=\"1024\" height=\"576\" data-lazy-srcset=\"https:\/\/www.todoagro.com.ar\/wp-content\/uploads\/2024\/06\/semaforo-mayo-2024.jpg 1024w, https:\/\/www.todoagro.com.ar\/wp-content\/uploads\/2024\/06\/semaforo-mayo-2024-300x169.jpg 300w, https:\/\/www.todoagro.com.ar\/wp-content\/uploads\/2024\/06\/semaforo-mayo-2024-768x432.jpg 768w\" data-lazy-sizes=\"(max-width: 1024px) 100vw, 1024px\" data-lazy-src=\"https:\/\/www.todoagro.com.ar\/wp-content\/uploads\/2024\/06\/semaforo-mayo-2024.jpg\" data-ll-status=\"loaded\" \/><\/figure>\n<p>Para el mes siguiente (mayo) ya se observan pistas que reflejan que esta tendencia se mantenga, lo cual no ser\u00edan buenas noticias. A la derecha de la tabla se observan los colores de los sem\u00e1foros de los \u00faltimos doce meses, con el objetivo de contextualizar la foto y acercarla a la pel\u00edcula.<\/p>\n<p>Respecto de la sequ\u00eda, casi la mitad de las producciones siguen recuperando los niveles productivos, pero en valores menores a los esperados, o con problemas de calidad.<\/p>\n<p>Se destaca sin precedentes la baja demanda a trav\u00e9s de los indicadores de consumo y de exportaciones. Este aspecto es central por el efecto en las expectativas, es decir, es el driver que genera incentivos para mejorar la producci\u00f3n en las pr\u00f3ximas campa\u00f1as: a falta de demanda va a ser dif\u00edcil generar inversiones a largo plazo.<\/p>\n<figure class=\"wp-block-image aligncenter size-full is-resized\"><img loading=\"lazy\" decoding=\"async\" class=\"wp-image-127809 entered lazyloaded\" src=\"https:\/\/www.todoagro.com.ar\/wp-content\/uploads\/2024\/06\/semaforo-agro-junio-2024.jpg\" sizes=\"auto, (max-width: 650px) 100vw, 650px\" srcset=\"https:\/\/www.todoagro.com.ar\/wp-content\/uploads\/2024\/06\/semaforo-agro-junio-2024.jpg 650w, https:\/\/www.todoagro.com.ar\/wp-content\/uploads\/2024\/06\/semaforo-agro-junio-2024-300x166.jpg 300w\" alt=\"\" width=\"650\" height=\"359\" data-lazy-srcset=\"https:\/\/www.todoagro.com.ar\/wp-content\/uploads\/2024\/06\/semaforo-agro-junio-2024.jpg 650w, https:\/\/www.todoagro.com.ar\/wp-content\/uploads\/2024\/06\/semaforo-agro-junio-2024-300x166.jpg 300w\" data-lazy-sizes=\"(max-width: 650px) 100vw, 650px\" data-lazy-src=\"https:\/\/www.todoagro.com.ar\/wp-content\/uploads\/2024\/06\/semaforo-agro-junio-2024.jpg\" data-ll-status=\"loaded\" \/><\/figure>\n<p><strong>La situaci\u00f3n general por producci\u00f3n<\/strong><br \/>\nEl algod\u00f3n sigue teniendo problemas de calidad en algunas zonas (brotaci\u00f3n), pero con una mejora el \u00e1rea respecto de la campa\u00f1a anterior, con precios muy por debajo de la inflaci\u00f3n (+124% interanual vs 289% inflaci\u00f3n), y mantiene un a\u00f1o en rojo. Las exportaciones reaccionaron levemente, no tanto para cambiar el color del sem\u00e1foro.<\/p>\n<p>El arroz tuvo precios en el mes de abril en alza, manteniendo la tendencia de meses anteriores, se est\u00e1 recuperando en superficie y ha reducido su nivel de exportaciones por lo que el sem\u00e1foro sigue en verde.<\/p>\n<p>El caso de aves, ya modificado el \u00edndice de costos, donde pondera mucho m\u00e1s la producci\u00f3n de carne (90%) que la producci\u00f3n de huevos. Los precios si bien han subido en el mes de abril, interanualmente est\u00e1n por debajo de la inflaci\u00f3n y con costos levemente a la par; los niveles de producci\u00f3n son estables y los niveles de consumo tambi\u00e9n, se mantiene el verde del mes anterior, con una tonalidad m\u00e1s baja.<\/p>\n<p>La producci\u00f3n de carne bovina sigue siendo un interesante desaf\u00edo para sintetizar: los precios de las categor\u00edas novillo y ternero crecen en promedio 4% en abril, interanualmente todav\u00eda se mantienen por el salto importante que, de diciembre, los niveles de producci\u00f3n medidos a trav\u00e9s de la faena est\u00e1n empezando a ver disminuciones y la demanda tanto internacional como local son de los m\u00e1s bajos de la \u00faltima d\u00e9cada, por ello el color pasa de verde a rojo claro.<\/p>\n<p>El caso de los c\u00edtricos dulces muestra un color rojo por los bajos precios, donde estamos a la espera del oto\u00f1o y el invierno, ya que son el periodo m\u00e1s importante donde llega la nueva cosecha.<\/p>\n<p>La producci\u00f3n forestal muestra precios del bosque implantado a la par de la inflaci\u00f3n, quiz\u00e1 levemente superiores, pero el nivel de demanda es muy bajo (un indicador que vamos a incorporar en pr\u00f3ximos informes es un seguimiento del nivel de construcci\u00f3n), tambi\u00e9n ha bajado mucho la exportaci\u00f3n y se observa en la tabla, por eso la actividad est\u00e1 en rojo.<\/p>\n<p>La producci\u00f3n de granos es otro desaf\u00edo para sintetizar: ac\u00e1 se conjugan los 6 principales cultivos de Argentina, donde se observa lo bajo de los precios al productor en t\u00e9rminos interanuales en pesos (+196%), con costos que crecen por arriba de estos precios, con una recuperaci\u00f3n productiva ya que estamos saliendo de la sequ\u00eda (las estimaciones de la gruesa empezaron a publicarse) con un muy bajo nivel de exportaci\u00f3n (en valor=precio por cantidad) inclusive respecto a la campa\u00f1a anterior. Llama la atenci\u00f3n que se esperan mayores consumos para este a\u00f1o. Estas actividades mantienen el rojo en general, con particularidades distintas de acuerdo a las zonas (para m\u00e1s detalles se pueden ver informes sectoriales muy detallados).<\/p>\n<p>Las hortalizas muestran volatilidad de precios que cambia mes a mes.<\/p>\n<p>La producci\u00f3n de leche tambi\u00e9n mantiene el rojo este mes: el precio productor se encuentra levemente por encima de la inflaci\u00f3n, con costos en igual tendencia. La parte productiva inclina la balanza hacia el rojo: los litros producidos son muy bajos (se han achicado los rodeos) y los niveles de exportaci\u00f3n si bien son mayores en volumen son m\u00e1s bajos en valor, con una reducci\u00f3n del consumo interno. Toda esta ecuaci\u00f3n nos brinda un escenario en rojo claro: si hay inter\u00e9s en el tema, m\u00e1s detalles por zona como por modelo productivo pueden verse en: OCLA.org.ar.<\/p>\n<p>La producci\u00f3n de mandioca muestra precios muy por debajo de la inflaci\u00f3n y competencia desde la importaci\u00f3n de Paraguay.<\/p>\n<p>La producci\u00f3n de man\u00ed sigue recuperando en superficie y producci\u00f3n, no tanto en precios (aunque bien en t\u00e9rminos interanuales), se mantiene la conclusi\u00f3n de estabilidad en el sem\u00e1foro: verde.<\/p>\n<p>La producci\u00f3n de miel profundiza su tendencia: precios muy bajos, siguen los problemas productivos y muy baja exportaci\u00f3n, con lo cual mantiene el rojo; junto a la producci\u00f3n ovina, que no ha mostrado un cambio de tendencia.<\/p>\n<p>En la producci\u00f3n de peras y manzanas ha ingresado la nueva campa\u00f1a, con lo que se espera que en los pr\u00f3ximos meses se puedan ver mayores vol\u00famenes, donde la ecuaci\u00f3n econ\u00f3mica y log\u00edstica va a habilitar los momentos de env\u00edo a los distintos mercados. Hay que estar atentos al costo de la energ\u00eda el\u00e9ctrica, principal insumo para el acondicionamiento y acopio de la fruta. Ya han comenzado a mejorar las exportaciones.<\/p>\n<p>La producci\u00f3n porcina (carne de cerdo) mantiene su tendencia al rojo: por el estancamiento en los precios con costos crecientes y un menor consumo (esta actividad estaba en verde hasta hace dos meses).<\/p>\n<p>La producci\u00f3n de vino y mosto finaliza su cosecha, con menores vol\u00famenes a los esperados, y precios del vino en la Bolsa de Mendoza muy estancados, menos de la mitad de la inflaci\u00f3n. Los vol\u00famenes enviados al mercado interno y de exportaci\u00f3n son menores interanualmente. En este caso tambi\u00e9n hay que estar atentos al costo de la energ\u00eda y hay que esperar aquel vino se elabore, para mediados de a\u00f1o se liberen los nuevos precios.<\/p>\n<p>En el caso de la yerba mate los precios se han estancado al productor (hoja verde) y se espera que empeore esta situaci\u00f3n en el mes siguiente. El consumo se ha estancado en vol\u00famenes y la sobreproducci\u00f3n, sumado a las importaciones no plantea un buen panorama: la actividad pasa de verde a rojo.<\/p>\n<p>&nbsp;<\/p>\n<p>Por\u00a0<span class=\"posted-by vcard author\"><a class=\"url fn n\" title=\"Ver todas las entradas de TodoAgro\" href=\"https:\/\/www.todoagro.com.ar\/author\/administrador\/\" rel=\"author\"><span class=\"author-name\">TodoAgro<\/span><\/a><\/span><\/p>\n","protected":false},"excerpt":{"rendered":"<p>Salvo man\u00ed, aves y arroz, las producciones agropecuarias en general y de las econom\u00edas regionales desmejoraron sus indicadores. Seg\u00fan Coninagro, hay m\u00e1s de 15 actividades con sus esquemas de producci\u00f3n en rojo.<\/p>\n","protected":false},"author":3,"featured_media":103953,"comment_status":"closed","ping_status":"closed","sticky":false,"template":"","format":"standard","meta":{"footnotes":""},"categories":[36],"tags":[],"class_list":["post-103952","post","type-post","status-publish","format-standard","has-post-thumbnail","hentry","category-economia"],"yoast_head":"<!-- This site is optimized with the Yoast SEO plugin v25.9 - https:\/\/yoast.com\/wordpress\/plugins\/seo\/ -->\n<title>Las econom\u00edas agropecuarias empeoraron su situaci\u00f3n - Noticias Radio Reflejos<\/title>\n<meta name=\"robots\" content=\"index, follow, max-snippet:-1, max-image-preview:large, max-video-preview:-1\" \/>\n<link rel=\"canonical\" href=\"https:\/\/www.noticiasradioreflejos.com.ar\/2021\/las-economias-agropecuarias-empeoraron-su-situacion\/\" \/>\n<meta property=\"og:locale\" content=\"es_ES\" \/>\n<meta property=\"og:type\" content=\"article\" \/>\n<meta property=\"og:title\" content=\"Las econom\u00edas agropecuarias empeoraron su situaci\u00f3n - Noticias Radio Reflejos\" \/>\n<meta property=\"og:description\" content=\"Salvo man\u00ed, aves y arroz, las producciones agropecuarias en general y de las econom\u00edas regionales desmejoraron sus indicadores. Seg\u00fan Coninagro, hay m\u00e1s de 15 actividades con sus esquemas de producci\u00f3n en rojo.\" \/>\n<meta property=\"og:url\" content=\"https:\/\/www.noticiasradioreflejos.com.ar\/2021\/las-economias-agropecuarias-empeoraron-su-situacion\/\" \/>\n<meta property=\"og:site_name\" content=\"Noticias Radio Reflejos\" \/>\n<meta property=\"article:published_time\" content=\"2024-06-14T20:53:02+00:00\" \/>\n<meta property=\"og:image\" content=\"https:\/\/www.noticiasradioreflejos.com.ar\/2021\/wp-content\/uploads\/2024\/06\/economias-regionales-produccion.jpg\" \/>\n\t<meta property=\"og:image:width\" content=\"1024\" \/>\n\t<meta property=\"og:image:height\" content=\"576\" \/>\n\t<meta property=\"og:image:type\" content=\"image\/jpeg\" \/>\n<meta name=\"author\" content=\"Arnaldo Botto\" \/>\n<meta name=\"twitter:card\" content=\"summary_large_image\" \/>\n<script type=\"application\/ld+json\" class=\"yoast-schema-graph\">{\"@context\":\"https:\/\/schema.org\",\"@graph\":[{\"@type\":\"WebPage\",\"@id\":\"https:\/\/www.noticiasradioreflejos.com.ar\/2021\/las-economias-agropecuarias-empeoraron-su-situacion\/\",\"url\":\"https:\/\/www.noticiasradioreflejos.com.ar\/2021\/las-economias-agropecuarias-empeoraron-su-situacion\/\",\"name\":\"Las econom\u00edas agropecuarias empeoraron su situaci\u00f3n - Noticias Radio Reflejos\",\"isPartOf\":{\"@id\":\"https:\/\/www.noticiasradioreflejos.com.ar\/2021\/#website\"},\"primaryImageOfPage\":{\"@id\":\"https:\/\/www.noticiasradioreflejos.com.ar\/2021\/las-economias-agropecuarias-empeoraron-su-situacion\/#primaryimage\"},\"image\":{\"@id\":\"https:\/\/www.noticiasradioreflejos.com.ar\/2021\/las-economias-agropecuarias-empeoraron-su-situacion\/#primaryimage\"},\"thumbnailUrl\":\"https:\/\/www.noticiasradioreflejos.com.ar\/2021\/wp-content\/uploads\/2024\/06\/economias-regionales-produccion.jpg\",\"datePublished\":\"2024-06-14T20:53:02+00:00\",\"author\":{\"@id\":\"https:\/\/www.noticiasradioreflejos.com.ar\/2021\/#\/schema\/person\/ad82545263dcc5ec0996818884fd5fb1\"},\"breadcrumb\":{\"@id\":\"https:\/\/www.noticiasradioreflejos.com.ar\/2021\/las-economias-agropecuarias-empeoraron-su-situacion\/#breadcrumb\"},\"inLanguage\":\"es\",\"potentialAction\":[{\"@type\":\"ReadAction\",\"target\":[\"https:\/\/www.noticiasradioreflejos.com.ar\/2021\/las-economias-agropecuarias-empeoraron-su-situacion\/\"]}]},{\"@type\":\"ImageObject\",\"inLanguage\":\"es\",\"@id\":\"https:\/\/www.noticiasradioreflejos.com.ar\/2021\/las-economias-agropecuarias-empeoraron-su-situacion\/#primaryimage\",\"url\":\"https:\/\/www.noticiasradioreflejos.com.ar\/2021\/wp-content\/uploads\/2024\/06\/economias-regionales-produccion.jpg\",\"contentUrl\":\"https:\/\/www.noticiasradioreflejos.com.ar\/2021\/wp-content\/uploads\/2024\/06\/economias-regionales-produccion.jpg\",\"width\":1024,\"height\":576},{\"@type\":\"BreadcrumbList\",\"@id\":\"https:\/\/www.noticiasradioreflejos.com.ar\/2021\/las-economias-agropecuarias-empeoraron-su-situacion\/#breadcrumb\",\"itemListElement\":[{\"@type\":\"ListItem\",\"position\":1,\"name\":\"Portada\",\"item\":\"https:\/\/www.noticiasradioreflejos.com.ar\/2021\/\"},{\"@type\":\"ListItem\",\"position\":2,\"name\":\"Las econom\u00edas agropecuarias empeoraron su situaci\u00f3n\"}]},{\"@type\":\"WebSite\",\"@id\":\"https:\/\/www.noticiasradioreflejos.com.ar\/2021\/#website\",\"url\":\"https:\/\/www.noticiasradioreflejos.com.ar\/2021\/\",\"name\":\"Noticias Radio Reflejos\",\"description\":\"Las noticias de mi comarca\",\"potentialAction\":[{\"@type\":\"SearchAction\",\"target\":{\"@type\":\"EntryPoint\",\"urlTemplate\":\"https:\/\/www.noticiasradioreflejos.com.ar\/2021\/?s={search_term_string}\"},\"query-input\":{\"@type\":\"PropertyValueSpecification\",\"valueRequired\":true,\"valueName\":\"search_term_string\"}}],\"inLanguage\":\"es\"},{\"@type\":\"Person\",\"@id\":\"https:\/\/www.noticiasradioreflejos.com.ar\/2021\/#\/schema\/person\/ad82545263dcc5ec0996818884fd5fb1\",\"name\":\"Arnaldo Botto\",\"image\":{\"@type\":\"ImageObject\",\"inLanguage\":\"es\",\"@id\":\"https:\/\/www.noticiasradioreflejos.com.ar\/2021\/#\/schema\/person\/image\/\",\"url\":\"https:\/\/secure.gravatar.com\/avatar\/55cb5e37c1efa326397366e6974cb338056df65cb50e7d64d1cf314e87504837?s=96&d=mm&r=g\",\"contentUrl\":\"https:\/\/secure.gravatar.com\/avatar\/55cb5e37c1efa326397366e6974cb338056df65cb50e7d64d1cf314e87504837?s=96&d=mm&r=g\",\"caption\":\"Arnaldo Botto\"},\"url\":\"https:\/\/www.noticiasradioreflejos.com.ar\/2021\/author\/arnaldo\/\"}]}<\/script>\n<!-- \/ Yoast SEO plugin. -->","yoast_head_json":{"title":"Las econom\u00edas agropecuarias empeoraron su situaci\u00f3n - Noticias Radio Reflejos","robots":{"index":"index","follow":"follow","max-snippet":"max-snippet:-1","max-image-preview":"max-image-preview:large","max-video-preview":"max-video-preview:-1"},"canonical":"https:\/\/www.noticiasradioreflejos.com.ar\/2021\/las-economias-agropecuarias-empeoraron-su-situacion\/","og_locale":"es_ES","og_type":"article","og_title":"Las econom\u00edas agropecuarias empeoraron su situaci\u00f3n - Noticias Radio Reflejos","og_description":"Salvo man\u00ed, aves y arroz, las producciones agropecuarias en general y de las econom\u00edas regionales desmejoraron sus indicadores. Seg\u00fan Coninagro, hay m\u00e1s de 15 actividades con sus esquemas de producci\u00f3n en rojo.","og_url":"https:\/\/www.noticiasradioreflejos.com.ar\/2021\/las-economias-agropecuarias-empeoraron-su-situacion\/","og_site_name":"Noticias Radio Reflejos","article_published_time":"2024-06-14T20:53:02+00:00","og_image":[{"width":1024,"height":576,"url":"https:\/\/www.noticiasradioreflejos.com.ar\/2021\/wp-content\/uploads\/2024\/06\/economias-regionales-produccion.jpg","type":"image\/jpeg"}],"author":"Arnaldo Botto","twitter_card":"summary_large_image","schema":{"@context":"https:\/\/schema.org","@graph":[{"@type":"WebPage","@id":"https:\/\/www.noticiasradioreflejos.com.ar\/2021\/las-economias-agropecuarias-empeoraron-su-situacion\/","url":"https:\/\/www.noticiasradioreflejos.com.ar\/2021\/las-economias-agropecuarias-empeoraron-su-situacion\/","name":"Las econom\u00edas agropecuarias empeoraron su situaci\u00f3n - Noticias Radio Reflejos","isPartOf":{"@id":"https:\/\/www.noticiasradioreflejos.com.ar\/2021\/#website"},"primaryImageOfPage":{"@id":"https:\/\/www.noticiasradioreflejos.com.ar\/2021\/las-economias-agropecuarias-empeoraron-su-situacion\/#primaryimage"},"image":{"@id":"https:\/\/www.noticiasradioreflejos.com.ar\/2021\/las-economias-agropecuarias-empeoraron-su-situacion\/#primaryimage"},"thumbnailUrl":"https:\/\/www.noticiasradioreflejos.com.ar\/2021\/wp-content\/uploads\/2024\/06\/economias-regionales-produccion.jpg","datePublished":"2024-06-14T20:53:02+00:00","author":{"@id":"https:\/\/www.noticiasradioreflejos.com.ar\/2021\/#\/schema\/person\/ad82545263dcc5ec0996818884fd5fb1"},"breadcrumb":{"@id":"https:\/\/www.noticiasradioreflejos.com.ar\/2021\/las-economias-agropecuarias-empeoraron-su-situacion\/#breadcrumb"},"inLanguage":"es","potentialAction":[{"@type":"ReadAction","target":["https:\/\/www.noticiasradioreflejos.com.ar\/2021\/las-economias-agropecuarias-empeoraron-su-situacion\/"]}]},{"@type":"ImageObject","inLanguage":"es","@id":"https:\/\/www.noticiasradioreflejos.com.ar\/2021\/las-economias-agropecuarias-empeoraron-su-situacion\/#primaryimage","url":"https:\/\/www.noticiasradioreflejos.com.ar\/2021\/wp-content\/uploads\/2024\/06\/economias-regionales-produccion.jpg","contentUrl":"https:\/\/www.noticiasradioreflejos.com.ar\/2021\/wp-content\/uploads\/2024\/06\/economias-regionales-produccion.jpg","width":1024,"height":576},{"@type":"BreadcrumbList","@id":"https:\/\/www.noticiasradioreflejos.com.ar\/2021\/las-economias-agropecuarias-empeoraron-su-situacion\/#breadcrumb","itemListElement":[{"@type":"ListItem","position":1,"name":"Portada","item":"https:\/\/www.noticiasradioreflejos.com.ar\/2021\/"},{"@type":"ListItem","position":2,"name":"Las econom\u00edas agropecuarias empeoraron su situaci\u00f3n"}]},{"@type":"WebSite","@id":"https:\/\/www.noticiasradioreflejos.com.ar\/2021\/#website","url":"https:\/\/www.noticiasradioreflejos.com.ar\/2021\/","name":"Noticias Radio Reflejos","description":"Las noticias de mi comarca","potentialAction":[{"@type":"SearchAction","target":{"@type":"EntryPoint","urlTemplate":"https:\/\/www.noticiasradioreflejos.com.ar\/2021\/?s={search_term_string}"},"query-input":{"@type":"PropertyValueSpecification","valueRequired":true,"valueName":"search_term_string"}}],"inLanguage":"es"},{"@type":"Person","@id":"https:\/\/www.noticiasradioreflejos.com.ar\/2021\/#\/schema\/person\/ad82545263dcc5ec0996818884fd5fb1","name":"Arnaldo Botto","image":{"@type":"ImageObject","inLanguage":"es","@id":"https:\/\/www.noticiasradioreflejos.com.ar\/2021\/#\/schema\/person\/image\/","url":"https:\/\/secure.gravatar.com\/avatar\/55cb5e37c1efa326397366e6974cb338056df65cb50e7d64d1cf314e87504837?s=96&d=mm&r=g","contentUrl":"https:\/\/secure.gravatar.com\/avatar\/55cb5e37c1efa326397366e6974cb338056df65cb50e7d64d1cf314e87504837?s=96&d=mm&r=g","caption":"Arnaldo Botto"},"url":"https:\/\/www.noticiasradioreflejos.com.ar\/2021\/author\/arnaldo\/"}]}},"_links":{"self":[{"href":"https:\/\/www.noticiasradioreflejos.com.ar\/2021\/wp-json\/wp\/v2\/posts\/103952","targetHints":{"allow":["GET"]}}],"collection":[{"href":"https:\/\/www.noticiasradioreflejos.com.ar\/2021\/wp-json\/wp\/v2\/posts"}],"about":[{"href":"https:\/\/www.noticiasradioreflejos.com.ar\/2021\/wp-json\/wp\/v2\/types\/post"}],"author":[{"embeddable":true,"href":"https:\/\/www.noticiasradioreflejos.com.ar\/2021\/wp-json\/wp\/v2\/users\/3"}],"replies":[{"embeddable":true,"href":"https:\/\/www.noticiasradioreflejos.com.ar\/2021\/wp-json\/wp\/v2\/comments?post=103952"}],"version-history":[{"count":1,"href":"https:\/\/www.noticiasradioreflejos.com.ar\/2021\/wp-json\/wp\/v2\/posts\/103952\/revisions"}],"predecessor-version":[{"id":103954,"href":"https:\/\/www.noticiasradioreflejos.com.ar\/2021\/wp-json\/wp\/v2\/posts\/103952\/revisions\/103954"}],"wp:featuredmedia":[{"embeddable":true,"href":"https:\/\/www.noticiasradioreflejos.com.ar\/2021\/wp-json\/wp\/v2\/media\/103953"}],"wp:attachment":[{"href":"https:\/\/www.noticiasradioreflejos.com.ar\/2021\/wp-json\/wp\/v2\/media?parent=103952"}],"wp:term":[{"taxonomy":"category","embeddable":true,"href":"https:\/\/www.noticiasradioreflejos.com.ar\/2021\/wp-json\/wp\/v2\/categories?post=103952"},{"taxonomy":"post_tag","embeddable":true,"href":"https:\/\/www.noticiasradioreflejos.com.ar\/2021\/wp-json\/wp\/v2\/tags?post=103952"}],"curies":[{"name":"wp","href":"https:\/\/api.w.org\/{rel}","templated":true}]}}