{"id":103948,"date":"2024-06-14T17:45:56","date_gmt":"2024-06-14T20:45:56","guid":{"rendered":"https:\/\/www.noticiasradioreflejos.com.ar\/2021\/?p=103948"},"modified":"2024-06-14T17:45:56","modified_gmt":"2024-06-14T20:45:56","slug":"tornquist-se-ilumina-de-rojo-para-concientizar-sobre-la-donacion-de-sangre","status":"publish","type":"post","link":"https:\/\/www.noticiasradioreflejos.com.ar\/2021\/tornquist-se-ilumina-de-rojo-para-concientizar-sobre-la-donacion-de-sangre\/","title":{"rendered":"Tornquist se ilumina de rojo para concientizar sobre la donaci\u00f3n de sangre\u201d"},"content":{"rendered":"<p>En el D\u00eda Mundial del Donante de Sangre, que se conmemora cada 14 de junio, Tornquist Municipio iluminar\u00e1 sus instalaciones y el ingreso del Hospital Municipal \u2018Dr. Alberto Castro\u2019 para visibilizar la importancia de la donaci\u00f3n de sangre, y en agradecimiento a los donantes voluntarios que se incrementan a\u00f1o tras a\u00f1o.<!--more--><\/p>\n<p>Donar sangre es un acto que requiere tiempo, esfuerzo y un esp\u00edritu solidario. Donar aumenta las expectativas de vida a quienes enfrentan situaciones m\u00e9dicas complejas y dependen de transfusiones de para su salud y bienestar.<\/p>\n<p>Gracias a la valiosa colaboraci\u00f3n de nuestros donantes, contamos con el suministro necesario para realizar transfusiones, tratamientos y otras situaciones donde la disponibilidad de sangre es crucial.<\/p>\n<p>Para continuar en esta direcci\u00f3n, la Secretar\u00eda de Salud recuerda que todos aquellos vecinos interesados en donar sangre, pueden hacerlo en el hospital de la localidad cabecera, de lunes a viernes de 8 a 11 hs, teniendo en cuenta las siguientes condiciones:<\/p>\n<p>&#8211; Gozar de buena salud;<\/p>\n<p>&#8211; Tener entre 18 y 65 a\u00f1os;<\/p>\n<p>&#8211; No estar en ayunas;<\/p>\n<p>&#8211; No haber donado en las \u00faltimas 8 semanas.<\/p>\n<p>&nbsp;<\/p>\n<p><a title=\"Dia donante sangre\" href=\"https:\/\/www.flickr.com\/photos\/182279889@N02\/53790619322\/in\/dateposted-public\/\" data-flickr-embed=\"true\"><img loading=\"lazy\" decoding=\"async\" class=\"aligncenter\" src=\"https:\/\/live.staticflickr.com\/31337\/53790619322_acf371fd1c_c.jpg\" alt=\"Dia donante sangre\" width=\"450\" height=\"800\" \/><\/a><script async src=\"\/\/embedr.flickr.com\/assets\/client-code.js\" charset=\"utf-8\"><\/script><\/p>\n","protected":false},"excerpt":{"rendered":"<p>En el D\u00eda Mundial del Donante de Sangre, que se conmemora cada 14 de junio, Tornquist Municipio iluminar\u00e1 sus instalaciones y el ingreso del Hospital Municipal \u2018Dr. Alberto Castro\u2019 para visibilizar la importancia de la donaci\u00f3n de sangre, y en agradecimiento a los donantes voluntarios que se incrementan a\u00f1o tras a\u00f1o.<\/p>\n","protected":false},"author":3,"featured_media":0,"comment_status":"closed","ping_status":"closed","sticky":false,"template":"","format":"standard","meta":{"footnotes":""},"categories":[28],"tags":[],"class_list":["post-103948","post","type-post","status-publish","format-standard","hentry","category-municipales"],"yoast_head":"<!-- This site is optimized with the Yoast SEO plugin v25.9 - https:\/\/yoast.com\/wordpress\/plugins\/seo\/ -->\n<title>Tornquist se ilumina de rojo para concientizar sobre la donaci\u00f3n de sangre\u201d - Noticias Radio Reflejos<\/title>\n<meta name=\"robots\" content=\"index, follow, max-snippet:-1, max-image-preview:large, max-video-preview:-1\" \/>\n<link rel=\"canonical\" href=\"https:\/\/www.noticiasradioreflejos.com.ar\/2021\/tornquist-se-ilumina-de-rojo-para-concientizar-sobre-la-donacion-de-sangre\/\" \/>\n<meta property=\"og:locale\" content=\"es_ES\" \/>\n<meta property=\"og:type\" content=\"article\" \/>\n<meta property=\"og:title\" content=\"Tornquist se ilumina de rojo para concientizar sobre la donaci\u00f3n de sangre\u201d - Noticias Radio Reflejos\" \/>\n<meta property=\"og:description\" content=\"En el D\u00eda Mundial del Donante de Sangre, que se conmemora cada 14 de junio, Tornquist Municipio iluminar\u00e1 sus instalaciones y el ingreso del Hospital Municipal \u2018Dr. Alberto Castro\u2019 para visibilizar la importancia de la donaci\u00f3n de sangre, y en agradecimiento a los donantes voluntarios que se incrementan a\u00f1o tras a\u00f1o.\" \/>\n<meta property=\"og:url\" content=\"https:\/\/www.noticiasradioreflejos.com.ar\/2021\/tornquist-se-ilumina-de-rojo-para-concientizar-sobre-la-donacion-de-sangre\/\" \/>\n<meta property=\"og:site_name\" content=\"Noticias Radio Reflejos\" \/>\n<meta property=\"article:published_time\" content=\"2024-06-14T20:45:56+00:00\" \/>\n<meta property=\"og:image\" content=\"https:\/\/live.staticflickr.com\/31337\/53790619322_acf371fd1c_c.jpg\" \/>\n<meta name=\"author\" content=\"Arnaldo Botto\" \/>\n<meta name=\"twitter:card\" content=\"summary_large_image\" \/>\n<script type=\"application\/ld+json\" class=\"yoast-schema-graph\">{\"@context\":\"https:\/\/schema.org\",\"@graph\":[{\"@type\":\"WebPage\",\"@id\":\"https:\/\/www.noticiasradioreflejos.com.ar\/2021\/tornquist-se-ilumina-de-rojo-para-concientizar-sobre-la-donacion-de-sangre\/\",\"url\":\"https:\/\/www.noticiasradioreflejos.com.ar\/2021\/tornquist-se-ilumina-de-rojo-para-concientizar-sobre-la-donacion-de-sangre\/\",\"name\":\"Tornquist se ilumina de rojo para concientizar sobre la donaci\u00f3n de sangre\u201d - Noticias Radio Reflejos\",\"isPartOf\":{\"@id\":\"https:\/\/www.noticiasradioreflejos.com.ar\/2021\/#website\"},\"primaryImageOfPage\":{\"@id\":\"https:\/\/www.noticiasradioreflejos.com.ar\/2021\/tornquist-se-ilumina-de-rojo-para-concientizar-sobre-la-donacion-de-sangre\/#primaryimage\"},\"image\":{\"@id\":\"https:\/\/www.noticiasradioreflejos.com.ar\/2021\/tornquist-se-ilumina-de-rojo-para-concientizar-sobre-la-donacion-de-sangre\/#primaryimage\"},\"thumbnailUrl\":\"https:\/\/live.staticflickr.com\/31337\/53790619322_acf371fd1c_c.jpg\",\"datePublished\":\"2024-06-14T20:45:56+00:00\",\"author\":{\"@id\":\"https:\/\/www.noticiasradioreflejos.com.ar\/2021\/#\/schema\/person\/ad82545263dcc5ec0996818884fd5fb1\"},\"breadcrumb\":{\"@id\":\"https:\/\/www.noticiasradioreflejos.com.ar\/2021\/tornquist-se-ilumina-de-rojo-para-concientizar-sobre-la-donacion-de-sangre\/#breadcrumb\"},\"inLanguage\":\"es\",\"potentialAction\":[{\"@type\":\"ReadAction\",\"target\":[\"https:\/\/www.noticiasradioreflejos.com.ar\/2021\/tornquist-se-ilumina-de-rojo-para-concientizar-sobre-la-donacion-de-sangre\/\"]}]},{\"@type\":\"ImageObject\",\"inLanguage\":\"es\",\"@id\":\"https:\/\/www.noticiasradioreflejos.com.ar\/2021\/tornquist-se-ilumina-de-rojo-para-concientizar-sobre-la-donacion-de-sangre\/#primaryimage\",\"url\":\"https:\/\/live.staticflickr.com\/31337\/53790619322_acf371fd1c_c.jpg\",\"contentUrl\":\"https:\/\/live.staticflickr.com\/31337\/53790619322_acf371fd1c_c.jpg\"},{\"@type\":\"BreadcrumbList\",\"@id\":\"https:\/\/www.noticiasradioreflejos.com.ar\/2021\/tornquist-se-ilumina-de-rojo-para-concientizar-sobre-la-donacion-de-sangre\/#breadcrumb\",\"itemListElement\":[{\"@type\":\"ListItem\",\"position\":1,\"name\":\"Portada\",\"item\":\"https:\/\/www.noticiasradioreflejos.com.ar\/2021\/\"},{\"@type\":\"ListItem\",\"position\":2,\"name\":\"Tornquist se ilumina de rojo para concientizar sobre la donaci\u00f3n de sangre\u201d\"}]},{\"@type\":\"WebSite\",\"@id\":\"https:\/\/www.noticiasradioreflejos.com.ar\/2021\/#website\",\"url\":\"https:\/\/www.noticiasradioreflejos.com.ar\/2021\/\",\"name\":\"Noticias Radio Reflejos\",\"description\":\"Las noticias de mi comarca\",\"potentialAction\":[{\"@type\":\"SearchAction\",\"target\":{\"@type\":\"EntryPoint\",\"urlTemplate\":\"https:\/\/www.noticiasradioreflejos.com.ar\/2021\/?s={search_term_string}\"},\"query-input\":{\"@type\":\"PropertyValueSpecification\",\"valueRequired\":true,\"valueName\":\"search_term_string\"}}],\"inLanguage\":\"es\"},{\"@type\":\"Person\",\"@id\":\"https:\/\/www.noticiasradioreflejos.com.ar\/2021\/#\/schema\/person\/ad82545263dcc5ec0996818884fd5fb1\",\"name\":\"Arnaldo Botto\",\"image\":{\"@type\":\"ImageObject\",\"inLanguage\":\"es\",\"@id\":\"https:\/\/www.noticiasradioreflejos.com.ar\/2021\/#\/schema\/person\/image\/\",\"url\":\"https:\/\/secure.gravatar.com\/avatar\/55cb5e37c1efa326397366e6974cb338056df65cb50e7d64d1cf314e87504837?s=96&d=mm&r=g\",\"contentUrl\":\"https:\/\/secure.gravatar.com\/avatar\/55cb5e37c1efa326397366e6974cb338056df65cb50e7d64d1cf314e87504837?s=96&d=mm&r=g\",\"caption\":\"Arnaldo Botto\"},\"url\":\"https:\/\/www.noticiasradioreflejos.com.ar\/2021\/author\/arnaldo\/\"}]}<\/script>\n<!-- \/ Yoast SEO plugin. -->","yoast_head_json":{"title":"Tornquist se ilumina de rojo para concientizar sobre la donaci\u00f3n de sangre\u201d - Noticias Radio Reflejos","robots":{"index":"index","follow":"follow","max-snippet":"max-snippet:-1","max-image-preview":"max-image-preview:large","max-video-preview":"max-video-preview:-1"},"canonical":"https:\/\/www.noticiasradioreflejos.com.ar\/2021\/tornquist-se-ilumina-de-rojo-para-concientizar-sobre-la-donacion-de-sangre\/","og_locale":"es_ES","og_type":"article","og_title":"Tornquist se ilumina de rojo para concientizar sobre la donaci\u00f3n de sangre\u201d - Noticias Radio Reflejos","og_description":"En el D\u00eda Mundial del Donante de Sangre, que se conmemora cada 14 de junio, Tornquist Municipio iluminar\u00e1 sus instalaciones y el ingreso del Hospital Municipal \u2018Dr. Alberto Castro\u2019 para visibilizar la importancia de la donaci\u00f3n de sangre, y en agradecimiento a los donantes voluntarios que se incrementan a\u00f1o tras a\u00f1o.","og_url":"https:\/\/www.noticiasradioreflejos.com.ar\/2021\/tornquist-se-ilumina-de-rojo-para-concientizar-sobre-la-donacion-de-sangre\/","og_site_name":"Noticias Radio Reflejos","article_published_time":"2024-06-14T20:45:56+00:00","og_image":[{"url":"https:\/\/live.staticflickr.com\/31337\/53790619322_acf371fd1c_c.jpg","type":"","width":"","height":""}],"author":"Arnaldo Botto","twitter_card":"summary_large_image","schema":{"@context":"https:\/\/schema.org","@graph":[{"@type":"WebPage","@id":"https:\/\/www.noticiasradioreflejos.com.ar\/2021\/tornquist-se-ilumina-de-rojo-para-concientizar-sobre-la-donacion-de-sangre\/","url":"https:\/\/www.noticiasradioreflejos.com.ar\/2021\/tornquist-se-ilumina-de-rojo-para-concientizar-sobre-la-donacion-de-sangre\/","name":"Tornquist se ilumina de rojo para concientizar sobre la donaci\u00f3n de sangre\u201d - Noticias Radio Reflejos","isPartOf":{"@id":"https:\/\/www.noticiasradioreflejos.com.ar\/2021\/#website"},"primaryImageOfPage":{"@id":"https:\/\/www.noticiasradioreflejos.com.ar\/2021\/tornquist-se-ilumina-de-rojo-para-concientizar-sobre-la-donacion-de-sangre\/#primaryimage"},"image":{"@id":"https:\/\/www.noticiasradioreflejos.com.ar\/2021\/tornquist-se-ilumina-de-rojo-para-concientizar-sobre-la-donacion-de-sangre\/#primaryimage"},"thumbnailUrl":"https:\/\/live.staticflickr.com\/31337\/53790619322_acf371fd1c_c.jpg","datePublished":"2024-06-14T20:45:56+00:00","author":{"@id":"https:\/\/www.noticiasradioreflejos.com.ar\/2021\/#\/schema\/person\/ad82545263dcc5ec0996818884fd5fb1"},"breadcrumb":{"@id":"https:\/\/www.noticiasradioreflejos.com.ar\/2021\/tornquist-se-ilumina-de-rojo-para-concientizar-sobre-la-donacion-de-sangre\/#breadcrumb"},"inLanguage":"es","potentialAction":[{"@type":"ReadAction","target":["https:\/\/www.noticiasradioreflejos.com.ar\/2021\/tornquist-se-ilumina-de-rojo-para-concientizar-sobre-la-donacion-de-sangre\/"]}]},{"@type":"ImageObject","inLanguage":"es","@id":"https:\/\/www.noticiasradioreflejos.com.ar\/2021\/tornquist-se-ilumina-de-rojo-para-concientizar-sobre-la-donacion-de-sangre\/#primaryimage","url":"https:\/\/live.staticflickr.com\/31337\/53790619322_acf371fd1c_c.jpg","contentUrl":"https:\/\/live.staticflickr.com\/31337\/53790619322_acf371fd1c_c.jpg"},{"@type":"BreadcrumbList","@id":"https:\/\/www.noticiasradioreflejos.com.ar\/2021\/tornquist-se-ilumina-de-rojo-para-concientizar-sobre-la-donacion-de-sangre\/#breadcrumb","itemListElement":[{"@type":"ListItem","position":1,"name":"Portada","item":"https:\/\/www.noticiasradioreflejos.com.ar\/2021\/"},{"@type":"ListItem","position":2,"name":"Tornquist se ilumina de rojo para concientizar sobre la donaci\u00f3n de sangre\u201d"}]},{"@type":"WebSite","@id":"https:\/\/www.noticiasradioreflejos.com.ar\/2021\/#website","url":"https:\/\/www.noticiasradioreflejos.com.ar\/2021\/","name":"Noticias Radio Reflejos","description":"Las noticias de mi comarca","potentialAction":[{"@type":"SearchAction","target":{"@type":"EntryPoint","urlTemplate":"https:\/\/www.noticiasradioreflejos.com.ar\/2021\/?s={search_term_string}"},"query-input":{"@type":"PropertyValueSpecification","valueRequired":true,"valueName":"search_term_string"}}],"inLanguage":"es"},{"@type":"Person","@id":"https:\/\/www.noticiasradioreflejos.com.ar\/2021\/#\/schema\/person\/ad82545263dcc5ec0996818884fd5fb1","name":"Arnaldo Botto","image":{"@type":"ImageObject","inLanguage":"es","@id":"https:\/\/www.noticiasradioreflejos.com.ar\/2021\/#\/schema\/person\/image\/","url":"https:\/\/secure.gravatar.com\/avatar\/55cb5e37c1efa326397366e6974cb338056df65cb50e7d64d1cf314e87504837?s=96&d=mm&r=g","contentUrl":"https:\/\/secure.gravatar.com\/avatar\/55cb5e37c1efa326397366e6974cb338056df65cb50e7d64d1cf314e87504837?s=96&d=mm&r=g","caption":"Arnaldo Botto"},"url":"https:\/\/www.noticiasradioreflejos.com.ar\/2021\/author\/arnaldo\/"}]}},"_links":{"self":[{"href":"https:\/\/www.noticiasradioreflejos.com.ar\/2021\/wp-json\/wp\/v2\/posts\/103948","targetHints":{"allow":["GET"]}}],"collection":[{"href":"https:\/\/www.noticiasradioreflejos.com.ar\/2021\/wp-json\/wp\/v2\/posts"}],"about":[{"href":"https:\/\/www.noticiasradioreflejos.com.ar\/2021\/wp-json\/wp\/v2\/types\/post"}],"author":[{"embeddable":true,"href":"https:\/\/www.noticiasradioreflejos.com.ar\/2021\/wp-json\/wp\/v2\/users\/3"}],"replies":[{"embeddable":true,"href":"https:\/\/www.noticiasradioreflejos.com.ar\/2021\/wp-json\/wp\/v2\/comments?post=103948"}],"version-history":[{"count":1,"href":"https:\/\/www.noticiasradioreflejos.com.ar\/2021\/wp-json\/wp\/v2\/posts\/103948\/revisions"}],"predecessor-version":[{"id":103949,"href":"https:\/\/www.noticiasradioreflejos.com.ar\/2021\/wp-json\/wp\/v2\/posts\/103948\/revisions\/103949"}],"wp:attachment":[{"href":"https:\/\/www.noticiasradioreflejos.com.ar\/2021\/wp-json\/wp\/v2\/media?parent=103948"}],"wp:term":[{"taxonomy":"category","embeddable":true,"href":"https:\/\/www.noticiasradioreflejos.com.ar\/2021\/wp-json\/wp\/v2\/categories?post=103948"},{"taxonomy":"post_tag","embeddable":true,"href":"https:\/\/www.noticiasradioreflejos.com.ar\/2021\/wp-json\/wp\/v2\/tags?post=103948"}],"curies":[{"name":"wp","href":"https:\/\/api.w.org\/{rel}","templated":true}]}}