{"id":103930,"date":"2024-06-14T11:06:30","date_gmt":"2024-06-14T14:06:30","guid":{"rendered":"https:\/\/www.noticiasradioreflejos.com.ar\/2021\/?p=103930"},"modified":"2024-06-14T11:06:30","modified_gmt":"2024-06-14T14:06:30","slug":"fin-de-semana-largo-con-restriccion-de-camiones","status":"publish","type":"post","link":"https:\/\/www.noticiasradioreflejos.com.ar\/2021\/fin-de-semana-largo-con-restriccion-de-camiones\/","title":{"rendered":"Fin de semana largo con restricci\u00f3n de camiones"},"content":{"rendered":"<p>Por el fin de semana largo que comienza hoy, la Agencia Nacional de Seguridad Vial (ANSV) informa que habr\u00e1 restricci\u00f3n de circulaci\u00f3n para veh\u00edculos de gran porte en m\u00e1s de 30 rutas nacionales y en los principales accesos y egresos al \u00c1rea Metropolitana de Buenos Aires (AMBA).<!--more--><\/p>\n<p>La restricci\u00f3n, que alcanza a los veh\u00edculos de m\u00e1s de 3.500 kilos, regir\u00e1 hoy de 18 a 20:59 horas, el s\u00e1bado de 7 a 9:59 horas y el lunes de 18 a 20:59 horas.<\/p>\n<p>El objetivo de limitar la circulaci\u00f3n en horarios y sentidos puntuales es prevenir y evitar congestionamientos en estas fechas en las cuales se espera un tr\u00e1nsito mayor al habitual. Se trata de una medida m\u00e1s para contribuir a la seguridad vial de todas las personas que transitan por el territorio nacional.<\/p>\n<p>&nbsp;<\/p>\n<p><b>Conducci\u00f3n responsable para evitar siniestros viales<\/b><\/p>\n<p>&nbsp;<\/p>\n<p>A todos los conductores de veh\u00edculos particulares que salgan a las rutas este fin de semana XL, la ANSV les recuerda que es importante que realicen una conducci\u00f3n responsable para que todos lleguen seguros a destino.<\/p>\n<p>Para esto, se debe, principalmente, circular a una velocidad precautoria, que todos los pasajeros utilicen el cintur\u00f3n de seguridad y silla infantil si viajan menores de 10 a\u00f1os, no realizar sobrepasos cuando est\u00e9 prohibido o si es arriesgado, no tomar alcohol previamente y evitar el uso del tel\u00e9fono y de cualquier otro elemento de distracci\u00f3n durante la conducci\u00f3n.<\/p>\n<p>Si el viaje es en moto, siempre con casco -conductor y acompa\u00f1ante-, ropa clara y alg\u00fan elemento reflectante para ser vistos por el resto de los conductores.<\/p>\n<p>Si llueve durante el trayecto, disminuir la velocidad, aumentar la distancia entre veh\u00edculos, encender el aire acondicionado en modo desempa\u00f1ante y no frenar repentinamente.<\/p>\n<p>Publicaci\u00f3n en Bolet\u00edn Oficial:\u00a0<a id=\"m_8364398327583479841OWA20e099b2-2044-4ca5-16f9-d5cf047dc383\" href=\"https:\/\/bit.ly\/Res15-2024\" target=\"_blank\" rel=\"noopener\" data-saferedirecturl=\"https:\/\/www.google.com\/url?q=https:\/\/bit.ly\/Res15-2024&amp;source=gmail&amp;ust=1718458176129000&amp;usg=AOvVaw3qeJH-jkl9iLe3_uHnXjFZ\">https:\/\/bit.ly\/Res15-2024<\/a><\/p>\n","protected":false},"excerpt":{"rendered":"<p>Por el fin de semana largo que comienza hoy, la Agencia Nacional de Seguridad Vial (ANSV) informa que habr\u00e1 restricci\u00f3n de circulaci\u00f3n para veh\u00edculos de gran porte en m\u00e1s de 30 rutas nacionales y en los principales accesos y egresos al \u00c1rea Metropolitana de Buenos Aires (AMBA).<\/p>\n","protected":false},"author":3,"featured_media":90472,"comment_status":"closed","ping_status":"closed","sticky":false,"template":"","format":"standard","meta":{"footnotes":""},"categories":[26,33],"tags":[],"class_list":["post-103930","post","type-post","status-publish","format-standard","has-post-thumbnail","hentry","category-sociedad","category-turismo"],"yoast_head":"<!-- This site is optimized with the Yoast SEO plugin v25.9 - https:\/\/yoast.com\/wordpress\/plugins\/seo\/ -->\n<title>Fin de semana largo con restricci\u00f3n de camiones - Noticias Radio Reflejos<\/title>\n<meta name=\"robots\" content=\"index, follow, max-snippet:-1, max-image-preview:large, max-video-preview:-1\" \/>\n<link rel=\"canonical\" href=\"https:\/\/www.noticiasradioreflejos.com.ar\/2021\/fin-de-semana-largo-con-restriccion-de-camiones\/\" \/>\n<meta property=\"og:locale\" content=\"es_ES\" \/>\n<meta property=\"og:type\" content=\"article\" \/>\n<meta property=\"og:title\" content=\"Fin de semana largo con restricci\u00f3n de camiones - Noticias Radio Reflejos\" \/>\n<meta property=\"og:description\" content=\"Por el fin de semana largo que comienza hoy, la Agencia Nacional de Seguridad Vial (ANSV) informa que habr\u00e1 restricci\u00f3n de circulaci\u00f3n para veh\u00edculos de gran porte en m\u00e1s de 30 rutas nacionales y en los principales accesos y egresos al \u00c1rea Metropolitana de Buenos Aires (AMBA).\" \/>\n<meta property=\"og:url\" content=\"https:\/\/www.noticiasradioreflejos.com.ar\/2021\/fin-de-semana-largo-con-restriccion-de-camiones\/\" \/>\n<meta property=\"og:site_name\" content=\"Noticias Radio Reflejos\" \/>\n<meta property=\"article:published_time\" content=\"2024-06-14T14:06:30+00:00\" \/>\n<meta property=\"og:image\" content=\"https:\/\/www.noticiasradioreflejos.com.ar\/2021\/wp-content\/uploads\/2023\/07\/restriccion-de-camiones-para-semana-santa_5091jpg.jpg\" \/>\n\t<meta property=\"og:image:width\" content=\"1200\" \/>\n\t<meta property=\"og:image:height\" content=\"675\" \/>\n\t<meta property=\"og:image:type\" content=\"image\/jpeg\" \/>\n<meta name=\"author\" content=\"Arnaldo Botto\" \/>\n<meta name=\"twitter:card\" content=\"summary_large_image\" \/>\n<script type=\"application\/ld+json\" class=\"yoast-schema-graph\">{\"@context\":\"https:\/\/schema.org\",\"@graph\":[{\"@type\":\"WebPage\",\"@id\":\"https:\/\/www.noticiasradioreflejos.com.ar\/2021\/fin-de-semana-largo-con-restriccion-de-camiones\/\",\"url\":\"https:\/\/www.noticiasradioreflejos.com.ar\/2021\/fin-de-semana-largo-con-restriccion-de-camiones\/\",\"name\":\"Fin de semana largo con restricci\u00f3n de camiones - Noticias Radio Reflejos\",\"isPartOf\":{\"@id\":\"https:\/\/www.noticiasradioreflejos.com.ar\/2021\/#website\"},\"primaryImageOfPage\":{\"@id\":\"https:\/\/www.noticiasradioreflejos.com.ar\/2021\/fin-de-semana-largo-con-restriccion-de-camiones\/#primaryimage\"},\"image\":{\"@id\":\"https:\/\/www.noticiasradioreflejos.com.ar\/2021\/fin-de-semana-largo-con-restriccion-de-camiones\/#primaryimage\"},\"thumbnailUrl\":\"https:\/\/www.noticiasradioreflejos.com.ar\/2021\/wp-content\/uploads\/2023\/07\/restriccion-de-camiones-para-semana-santa_5091jpg.jpg\",\"datePublished\":\"2024-06-14T14:06:30+00:00\",\"author\":{\"@id\":\"https:\/\/www.noticiasradioreflejos.com.ar\/2021\/#\/schema\/person\/ad82545263dcc5ec0996818884fd5fb1\"},\"breadcrumb\":{\"@id\":\"https:\/\/www.noticiasradioreflejos.com.ar\/2021\/fin-de-semana-largo-con-restriccion-de-camiones\/#breadcrumb\"},\"inLanguage\":\"es\",\"potentialAction\":[{\"@type\":\"ReadAction\",\"target\":[\"https:\/\/www.noticiasradioreflejos.com.ar\/2021\/fin-de-semana-largo-con-restriccion-de-camiones\/\"]}]},{\"@type\":\"ImageObject\",\"inLanguage\":\"es\",\"@id\":\"https:\/\/www.noticiasradioreflejos.com.ar\/2021\/fin-de-semana-largo-con-restriccion-de-camiones\/#primaryimage\",\"url\":\"https:\/\/www.noticiasradioreflejos.com.ar\/2021\/wp-content\/uploads\/2023\/07\/restriccion-de-camiones-para-semana-santa_5091jpg.jpg\",\"contentUrl\":\"https:\/\/www.noticiasradioreflejos.com.ar\/2021\/wp-content\/uploads\/2023\/07\/restriccion-de-camiones-para-semana-santa_5091jpg.jpg\",\"width\":1200,\"height\":675},{\"@type\":\"BreadcrumbList\",\"@id\":\"https:\/\/www.noticiasradioreflejos.com.ar\/2021\/fin-de-semana-largo-con-restriccion-de-camiones\/#breadcrumb\",\"itemListElement\":[{\"@type\":\"ListItem\",\"position\":1,\"name\":\"Portada\",\"item\":\"https:\/\/www.noticiasradioreflejos.com.ar\/2021\/\"},{\"@type\":\"ListItem\",\"position\":2,\"name\":\"Fin de semana largo con restricci\u00f3n de camiones\"}]},{\"@type\":\"WebSite\",\"@id\":\"https:\/\/www.noticiasradioreflejos.com.ar\/2021\/#website\",\"url\":\"https:\/\/www.noticiasradioreflejos.com.ar\/2021\/\",\"name\":\"Noticias Radio Reflejos\",\"description\":\"Las noticias de mi comarca\",\"potentialAction\":[{\"@type\":\"SearchAction\",\"target\":{\"@type\":\"EntryPoint\",\"urlTemplate\":\"https:\/\/www.noticiasradioreflejos.com.ar\/2021\/?s={search_term_string}\"},\"query-input\":{\"@type\":\"PropertyValueSpecification\",\"valueRequired\":true,\"valueName\":\"search_term_string\"}}],\"inLanguage\":\"es\"},{\"@type\":\"Person\",\"@id\":\"https:\/\/www.noticiasradioreflejos.com.ar\/2021\/#\/schema\/person\/ad82545263dcc5ec0996818884fd5fb1\",\"name\":\"Arnaldo Botto\",\"image\":{\"@type\":\"ImageObject\",\"inLanguage\":\"es\",\"@id\":\"https:\/\/www.noticiasradioreflejos.com.ar\/2021\/#\/schema\/person\/image\/\",\"url\":\"https:\/\/secure.gravatar.com\/avatar\/55cb5e37c1efa326397366e6974cb338056df65cb50e7d64d1cf314e87504837?s=96&d=mm&r=g\",\"contentUrl\":\"https:\/\/secure.gravatar.com\/avatar\/55cb5e37c1efa326397366e6974cb338056df65cb50e7d64d1cf314e87504837?s=96&d=mm&r=g\",\"caption\":\"Arnaldo Botto\"},\"url\":\"https:\/\/www.noticiasradioreflejos.com.ar\/2021\/author\/arnaldo\/\"}]}<\/script>\n<!-- \/ Yoast SEO plugin. -->","yoast_head_json":{"title":"Fin de semana largo con restricci\u00f3n de camiones - Noticias Radio Reflejos","robots":{"index":"index","follow":"follow","max-snippet":"max-snippet:-1","max-image-preview":"max-image-preview:large","max-video-preview":"max-video-preview:-1"},"canonical":"https:\/\/www.noticiasradioreflejos.com.ar\/2021\/fin-de-semana-largo-con-restriccion-de-camiones\/","og_locale":"es_ES","og_type":"article","og_title":"Fin de semana largo con restricci\u00f3n de camiones - Noticias Radio Reflejos","og_description":"Por el fin de semana largo que comienza hoy, la Agencia Nacional de Seguridad Vial (ANSV) informa que habr\u00e1 restricci\u00f3n de circulaci\u00f3n para veh\u00edculos de gran porte en m\u00e1s de 30 rutas nacionales y en los principales accesos y egresos al \u00c1rea Metropolitana de Buenos Aires (AMBA).","og_url":"https:\/\/www.noticiasradioreflejos.com.ar\/2021\/fin-de-semana-largo-con-restriccion-de-camiones\/","og_site_name":"Noticias Radio Reflejos","article_published_time":"2024-06-14T14:06:30+00:00","og_image":[{"width":1200,"height":675,"url":"https:\/\/www.noticiasradioreflejos.com.ar\/2021\/wp-content\/uploads\/2023\/07\/restriccion-de-camiones-para-semana-santa_5091jpg.jpg","type":"image\/jpeg"}],"author":"Arnaldo Botto","twitter_card":"summary_large_image","schema":{"@context":"https:\/\/schema.org","@graph":[{"@type":"WebPage","@id":"https:\/\/www.noticiasradioreflejos.com.ar\/2021\/fin-de-semana-largo-con-restriccion-de-camiones\/","url":"https:\/\/www.noticiasradioreflejos.com.ar\/2021\/fin-de-semana-largo-con-restriccion-de-camiones\/","name":"Fin de semana largo con restricci\u00f3n de camiones - Noticias Radio Reflejos","isPartOf":{"@id":"https:\/\/www.noticiasradioreflejos.com.ar\/2021\/#website"},"primaryImageOfPage":{"@id":"https:\/\/www.noticiasradioreflejos.com.ar\/2021\/fin-de-semana-largo-con-restriccion-de-camiones\/#primaryimage"},"image":{"@id":"https:\/\/www.noticiasradioreflejos.com.ar\/2021\/fin-de-semana-largo-con-restriccion-de-camiones\/#primaryimage"},"thumbnailUrl":"https:\/\/www.noticiasradioreflejos.com.ar\/2021\/wp-content\/uploads\/2023\/07\/restriccion-de-camiones-para-semana-santa_5091jpg.jpg","datePublished":"2024-06-14T14:06:30+00:00","author":{"@id":"https:\/\/www.noticiasradioreflejos.com.ar\/2021\/#\/schema\/person\/ad82545263dcc5ec0996818884fd5fb1"},"breadcrumb":{"@id":"https:\/\/www.noticiasradioreflejos.com.ar\/2021\/fin-de-semana-largo-con-restriccion-de-camiones\/#breadcrumb"},"inLanguage":"es","potentialAction":[{"@type":"ReadAction","target":["https:\/\/www.noticiasradioreflejos.com.ar\/2021\/fin-de-semana-largo-con-restriccion-de-camiones\/"]}]},{"@type":"ImageObject","inLanguage":"es","@id":"https:\/\/www.noticiasradioreflejos.com.ar\/2021\/fin-de-semana-largo-con-restriccion-de-camiones\/#primaryimage","url":"https:\/\/www.noticiasradioreflejos.com.ar\/2021\/wp-content\/uploads\/2023\/07\/restriccion-de-camiones-para-semana-santa_5091jpg.jpg","contentUrl":"https:\/\/www.noticiasradioreflejos.com.ar\/2021\/wp-content\/uploads\/2023\/07\/restriccion-de-camiones-para-semana-santa_5091jpg.jpg","width":1200,"height":675},{"@type":"BreadcrumbList","@id":"https:\/\/www.noticiasradioreflejos.com.ar\/2021\/fin-de-semana-largo-con-restriccion-de-camiones\/#breadcrumb","itemListElement":[{"@type":"ListItem","position":1,"name":"Portada","item":"https:\/\/www.noticiasradioreflejos.com.ar\/2021\/"},{"@type":"ListItem","position":2,"name":"Fin de semana largo con restricci\u00f3n de camiones"}]},{"@type":"WebSite","@id":"https:\/\/www.noticiasradioreflejos.com.ar\/2021\/#website","url":"https:\/\/www.noticiasradioreflejos.com.ar\/2021\/","name":"Noticias Radio Reflejos","description":"Las noticias de mi comarca","potentialAction":[{"@type":"SearchAction","target":{"@type":"EntryPoint","urlTemplate":"https:\/\/www.noticiasradioreflejos.com.ar\/2021\/?s={search_term_string}"},"query-input":{"@type":"PropertyValueSpecification","valueRequired":true,"valueName":"search_term_string"}}],"inLanguage":"es"},{"@type":"Person","@id":"https:\/\/www.noticiasradioreflejos.com.ar\/2021\/#\/schema\/person\/ad82545263dcc5ec0996818884fd5fb1","name":"Arnaldo Botto","image":{"@type":"ImageObject","inLanguage":"es","@id":"https:\/\/www.noticiasradioreflejos.com.ar\/2021\/#\/schema\/person\/image\/","url":"https:\/\/secure.gravatar.com\/avatar\/55cb5e37c1efa326397366e6974cb338056df65cb50e7d64d1cf314e87504837?s=96&d=mm&r=g","contentUrl":"https:\/\/secure.gravatar.com\/avatar\/55cb5e37c1efa326397366e6974cb338056df65cb50e7d64d1cf314e87504837?s=96&d=mm&r=g","caption":"Arnaldo Botto"},"url":"https:\/\/www.noticiasradioreflejos.com.ar\/2021\/author\/arnaldo\/"}]}},"_links":{"self":[{"href":"https:\/\/www.noticiasradioreflejos.com.ar\/2021\/wp-json\/wp\/v2\/posts\/103930","targetHints":{"allow":["GET"]}}],"collection":[{"href":"https:\/\/www.noticiasradioreflejos.com.ar\/2021\/wp-json\/wp\/v2\/posts"}],"about":[{"href":"https:\/\/www.noticiasradioreflejos.com.ar\/2021\/wp-json\/wp\/v2\/types\/post"}],"author":[{"embeddable":true,"href":"https:\/\/www.noticiasradioreflejos.com.ar\/2021\/wp-json\/wp\/v2\/users\/3"}],"replies":[{"embeddable":true,"href":"https:\/\/www.noticiasradioreflejos.com.ar\/2021\/wp-json\/wp\/v2\/comments?post=103930"}],"version-history":[{"count":1,"href":"https:\/\/www.noticiasradioreflejos.com.ar\/2021\/wp-json\/wp\/v2\/posts\/103930\/revisions"}],"predecessor-version":[{"id":103931,"href":"https:\/\/www.noticiasradioreflejos.com.ar\/2021\/wp-json\/wp\/v2\/posts\/103930\/revisions\/103931"}],"wp:featuredmedia":[{"embeddable":true,"href":"https:\/\/www.noticiasradioreflejos.com.ar\/2021\/wp-json\/wp\/v2\/media\/90472"}],"wp:attachment":[{"href":"https:\/\/www.noticiasradioreflejos.com.ar\/2021\/wp-json\/wp\/v2\/media?parent=103930"}],"wp:term":[{"taxonomy":"category","embeddable":true,"href":"https:\/\/www.noticiasradioreflejos.com.ar\/2021\/wp-json\/wp\/v2\/categories?post=103930"},{"taxonomy":"post_tag","embeddable":true,"href":"https:\/\/www.noticiasradioreflejos.com.ar\/2021\/wp-json\/wp\/v2\/tags?post=103930"}],"curies":[{"name":"wp","href":"https:\/\/api.w.org\/{rel}","templated":true}]}}