{"id":103885,"date":"2024-06-13T11:22:28","date_gmt":"2024-06-13T14:22:28","guid":{"rendered":"https:\/\/www.noticiasradioreflejos.com.ar\/2021\/?p=103885"},"modified":"2024-06-13T11:22:28","modified_gmt":"2024-06-13T14:22:28","slug":"se-realizo-la-3ra-charla-de-capacitacion-turistica-de-camcotisas","status":"publish","type":"post","link":"https:\/\/www.noticiasradioreflejos.com.ar\/2021\/se-realizo-la-3ra-charla-de-capacitacion-turistica-de-camcotisas\/","title":{"rendered":"Se realiz\u00f3 la 3ra charla de capacitaci\u00f3n tur\u00edstica de Camcotisas."},"content":{"rendered":"<p>El d\u00eda 10 de Junio, se celebr\u00f3 la tercera charla del ciclo de encuentros formativos e informativos de Camcotisas. El objetivo de este ciclo es: dar a conocer qu\u00e9 prestadores y organizaciones brindan servicios tur\u00edsticos en los principales atractivos de la comarca. Destinado a todas las personas que trabajan en turismo o est\u00e1n en contacto con el visitante.<!--more--><\/p>\n<p>Hoy el sal\u00f3n del Centro Cultural, una vez m\u00e1s, se encontr\u00f3 muy concurrido con m\u00e1s de 40 personas que pudieron apreciar completa informaci\u00f3n sobre: \u201cTodos los servicios tur\u00edsticos que ofrece Estancia Las Vertientes\u201d. Este evento cont\u00f3 en primer lugar con la presencia de Romina Petruchi, administradora del \u00e1rea de Turismo Rural y Alojamiento del emprendimiento. Pero tambi\u00e9n de todos los gu\u00edas y prestadores que desarrollan actividades en el predio. De manera muy din\u00e1mica y s\u00f3lo por el espacio de una hora deleitaron a la audiencia con sus disertaciones.<\/p>\n<p>Las Empresas de servicios tur\u00edsticos que relataron sobre la oferta espec\u00edfica que realizan versando los atractivos y productos tratados en el evento fueron: Walter, Esteban, Leo, Christian, Oriol, Omar, Alejandro, Jerem\u00edas y Javier, completando una\u00a0 la charla y al final respondieron preguntas de la audiencia.<\/p>\n<p>&nbsp;<br \/>\n<a data-flickr-embed=\"true\" href=\"https:\/\/www.flickr.com\/photos\/182279889@N02\/53789035345\/in\/dateposted-public\/\" title=\"Camcotisas (2)\"><img loading=\"lazy\" decoding=\"async\" src=\"https:\/\/live.staticflickr.com\/65535\/53789035345_eca63eeaa6_c.jpg\" width=\"800\" height=\"600\" alt=\"Camcotisas (2)\"\/><\/a><script async src=\"\/\/embedr.flickr.com\/assets\/client-code.js\" charset=\"utf-8\"><\/script><br \/>\n&nbsp;<\/p>\n<p>Todos los participantes pudieron recibir informaci\u00f3n actualizada que comprende las siguientes actividades y productos:<\/p>\n<ul>\n<li>Caminatas de dificultad moderada, pet friendly.<\/li>\n<li>Caminatas nocturnas.<\/li>\n<li>Treking dificultad media, cerro Bonsai.<\/li>\n<li>Plataformas entre los \u00e1rboles. Apto familias.<\/li>\n<li>Cuatriciclos con gu\u00eda. Salidas para 1 a 8 cuatriciclos. Apto familias<\/li>\n<li>Paint Ball.<\/li>\n<li>Arquer\u00eda.<\/li>\n<li>Apto familias .<\/li>\n<li>Bike Park. Para bicicletas de monta\u00f1a nivel intermedio y avanzado.<\/li>\n<li>Astro turismo. Apto familias<\/li>\n<li>Proyecto Parque Vertientes.<\/li>\n<li>Excursiones en bicicleta de monta\u00f1a. Todos los niveles.<\/li>\n<li>Queser\u00eda en la casa de Piedra<\/li>\n<\/ul>\n<p>Para la mayor\u00eda de las actividades es necesario hacer reserva previa contactando a cada uno de los gu\u00edas. Pero si se trata de visitar la queser\u00eda la misma se puede visitar por las tardes luego de las 14 hs.<\/p>\n<p>Camcotisas agradece p\u00fablicamente a todos los expositores que se acercaron a brindarnos sus disertaciones y a todos los concurrentes por su participaci\u00f3n e inter\u00e9s. La C\u00e1mara con este ciclo de charlas intenta convocar a personas que est\u00e9n en contacto con los turistas y visitantes, sean o no socios, para que seamos cada vez mejores anfitriones en el destino. M\u00e1s all\u00e1 de los a\u00f1os vividos en la zona es indispensable tener informaci\u00f3n actualizada de las excursiones y productos que se realizan en la comarca.<\/p>\n<p>Los esperamos en la pr\u00f3xima charla.<\/p>\n","protected":false},"excerpt":{"rendered":"<p>El d\u00eda 10 de Junio, se celebr\u00f3 la tercera charla del ciclo de encuentros formativos e informativos de Camcotisas. El objetivo de este ciclo es: dar a conocer qu\u00e9 prestadores y organizaciones brindan servicios tur\u00edsticos en los principales atractivos de la comarca. Destinado a todas las personas que trabajan en turismo o est\u00e1n en contacto [&hellip;]<\/p>\n","protected":false},"author":3,"featured_media":0,"comment_status":"closed","ping_status":"closed","sticky":false,"template":"","format":"standard","meta":{"footnotes":""},"categories":[1],"tags":[],"class_list":["post-103885","post","type-post","status-publish","format-standard","hentry","category-sin-categoria"],"yoast_head":"<!-- This site is optimized with the Yoast SEO plugin v25.9 - https:\/\/yoast.com\/wordpress\/plugins\/seo\/ -->\n<title>Se realiz\u00f3 la 3ra charla de capacitaci\u00f3n tur\u00edstica de Camcotisas. - Noticias Radio Reflejos<\/title>\n<meta name=\"robots\" content=\"index, follow, max-snippet:-1, max-image-preview:large, max-video-preview:-1\" \/>\n<link rel=\"canonical\" href=\"https:\/\/www.noticiasradioreflejos.com.ar\/2021\/se-realizo-la-3ra-charla-de-capacitacion-turistica-de-camcotisas\/\" \/>\n<meta property=\"og:locale\" content=\"es_ES\" \/>\n<meta property=\"og:type\" content=\"article\" \/>\n<meta property=\"og:title\" content=\"Se realiz\u00f3 la 3ra charla de capacitaci\u00f3n tur\u00edstica de Camcotisas. - Noticias Radio Reflejos\" \/>\n<meta property=\"og:description\" content=\"El d\u00eda 10 de Junio, se celebr\u00f3 la tercera charla del ciclo de encuentros formativos e informativos de Camcotisas. El objetivo de este ciclo es: dar a conocer qu\u00e9 prestadores y organizaciones brindan servicios tur\u00edsticos en los principales atractivos de la comarca. Destinado a todas las personas que trabajan en turismo o est\u00e1n en contacto [&hellip;]\" \/>\n<meta property=\"og:url\" content=\"https:\/\/www.noticiasradioreflejos.com.ar\/2021\/se-realizo-la-3ra-charla-de-capacitacion-turistica-de-camcotisas\/\" \/>\n<meta property=\"og:site_name\" content=\"Noticias Radio Reflejos\" \/>\n<meta property=\"article:published_time\" content=\"2024-06-13T14:22:28+00:00\" \/>\n<meta property=\"og:image\" content=\"https:\/\/www.noticiasradioreflejos.com.ar\/2021\/wp-content\/uploads\/2024\/06\/Camcotisas-1.jpeg\" \/>\n\t<meta property=\"og:image:width\" content=\"1600\" \/>\n\t<meta property=\"og:image:height\" content=\"900\" \/>\n\t<meta property=\"og:image:type\" content=\"image\/jpeg\" \/>\n<meta name=\"author\" content=\"Arnaldo Botto\" \/>\n<meta name=\"twitter:card\" content=\"summary_large_image\" \/>\n<script type=\"application\/ld+json\" class=\"yoast-schema-graph\">{\"@context\":\"https:\/\/schema.org\",\"@graph\":[{\"@type\":\"WebPage\",\"@id\":\"https:\/\/www.noticiasradioreflejos.com.ar\/2021\/se-realizo-la-3ra-charla-de-capacitacion-turistica-de-camcotisas\/\",\"url\":\"https:\/\/www.noticiasradioreflejos.com.ar\/2021\/se-realizo-la-3ra-charla-de-capacitacion-turistica-de-camcotisas\/\",\"name\":\"Se realiz\u00f3 la 3ra charla de capacitaci\u00f3n tur\u00edstica de Camcotisas. - Noticias Radio Reflejos\",\"isPartOf\":{\"@id\":\"https:\/\/www.noticiasradioreflejos.com.ar\/2021\/#website\"},\"primaryImageOfPage\":{\"@id\":\"https:\/\/www.noticiasradioreflejos.com.ar\/2021\/se-realizo-la-3ra-charla-de-capacitacion-turistica-de-camcotisas\/#primaryimage\"},\"image\":{\"@id\":\"https:\/\/www.noticiasradioreflejos.com.ar\/2021\/se-realizo-la-3ra-charla-de-capacitacion-turistica-de-camcotisas\/#primaryimage\"},\"thumbnailUrl\":\"https:\/\/live.staticflickr.com\/65535\/53789035345_eca63eeaa6_c.jpg\",\"datePublished\":\"2024-06-13T14:22:28+00:00\",\"author\":{\"@id\":\"https:\/\/www.noticiasradioreflejos.com.ar\/2021\/#\/schema\/person\/ad82545263dcc5ec0996818884fd5fb1\"},\"breadcrumb\":{\"@id\":\"https:\/\/www.noticiasradioreflejos.com.ar\/2021\/se-realizo-la-3ra-charla-de-capacitacion-turistica-de-camcotisas\/#breadcrumb\"},\"inLanguage\":\"es\",\"potentialAction\":[{\"@type\":\"ReadAction\",\"target\":[\"https:\/\/www.noticiasradioreflejos.com.ar\/2021\/se-realizo-la-3ra-charla-de-capacitacion-turistica-de-camcotisas\/\"]}]},{\"@type\":\"ImageObject\",\"inLanguage\":\"es\",\"@id\":\"https:\/\/www.noticiasradioreflejos.com.ar\/2021\/se-realizo-la-3ra-charla-de-capacitacion-turistica-de-camcotisas\/#primaryimage\",\"url\":\"https:\/\/live.staticflickr.com\/65535\/53789035345_eca63eeaa6_c.jpg\",\"contentUrl\":\"https:\/\/live.staticflickr.com\/65535\/53789035345_eca63eeaa6_c.jpg\"},{\"@type\":\"BreadcrumbList\",\"@id\":\"https:\/\/www.noticiasradioreflejos.com.ar\/2021\/se-realizo-la-3ra-charla-de-capacitacion-turistica-de-camcotisas\/#breadcrumb\",\"itemListElement\":[{\"@type\":\"ListItem\",\"position\":1,\"name\":\"Portada\",\"item\":\"https:\/\/www.noticiasradioreflejos.com.ar\/2021\/\"},{\"@type\":\"ListItem\",\"position\":2,\"name\":\"Se realiz\u00f3 la 3ra charla de capacitaci\u00f3n tur\u00edstica de Camcotisas.\"}]},{\"@type\":\"WebSite\",\"@id\":\"https:\/\/www.noticiasradioreflejos.com.ar\/2021\/#website\",\"url\":\"https:\/\/www.noticiasradioreflejos.com.ar\/2021\/\",\"name\":\"Noticias Radio Reflejos\",\"description\":\"Las noticias de mi comarca\",\"potentialAction\":[{\"@type\":\"SearchAction\",\"target\":{\"@type\":\"EntryPoint\",\"urlTemplate\":\"https:\/\/www.noticiasradioreflejos.com.ar\/2021\/?s={search_term_string}\"},\"query-input\":{\"@type\":\"PropertyValueSpecification\",\"valueRequired\":true,\"valueName\":\"search_term_string\"}}],\"inLanguage\":\"es\"},{\"@type\":\"Person\",\"@id\":\"https:\/\/www.noticiasradioreflejos.com.ar\/2021\/#\/schema\/person\/ad82545263dcc5ec0996818884fd5fb1\",\"name\":\"Arnaldo Botto\",\"image\":{\"@type\":\"ImageObject\",\"inLanguage\":\"es\",\"@id\":\"https:\/\/www.noticiasradioreflejos.com.ar\/2021\/#\/schema\/person\/image\/\",\"url\":\"https:\/\/secure.gravatar.com\/avatar\/55cb5e37c1efa326397366e6974cb338056df65cb50e7d64d1cf314e87504837?s=96&d=mm&r=g\",\"contentUrl\":\"https:\/\/secure.gravatar.com\/avatar\/55cb5e37c1efa326397366e6974cb338056df65cb50e7d64d1cf314e87504837?s=96&d=mm&r=g\",\"caption\":\"Arnaldo Botto\"},\"url\":\"https:\/\/www.noticiasradioreflejos.com.ar\/2021\/author\/arnaldo\/\"}]}<\/script>\n<!-- \/ Yoast SEO plugin. -->","yoast_head_json":{"title":"Se realiz\u00f3 la 3ra charla de capacitaci\u00f3n tur\u00edstica de Camcotisas. - Noticias Radio Reflejos","robots":{"index":"index","follow":"follow","max-snippet":"max-snippet:-1","max-image-preview":"max-image-preview:large","max-video-preview":"max-video-preview:-1"},"canonical":"https:\/\/www.noticiasradioreflejos.com.ar\/2021\/se-realizo-la-3ra-charla-de-capacitacion-turistica-de-camcotisas\/","og_locale":"es_ES","og_type":"article","og_title":"Se realiz\u00f3 la 3ra charla de capacitaci\u00f3n tur\u00edstica de Camcotisas. - Noticias Radio Reflejos","og_description":"El d\u00eda 10 de Junio, se celebr\u00f3 la tercera charla del ciclo de encuentros formativos e informativos de Camcotisas. El objetivo de este ciclo es: dar a conocer qu\u00e9 prestadores y organizaciones brindan servicios tur\u00edsticos en los principales atractivos de la comarca. Destinado a todas las personas que trabajan en turismo o est\u00e1n en contacto [&hellip;]","og_url":"https:\/\/www.noticiasradioreflejos.com.ar\/2021\/se-realizo-la-3ra-charla-de-capacitacion-turistica-de-camcotisas\/","og_site_name":"Noticias Radio Reflejos","article_published_time":"2024-06-13T14:22:28+00:00","og_image":[{"width":1600,"height":900,"url":"https:\/\/www.noticiasradioreflejos.com.ar\/2021\/wp-content\/uploads\/2024\/06\/Camcotisas-1.jpeg","type":"image\/jpeg"}],"author":"Arnaldo Botto","twitter_card":"summary_large_image","schema":{"@context":"https:\/\/schema.org","@graph":[{"@type":"WebPage","@id":"https:\/\/www.noticiasradioreflejos.com.ar\/2021\/se-realizo-la-3ra-charla-de-capacitacion-turistica-de-camcotisas\/","url":"https:\/\/www.noticiasradioreflejos.com.ar\/2021\/se-realizo-la-3ra-charla-de-capacitacion-turistica-de-camcotisas\/","name":"Se realiz\u00f3 la 3ra charla de capacitaci\u00f3n tur\u00edstica de Camcotisas. - Noticias Radio Reflejos","isPartOf":{"@id":"https:\/\/www.noticiasradioreflejos.com.ar\/2021\/#website"},"primaryImageOfPage":{"@id":"https:\/\/www.noticiasradioreflejos.com.ar\/2021\/se-realizo-la-3ra-charla-de-capacitacion-turistica-de-camcotisas\/#primaryimage"},"image":{"@id":"https:\/\/www.noticiasradioreflejos.com.ar\/2021\/se-realizo-la-3ra-charla-de-capacitacion-turistica-de-camcotisas\/#primaryimage"},"thumbnailUrl":"https:\/\/live.staticflickr.com\/65535\/53789035345_eca63eeaa6_c.jpg","datePublished":"2024-06-13T14:22:28+00:00","author":{"@id":"https:\/\/www.noticiasradioreflejos.com.ar\/2021\/#\/schema\/person\/ad82545263dcc5ec0996818884fd5fb1"},"breadcrumb":{"@id":"https:\/\/www.noticiasradioreflejos.com.ar\/2021\/se-realizo-la-3ra-charla-de-capacitacion-turistica-de-camcotisas\/#breadcrumb"},"inLanguage":"es","potentialAction":[{"@type":"ReadAction","target":["https:\/\/www.noticiasradioreflejos.com.ar\/2021\/se-realizo-la-3ra-charla-de-capacitacion-turistica-de-camcotisas\/"]}]},{"@type":"ImageObject","inLanguage":"es","@id":"https:\/\/www.noticiasradioreflejos.com.ar\/2021\/se-realizo-la-3ra-charla-de-capacitacion-turistica-de-camcotisas\/#primaryimage","url":"https:\/\/live.staticflickr.com\/65535\/53789035345_eca63eeaa6_c.jpg","contentUrl":"https:\/\/live.staticflickr.com\/65535\/53789035345_eca63eeaa6_c.jpg"},{"@type":"BreadcrumbList","@id":"https:\/\/www.noticiasradioreflejos.com.ar\/2021\/se-realizo-la-3ra-charla-de-capacitacion-turistica-de-camcotisas\/#breadcrumb","itemListElement":[{"@type":"ListItem","position":1,"name":"Portada","item":"https:\/\/www.noticiasradioreflejos.com.ar\/2021\/"},{"@type":"ListItem","position":2,"name":"Se realiz\u00f3 la 3ra charla de capacitaci\u00f3n tur\u00edstica de Camcotisas."}]},{"@type":"WebSite","@id":"https:\/\/www.noticiasradioreflejos.com.ar\/2021\/#website","url":"https:\/\/www.noticiasradioreflejos.com.ar\/2021\/","name":"Noticias Radio Reflejos","description":"Las noticias de mi comarca","potentialAction":[{"@type":"SearchAction","target":{"@type":"EntryPoint","urlTemplate":"https:\/\/www.noticiasradioreflejos.com.ar\/2021\/?s={search_term_string}"},"query-input":{"@type":"PropertyValueSpecification","valueRequired":true,"valueName":"search_term_string"}}],"inLanguage":"es"},{"@type":"Person","@id":"https:\/\/www.noticiasradioreflejos.com.ar\/2021\/#\/schema\/person\/ad82545263dcc5ec0996818884fd5fb1","name":"Arnaldo Botto","image":{"@type":"ImageObject","inLanguage":"es","@id":"https:\/\/www.noticiasradioreflejos.com.ar\/2021\/#\/schema\/person\/image\/","url":"https:\/\/secure.gravatar.com\/avatar\/55cb5e37c1efa326397366e6974cb338056df65cb50e7d64d1cf314e87504837?s=96&d=mm&r=g","contentUrl":"https:\/\/secure.gravatar.com\/avatar\/55cb5e37c1efa326397366e6974cb338056df65cb50e7d64d1cf314e87504837?s=96&d=mm&r=g","caption":"Arnaldo Botto"},"url":"https:\/\/www.noticiasradioreflejos.com.ar\/2021\/author\/arnaldo\/"}]}},"_links":{"self":[{"href":"https:\/\/www.noticiasradioreflejos.com.ar\/2021\/wp-json\/wp\/v2\/posts\/103885","targetHints":{"allow":["GET"]}}],"collection":[{"href":"https:\/\/www.noticiasradioreflejos.com.ar\/2021\/wp-json\/wp\/v2\/posts"}],"about":[{"href":"https:\/\/www.noticiasradioreflejos.com.ar\/2021\/wp-json\/wp\/v2\/types\/post"}],"author":[{"embeddable":true,"href":"https:\/\/www.noticiasradioreflejos.com.ar\/2021\/wp-json\/wp\/v2\/users\/3"}],"replies":[{"embeddable":true,"href":"https:\/\/www.noticiasradioreflejos.com.ar\/2021\/wp-json\/wp\/v2\/comments?post=103885"}],"version-history":[{"count":1,"href":"https:\/\/www.noticiasradioreflejos.com.ar\/2021\/wp-json\/wp\/v2\/posts\/103885\/revisions"}],"predecessor-version":[{"id":103888,"href":"https:\/\/www.noticiasradioreflejos.com.ar\/2021\/wp-json\/wp\/v2\/posts\/103885\/revisions\/103888"}],"wp:attachment":[{"href":"https:\/\/www.noticiasradioreflejos.com.ar\/2021\/wp-json\/wp\/v2\/media?parent=103885"}],"wp:term":[{"taxonomy":"category","embeddable":true,"href":"https:\/\/www.noticiasradioreflejos.com.ar\/2021\/wp-json\/wp\/v2\/categories?post=103885"},{"taxonomy":"post_tag","embeddable":true,"href":"https:\/\/www.noticiasradioreflejos.com.ar\/2021\/wp-json\/wp\/v2\/tags?post=103885"}],"curies":[{"name":"wp","href":"https:\/\/api.w.org\/{rel}","templated":true}]}}