{"id":103837,"date":"2024-06-12T07:56:32","date_gmt":"2024-06-12T10:56:32","guid":{"rendered":"https:\/\/www.noticiasradioreflejos.com.ar\/2021\/?p=103837"},"modified":"2024-06-12T08:29:58","modified_gmt":"2024-06-12T11:29:58","slug":"el-senado-debatira-la-privatizacion-de-once-empresas-publicas","status":"publish","type":"post","link":"https:\/\/www.noticiasradioreflejos.com.ar\/2021\/el-senado-debatira-la-privatizacion-de-once-empresas-publicas\/","title":{"rendered":"El Senado debatir\u00e1 la privatizaci\u00f3n de once empresas p\u00fablicas"},"content":{"rendered":"<p>El oficialismo definir\u00e1 la propuesta de venta de Aerol\u00edneas Argentinas ante el riesgo de que se caiga el articulo que contempla la privatizaci\u00f3n de Radio y Televisi\u00f3n P\u00fablica, Enarsa e Intercargo<!--more--><\/p>\n<div class=\"columns\" data-tadevel-template=\"web\/article-columns\">\n<div class=\"column-main\">\n<div class=\"article-body\" data-tadevel-template=\"web\/article-body\">\n<div class=\"article-body-content\">\n<p>Uno de los puntos centrales contemplados en el proyecto de\u00a0<strong>Ley Bases<\/strong>\u00a0que debatir\u00e1 hoy jueves la\u00a0<strong>C\u00e1mara de Senadores\u00a0<\/strong>son las privatizaciones o concesiones de once empresas p\u00fablicas, aunque hay dudas que se mantenga la venta\u00a0<strong>Aerol\u00edneas Argentinas.<\/strong><\/p>\n<p>La libertad Avanza quiere mantener la propuesta contemplada en el dictamen de mayor\u00eda de las comisiones de Asuntos Constitucionales, Presupuesto y Hacienda, y Legislaci\u00f3n General, pero hay resistencia de que pueda mantener en la lista a la empresa de aviaci\u00f3n.<\/p>\n<p><strong>El oficialismo propone la privatizaci\u00f3n total de Aerol\u00edneas Argentinas, Radio y Televisi\u00f3n, Intercargo y Energ\u00eda Argentina (Enarsa).<\/strong><\/p>\n<p>Pero\u00a0<strong>en el caso de Aerol\u00edneas Argentinas hay resistencias de los senadores del Sur<\/strong>\u00a0como en caso del radical fueguino Pablo Blanco y de la chubutense Edith Terenzi que van a aprobar en general el dictamen de mayor\u00eda, pero se oponen a la venta de la empresa a\u00e9rea al sostener que algunas provincias quedar\u00e1n aisladas.<\/p>\n<p>Si a ese rechazo se suman los 33 votos de UP y alg\u00fan otro legislador dialoguista, el Gobierno corre el riesgo no solo que se elimina la privatizaci\u00f3n de Aerol\u00edneas Argentinas, sino de las otras empresas que est\u00e1n comprendidas en el articulo 7 de la ley Base como\u00a0<strong>RTA, Intercargo y Enarsa.<\/strong><\/p>\n<p><strong>En tanto, en el caso Aguas y Saneamientos Argentinos SA(Aysa), Correo Oficial, Belgrano Cargas y Log\u00edstico S.A, Sociedad Operadora Ferroviaria, y Corredores Viales propone una concesi\u00f3n parcial es decir que est\u00e9n abiertas a incorporar capital privado.<\/strong><\/p>\n<p>En cambio, en el caso de la estrat\u00e9gica empresa\u00a0<strong>Nucleoel\u00e9ctrica Argentina Sociedad An\u00f3nima (Nassa)<\/strong>\u00a0fija que solo se podr\u00e1 organizar un Programa de Propiedad Participada (PPP) y colocar una clase de acciones para ese fin.<\/p>\n<p><strong>En este caso se permite la participaci\u00f3n del capital privado\u00a0<\/strong>debiendo el Estado Nacional mantener el control o la participaci\u00f3n mayoritaria en el capital social, y adem\u00e1s se exigir\u00e1 que se requerir\u00e1 el voto afirmativo para la toma de decisiones claves tanto para ampliar la capacidad de una central de generaci\u00f3n el\u00e9ctrica o para la construcci\u00f3n de una nueva.<\/p>\n<p>Otra empresa sujeta a privatizaci\u00f3n ser\u00e1 el\u00a0<strong>Complejo Carbon\u00edfero, ferroviario y Portuario a cargo de de Yacimientos Carbon\u00edferos Rio Turbio (YCRT),\u00a0<\/strong>aunque solo se permite tambi\u00e9n organizar un PPP y color una clase de acciones para ese fin debiendo el Estado Nacional mantener el control o la participaci\u00f3n del mismo.<\/p>\n<p>La<strong>\u00a0Ley Bases\u00a0<\/strong>establecer\u00e1 que La Comisi\u00f3n Bicameral de Seguimiento de las Privatizaciones deber\u00e1 ser informada de \u00a0la modalidad y procedimiento seleccionado conforme cualquier preferencia concedida a un potencial adquirente por parte del Poder Ejecutivo.<\/p>\n<p>Tambi\u00e9n las medidas adoptadas a fin de garantizar los principios de transparencia, competencia, m\u00e1xima concurrencia, igualdad, publicidad y gobierno abierto en los procesos de toma de decisi\u00f3n; y de toda otra circunstancia de relevancia vinculada al proceso de privatizaci\u00f3n, al tiempo que la \u00a0Sindicatura General de la Naci\u00f3n y la Auditor\u00eda General \u00a0la Naci\u00f3n actuar\u00e1n en colaboraci\u00f3n permanente con esta Comisi\u00f3n.<\/p>\n<\/div>\n<\/div>\n<div class=\"top style-scope view-comment-preview\"><\/div>\n<\/div>\n<\/div>\n<div id=\"wrapper\" class=\"wrapper style-scope aux-sheet\">\n<div class=\"decorator style-scope aux-sheet\">\n<div class=\"title style-scope aux-sheet\"><\/div>\n<\/div>\n<\/div>\n","protected":false},"excerpt":{"rendered":"<p>El oficialismo definir\u00e1 la propuesta de venta de Aerol\u00edneas Argentinas ante el riesgo de que se caiga el articulo que contempla la privatizaci\u00f3n de Radio y Televisi\u00f3n P\u00fablica, Enarsa e Intercargo<\/p>\n","protected":false},"author":3,"featured_media":70671,"comment_status":"closed","ping_status":"closed","sticky":false,"template":"","format":"standard","meta":{"footnotes":""},"categories":[24],"tags":[],"class_list":["post-103837","post","type-post","status-publish","format-standard","has-post-thumbnail","hentry","category-politica"],"yoast_head":"<!-- This site is optimized with the Yoast SEO plugin v25.9 - https:\/\/yoast.com\/wordpress\/plugins\/seo\/ -->\n<title>El Senado debatir\u00e1 la privatizaci\u00f3n de once empresas p\u00fablicas - Noticias Radio Reflejos<\/title>\n<meta name=\"robots\" content=\"index, follow, max-snippet:-1, max-image-preview:large, max-video-preview:-1\" \/>\n<link rel=\"canonical\" href=\"https:\/\/www.noticiasradioreflejos.com.ar\/2021\/el-senado-debatira-la-privatizacion-de-once-empresas-publicas\/\" \/>\n<meta property=\"og:locale\" content=\"es_ES\" \/>\n<meta property=\"og:type\" content=\"article\" \/>\n<meta property=\"og:title\" content=\"El Senado debatir\u00e1 la privatizaci\u00f3n de once empresas p\u00fablicas - Noticias Radio Reflejos\" \/>\n<meta property=\"og:description\" content=\"El oficialismo definir\u00e1 la propuesta de venta de Aerol\u00edneas Argentinas ante el riesgo de que se caiga el articulo que contempla la privatizaci\u00f3n de Radio y Televisi\u00f3n P\u00fablica, Enarsa e Intercargo\" \/>\n<meta property=\"og:url\" content=\"https:\/\/www.noticiasradioreflejos.com.ar\/2021\/el-senado-debatira-la-privatizacion-de-once-empresas-publicas\/\" \/>\n<meta property=\"og:site_name\" content=\"Noticias Radio Reflejos\" \/>\n<meta property=\"article:published_time\" content=\"2024-06-12T10:56:32+00:00\" \/>\n<meta property=\"article:modified_time\" content=\"2024-06-12T11:29:58+00:00\" \/>\n<meta property=\"og:image\" content=\"https:\/\/www.noticiasradioreflejos.com.ar\/2021\/wp-content\/uploads\/2022\/04\/Aerolineas-Argentinas.jpg\" \/>\n\t<meta property=\"og:image:width\" content=\"900\" \/>\n\t<meta property=\"og:image:height\" content=\"599\" \/>\n\t<meta property=\"og:image:type\" content=\"image\/jpeg\" \/>\n<meta name=\"author\" content=\"Arnaldo Botto\" \/>\n<meta name=\"twitter:card\" content=\"summary_large_image\" \/>\n<script type=\"application\/ld+json\" class=\"yoast-schema-graph\">{\"@context\":\"https:\/\/schema.org\",\"@graph\":[{\"@type\":\"WebPage\",\"@id\":\"https:\/\/www.noticiasradioreflejos.com.ar\/2021\/el-senado-debatira-la-privatizacion-de-once-empresas-publicas\/\",\"url\":\"https:\/\/www.noticiasradioreflejos.com.ar\/2021\/el-senado-debatira-la-privatizacion-de-once-empresas-publicas\/\",\"name\":\"El Senado debatir\u00e1 la privatizaci\u00f3n de once empresas p\u00fablicas - Noticias Radio Reflejos\",\"isPartOf\":{\"@id\":\"https:\/\/www.noticiasradioreflejos.com.ar\/2021\/#website\"},\"primaryImageOfPage\":{\"@id\":\"https:\/\/www.noticiasradioreflejos.com.ar\/2021\/el-senado-debatira-la-privatizacion-de-once-empresas-publicas\/#primaryimage\"},\"image\":{\"@id\":\"https:\/\/www.noticiasradioreflejos.com.ar\/2021\/el-senado-debatira-la-privatizacion-de-once-empresas-publicas\/#primaryimage\"},\"thumbnailUrl\":\"https:\/\/www.noticiasradioreflejos.com.ar\/2021\/wp-content\/uploads\/2022\/04\/Aerolineas-Argentinas.jpg\",\"datePublished\":\"2024-06-12T10:56:32+00:00\",\"dateModified\":\"2024-06-12T11:29:58+00:00\",\"author\":{\"@id\":\"https:\/\/www.noticiasradioreflejos.com.ar\/2021\/#\/schema\/person\/ad82545263dcc5ec0996818884fd5fb1\"},\"breadcrumb\":{\"@id\":\"https:\/\/www.noticiasradioreflejos.com.ar\/2021\/el-senado-debatira-la-privatizacion-de-once-empresas-publicas\/#breadcrumb\"},\"inLanguage\":\"es\",\"potentialAction\":[{\"@type\":\"ReadAction\",\"target\":[\"https:\/\/www.noticiasradioreflejos.com.ar\/2021\/el-senado-debatira-la-privatizacion-de-once-empresas-publicas\/\"]}]},{\"@type\":\"ImageObject\",\"inLanguage\":\"es\",\"@id\":\"https:\/\/www.noticiasradioreflejos.com.ar\/2021\/el-senado-debatira-la-privatizacion-de-once-empresas-publicas\/#primaryimage\",\"url\":\"https:\/\/www.noticiasradioreflejos.com.ar\/2021\/wp-content\/uploads\/2022\/04\/Aerolineas-Argentinas.jpg\",\"contentUrl\":\"https:\/\/www.noticiasradioreflejos.com.ar\/2021\/wp-content\/uploads\/2022\/04\/Aerolineas-Argentinas.jpg\",\"width\":900,\"height\":599},{\"@type\":\"BreadcrumbList\",\"@id\":\"https:\/\/www.noticiasradioreflejos.com.ar\/2021\/el-senado-debatira-la-privatizacion-de-once-empresas-publicas\/#breadcrumb\",\"itemListElement\":[{\"@type\":\"ListItem\",\"position\":1,\"name\":\"Portada\",\"item\":\"https:\/\/www.noticiasradioreflejos.com.ar\/2021\/\"},{\"@type\":\"ListItem\",\"position\":2,\"name\":\"El Senado debatir\u00e1 la privatizaci\u00f3n de once empresas p\u00fablicas\"}]},{\"@type\":\"WebSite\",\"@id\":\"https:\/\/www.noticiasradioreflejos.com.ar\/2021\/#website\",\"url\":\"https:\/\/www.noticiasradioreflejos.com.ar\/2021\/\",\"name\":\"Noticias Radio Reflejos\",\"description\":\"Las noticias de mi comarca\",\"potentialAction\":[{\"@type\":\"SearchAction\",\"target\":{\"@type\":\"EntryPoint\",\"urlTemplate\":\"https:\/\/www.noticiasradioreflejos.com.ar\/2021\/?s={search_term_string}\"},\"query-input\":{\"@type\":\"PropertyValueSpecification\",\"valueRequired\":true,\"valueName\":\"search_term_string\"}}],\"inLanguage\":\"es\"},{\"@type\":\"Person\",\"@id\":\"https:\/\/www.noticiasradioreflejos.com.ar\/2021\/#\/schema\/person\/ad82545263dcc5ec0996818884fd5fb1\",\"name\":\"Arnaldo Botto\",\"image\":{\"@type\":\"ImageObject\",\"inLanguage\":\"es\",\"@id\":\"https:\/\/www.noticiasradioreflejos.com.ar\/2021\/#\/schema\/person\/image\/\",\"url\":\"https:\/\/secure.gravatar.com\/avatar\/55cb5e37c1efa326397366e6974cb338056df65cb50e7d64d1cf314e87504837?s=96&d=mm&r=g\",\"contentUrl\":\"https:\/\/secure.gravatar.com\/avatar\/55cb5e37c1efa326397366e6974cb338056df65cb50e7d64d1cf314e87504837?s=96&d=mm&r=g\",\"caption\":\"Arnaldo Botto\"},\"url\":\"https:\/\/www.noticiasradioreflejos.com.ar\/2021\/author\/arnaldo\/\"}]}<\/script>\n<!-- \/ Yoast SEO plugin. -->","yoast_head_json":{"title":"El Senado debatir\u00e1 la privatizaci\u00f3n de once empresas p\u00fablicas - Noticias Radio Reflejos","robots":{"index":"index","follow":"follow","max-snippet":"max-snippet:-1","max-image-preview":"max-image-preview:large","max-video-preview":"max-video-preview:-1"},"canonical":"https:\/\/www.noticiasradioreflejos.com.ar\/2021\/el-senado-debatira-la-privatizacion-de-once-empresas-publicas\/","og_locale":"es_ES","og_type":"article","og_title":"El Senado debatir\u00e1 la privatizaci\u00f3n de once empresas p\u00fablicas - Noticias Radio Reflejos","og_description":"El oficialismo definir\u00e1 la propuesta de venta de Aerol\u00edneas Argentinas ante el riesgo de que se caiga el articulo que contempla la privatizaci\u00f3n de Radio y Televisi\u00f3n P\u00fablica, Enarsa e Intercargo","og_url":"https:\/\/www.noticiasradioreflejos.com.ar\/2021\/el-senado-debatira-la-privatizacion-de-once-empresas-publicas\/","og_site_name":"Noticias Radio Reflejos","article_published_time":"2024-06-12T10:56:32+00:00","article_modified_time":"2024-06-12T11:29:58+00:00","og_image":[{"width":900,"height":599,"url":"https:\/\/www.noticiasradioreflejos.com.ar\/2021\/wp-content\/uploads\/2022\/04\/Aerolineas-Argentinas.jpg","type":"image\/jpeg"}],"author":"Arnaldo Botto","twitter_card":"summary_large_image","schema":{"@context":"https:\/\/schema.org","@graph":[{"@type":"WebPage","@id":"https:\/\/www.noticiasradioreflejos.com.ar\/2021\/el-senado-debatira-la-privatizacion-de-once-empresas-publicas\/","url":"https:\/\/www.noticiasradioreflejos.com.ar\/2021\/el-senado-debatira-la-privatizacion-de-once-empresas-publicas\/","name":"El Senado debatir\u00e1 la privatizaci\u00f3n de once empresas p\u00fablicas - Noticias Radio Reflejos","isPartOf":{"@id":"https:\/\/www.noticiasradioreflejos.com.ar\/2021\/#website"},"primaryImageOfPage":{"@id":"https:\/\/www.noticiasradioreflejos.com.ar\/2021\/el-senado-debatira-la-privatizacion-de-once-empresas-publicas\/#primaryimage"},"image":{"@id":"https:\/\/www.noticiasradioreflejos.com.ar\/2021\/el-senado-debatira-la-privatizacion-de-once-empresas-publicas\/#primaryimage"},"thumbnailUrl":"https:\/\/www.noticiasradioreflejos.com.ar\/2021\/wp-content\/uploads\/2022\/04\/Aerolineas-Argentinas.jpg","datePublished":"2024-06-12T10:56:32+00:00","dateModified":"2024-06-12T11:29:58+00:00","author":{"@id":"https:\/\/www.noticiasradioreflejos.com.ar\/2021\/#\/schema\/person\/ad82545263dcc5ec0996818884fd5fb1"},"breadcrumb":{"@id":"https:\/\/www.noticiasradioreflejos.com.ar\/2021\/el-senado-debatira-la-privatizacion-de-once-empresas-publicas\/#breadcrumb"},"inLanguage":"es","potentialAction":[{"@type":"ReadAction","target":["https:\/\/www.noticiasradioreflejos.com.ar\/2021\/el-senado-debatira-la-privatizacion-de-once-empresas-publicas\/"]}]},{"@type":"ImageObject","inLanguage":"es","@id":"https:\/\/www.noticiasradioreflejos.com.ar\/2021\/el-senado-debatira-la-privatizacion-de-once-empresas-publicas\/#primaryimage","url":"https:\/\/www.noticiasradioreflejos.com.ar\/2021\/wp-content\/uploads\/2022\/04\/Aerolineas-Argentinas.jpg","contentUrl":"https:\/\/www.noticiasradioreflejos.com.ar\/2021\/wp-content\/uploads\/2022\/04\/Aerolineas-Argentinas.jpg","width":900,"height":599},{"@type":"BreadcrumbList","@id":"https:\/\/www.noticiasradioreflejos.com.ar\/2021\/el-senado-debatira-la-privatizacion-de-once-empresas-publicas\/#breadcrumb","itemListElement":[{"@type":"ListItem","position":1,"name":"Portada","item":"https:\/\/www.noticiasradioreflejos.com.ar\/2021\/"},{"@type":"ListItem","position":2,"name":"El Senado debatir\u00e1 la privatizaci\u00f3n de once empresas p\u00fablicas"}]},{"@type":"WebSite","@id":"https:\/\/www.noticiasradioreflejos.com.ar\/2021\/#website","url":"https:\/\/www.noticiasradioreflejos.com.ar\/2021\/","name":"Noticias Radio Reflejos","description":"Las noticias de mi comarca","potentialAction":[{"@type":"SearchAction","target":{"@type":"EntryPoint","urlTemplate":"https:\/\/www.noticiasradioreflejos.com.ar\/2021\/?s={search_term_string}"},"query-input":{"@type":"PropertyValueSpecification","valueRequired":true,"valueName":"search_term_string"}}],"inLanguage":"es"},{"@type":"Person","@id":"https:\/\/www.noticiasradioreflejos.com.ar\/2021\/#\/schema\/person\/ad82545263dcc5ec0996818884fd5fb1","name":"Arnaldo Botto","image":{"@type":"ImageObject","inLanguage":"es","@id":"https:\/\/www.noticiasradioreflejos.com.ar\/2021\/#\/schema\/person\/image\/","url":"https:\/\/secure.gravatar.com\/avatar\/55cb5e37c1efa326397366e6974cb338056df65cb50e7d64d1cf314e87504837?s=96&d=mm&r=g","contentUrl":"https:\/\/secure.gravatar.com\/avatar\/55cb5e37c1efa326397366e6974cb338056df65cb50e7d64d1cf314e87504837?s=96&d=mm&r=g","caption":"Arnaldo Botto"},"url":"https:\/\/www.noticiasradioreflejos.com.ar\/2021\/author\/arnaldo\/"}]}},"_links":{"self":[{"href":"https:\/\/www.noticiasradioreflejos.com.ar\/2021\/wp-json\/wp\/v2\/posts\/103837","targetHints":{"allow":["GET"]}}],"collection":[{"href":"https:\/\/www.noticiasradioreflejos.com.ar\/2021\/wp-json\/wp\/v2\/posts"}],"about":[{"href":"https:\/\/www.noticiasradioreflejos.com.ar\/2021\/wp-json\/wp\/v2\/types\/post"}],"author":[{"embeddable":true,"href":"https:\/\/www.noticiasradioreflejos.com.ar\/2021\/wp-json\/wp\/v2\/users\/3"}],"replies":[{"embeddable":true,"href":"https:\/\/www.noticiasradioreflejos.com.ar\/2021\/wp-json\/wp\/v2\/comments?post=103837"}],"version-history":[{"count":1,"href":"https:\/\/www.noticiasradioreflejos.com.ar\/2021\/wp-json\/wp\/v2\/posts\/103837\/revisions"}],"predecessor-version":[{"id":103838,"href":"https:\/\/www.noticiasradioreflejos.com.ar\/2021\/wp-json\/wp\/v2\/posts\/103837\/revisions\/103838"}],"wp:featuredmedia":[{"embeddable":true,"href":"https:\/\/www.noticiasradioreflejos.com.ar\/2021\/wp-json\/wp\/v2\/media\/70671"}],"wp:attachment":[{"href":"https:\/\/www.noticiasradioreflejos.com.ar\/2021\/wp-json\/wp\/v2\/media?parent=103837"}],"wp:term":[{"taxonomy":"category","embeddable":true,"href":"https:\/\/www.noticiasradioreflejos.com.ar\/2021\/wp-json\/wp\/v2\/categories?post=103837"},{"taxonomy":"post_tag","embeddable":true,"href":"https:\/\/www.noticiasradioreflejos.com.ar\/2021\/wp-json\/wp\/v2\/tags?post=103837"}],"curies":[{"name":"wp","href":"https:\/\/api.w.org\/{rel}","templated":true}]}}