{"id":103835,"date":"2024-06-12T07:51:58","date_gmt":"2024-06-12T10:51:58","guid":{"rendered":"https:\/\/www.noticiasradioreflejos.com.ar\/2021\/?p=103835"},"modified":"2024-06-12T07:51:58","modified_gmt":"2024-06-12T10:51:58","slug":"hoy-se-debate-la-ley-bases-en-el-senado-el-gobierno-confia-en-tener-los-votos-pero-hay-puntos-en-los-que-aun-no-hay-acuerdo","status":"publish","type":"post","link":"https:\/\/www.noticiasradioreflejos.com.ar\/2021\/hoy-se-debate-la-ley-bases-en-el-senado-el-gobierno-confia-en-tener-los-votos-pero-hay-puntos-en-los-que-aun-no-hay-acuerdo\/","title":{"rendered":"Hoy se debate la Ley Bases en el Senado: el Gobierno conf\u00eda en tener los votos pero hay puntos en los que a\u00fan no hay acuerdo"},"content":{"rendered":"<p>Se aguarda un arduo cruce en los temas que son el coraz\u00f3n de la ley promovida por el oficialismo y no se descartan que haya m\u00e1s cambios en la discusi\u00f3n en particular. Ganancias, delegaci\u00f3n de facultades y privatizaciones son algunas de las principales trabas.<!--more--><\/p>\n<div class=\"columns\" data-tadevel-template=\"web\/article-columns\">\n<div class=\"column-main\">\n<div class=\"article-body\" data-tadevel-template=\"web\/article-body\">\n<div class=\"article-body-content\">\n<p>La delegaci\u00f3n de facultades al Poder Ejecutivo, el R\u00e9gimen de Promoci\u00f3n de Inversiones (RIGI) para atraer d\u00f3lares frescos, las privatizaciones de empresas p\u00fablicas, la restituci\u00f3n del impuesto a las ganancias a los sueldos m\u00e1s altos, y el blanqueo de capitales, son los cap\u00edtulos de la<strong>\u00a0Ley Bases y el paquete de medidas fiscales\u00a0<\/strong>que generan mayor debate y que pueden sufrir nuevos cambios en el tratamiento en particular de estas dos iniciativas claves para el Gobierno Nacional.<\/p>\n<p>El\u00a0<strong>Senado<\/strong>\u00a0debatir\u00e1 este mi\u00e9rcoles la Ley Bases y el Paquete fiscal en una sesi\u00f3n especial marat\u00f3nica que comenzar\u00e1 a las 10, y \u00a0la discusi\u00f3n en particular promete ser \u00e1lgida ya que a\u00fan no hay faltan celebrar algunos acuerdos en art\u00edculos centrales entre la Libertad Avanza y los bloques dialoguistas que son parte del coraz\u00f3n de ambas iniciativas.<\/p>\n<p>Uno de los cap\u00edtulos que a\u00fan generan debates son las facultades que tendr\u00e1 el Poder Ejecutivo para poder\u00a0<strong>eliminar, fusionar o disolver organismos p\u00fablicos,<\/strong>\u00a0ya que si bien se han sumado entes que no pueden afectarse, hay muchos legisladores dialoguistas que se resisten a otorgar estas atribuciones al Gobierno de Javier Milei.<\/p>\n<p>De todos modos, las bancadas que respaldar\u00e1n el dictamen de mayor\u00eda ya se aseguraron que se mantendr\u00e1n el Consejo Nacional de Investigaciones Cient\u00edficas y T\u00e9cnicas (CONICET); la Administraci\u00f3n Nacional de Laboratorios e Institutos de Salud \u201cDr. Carlos G. Malbr\u00e1n\u201d (ANLIS); la Administraci\u00f3n Nacional de Medicamentos, Alimentos y Tecnolog\u00eda M\u00e9dica (ANMAT); el Instituto de la Propiedad Industrial (INPI); el Instituto Nacional de Cine y Artes Audiovisuales (INCAA); Ente Nacional de Comunicaciones (ENACOM); la Autoridad Regulatoria Nuclear (ARN), la Comisi\u00f3n Nacional de Actividades Espaciales (CONAE) y el Banco Nacional de Datos.<\/p>\n<p>Tambi\u00e9n genera mucho debate el\u00a0<strong>R\u00e9gimen de Promociones de Inversiones<\/strong>\u00a0(RIGI) de 200 a 900 millones de d\u00f3lares y esta destinados a los grandes emprendimientos mineros y petroleros, con beneficios fiscales en IVA y Ganancias, aduaneros y una estabilidad fiscal.<\/p>\n<p>La iniciativa tuvo cambios en el Senado para fomentar el desarrollo de empresas locales que vender\u00e1n sus servicios a los proyectos de inversiones del RIGI al disponer que \u00a0una empresa extranjera que est\u00e1 encarando una fuerte inversi\u00f3n adquiera productos de empresas locales si \u201chay oferta competitiva\u201d.<\/p>\n<p>Tambi\u00e9n se estableci\u00f3 que deber\u00e1 presentar un estudio que no afectar\u00e1 el mercado local y tendr\u00e1 que calcular los puestos directos e indirectos con integraci\u00f3n y programa de empresas locales.<\/p>\n<p>Pero estos cambios aun no dejaron conformes a muchos legisladores dialoguistas que insisten que se deben limitar aun m\u00e1s el Rigi para no perjudicar a las empresas nacionales.<\/p>\n<p>Otro aspecto clave de la Ley Bases es la propuesta del Gobierno de privatizar once empresas p\u00fablicas, pero ahi se le plantea un problema al Gobierno porque hay legisladores dialoguistas que rechazan la privatizaci\u00f3n de Aerolineas Argentinas, con lo cual es probable que si los n\u00fameros est\u00e1n muy ajustados se decida eliminar de la lista de empresas a vender a la l\u00ednea \u00e1rea.<\/p>\n<p>Las empresas que quiere privatizar el Gobierno de Javier Milei son adem\u00e1s de<strong>\u00a0Aerol\u00edneas Argentinas, Radio y Televisi\u00f3n, Intercargo y Energ\u00eda Argentina (Enarsa).<\/strong><\/p>\n<p><strong>En tanto, en el caso Aguas y Saneamientos Argentinos SA(Aysa), Correo Oficial, Belgrano Cargas y Log\u00edstico S.A, Sociedad Operadora Ferroviaria, y Corredores Viales propone una concesi\u00f3n parcial es decir que est\u00e9n abiertas a incorporar capital privado.<\/strong><\/p>\n<p>En cambio, en el caso de la estrat\u00e9gica empresa\u00a0<strong>Nucleoel\u00e9ctrica Argentina Sociedad An\u00f3nima (Nassa)<\/strong>\u00a0fija que solo se podr\u00e1 organizar un Programa de Propiedad Participada (PPP) y colocar una clase de acciones para ese fin. Tambi\u00e9n se establece un mecanismo similar para el Complejo de Yacimiento Carbon\u00edferos Fiscales.<\/p>\n<p>Otro punto clave es la reforma del impuesto a ganancias para que vuelvan a pagar el tributo los empleados de relaci\u00f3n de dependencia que perciban 1.800.000 de sueldos brutos en el caso de los solteros \u00a0y 2,3 millones de pesos de sueldos brutos para los casados y solo se mantendr\u00e1 las deducciones por intereses hipotecarios, hijos, esposa, el personal de casas particulares, prepagas y seguros de vida, con lo cual se estima que volver\u00e1n a tributar m\u00e1s de un mill\u00f3n de personas.<\/p>\n<p>El Senado reform\u00f3 para que los trabajadores de las provincias patag\u00f3nicas tengan un diferencial del 22 por ciento en m\u00ednimo no imponible con lo cual empezar\u00e1n a tributar a partir los salarios de casi 2.2 millones de pesos brutos en el caso de los solteros y en el caso de los casados de \u00a02.8 millones de pesos de sueldos brutos.<\/p>\n<p>El cap\u00edtulo de blanqueo de capitales tuvo cambios con respecto al texto sancionado por diputados para que no puedan ingresar los que ya participaron de ese beneficio en el 2018 en el Gobierno de Mauricio Macri, los funcionarios que estuvieron en sus cargos en los \u00faltimos diez a\u00f1os, y los hermanos de los funcionarios, no solo los familiares directos como conyugue, padres e hijos.<\/p>\n<\/div>\n<\/div>\n<\/div>\n<\/div>\n<p>&nbsp;<\/p>\n<p><em><strong>SILVIA RAJCHER &#8211; NA<\/strong><\/em><\/p>\n","protected":false},"excerpt":{"rendered":"<p>Se aguarda un arduo cruce en los temas que son el coraz\u00f3n de la ley promovida por el oficialismo y no se descartan que haya m\u00e1s cambios en la discusi\u00f3n en particular. Ganancias, delegaci\u00f3n de facultades y privatizaciones son algunas de las principales trabas.<\/p>\n","protected":false},"author":3,"featured_media":0,"comment_status":"closed","ping_status":"closed","sticky":false,"template":"","format":"standard","meta":{"footnotes":""},"categories":[24],"tags":[],"class_list":["post-103835","post","type-post","status-publish","format-standard","hentry","category-politica"],"yoast_head":"<!-- This site is optimized with the Yoast SEO plugin v25.9 - https:\/\/yoast.com\/wordpress\/plugins\/seo\/ -->\n<title>Hoy se debate la Ley Bases en el Senado: el Gobierno conf\u00eda en tener los votos pero hay puntos en los que a\u00fan no hay acuerdo - Noticias Radio Reflejos<\/title>\n<meta name=\"robots\" content=\"index, follow, max-snippet:-1, max-image-preview:large, max-video-preview:-1\" \/>\n<link rel=\"canonical\" href=\"https:\/\/www.noticiasradioreflejos.com.ar\/2021\/hoy-se-debate-la-ley-bases-en-el-senado-el-gobierno-confia-en-tener-los-votos-pero-hay-puntos-en-los-que-aun-no-hay-acuerdo\/\" \/>\n<meta property=\"og:locale\" content=\"es_ES\" \/>\n<meta property=\"og:type\" content=\"article\" \/>\n<meta property=\"og:title\" content=\"Hoy se debate la Ley Bases en el Senado: el Gobierno conf\u00eda en tener los votos pero hay puntos en los que a\u00fan no hay acuerdo - Noticias Radio Reflejos\" \/>\n<meta property=\"og:description\" content=\"Se aguarda un arduo cruce en los temas que son el coraz\u00f3n de la ley promovida por el oficialismo y no se descartan que haya m\u00e1s cambios en la discusi\u00f3n en particular. Ganancias, delegaci\u00f3n de facultades y privatizaciones son algunas de las principales trabas.\" \/>\n<meta property=\"og:url\" content=\"https:\/\/www.noticiasradioreflejos.com.ar\/2021\/hoy-se-debate-la-ley-bases-en-el-senado-el-gobierno-confia-en-tener-los-votos-pero-hay-puntos-en-los-que-aun-no-hay-acuerdo\/\" \/>\n<meta property=\"og:site_name\" content=\"Noticias Radio Reflejos\" \/>\n<meta property=\"article:published_time\" content=\"2024-06-12T10:51:58+00:00\" \/>\n<meta property=\"og:image\" content=\"https:\/\/www.noticiasradioreflejos.com.ar\/2021\/wp-content\/uploads\/2021\/07\/logosol300x200.png\" \/>\n\t<meta property=\"og:image:width\" content=\"300\" \/>\n\t<meta property=\"og:image:height\" content=\"200\" \/>\n\t<meta property=\"og:image:type\" content=\"image\/png\" \/>\n<meta name=\"author\" content=\"Arnaldo Botto\" \/>\n<meta name=\"twitter:card\" content=\"summary_large_image\" \/>\n<script type=\"application\/ld+json\" class=\"yoast-schema-graph\">{\"@context\":\"https:\/\/schema.org\",\"@graph\":[{\"@type\":\"WebPage\",\"@id\":\"https:\/\/www.noticiasradioreflejos.com.ar\/2021\/hoy-se-debate-la-ley-bases-en-el-senado-el-gobierno-confia-en-tener-los-votos-pero-hay-puntos-en-los-que-aun-no-hay-acuerdo\/\",\"url\":\"https:\/\/www.noticiasradioreflejos.com.ar\/2021\/hoy-se-debate-la-ley-bases-en-el-senado-el-gobierno-confia-en-tener-los-votos-pero-hay-puntos-en-los-que-aun-no-hay-acuerdo\/\",\"name\":\"Hoy se debate la Ley Bases en el Senado: el Gobierno conf\u00eda en tener los votos pero hay puntos en los que a\u00fan no hay acuerdo - Noticias Radio Reflejos\",\"isPartOf\":{\"@id\":\"https:\/\/www.noticiasradioreflejos.com.ar\/2021\/#website\"},\"datePublished\":\"2024-06-12T10:51:58+00:00\",\"author\":{\"@id\":\"https:\/\/www.noticiasradioreflejos.com.ar\/2021\/#\/schema\/person\/ad82545263dcc5ec0996818884fd5fb1\"},\"breadcrumb\":{\"@id\":\"https:\/\/www.noticiasradioreflejos.com.ar\/2021\/hoy-se-debate-la-ley-bases-en-el-senado-el-gobierno-confia-en-tener-los-votos-pero-hay-puntos-en-los-que-aun-no-hay-acuerdo\/#breadcrumb\"},\"inLanguage\":\"es\",\"potentialAction\":[{\"@type\":\"ReadAction\",\"target\":[\"https:\/\/www.noticiasradioreflejos.com.ar\/2021\/hoy-se-debate-la-ley-bases-en-el-senado-el-gobierno-confia-en-tener-los-votos-pero-hay-puntos-en-los-que-aun-no-hay-acuerdo\/\"]}]},{\"@type\":\"BreadcrumbList\",\"@id\":\"https:\/\/www.noticiasradioreflejos.com.ar\/2021\/hoy-se-debate-la-ley-bases-en-el-senado-el-gobierno-confia-en-tener-los-votos-pero-hay-puntos-en-los-que-aun-no-hay-acuerdo\/#breadcrumb\",\"itemListElement\":[{\"@type\":\"ListItem\",\"position\":1,\"name\":\"Portada\",\"item\":\"https:\/\/www.noticiasradioreflejos.com.ar\/2021\/\"},{\"@type\":\"ListItem\",\"position\":2,\"name\":\"Hoy se debate la Ley Bases en el Senado: el Gobierno conf\u00eda en tener los votos pero hay puntos en los que a\u00fan no hay acuerdo\"}]},{\"@type\":\"WebSite\",\"@id\":\"https:\/\/www.noticiasradioreflejos.com.ar\/2021\/#website\",\"url\":\"https:\/\/www.noticiasradioreflejos.com.ar\/2021\/\",\"name\":\"Noticias Radio Reflejos\",\"description\":\"Las noticias de mi comarca\",\"potentialAction\":[{\"@type\":\"SearchAction\",\"target\":{\"@type\":\"EntryPoint\",\"urlTemplate\":\"https:\/\/www.noticiasradioreflejos.com.ar\/2021\/?s={search_term_string}\"},\"query-input\":{\"@type\":\"PropertyValueSpecification\",\"valueRequired\":true,\"valueName\":\"search_term_string\"}}],\"inLanguage\":\"es\"},{\"@type\":\"Person\",\"@id\":\"https:\/\/www.noticiasradioreflejos.com.ar\/2021\/#\/schema\/person\/ad82545263dcc5ec0996818884fd5fb1\",\"name\":\"Arnaldo Botto\",\"image\":{\"@type\":\"ImageObject\",\"inLanguage\":\"es\",\"@id\":\"https:\/\/www.noticiasradioreflejos.com.ar\/2021\/#\/schema\/person\/image\/\",\"url\":\"https:\/\/secure.gravatar.com\/avatar\/55cb5e37c1efa326397366e6974cb338056df65cb50e7d64d1cf314e87504837?s=96&d=mm&r=g\",\"contentUrl\":\"https:\/\/secure.gravatar.com\/avatar\/55cb5e37c1efa326397366e6974cb338056df65cb50e7d64d1cf314e87504837?s=96&d=mm&r=g\",\"caption\":\"Arnaldo Botto\"},\"url\":\"https:\/\/www.noticiasradioreflejos.com.ar\/2021\/author\/arnaldo\/\"}]}<\/script>\n<!-- \/ Yoast SEO plugin. -->","yoast_head_json":{"title":"Hoy se debate la Ley Bases en el Senado: el Gobierno conf\u00eda en tener los votos pero hay puntos en los que a\u00fan no hay acuerdo - Noticias Radio Reflejos","robots":{"index":"index","follow":"follow","max-snippet":"max-snippet:-1","max-image-preview":"max-image-preview:large","max-video-preview":"max-video-preview:-1"},"canonical":"https:\/\/www.noticiasradioreflejos.com.ar\/2021\/hoy-se-debate-la-ley-bases-en-el-senado-el-gobierno-confia-en-tener-los-votos-pero-hay-puntos-en-los-que-aun-no-hay-acuerdo\/","og_locale":"es_ES","og_type":"article","og_title":"Hoy se debate la Ley Bases en el Senado: el Gobierno conf\u00eda en tener los votos pero hay puntos en los que a\u00fan no hay acuerdo - Noticias Radio Reflejos","og_description":"Se aguarda un arduo cruce en los temas que son el coraz\u00f3n de la ley promovida por el oficialismo y no se descartan que haya m\u00e1s cambios en la discusi\u00f3n en particular. Ganancias, delegaci\u00f3n de facultades y privatizaciones son algunas de las principales trabas.","og_url":"https:\/\/www.noticiasradioreflejos.com.ar\/2021\/hoy-se-debate-la-ley-bases-en-el-senado-el-gobierno-confia-en-tener-los-votos-pero-hay-puntos-en-los-que-aun-no-hay-acuerdo\/","og_site_name":"Noticias Radio Reflejos","article_published_time":"2024-06-12T10:51:58+00:00","og_image":[{"width":300,"height":200,"url":"https:\/\/www.noticiasradioreflejos.com.ar\/2021\/wp-content\/uploads\/2021\/07\/logosol300x200.png","type":"image\/png"}],"author":"Arnaldo Botto","twitter_card":"summary_large_image","schema":{"@context":"https:\/\/schema.org","@graph":[{"@type":"WebPage","@id":"https:\/\/www.noticiasradioreflejos.com.ar\/2021\/hoy-se-debate-la-ley-bases-en-el-senado-el-gobierno-confia-en-tener-los-votos-pero-hay-puntos-en-los-que-aun-no-hay-acuerdo\/","url":"https:\/\/www.noticiasradioreflejos.com.ar\/2021\/hoy-se-debate-la-ley-bases-en-el-senado-el-gobierno-confia-en-tener-los-votos-pero-hay-puntos-en-los-que-aun-no-hay-acuerdo\/","name":"Hoy se debate la Ley Bases en el Senado: el Gobierno conf\u00eda en tener los votos pero hay puntos en los que a\u00fan no hay acuerdo - Noticias Radio Reflejos","isPartOf":{"@id":"https:\/\/www.noticiasradioreflejos.com.ar\/2021\/#website"},"datePublished":"2024-06-12T10:51:58+00:00","author":{"@id":"https:\/\/www.noticiasradioreflejos.com.ar\/2021\/#\/schema\/person\/ad82545263dcc5ec0996818884fd5fb1"},"breadcrumb":{"@id":"https:\/\/www.noticiasradioreflejos.com.ar\/2021\/hoy-se-debate-la-ley-bases-en-el-senado-el-gobierno-confia-en-tener-los-votos-pero-hay-puntos-en-los-que-aun-no-hay-acuerdo\/#breadcrumb"},"inLanguage":"es","potentialAction":[{"@type":"ReadAction","target":["https:\/\/www.noticiasradioreflejos.com.ar\/2021\/hoy-se-debate-la-ley-bases-en-el-senado-el-gobierno-confia-en-tener-los-votos-pero-hay-puntos-en-los-que-aun-no-hay-acuerdo\/"]}]},{"@type":"BreadcrumbList","@id":"https:\/\/www.noticiasradioreflejos.com.ar\/2021\/hoy-se-debate-la-ley-bases-en-el-senado-el-gobierno-confia-en-tener-los-votos-pero-hay-puntos-en-los-que-aun-no-hay-acuerdo\/#breadcrumb","itemListElement":[{"@type":"ListItem","position":1,"name":"Portada","item":"https:\/\/www.noticiasradioreflejos.com.ar\/2021\/"},{"@type":"ListItem","position":2,"name":"Hoy se debate la Ley Bases en el Senado: el Gobierno conf\u00eda en tener los votos pero hay puntos en los que a\u00fan no hay acuerdo"}]},{"@type":"WebSite","@id":"https:\/\/www.noticiasradioreflejos.com.ar\/2021\/#website","url":"https:\/\/www.noticiasradioreflejos.com.ar\/2021\/","name":"Noticias Radio Reflejos","description":"Las noticias de mi comarca","potentialAction":[{"@type":"SearchAction","target":{"@type":"EntryPoint","urlTemplate":"https:\/\/www.noticiasradioreflejos.com.ar\/2021\/?s={search_term_string}"},"query-input":{"@type":"PropertyValueSpecification","valueRequired":true,"valueName":"search_term_string"}}],"inLanguage":"es"},{"@type":"Person","@id":"https:\/\/www.noticiasradioreflejos.com.ar\/2021\/#\/schema\/person\/ad82545263dcc5ec0996818884fd5fb1","name":"Arnaldo Botto","image":{"@type":"ImageObject","inLanguage":"es","@id":"https:\/\/www.noticiasradioreflejos.com.ar\/2021\/#\/schema\/person\/image\/","url":"https:\/\/secure.gravatar.com\/avatar\/55cb5e37c1efa326397366e6974cb338056df65cb50e7d64d1cf314e87504837?s=96&d=mm&r=g","contentUrl":"https:\/\/secure.gravatar.com\/avatar\/55cb5e37c1efa326397366e6974cb338056df65cb50e7d64d1cf314e87504837?s=96&d=mm&r=g","caption":"Arnaldo Botto"},"url":"https:\/\/www.noticiasradioreflejos.com.ar\/2021\/author\/arnaldo\/"}]}},"_links":{"self":[{"href":"https:\/\/www.noticiasradioreflejos.com.ar\/2021\/wp-json\/wp\/v2\/posts\/103835","targetHints":{"allow":["GET"]}}],"collection":[{"href":"https:\/\/www.noticiasradioreflejos.com.ar\/2021\/wp-json\/wp\/v2\/posts"}],"about":[{"href":"https:\/\/www.noticiasradioreflejos.com.ar\/2021\/wp-json\/wp\/v2\/types\/post"}],"author":[{"embeddable":true,"href":"https:\/\/www.noticiasradioreflejos.com.ar\/2021\/wp-json\/wp\/v2\/users\/3"}],"replies":[{"embeddable":true,"href":"https:\/\/www.noticiasradioreflejos.com.ar\/2021\/wp-json\/wp\/v2\/comments?post=103835"}],"version-history":[{"count":1,"href":"https:\/\/www.noticiasradioreflejos.com.ar\/2021\/wp-json\/wp\/v2\/posts\/103835\/revisions"}],"predecessor-version":[{"id":103836,"href":"https:\/\/www.noticiasradioreflejos.com.ar\/2021\/wp-json\/wp\/v2\/posts\/103835\/revisions\/103836"}],"wp:attachment":[{"href":"https:\/\/www.noticiasradioreflejos.com.ar\/2021\/wp-json\/wp\/v2\/media?parent=103835"}],"wp:term":[{"taxonomy":"category","embeddable":true,"href":"https:\/\/www.noticiasradioreflejos.com.ar\/2021\/wp-json\/wp\/v2\/categories?post=103835"},{"taxonomy":"post_tag","embeddable":true,"href":"https:\/\/www.noticiasradioreflejos.com.ar\/2021\/wp-json\/wp\/v2\/tags?post=103835"}],"curies":[{"name":"wp","href":"https:\/\/api.w.org\/{rel}","templated":true}]}}