{"id":103833,"date":"2024-06-12T07:46:48","date_gmt":"2024-06-12T10:46:48","guid":{"rendered":"https:\/\/www.noticiasradioreflejos.com.ar\/2021\/?p=103833"},"modified":"2024-06-12T08:42:05","modified_gmt":"2024-06-12T11:42:05","slug":"porque-ninguna-ley-nos-arrebate-nuestros-derechos","status":"publish","type":"post","link":"https:\/\/www.noticiasradioreflejos.com.ar\/2021\/porque-ninguna-ley-nos-arrebate-nuestros-derechos\/","title":{"rendered":"Porque ninguna ley nos arrebate nuestros derechos"},"content":{"rendered":"<p>Desde el Consejo de las Mujeres Tornquist siempre nos hemos manifestado enf\u00e1ticamente en defensa de los derechos adquiridos y en contra de las arbitrariedades del poder.<!--more--><\/p>\n<p>Por eso, una vez m\u00e1s nos hacemos presentes para expresar nuestro m\u00e1s profundo rechazo a la Ley Bases y la reforma fiscal, que muestran a las claras que el gobierno nacional propone una pol\u00edtica que consagra la concentraci\u00f3n econ\u00f3mica en beneficio de las grandes corporaciones -nacionales y extranjeras- y el sufrimiento social acentuando la desigualdad en perjuicio de las mayor\u00edas populares.<\/p>\n<p>Ni en el DNU 70\/23, ni en la Ley Bases ni en La Reforma Fiscal podemos hallar un solo inciso que beneficie al pueblo argentino pero s\u00ed encontramos la promesa de un estado vaciado de pol\u00edticas de g\u00e9nero, fundamentado en la concepci\u00f3n antiderechos, con un ministerio de las mujeres absolutamente degradado en medio de tajantes declaraciones contra la perspectiva de g\u00e9nero.<\/p>\n<p>Y nadie puede ignorar, porque as\u00ed lo demuestra la historia, que sea cual sea la crisis a la que nos arrojan los gobiernos autoritarios, son las mujeres, las diversidades y las infancias quienes la sufren con mayor intensidad, por ser el sector m\u00e1s oprimido y vulnerado de la sociedad.<\/p>\n<p>El 12 de junio de 2024 se tratar\u00e1n en el recinto del Senado de la Naci\u00f3n dos proyectos de ley. Ambos proyectos son complementarios.<\/p>\n<p>Los y las Senadore\/as saben que tienen en su conciencia la responsabilidad de rechazar un instrumento que, de ser aprobado, delegar\u00e1 en el ejecutivo facultades legislativas que ata\u00f1en a la misma estructura de la naci\u00f3n y sobre la que se perpetrar\u00e1n transformaciones permanentes, dif\u00edciles de revertir y que har\u00e1n retroceder avances en el desarrollo del pa\u00eds imposibles de recuperar, con un enorme impacto social, cultural, humano que, lamentablemente, ya se sufren en las comunidades.<\/p>\n","protected":false},"excerpt":{"rendered":"<p>Desde el Consejo de las Mujeres Tornquist siempre nos hemos manifestado enf\u00e1ticamente en defensa de los derechos adquiridos y en contra de las arbitrariedades del poder.<\/p>\n","protected":false},"author":3,"featured_media":98007,"comment_status":"closed","ping_status":"closed","sticky":false,"template":"","format":"standard","meta":{"footnotes":""},"categories":[24],"tags":[],"class_list":["post-103833","post","type-post","status-publish","format-standard","has-post-thumbnail","hentry","category-politica"],"yoast_head":"<!-- This site is optimized with the Yoast SEO plugin v25.9 - https:\/\/yoast.com\/wordpress\/plugins\/seo\/ -->\n<title>Porque ninguna ley nos arrebate nuestros derechos - Noticias Radio Reflejos<\/title>\n<meta name=\"robots\" content=\"index, follow, max-snippet:-1, max-image-preview:large, max-video-preview:-1\" \/>\n<link rel=\"canonical\" href=\"https:\/\/www.noticiasradioreflejos.com.ar\/2021\/porque-ninguna-ley-nos-arrebate-nuestros-derechos\/\" \/>\n<meta property=\"og:locale\" content=\"es_ES\" \/>\n<meta property=\"og:type\" content=\"article\" \/>\n<meta property=\"og:title\" content=\"Porque ninguna ley nos arrebate nuestros derechos - Noticias Radio Reflejos\" \/>\n<meta property=\"og:description\" content=\"Desde el Consejo de las Mujeres Tornquist siempre nos hemos manifestado enf\u00e1ticamente en defensa de los derechos adquiridos y en contra de las arbitrariedades del poder.\" \/>\n<meta property=\"og:url\" content=\"https:\/\/www.noticiasradioreflejos.com.ar\/2021\/porque-ninguna-ley-nos-arrebate-nuestros-derechos\/\" \/>\n<meta property=\"og:site_name\" content=\"Noticias Radio Reflejos\" \/>\n<meta property=\"article:published_time\" content=\"2024-06-12T10:46:48+00:00\" \/>\n<meta property=\"article:modified_time\" content=\"2024-06-12T11:42:05+00:00\" \/>\n<meta property=\"og:image\" content=\"https:\/\/www.noticiasradioreflejos.com.ar\/2021\/wp-content\/uploads\/2024\/01\/CONSEJO-MUJERES.png\" \/>\n\t<meta property=\"og:image:width\" content=\"363\" \/>\n\t<meta property=\"og:image:height\" content=\"351\" \/>\n\t<meta property=\"og:image:type\" content=\"image\/png\" \/>\n<meta name=\"author\" content=\"Arnaldo Botto\" \/>\n<meta name=\"twitter:card\" content=\"summary_large_image\" \/>\n<script type=\"application\/ld+json\" class=\"yoast-schema-graph\">{\"@context\":\"https:\/\/schema.org\",\"@graph\":[{\"@type\":\"WebPage\",\"@id\":\"https:\/\/www.noticiasradioreflejos.com.ar\/2021\/porque-ninguna-ley-nos-arrebate-nuestros-derechos\/\",\"url\":\"https:\/\/www.noticiasradioreflejos.com.ar\/2021\/porque-ninguna-ley-nos-arrebate-nuestros-derechos\/\",\"name\":\"Porque ninguna ley nos arrebate nuestros derechos - Noticias Radio Reflejos\",\"isPartOf\":{\"@id\":\"https:\/\/www.noticiasradioreflejos.com.ar\/2021\/#website\"},\"primaryImageOfPage\":{\"@id\":\"https:\/\/www.noticiasradioreflejos.com.ar\/2021\/porque-ninguna-ley-nos-arrebate-nuestros-derechos\/#primaryimage\"},\"image\":{\"@id\":\"https:\/\/www.noticiasradioreflejos.com.ar\/2021\/porque-ninguna-ley-nos-arrebate-nuestros-derechos\/#primaryimage\"},\"thumbnailUrl\":\"https:\/\/www.noticiasradioreflejos.com.ar\/2021\/wp-content\/uploads\/2024\/01\/CONSEJO-MUJERES.png\",\"datePublished\":\"2024-06-12T10:46:48+00:00\",\"dateModified\":\"2024-06-12T11:42:05+00:00\",\"author\":{\"@id\":\"https:\/\/www.noticiasradioreflejos.com.ar\/2021\/#\/schema\/person\/ad82545263dcc5ec0996818884fd5fb1\"},\"breadcrumb\":{\"@id\":\"https:\/\/www.noticiasradioreflejos.com.ar\/2021\/porque-ninguna-ley-nos-arrebate-nuestros-derechos\/#breadcrumb\"},\"inLanguage\":\"es\",\"potentialAction\":[{\"@type\":\"ReadAction\",\"target\":[\"https:\/\/www.noticiasradioreflejos.com.ar\/2021\/porque-ninguna-ley-nos-arrebate-nuestros-derechos\/\"]}]},{\"@type\":\"ImageObject\",\"inLanguage\":\"es\",\"@id\":\"https:\/\/www.noticiasradioreflejos.com.ar\/2021\/porque-ninguna-ley-nos-arrebate-nuestros-derechos\/#primaryimage\",\"url\":\"https:\/\/www.noticiasradioreflejos.com.ar\/2021\/wp-content\/uploads\/2024\/01\/CONSEJO-MUJERES.png\",\"contentUrl\":\"https:\/\/www.noticiasradioreflejos.com.ar\/2021\/wp-content\/uploads\/2024\/01\/CONSEJO-MUJERES.png\",\"width\":363,\"height\":351},{\"@type\":\"BreadcrumbList\",\"@id\":\"https:\/\/www.noticiasradioreflejos.com.ar\/2021\/porque-ninguna-ley-nos-arrebate-nuestros-derechos\/#breadcrumb\",\"itemListElement\":[{\"@type\":\"ListItem\",\"position\":1,\"name\":\"Portada\",\"item\":\"https:\/\/www.noticiasradioreflejos.com.ar\/2021\/\"},{\"@type\":\"ListItem\",\"position\":2,\"name\":\"Porque ninguna ley nos arrebate nuestros derechos\"}]},{\"@type\":\"WebSite\",\"@id\":\"https:\/\/www.noticiasradioreflejos.com.ar\/2021\/#website\",\"url\":\"https:\/\/www.noticiasradioreflejos.com.ar\/2021\/\",\"name\":\"Noticias Radio Reflejos\",\"description\":\"Las noticias de mi comarca\",\"potentialAction\":[{\"@type\":\"SearchAction\",\"target\":{\"@type\":\"EntryPoint\",\"urlTemplate\":\"https:\/\/www.noticiasradioreflejos.com.ar\/2021\/?s={search_term_string}\"},\"query-input\":{\"@type\":\"PropertyValueSpecification\",\"valueRequired\":true,\"valueName\":\"search_term_string\"}}],\"inLanguage\":\"es\"},{\"@type\":\"Person\",\"@id\":\"https:\/\/www.noticiasradioreflejos.com.ar\/2021\/#\/schema\/person\/ad82545263dcc5ec0996818884fd5fb1\",\"name\":\"Arnaldo Botto\",\"image\":{\"@type\":\"ImageObject\",\"inLanguage\":\"es\",\"@id\":\"https:\/\/www.noticiasradioreflejos.com.ar\/2021\/#\/schema\/person\/image\/\",\"url\":\"https:\/\/secure.gravatar.com\/avatar\/55cb5e37c1efa326397366e6974cb338056df65cb50e7d64d1cf314e87504837?s=96&d=mm&r=g\",\"contentUrl\":\"https:\/\/secure.gravatar.com\/avatar\/55cb5e37c1efa326397366e6974cb338056df65cb50e7d64d1cf314e87504837?s=96&d=mm&r=g\",\"caption\":\"Arnaldo Botto\"},\"url\":\"https:\/\/www.noticiasradioreflejos.com.ar\/2021\/author\/arnaldo\/\"}]}<\/script>\n<!-- \/ Yoast SEO plugin. -->","yoast_head_json":{"title":"Porque ninguna ley nos arrebate nuestros derechos - Noticias Radio Reflejos","robots":{"index":"index","follow":"follow","max-snippet":"max-snippet:-1","max-image-preview":"max-image-preview:large","max-video-preview":"max-video-preview:-1"},"canonical":"https:\/\/www.noticiasradioreflejos.com.ar\/2021\/porque-ninguna-ley-nos-arrebate-nuestros-derechos\/","og_locale":"es_ES","og_type":"article","og_title":"Porque ninguna ley nos arrebate nuestros derechos - Noticias Radio Reflejos","og_description":"Desde el Consejo de las Mujeres Tornquist siempre nos hemos manifestado enf\u00e1ticamente en defensa de los derechos adquiridos y en contra de las arbitrariedades del poder.","og_url":"https:\/\/www.noticiasradioreflejos.com.ar\/2021\/porque-ninguna-ley-nos-arrebate-nuestros-derechos\/","og_site_name":"Noticias Radio Reflejos","article_published_time":"2024-06-12T10:46:48+00:00","article_modified_time":"2024-06-12T11:42:05+00:00","og_image":[{"width":363,"height":351,"url":"https:\/\/www.noticiasradioreflejos.com.ar\/2021\/wp-content\/uploads\/2024\/01\/CONSEJO-MUJERES.png","type":"image\/png"}],"author":"Arnaldo Botto","twitter_card":"summary_large_image","schema":{"@context":"https:\/\/schema.org","@graph":[{"@type":"WebPage","@id":"https:\/\/www.noticiasradioreflejos.com.ar\/2021\/porque-ninguna-ley-nos-arrebate-nuestros-derechos\/","url":"https:\/\/www.noticiasradioreflejos.com.ar\/2021\/porque-ninguna-ley-nos-arrebate-nuestros-derechos\/","name":"Porque ninguna ley nos arrebate nuestros derechos - Noticias Radio Reflejos","isPartOf":{"@id":"https:\/\/www.noticiasradioreflejos.com.ar\/2021\/#website"},"primaryImageOfPage":{"@id":"https:\/\/www.noticiasradioreflejos.com.ar\/2021\/porque-ninguna-ley-nos-arrebate-nuestros-derechos\/#primaryimage"},"image":{"@id":"https:\/\/www.noticiasradioreflejos.com.ar\/2021\/porque-ninguna-ley-nos-arrebate-nuestros-derechos\/#primaryimage"},"thumbnailUrl":"https:\/\/www.noticiasradioreflejos.com.ar\/2021\/wp-content\/uploads\/2024\/01\/CONSEJO-MUJERES.png","datePublished":"2024-06-12T10:46:48+00:00","dateModified":"2024-06-12T11:42:05+00:00","author":{"@id":"https:\/\/www.noticiasradioreflejos.com.ar\/2021\/#\/schema\/person\/ad82545263dcc5ec0996818884fd5fb1"},"breadcrumb":{"@id":"https:\/\/www.noticiasradioreflejos.com.ar\/2021\/porque-ninguna-ley-nos-arrebate-nuestros-derechos\/#breadcrumb"},"inLanguage":"es","potentialAction":[{"@type":"ReadAction","target":["https:\/\/www.noticiasradioreflejos.com.ar\/2021\/porque-ninguna-ley-nos-arrebate-nuestros-derechos\/"]}]},{"@type":"ImageObject","inLanguage":"es","@id":"https:\/\/www.noticiasradioreflejos.com.ar\/2021\/porque-ninguna-ley-nos-arrebate-nuestros-derechos\/#primaryimage","url":"https:\/\/www.noticiasradioreflejos.com.ar\/2021\/wp-content\/uploads\/2024\/01\/CONSEJO-MUJERES.png","contentUrl":"https:\/\/www.noticiasradioreflejos.com.ar\/2021\/wp-content\/uploads\/2024\/01\/CONSEJO-MUJERES.png","width":363,"height":351},{"@type":"BreadcrumbList","@id":"https:\/\/www.noticiasradioreflejos.com.ar\/2021\/porque-ninguna-ley-nos-arrebate-nuestros-derechos\/#breadcrumb","itemListElement":[{"@type":"ListItem","position":1,"name":"Portada","item":"https:\/\/www.noticiasradioreflejos.com.ar\/2021\/"},{"@type":"ListItem","position":2,"name":"Porque ninguna ley nos arrebate nuestros derechos"}]},{"@type":"WebSite","@id":"https:\/\/www.noticiasradioreflejos.com.ar\/2021\/#website","url":"https:\/\/www.noticiasradioreflejos.com.ar\/2021\/","name":"Noticias Radio Reflejos","description":"Las noticias de mi comarca","potentialAction":[{"@type":"SearchAction","target":{"@type":"EntryPoint","urlTemplate":"https:\/\/www.noticiasradioreflejos.com.ar\/2021\/?s={search_term_string}"},"query-input":{"@type":"PropertyValueSpecification","valueRequired":true,"valueName":"search_term_string"}}],"inLanguage":"es"},{"@type":"Person","@id":"https:\/\/www.noticiasradioreflejos.com.ar\/2021\/#\/schema\/person\/ad82545263dcc5ec0996818884fd5fb1","name":"Arnaldo Botto","image":{"@type":"ImageObject","inLanguage":"es","@id":"https:\/\/www.noticiasradioreflejos.com.ar\/2021\/#\/schema\/person\/image\/","url":"https:\/\/secure.gravatar.com\/avatar\/55cb5e37c1efa326397366e6974cb338056df65cb50e7d64d1cf314e87504837?s=96&d=mm&r=g","contentUrl":"https:\/\/secure.gravatar.com\/avatar\/55cb5e37c1efa326397366e6974cb338056df65cb50e7d64d1cf314e87504837?s=96&d=mm&r=g","caption":"Arnaldo Botto"},"url":"https:\/\/www.noticiasradioreflejos.com.ar\/2021\/author\/arnaldo\/"}]}},"_links":{"self":[{"href":"https:\/\/www.noticiasradioreflejos.com.ar\/2021\/wp-json\/wp\/v2\/posts\/103833","targetHints":{"allow":["GET"]}}],"collection":[{"href":"https:\/\/www.noticiasradioreflejos.com.ar\/2021\/wp-json\/wp\/v2\/posts"}],"about":[{"href":"https:\/\/www.noticiasradioreflejos.com.ar\/2021\/wp-json\/wp\/v2\/types\/post"}],"author":[{"embeddable":true,"href":"https:\/\/www.noticiasradioreflejos.com.ar\/2021\/wp-json\/wp\/v2\/users\/3"}],"replies":[{"embeddable":true,"href":"https:\/\/www.noticiasradioreflejos.com.ar\/2021\/wp-json\/wp\/v2\/comments?post=103833"}],"version-history":[{"count":1,"href":"https:\/\/www.noticiasradioreflejos.com.ar\/2021\/wp-json\/wp\/v2\/posts\/103833\/revisions"}],"predecessor-version":[{"id":103834,"href":"https:\/\/www.noticiasradioreflejos.com.ar\/2021\/wp-json\/wp\/v2\/posts\/103833\/revisions\/103834"}],"wp:featuredmedia":[{"embeddable":true,"href":"https:\/\/www.noticiasradioreflejos.com.ar\/2021\/wp-json\/wp\/v2\/media\/98007"}],"wp:attachment":[{"href":"https:\/\/www.noticiasradioreflejos.com.ar\/2021\/wp-json\/wp\/v2\/media?parent=103833"}],"wp:term":[{"taxonomy":"category","embeddable":true,"href":"https:\/\/www.noticiasradioreflejos.com.ar\/2021\/wp-json\/wp\/v2\/categories?post=103833"},{"taxonomy":"post_tag","embeddable":true,"href":"https:\/\/www.noticiasradioreflejos.com.ar\/2021\/wp-json\/wp\/v2\/tags?post=103833"}],"curies":[{"name":"wp","href":"https:\/\/api.w.org\/{rel}","templated":true}]}}