{"id":103805,"date":"2024-06-11T07:52:31","date_gmt":"2024-06-11T10:52:31","guid":{"rendered":"https:\/\/www.noticiasradioreflejos.com.ar\/2021\/?p=103805"},"modified":"2024-06-11T07:52:31","modified_gmt":"2024-06-11T10:52:31","slug":"rechazo-a-las-desafortunadas-y-falsas-declaraciones-del-nuevo-presidente-de-autopistas-de-buenos-aires-s-a-aubasa-sr-jose-arteaga","status":"publish","type":"post","link":"https:\/\/www.noticiasradioreflejos.com.ar\/2021\/rechazo-a-las-desafortunadas-y-falsas-declaraciones-del-nuevo-presidente-de-autopistas-de-buenos-aires-s-a-aubasa-sr-jose-arteaga\/","title":{"rendered":"Rechazo a las desafortunadas y falsas declaraciones del nuevo presidente de Autopistas de Buenos Aires S. A. (aubasa), SR. JOS\u00c9 ARTEAGA"},"content":{"rendered":"<p>Preocupaci\u00f3n por nuevo aumento en las tarifas de peaje en la provincia de Buenos Aires y la habilitaci\u00f3n de cobro de peaje en la ruta provincial N\u00b0 6.<!--more--><\/p>\n<p>El Comit\u00e9 Nacional de Defensa del Usuario Vial (CONADUV) expresa el rechazo a las desafortunadas y falsas declaraciones del nuevo Presidente de Autopistas de Buenos Aires S.A. (AUBASA), el dirigente pol\u00edtico, Sr. Jos\u00e9 Arteaga, vertidas en distintos medios de prensa y difusi\u00f3n en cuanto a que las tarifas de peaje que cobran presentan atraso respecto a lo que se abona en otros corredores viales nacionales concesionados.<\/p>\n<p>Asimismo, remarc\u00f3 \u201cque AUBASA se encuentra muy lejos de los valores que se cobran en otras rutas y autopistas administradas por Autopistas del Sol S. A. (AUSOL) y Corredores Viales S. A., a nivel nacional\u201d. Es as\u00ed que anunci\u00f3 \u201cpeajes m\u00e1s caros\u201d.<\/p>\n<p>A tal efecto, el CONADUV le informa al titular de AUBASA que en Autopistas del Sol S. A., Acceso Norte, por el trayecto de CABA a Z\u00e1rate &#8211; Campana la tarifa de peaje en hora pico para autom\u00f3vil es de $ 600.-, y de CABA a La Plata AUBASA cobra $ 1.200.-, siendo casi el mismo kilometraje. En los corredores viales nacionales, el peaje cuesta $ 900.- para el autom\u00f3vil, mientras que AUBASA en la Autov\u00eda 2 cobra en cada una de las estaciones de Samboromb\u00f3n y Maip\u00fa $ 1.500.- (bonificada) y $ 1.800.-, lo mismo que en la estaci\u00f3n de peaje La Huella en la Ruta Provincial N\u00b0 11.<\/p>\n<p>El CONADUV lamenta el desconocimiento total del actual Presidente de AUBASA en materia de infraestructura vial y concesiones viales, y que el Gobierno Provincial ponga al frente de esa burocr\u00e1tica, innecesaria, deficitaria \u201cEmpresa Vial\u201d, a personas que no son profesionales id\u00f3neos, ni de carrera y que no han surgido de concurso p\u00fablico, y debiendo verificar si tienen conflictos de intereses o incompatibilidades. Algo similar a lo que ocurre con todas las autoridades de la concesionaria.<\/p>\n<p>Esto confirma que la empresa AUBASA. creada por el ex Gobernador Daniel Scioli, act\u00faa indebidamente en forma paralela a la Direcci\u00f3n de Vialidad Provincial (DVBA), siendo una verdadera caja pol\u00edtica, y donde se ubican dirigentes pol\u00edticos de cada uno de los espacios que han gobernado y gobiernan la Provincia de Buenos Aires.<\/p>\n<p>Por otra parte, el Presidente de AUBASA manifest\u00f3 la posibilidad de cobrar peaje en la Ruta Provincial N\u00b0 6, que une La Plata con Z\u00e1rate-Campana, siendo un corredor productivo de suma importancia. Respecto a este punto, el CONADUV ha manifestado en reiteradas oportunidades el m\u00e1s en\u00e9rgico rechazo, con claros fundamentos legales y t\u00e9cnico-econ\u00f3micos desde el punto de vista de la ingenier\u00eda econ\u00f3mica de transporte.<\/p>\n<p>Los usuarios viales exhortan al se\u00f1or Gobernador, Lic. Axel Kicillof a reflexionar seriamente y con la participaci\u00f3n de los usuarios viales directos e indirectos, sobre la situaci\u00f3n de las concesiones viales bajo el sistema de peaje directo con cabinas de cobro en ruta que rige en corredores viales de jurisdicci\u00f3n provincial, m\u00e1s a\u00fan, teniendo en cuenta la grave situaci\u00f3n econ\u00f3mica y social que atraviesa a todos los bonaerenses.<\/p>\n<p>&nbsp;<\/p>\n<p><strong>Bs. As., junio de 2024<\/strong><\/p>\n<p>&nbsp;<\/p>\n<p style=\"text-align: left;\" align=\"center\"><strong><em><span lang=\"ES-AR\">Avda. de Mayo 1370 \u2013 9\u00ba piso of. 226\/229 \u2013 CABA (1362) &#8211; Tel 11-4435-9162<\/span><\/em><\/strong><\/p>\n<p style=\"text-align: left;\" align=\"center\"><strong><em><span lang=\"ES-AR\">\u00a0\u00a0\u00a0\u00a0<\/span><span lang=\"ES-AR\"><a href=\"mailto:E-Mail.\" target=\"_blank\" rel=\"nofollow noopener\">E-Mail.<\/a><\/span><span lang=\"ES-AR\">:\u00a0\u00a0<\/span><span lang=\"ES-AR\"><a href=\"mailto:conaduv@yahoo.com.ar\" target=\"_blank\" rel=\"nofollow noopener\">conaduv@yahoo.com.ar<\/a><\/span><span lang=\"ES-AR\">\u00a0\u00a0\u00a0\u00a0<\/span><span lang=\"ES-AR\"><a href=\"mailto:ingagronomos@yahoo.com.ar\" target=\"_blank\" rel=\"nofollow noopener\">ingagronomos@yahoo.com.ar<\/a><\/span><\/em><\/strong><\/p>\n<p style=\"text-align: left;\">\n","protected":false},"excerpt":{"rendered":"<p>Preocupaci\u00f3n por nuevo aumento en las tarifas de peaje en la provincia de Buenos Aires y la habilitaci\u00f3n de cobro de peaje en la ruta provincial N\u00b0 6.<\/p>\n","protected":false},"author":3,"featured_media":94418,"comment_status":"closed","ping_status":"closed","sticky":false,"template":"","format":"standard","meta":{"footnotes":""},"categories":[24],"tags":[],"class_list":["post-103805","post","type-post","status-publish","format-standard","has-post-thumbnail","hentry","category-politica"],"yoast_head":"<!-- This site is optimized with the Yoast SEO plugin v25.9 - https:\/\/yoast.com\/wordpress\/plugins\/seo\/ -->\n<title>Rechazo a las desafortunadas y falsas declaraciones del nuevo presidente de Autopistas de Buenos Aires S. A. (aubasa), SR. JOS\u00c9 ARTEAGA - Noticias Radio Reflejos<\/title>\n<meta name=\"robots\" content=\"index, follow, max-snippet:-1, max-image-preview:large, max-video-preview:-1\" \/>\n<link rel=\"canonical\" href=\"https:\/\/www.noticiasradioreflejos.com.ar\/2021\/rechazo-a-las-desafortunadas-y-falsas-declaraciones-del-nuevo-presidente-de-autopistas-de-buenos-aires-s-a-aubasa-sr-jose-arteaga\/\" \/>\n<meta property=\"og:locale\" content=\"es_ES\" \/>\n<meta property=\"og:type\" content=\"article\" \/>\n<meta property=\"og:title\" content=\"Rechazo a las desafortunadas y falsas declaraciones del nuevo presidente de Autopistas de Buenos Aires S. A. (aubasa), SR. JOS\u00c9 ARTEAGA - Noticias Radio Reflejos\" \/>\n<meta property=\"og:description\" content=\"Preocupaci\u00f3n por nuevo aumento en las tarifas de peaje en la provincia de Buenos Aires y la habilitaci\u00f3n de cobro de peaje en la ruta provincial N\u00b0 6.\" \/>\n<meta property=\"og:url\" content=\"https:\/\/www.noticiasradioreflejos.com.ar\/2021\/rechazo-a-las-desafortunadas-y-falsas-declaraciones-del-nuevo-presidente-de-autopistas-de-buenos-aires-s-a-aubasa-sr-jose-arteaga\/\" \/>\n<meta property=\"og:site_name\" content=\"Noticias Radio Reflejos\" \/>\n<meta property=\"article:published_time\" content=\"2024-06-11T10:52:31+00:00\" \/>\n<meta property=\"og:image\" content=\"https:\/\/www.noticiasradioreflejos.com.ar\/2021\/wp-content\/uploads\/2023\/10\/peaje_19_0.jpg\" \/>\n\t<meta property=\"og:image:width\" content=\"1020\" \/>\n\t<meta property=\"og:image:height\" content=\"560\" \/>\n\t<meta property=\"og:image:type\" content=\"image\/jpeg\" \/>\n<meta name=\"author\" content=\"Arnaldo Botto\" \/>\n<meta name=\"twitter:card\" content=\"summary_large_image\" \/>\n<script type=\"application\/ld+json\" class=\"yoast-schema-graph\">{\"@context\":\"https:\/\/schema.org\",\"@graph\":[{\"@type\":\"WebPage\",\"@id\":\"https:\/\/www.noticiasradioreflejos.com.ar\/2021\/rechazo-a-las-desafortunadas-y-falsas-declaraciones-del-nuevo-presidente-de-autopistas-de-buenos-aires-s-a-aubasa-sr-jose-arteaga\/\",\"url\":\"https:\/\/www.noticiasradioreflejos.com.ar\/2021\/rechazo-a-las-desafortunadas-y-falsas-declaraciones-del-nuevo-presidente-de-autopistas-de-buenos-aires-s-a-aubasa-sr-jose-arteaga\/\",\"name\":\"Rechazo a las desafortunadas y falsas declaraciones del nuevo presidente de Autopistas de Buenos Aires S. A. (aubasa), SR. JOS\u00c9 ARTEAGA - Noticias Radio Reflejos\",\"isPartOf\":{\"@id\":\"https:\/\/www.noticiasradioreflejos.com.ar\/2021\/#website\"},\"primaryImageOfPage\":{\"@id\":\"https:\/\/www.noticiasradioreflejos.com.ar\/2021\/rechazo-a-las-desafortunadas-y-falsas-declaraciones-del-nuevo-presidente-de-autopistas-de-buenos-aires-s-a-aubasa-sr-jose-arteaga\/#primaryimage\"},\"image\":{\"@id\":\"https:\/\/www.noticiasradioreflejos.com.ar\/2021\/rechazo-a-las-desafortunadas-y-falsas-declaraciones-del-nuevo-presidente-de-autopistas-de-buenos-aires-s-a-aubasa-sr-jose-arteaga\/#primaryimage\"},\"thumbnailUrl\":\"https:\/\/www.noticiasradioreflejos.com.ar\/2021\/wp-content\/uploads\/2023\/10\/peaje_19_0.jpg\",\"datePublished\":\"2024-06-11T10:52:31+00:00\",\"author\":{\"@id\":\"https:\/\/www.noticiasradioreflejos.com.ar\/2021\/#\/schema\/person\/ad82545263dcc5ec0996818884fd5fb1\"},\"breadcrumb\":{\"@id\":\"https:\/\/www.noticiasradioreflejos.com.ar\/2021\/rechazo-a-las-desafortunadas-y-falsas-declaraciones-del-nuevo-presidente-de-autopistas-de-buenos-aires-s-a-aubasa-sr-jose-arteaga\/#breadcrumb\"},\"inLanguage\":\"es\",\"potentialAction\":[{\"@type\":\"ReadAction\",\"target\":[\"https:\/\/www.noticiasradioreflejos.com.ar\/2021\/rechazo-a-las-desafortunadas-y-falsas-declaraciones-del-nuevo-presidente-de-autopistas-de-buenos-aires-s-a-aubasa-sr-jose-arteaga\/\"]}]},{\"@type\":\"ImageObject\",\"inLanguage\":\"es\",\"@id\":\"https:\/\/www.noticiasradioreflejos.com.ar\/2021\/rechazo-a-las-desafortunadas-y-falsas-declaraciones-del-nuevo-presidente-de-autopistas-de-buenos-aires-s-a-aubasa-sr-jose-arteaga\/#primaryimage\",\"url\":\"https:\/\/www.noticiasradioreflejos.com.ar\/2021\/wp-content\/uploads\/2023\/10\/peaje_19_0.jpg\",\"contentUrl\":\"https:\/\/www.noticiasradioreflejos.com.ar\/2021\/wp-content\/uploads\/2023\/10\/peaje_19_0.jpg\",\"width\":1020,\"height\":560},{\"@type\":\"BreadcrumbList\",\"@id\":\"https:\/\/www.noticiasradioreflejos.com.ar\/2021\/rechazo-a-las-desafortunadas-y-falsas-declaraciones-del-nuevo-presidente-de-autopistas-de-buenos-aires-s-a-aubasa-sr-jose-arteaga\/#breadcrumb\",\"itemListElement\":[{\"@type\":\"ListItem\",\"position\":1,\"name\":\"Portada\",\"item\":\"https:\/\/www.noticiasradioreflejos.com.ar\/2021\/\"},{\"@type\":\"ListItem\",\"position\":2,\"name\":\"Rechazo a las desafortunadas y falsas declaraciones del nuevo presidente de Autopistas de Buenos Aires S. A. (aubasa), SR. JOS\u00c9 ARTEAGA\"}]},{\"@type\":\"WebSite\",\"@id\":\"https:\/\/www.noticiasradioreflejos.com.ar\/2021\/#website\",\"url\":\"https:\/\/www.noticiasradioreflejos.com.ar\/2021\/\",\"name\":\"Noticias Radio Reflejos\",\"description\":\"Las noticias de mi comarca\",\"potentialAction\":[{\"@type\":\"SearchAction\",\"target\":{\"@type\":\"EntryPoint\",\"urlTemplate\":\"https:\/\/www.noticiasradioreflejos.com.ar\/2021\/?s={search_term_string}\"},\"query-input\":{\"@type\":\"PropertyValueSpecification\",\"valueRequired\":true,\"valueName\":\"search_term_string\"}}],\"inLanguage\":\"es\"},{\"@type\":\"Person\",\"@id\":\"https:\/\/www.noticiasradioreflejos.com.ar\/2021\/#\/schema\/person\/ad82545263dcc5ec0996818884fd5fb1\",\"name\":\"Arnaldo Botto\",\"image\":{\"@type\":\"ImageObject\",\"inLanguage\":\"es\",\"@id\":\"https:\/\/www.noticiasradioreflejos.com.ar\/2021\/#\/schema\/person\/image\/\",\"url\":\"https:\/\/secure.gravatar.com\/avatar\/55cb5e37c1efa326397366e6974cb338056df65cb50e7d64d1cf314e87504837?s=96&d=mm&r=g\",\"contentUrl\":\"https:\/\/secure.gravatar.com\/avatar\/55cb5e37c1efa326397366e6974cb338056df65cb50e7d64d1cf314e87504837?s=96&d=mm&r=g\",\"caption\":\"Arnaldo Botto\"},\"url\":\"https:\/\/www.noticiasradioreflejos.com.ar\/2021\/author\/arnaldo\/\"}]}<\/script>\n<!-- \/ Yoast SEO plugin. -->","yoast_head_json":{"title":"Rechazo a las desafortunadas y falsas declaraciones del nuevo presidente de Autopistas de Buenos Aires S. A. (aubasa), SR. JOS\u00c9 ARTEAGA - Noticias Radio Reflejos","robots":{"index":"index","follow":"follow","max-snippet":"max-snippet:-1","max-image-preview":"max-image-preview:large","max-video-preview":"max-video-preview:-1"},"canonical":"https:\/\/www.noticiasradioreflejos.com.ar\/2021\/rechazo-a-las-desafortunadas-y-falsas-declaraciones-del-nuevo-presidente-de-autopistas-de-buenos-aires-s-a-aubasa-sr-jose-arteaga\/","og_locale":"es_ES","og_type":"article","og_title":"Rechazo a las desafortunadas y falsas declaraciones del nuevo presidente de Autopistas de Buenos Aires S. A. (aubasa), SR. JOS\u00c9 ARTEAGA - Noticias Radio Reflejos","og_description":"Preocupaci\u00f3n por nuevo aumento en las tarifas de peaje en la provincia de Buenos Aires y la habilitaci\u00f3n de cobro de peaje en la ruta provincial N\u00b0 6.","og_url":"https:\/\/www.noticiasradioreflejos.com.ar\/2021\/rechazo-a-las-desafortunadas-y-falsas-declaraciones-del-nuevo-presidente-de-autopistas-de-buenos-aires-s-a-aubasa-sr-jose-arteaga\/","og_site_name":"Noticias Radio Reflejos","article_published_time":"2024-06-11T10:52:31+00:00","og_image":[{"width":1020,"height":560,"url":"https:\/\/www.noticiasradioreflejos.com.ar\/2021\/wp-content\/uploads\/2023\/10\/peaje_19_0.jpg","type":"image\/jpeg"}],"author":"Arnaldo Botto","twitter_card":"summary_large_image","schema":{"@context":"https:\/\/schema.org","@graph":[{"@type":"WebPage","@id":"https:\/\/www.noticiasradioreflejos.com.ar\/2021\/rechazo-a-las-desafortunadas-y-falsas-declaraciones-del-nuevo-presidente-de-autopistas-de-buenos-aires-s-a-aubasa-sr-jose-arteaga\/","url":"https:\/\/www.noticiasradioreflejos.com.ar\/2021\/rechazo-a-las-desafortunadas-y-falsas-declaraciones-del-nuevo-presidente-de-autopistas-de-buenos-aires-s-a-aubasa-sr-jose-arteaga\/","name":"Rechazo a las desafortunadas y falsas declaraciones del nuevo presidente de Autopistas de Buenos Aires S. A. (aubasa), SR. JOS\u00c9 ARTEAGA - Noticias Radio Reflejos","isPartOf":{"@id":"https:\/\/www.noticiasradioreflejos.com.ar\/2021\/#website"},"primaryImageOfPage":{"@id":"https:\/\/www.noticiasradioreflejos.com.ar\/2021\/rechazo-a-las-desafortunadas-y-falsas-declaraciones-del-nuevo-presidente-de-autopistas-de-buenos-aires-s-a-aubasa-sr-jose-arteaga\/#primaryimage"},"image":{"@id":"https:\/\/www.noticiasradioreflejos.com.ar\/2021\/rechazo-a-las-desafortunadas-y-falsas-declaraciones-del-nuevo-presidente-de-autopistas-de-buenos-aires-s-a-aubasa-sr-jose-arteaga\/#primaryimage"},"thumbnailUrl":"https:\/\/www.noticiasradioreflejos.com.ar\/2021\/wp-content\/uploads\/2023\/10\/peaje_19_0.jpg","datePublished":"2024-06-11T10:52:31+00:00","author":{"@id":"https:\/\/www.noticiasradioreflejos.com.ar\/2021\/#\/schema\/person\/ad82545263dcc5ec0996818884fd5fb1"},"breadcrumb":{"@id":"https:\/\/www.noticiasradioreflejos.com.ar\/2021\/rechazo-a-las-desafortunadas-y-falsas-declaraciones-del-nuevo-presidente-de-autopistas-de-buenos-aires-s-a-aubasa-sr-jose-arteaga\/#breadcrumb"},"inLanguage":"es","potentialAction":[{"@type":"ReadAction","target":["https:\/\/www.noticiasradioreflejos.com.ar\/2021\/rechazo-a-las-desafortunadas-y-falsas-declaraciones-del-nuevo-presidente-de-autopistas-de-buenos-aires-s-a-aubasa-sr-jose-arteaga\/"]}]},{"@type":"ImageObject","inLanguage":"es","@id":"https:\/\/www.noticiasradioreflejos.com.ar\/2021\/rechazo-a-las-desafortunadas-y-falsas-declaraciones-del-nuevo-presidente-de-autopistas-de-buenos-aires-s-a-aubasa-sr-jose-arteaga\/#primaryimage","url":"https:\/\/www.noticiasradioreflejos.com.ar\/2021\/wp-content\/uploads\/2023\/10\/peaje_19_0.jpg","contentUrl":"https:\/\/www.noticiasradioreflejos.com.ar\/2021\/wp-content\/uploads\/2023\/10\/peaje_19_0.jpg","width":1020,"height":560},{"@type":"BreadcrumbList","@id":"https:\/\/www.noticiasradioreflejos.com.ar\/2021\/rechazo-a-las-desafortunadas-y-falsas-declaraciones-del-nuevo-presidente-de-autopistas-de-buenos-aires-s-a-aubasa-sr-jose-arteaga\/#breadcrumb","itemListElement":[{"@type":"ListItem","position":1,"name":"Portada","item":"https:\/\/www.noticiasradioreflejos.com.ar\/2021\/"},{"@type":"ListItem","position":2,"name":"Rechazo a las desafortunadas y falsas declaraciones del nuevo presidente de Autopistas de Buenos Aires S. A. (aubasa), SR. JOS\u00c9 ARTEAGA"}]},{"@type":"WebSite","@id":"https:\/\/www.noticiasradioreflejos.com.ar\/2021\/#website","url":"https:\/\/www.noticiasradioreflejos.com.ar\/2021\/","name":"Noticias Radio Reflejos","description":"Las noticias de mi comarca","potentialAction":[{"@type":"SearchAction","target":{"@type":"EntryPoint","urlTemplate":"https:\/\/www.noticiasradioreflejos.com.ar\/2021\/?s={search_term_string}"},"query-input":{"@type":"PropertyValueSpecification","valueRequired":true,"valueName":"search_term_string"}}],"inLanguage":"es"},{"@type":"Person","@id":"https:\/\/www.noticiasradioreflejos.com.ar\/2021\/#\/schema\/person\/ad82545263dcc5ec0996818884fd5fb1","name":"Arnaldo Botto","image":{"@type":"ImageObject","inLanguage":"es","@id":"https:\/\/www.noticiasradioreflejos.com.ar\/2021\/#\/schema\/person\/image\/","url":"https:\/\/secure.gravatar.com\/avatar\/55cb5e37c1efa326397366e6974cb338056df65cb50e7d64d1cf314e87504837?s=96&d=mm&r=g","contentUrl":"https:\/\/secure.gravatar.com\/avatar\/55cb5e37c1efa326397366e6974cb338056df65cb50e7d64d1cf314e87504837?s=96&d=mm&r=g","caption":"Arnaldo Botto"},"url":"https:\/\/www.noticiasradioreflejos.com.ar\/2021\/author\/arnaldo\/"}]}},"_links":{"self":[{"href":"https:\/\/www.noticiasradioreflejos.com.ar\/2021\/wp-json\/wp\/v2\/posts\/103805","targetHints":{"allow":["GET"]}}],"collection":[{"href":"https:\/\/www.noticiasradioreflejos.com.ar\/2021\/wp-json\/wp\/v2\/posts"}],"about":[{"href":"https:\/\/www.noticiasradioreflejos.com.ar\/2021\/wp-json\/wp\/v2\/types\/post"}],"author":[{"embeddable":true,"href":"https:\/\/www.noticiasradioreflejos.com.ar\/2021\/wp-json\/wp\/v2\/users\/3"}],"replies":[{"embeddable":true,"href":"https:\/\/www.noticiasradioreflejos.com.ar\/2021\/wp-json\/wp\/v2\/comments?post=103805"}],"version-history":[{"count":1,"href":"https:\/\/www.noticiasradioreflejos.com.ar\/2021\/wp-json\/wp\/v2\/posts\/103805\/revisions"}],"predecessor-version":[{"id":103806,"href":"https:\/\/www.noticiasradioreflejos.com.ar\/2021\/wp-json\/wp\/v2\/posts\/103805\/revisions\/103806"}],"wp:featuredmedia":[{"embeddable":true,"href":"https:\/\/www.noticiasradioreflejos.com.ar\/2021\/wp-json\/wp\/v2\/media\/94418"}],"wp:attachment":[{"href":"https:\/\/www.noticiasradioreflejos.com.ar\/2021\/wp-json\/wp\/v2\/media?parent=103805"}],"wp:term":[{"taxonomy":"category","embeddable":true,"href":"https:\/\/www.noticiasradioreflejos.com.ar\/2021\/wp-json\/wp\/v2\/categories?post=103805"},{"taxonomy":"post_tag","embeddable":true,"href":"https:\/\/www.noticiasradioreflejos.com.ar\/2021\/wp-json\/wp\/v2\/tags?post=103805"}],"curies":[{"name":"wp","href":"https:\/\/api.w.org\/{rel}","templated":true}]}}