{"id":103794,"date":"2024-06-10T19:52:46","date_gmt":"2024-06-10T22:52:46","guid":{"rendered":"https:\/\/www.noticiasradioreflejos.com.ar\/2021\/?p=103794"},"modified":"2024-06-10T19:52:46","modified_gmt":"2024-06-10T22:52:46","slug":"condenan-a-24-anos-de-prision-a-rodrigo-delgado-por-el-homicidio-de-agustina-galarza","status":"publish","type":"post","link":"https:\/\/www.noticiasradioreflejos.com.ar\/2021\/condenan-a-24-anos-de-prision-a-rodrigo-delgado-por-el-homicidio-de-agustina-galarza\/","title":{"rendered":"Condenan a 24 a\u00f1os de prisi\u00f3n a Rodrigo Delgado por el homicidio de Agustina Galarza"},"content":{"rendered":"<p>El Tribunal Oral en lo Criminal N.\u00ba 3, compuesto por los Dres. Eduardo d\u00b4Empaire, Daniela Casta\u00f1o y Juli\u00e1n Sald\u00edas, condenaron a Rodrigo Javier Delgado a la pena de 24 a\u00f1os de prisi\u00f3n por el homicidio de Agustina Galarza.<!--more--><\/p>\n<p>De acuerdo a la investigaci\u00f3n realizada por la UFIJ N\u00b0 5 a cargo del fiscal Jorge Viego, el hecho se produjo el 24 de julio de 2022, en calle Darregueira al 2530 cuando Delgado con la utilizaci\u00f3n de un arma de fuego calibre 9 mil\u00edmetros realiz\u00f3 m\u00faltiples disparos hacia esa vivienda, en la cual se encontraban reunidas varias personas.<\/p>\n<p>Como consecuencia de ese accionar, dos de los disparos impactaron en el cuerpo de la joven provoc\u00e1ndole lesiones que produjeron su deceso.<\/p>\n<p>Delgado fue condenado por el delito de homicidio agravado por el uso de arma de fuego.<\/p>\n<p><strong>Fuente ANJ<\/strong><em><\/p>\n","protected":false},"excerpt":{"rendered":"<p>El Tribunal Oral en lo Criminal N.\u00ba 3, compuesto por los Dres. Eduardo d\u00b4Empaire, Daniela Casta\u00f1o y Juli\u00e1n Sald\u00edas, condenaron a Rodrigo Javier Delgado a la pena de 24 a\u00f1os de prisi\u00f3n por el homicidio de Agustina Galarza.<\/p>\n","protected":false},"author":3,"featured_media":0,"comment_status":"closed","ping_status":"closed","sticky":false,"template":"","format":"standard","meta":{"footnotes":""},"categories":[57],"tags":[],"class_list":["post-103794","post","type-post","status-publish","format-standard","hentry","category-judiciales"],"yoast_head":"<!-- This site is optimized with the Yoast SEO plugin v25.9 - https:\/\/yoast.com\/wordpress\/plugins\/seo\/ -->\n<title>Condenan a 24 a\u00f1os de prisi\u00f3n a Rodrigo Delgado por el homicidio de Agustina Galarza - Noticias Radio Reflejos<\/title>\n<meta name=\"robots\" content=\"index, follow, max-snippet:-1, max-image-preview:large, max-video-preview:-1\" \/>\n<link rel=\"canonical\" href=\"https:\/\/www.noticiasradioreflejos.com.ar\/2021\/condenan-a-24-anos-de-prision-a-rodrigo-delgado-por-el-homicidio-de-agustina-galarza\/\" \/>\n<meta property=\"og:locale\" content=\"es_ES\" \/>\n<meta property=\"og:type\" content=\"article\" \/>\n<meta property=\"og:title\" content=\"Condenan a 24 a\u00f1os de prisi\u00f3n a Rodrigo Delgado por el homicidio de Agustina Galarza - Noticias Radio Reflejos\" \/>\n<meta property=\"og:description\" content=\"El Tribunal Oral en lo Criminal N.\u00ba 3, compuesto por los Dres. Eduardo d\u00b4Empaire, Daniela Casta\u00f1o y Juli\u00e1n Sald\u00edas, condenaron a Rodrigo Javier Delgado a la pena de 24 a\u00f1os de prisi\u00f3n por el homicidio de Agustina Galarza.\" \/>\n<meta property=\"og:url\" content=\"https:\/\/www.noticiasradioreflejos.com.ar\/2021\/condenan-a-24-anos-de-prision-a-rodrigo-delgado-por-el-homicidio-de-agustina-galarza\/\" \/>\n<meta property=\"og:site_name\" content=\"Noticias Radio Reflejos\" \/>\n<meta property=\"article:published_time\" content=\"2024-06-10T22:52:46+00:00\" \/>\n<meta property=\"og:image\" content=\"https:\/\/www.noticiasradioreflejos.com.ar\/2021\/wp-content\/uploads\/2024\/06\/juicio-homicidio-Galarza-1200x1135-1.jpg\" \/>\n\t<meta property=\"og:image:width\" content=\"1200\" \/>\n\t<meta property=\"og:image:height\" content=\"1135\" \/>\n\t<meta property=\"og:image:type\" content=\"image\/jpeg\" \/>\n<meta name=\"author\" content=\"Arnaldo Botto\" \/>\n<meta name=\"twitter:card\" content=\"summary_large_image\" \/>\n<script type=\"application\/ld+json\" class=\"yoast-schema-graph\">{\"@context\":\"https:\/\/schema.org\",\"@graph\":[{\"@type\":\"WebPage\",\"@id\":\"https:\/\/www.noticiasradioreflejos.com.ar\/2021\/condenan-a-24-anos-de-prision-a-rodrigo-delgado-por-el-homicidio-de-agustina-galarza\/\",\"url\":\"https:\/\/www.noticiasradioreflejos.com.ar\/2021\/condenan-a-24-anos-de-prision-a-rodrigo-delgado-por-el-homicidio-de-agustina-galarza\/\",\"name\":\"Condenan a 24 a\u00f1os de prisi\u00f3n a Rodrigo Delgado por el homicidio de Agustina Galarza - Noticias Radio Reflejos\",\"isPartOf\":{\"@id\":\"https:\/\/www.noticiasradioreflejos.com.ar\/2021\/#website\"},\"datePublished\":\"2024-06-10T22:52:46+00:00\",\"author\":{\"@id\":\"https:\/\/www.noticiasradioreflejos.com.ar\/2021\/#\/schema\/person\/ad82545263dcc5ec0996818884fd5fb1\"},\"breadcrumb\":{\"@id\":\"https:\/\/www.noticiasradioreflejos.com.ar\/2021\/condenan-a-24-anos-de-prision-a-rodrigo-delgado-por-el-homicidio-de-agustina-galarza\/#breadcrumb\"},\"inLanguage\":\"es\",\"potentialAction\":[{\"@type\":\"ReadAction\",\"target\":[\"https:\/\/www.noticiasradioreflejos.com.ar\/2021\/condenan-a-24-anos-de-prision-a-rodrigo-delgado-por-el-homicidio-de-agustina-galarza\/\"]}]},{\"@type\":\"BreadcrumbList\",\"@id\":\"https:\/\/www.noticiasradioreflejos.com.ar\/2021\/condenan-a-24-anos-de-prision-a-rodrigo-delgado-por-el-homicidio-de-agustina-galarza\/#breadcrumb\",\"itemListElement\":[{\"@type\":\"ListItem\",\"position\":1,\"name\":\"Portada\",\"item\":\"https:\/\/www.noticiasradioreflejos.com.ar\/2021\/\"},{\"@type\":\"ListItem\",\"position\":2,\"name\":\"Condenan a 24 a\u00f1os de prisi\u00f3n a Rodrigo Delgado por el homicidio de Agustina Galarza\"}]},{\"@type\":\"WebSite\",\"@id\":\"https:\/\/www.noticiasradioreflejos.com.ar\/2021\/#website\",\"url\":\"https:\/\/www.noticiasradioreflejos.com.ar\/2021\/\",\"name\":\"Noticias Radio Reflejos\",\"description\":\"Las noticias de mi comarca\",\"potentialAction\":[{\"@type\":\"SearchAction\",\"target\":{\"@type\":\"EntryPoint\",\"urlTemplate\":\"https:\/\/www.noticiasradioreflejos.com.ar\/2021\/?s={search_term_string}\"},\"query-input\":{\"@type\":\"PropertyValueSpecification\",\"valueRequired\":true,\"valueName\":\"search_term_string\"}}],\"inLanguage\":\"es\"},{\"@type\":\"Person\",\"@id\":\"https:\/\/www.noticiasradioreflejos.com.ar\/2021\/#\/schema\/person\/ad82545263dcc5ec0996818884fd5fb1\",\"name\":\"Arnaldo Botto\",\"image\":{\"@type\":\"ImageObject\",\"inLanguage\":\"es\",\"@id\":\"https:\/\/www.noticiasradioreflejos.com.ar\/2021\/#\/schema\/person\/image\/\",\"url\":\"https:\/\/secure.gravatar.com\/avatar\/55cb5e37c1efa326397366e6974cb338056df65cb50e7d64d1cf314e87504837?s=96&d=mm&r=g\",\"contentUrl\":\"https:\/\/secure.gravatar.com\/avatar\/55cb5e37c1efa326397366e6974cb338056df65cb50e7d64d1cf314e87504837?s=96&d=mm&r=g\",\"caption\":\"Arnaldo Botto\"},\"url\":\"https:\/\/www.noticiasradioreflejos.com.ar\/2021\/author\/arnaldo\/\"}]}<\/script>\n<!-- \/ Yoast SEO plugin. -->","yoast_head_json":{"title":"Condenan a 24 a\u00f1os de prisi\u00f3n a Rodrigo Delgado por el homicidio de Agustina Galarza - Noticias Radio Reflejos","robots":{"index":"index","follow":"follow","max-snippet":"max-snippet:-1","max-image-preview":"max-image-preview:large","max-video-preview":"max-video-preview:-1"},"canonical":"https:\/\/www.noticiasradioreflejos.com.ar\/2021\/condenan-a-24-anos-de-prision-a-rodrigo-delgado-por-el-homicidio-de-agustina-galarza\/","og_locale":"es_ES","og_type":"article","og_title":"Condenan a 24 a\u00f1os de prisi\u00f3n a Rodrigo Delgado por el homicidio de Agustina Galarza - Noticias Radio Reflejos","og_description":"El Tribunal Oral en lo Criminal N.\u00ba 3, compuesto por los Dres. Eduardo d\u00b4Empaire, Daniela Casta\u00f1o y Juli\u00e1n Sald\u00edas, condenaron a Rodrigo Javier Delgado a la pena de 24 a\u00f1os de prisi\u00f3n por el homicidio de Agustina Galarza.","og_url":"https:\/\/www.noticiasradioreflejos.com.ar\/2021\/condenan-a-24-anos-de-prision-a-rodrigo-delgado-por-el-homicidio-de-agustina-galarza\/","og_site_name":"Noticias Radio Reflejos","article_published_time":"2024-06-10T22:52:46+00:00","og_image":[{"width":1200,"height":1135,"url":"https:\/\/www.noticiasradioreflejos.com.ar\/2021\/wp-content\/uploads\/2024\/06\/juicio-homicidio-Galarza-1200x1135-1.jpg","type":"image\/jpeg"}],"author":"Arnaldo Botto","twitter_card":"summary_large_image","schema":{"@context":"https:\/\/schema.org","@graph":[{"@type":"WebPage","@id":"https:\/\/www.noticiasradioreflejos.com.ar\/2021\/condenan-a-24-anos-de-prision-a-rodrigo-delgado-por-el-homicidio-de-agustina-galarza\/","url":"https:\/\/www.noticiasradioreflejos.com.ar\/2021\/condenan-a-24-anos-de-prision-a-rodrigo-delgado-por-el-homicidio-de-agustina-galarza\/","name":"Condenan a 24 a\u00f1os de prisi\u00f3n a Rodrigo Delgado por el homicidio de Agustina Galarza - Noticias Radio Reflejos","isPartOf":{"@id":"https:\/\/www.noticiasradioreflejos.com.ar\/2021\/#website"},"datePublished":"2024-06-10T22:52:46+00:00","author":{"@id":"https:\/\/www.noticiasradioreflejos.com.ar\/2021\/#\/schema\/person\/ad82545263dcc5ec0996818884fd5fb1"},"breadcrumb":{"@id":"https:\/\/www.noticiasradioreflejos.com.ar\/2021\/condenan-a-24-anos-de-prision-a-rodrigo-delgado-por-el-homicidio-de-agustina-galarza\/#breadcrumb"},"inLanguage":"es","potentialAction":[{"@type":"ReadAction","target":["https:\/\/www.noticiasradioreflejos.com.ar\/2021\/condenan-a-24-anos-de-prision-a-rodrigo-delgado-por-el-homicidio-de-agustina-galarza\/"]}]},{"@type":"BreadcrumbList","@id":"https:\/\/www.noticiasradioreflejos.com.ar\/2021\/condenan-a-24-anos-de-prision-a-rodrigo-delgado-por-el-homicidio-de-agustina-galarza\/#breadcrumb","itemListElement":[{"@type":"ListItem","position":1,"name":"Portada","item":"https:\/\/www.noticiasradioreflejos.com.ar\/2021\/"},{"@type":"ListItem","position":2,"name":"Condenan a 24 a\u00f1os de prisi\u00f3n a Rodrigo Delgado por el homicidio de Agustina Galarza"}]},{"@type":"WebSite","@id":"https:\/\/www.noticiasradioreflejos.com.ar\/2021\/#website","url":"https:\/\/www.noticiasradioreflejos.com.ar\/2021\/","name":"Noticias Radio Reflejos","description":"Las noticias de mi comarca","potentialAction":[{"@type":"SearchAction","target":{"@type":"EntryPoint","urlTemplate":"https:\/\/www.noticiasradioreflejos.com.ar\/2021\/?s={search_term_string}"},"query-input":{"@type":"PropertyValueSpecification","valueRequired":true,"valueName":"search_term_string"}}],"inLanguage":"es"},{"@type":"Person","@id":"https:\/\/www.noticiasradioreflejos.com.ar\/2021\/#\/schema\/person\/ad82545263dcc5ec0996818884fd5fb1","name":"Arnaldo Botto","image":{"@type":"ImageObject","inLanguage":"es","@id":"https:\/\/www.noticiasradioreflejos.com.ar\/2021\/#\/schema\/person\/image\/","url":"https:\/\/secure.gravatar.com\/avatar\/55cb5e37c1efa326397366e6974cb338056df65cb50e7d64d1cf314e87504837?s=96&d=mm&r=g","contentUrl":"https:\/\/secure.gravatar.com\/avatar\/55cb5e37c1efa326397366e6974cb338056df65cb50e7d64d1cf314e87504837?s=96&d=mm&r=g","caption":"Arnaldo Botto"},"url":"https:\/\/www.noticiasradioreflejos.com.ar\/2021\/author\/arnaldo\/"}]}},"_links":{"self":[{"href":"https:\/\/www.noticiasradioreflejos.com.ar\/2021\/wp-json\/wp\/v2\/posts\/103794","targetHints":{"allow":["GET"]}}],"collection":[{"href":"https:\/\/www.noticiasradioreflejos.com.ar\/2021\/wp-json\/wp\/v2\/posts"}],"about":[{"href":"https:\/\/www.noticiasradioreflejos.com.ar\/2021\/wp-json\/wp\/v2\/types\/post"}],"author":[{"embeddable":true,"href":"https:\/\/www.noticiasradioreflejos.com.ar\/2021\/wp-json\/wp\/v2\/users\/3"}],"replies":[{"embeddable":true,"href":"https:\/\/www.noticiasradioreflejos.com.ar\/2021\/wp-json\/wp\/v2\/comments?post=103794"}],"version-history":[{"count":1,"href":"https:\/\/www.noticiasradioreflejos.com.ar\/2021\/wp-json\/wp\/v2\/posts\/103794\/revisions"}],"predecessor-version":[{"id":103796,"href":"https:\/\/www.noticiasradioreflejos.com.ar\/2021\/wp-json\/wp\/v2\/posts\/103794\/revisions\/103796"}],"wp:attachment":[{"href":"https:\/\/www.noticiasradioreflejos.com.ar\/2021\/wp-json\/wp\/v2\/media?parent=103794"}],"wp:term":[{"taxonomy":"category","embeddable":true,"href":"https:\/\/www.noticiasradioreflejos.com.ar\/2021\/wp-json\/wp\/v2\/categories?post=103794"},{"taxonomy":"post_tag","embeddable":true,"href":"https:\/\/www.noticiasradioreflejos.com.ar\/2021\/wp-json\/wp\/v2\/tags?post=103794"}],"curies":[{"name":"wp","href":"https:\/\/api.w.org\/{rel}","templated":true}]}}