{"id":103752,"date":"2024-06-10T10:26:32","date_gmt":"2024-06-10T13:26:32","guid":{"rendered":"https:\/\/www.noticiasradioreflejos.com.ar\/2021\/?p=103752"},"modified":"2024-06-10T10:26:32","modified_gmt":"2024-06-10T13:26:32","slug":"los-heroes-de-malvinas-ya-tienen-su-monumento-que-los-homenajea-en-la-patagonia","status":"publish","type":"post","link":"https:\/\/www.noticiasradioreflejos.com.ar\/2021\/los-heroes-de-malvinas-ya-tienen-su-monumento-que-los-homenajea-en-la-patagonia\/","title":{"rendered":"Los H\u00e9roes de Malvinas ya tienen su monumento que los homenajea en la Patagonia"},"content":{"rendered":"<p>Acaba de inaugurarse en la <strong>Patagonia<\/strong>\u00a0el\u00a0<strong>monumento m\u00e1s alto que jam\u00e1s haya existido en homenaje a los\u00a0<\/strong><a href=\"https:\/\/noticiasargentinas.com\/sociedad\/malvinas--la-ultima-carta--el-videojuego-que-homenajea-a-los-soldados-argentinos-que-fueron-a-la-guerra-en-1982_a664e7d293d3b41add698579a\"><strong>soldados argentinos que combatieron en la Guerra de Malvinas<\/strong><\/a>\u00a0ante Reino Unido en 1982: su estructura pesa 20 toneladas y la estatura tiene 15 metros de altura, pero si se le suma el pedestal llega a los 17 metros.<!--more--><\/p>\n<div class=\"article-body\" data-tadevel-template=\"web\/article-body\">\n<div class=\"article-body-content\">\n<p>Este impresionante monumento se inaugur\u00f3 el 9 de junio en la\u00a0<strong>Zapala<\/strong>, provincia de\u00a0<strong>Neuqu\u00e9n<\/strong>, y al acto asistieron excombatientes de Malvinas junto a sus familias y seres queridos, adem\u00e1s de los vecinos que se acercaron en gran n\u00famero a rendir homenaje a estos h\u00e9roes de Malvinas, autoridades locales y provinciales.<\/p>\n<p>La escultura puntualmente est\u00e1 ubicada en las cercan\u00edas de la Ruta 14 y el Acceso Fortabat de la ciudad de Zapala y muestra<strong>\u00a0al soldado argentino como gran protagonista<\/strong>, apoyando una rodilla al suelo y portando la bandera nacional en su mano derecha.<\/p>\n<p>Durante el acto de inauguraci\u00f3n Jorge Esteban Bustos, presidente de la Asociaci\u00f3n Civil de Veteranos de Guerra de Malvinas, Zona Centro Neuqu\u00e9n, brind\u00f3 un discurso muy emotivo y estas fueron sus principales palabras: \u201c<i>Este soldado encarna y simboliza al soldado que pis\u00f3 los campos de combate desde los albores de la patria hasta 1982. Simboliza a todos los que dieron su vida por la patria en Malvinas. Este soldado encarna la entrega, el sacrificio y la valent\u00eda de quienes pudimos regresar, y a quienes regresaron con heridas y mutilaciones de gravedad. Desde hoy, todos los veteranos de guerra tendremos un espejo donde mirarnos<\/i>\u201d.<\/p>\n<p><strong>Esta obra fue creada por el escultor neuquino Aldo Beroisa<\/strong>, que tambi\u00e9n cuenta con una plaza seca que rodea la escultura en la que hay una ermita de la Virgen de Luj\u00e1n, comenz\u00f3 a construirse en junio de 2022 y qued\u00f3 lista\u00a0<strong>est\u00e9 lista el domingo 9 de junio<\/strong>, por lo que en total demand\u00f3 dos a\u00f1os de trabajo.<\/p>\n<p>Tambi\u00e9n estuvo presente el excombatiente\u00a0<strong>Carlos Moraga<\/strong>\u00a0de Trelew, Chubut, quien asegur\u00f3: \u201c<i>Estamos emocionados con el Monumento al Soldado, porque la verdad que qued\u00f3 hermoso. Vinimos con siete ex combatientes del Regimiento de Infanter\u00eda 25 Sarmiento\u201d<\/i>. Carlos Panozzo, secretario general del Centro de Veteranos de Guerra de Bah\u00eda Blanca, cont\u00f3 que \u201c<i>el viaje largo vali\u00f3 la pena para ver este hermoso monumento. Todo Zapala nos recibi\u00f3 con los brazos abiertos. Agradecemos por todo, hermosa ciudad y hermoso Monumento<\/i>\u201d.<\/p>\n<p>Beroisa estuvo presente en la inauguraci\u00f3n y se emocion\u00f3 hasta las l\u00e1grimas junto a los excombatientes; adem\u00e1s destac\u00f3 \u201c<i>el sacrificio que implic\u00f3<\/i>\u201d hacer este monumento que \u201c<i>ahora disfrutar\u00e1n las generaciones futuras<\/i>\u201d.<\/p>\n<p>Para finalizar cabe destacar que<strong>\u00a0hoy 10 de junio se conmemora el 193\u00ba aniversario de la creaci\u00f3n de la Comandancia Pol\u00edtica y Militar de las Islas Malvinas<\/strong>\u00a0y adyacentes al Cabo de Hornos, cuando se design\u00f3 a Luis Vernet como primer gobernador, en 1829.<\/p>\n<p>(*) Con informaci\u00f3n de la Municipalidad de Zapala<\/p>\n<figure class=\"multimedia\" data-type=\"photo\" data-tadevel-template=\"web\/multimedia\"><\/figure>\n<\/div>\n<\/div>\n","protected":false},"excerpt":{"rendered":"<p>Acaba de inaugurarse en la Patagonia\u00a0el\u00a0monumento m\u00e1s alto que jam\u00e1s haya existido en homenaje a los\u00a0soldados argentinos que combatieron en la Guerra de Malvinas\u00a0ante Reino Unido en 1982: su estructura pesa 20 toneladas y la estatura tiene 15 metros de altura, pero si se le suma el pedestal llega a los 17 metros.<\/p>\n","protected":false},"author":3,"featured_media":103753,"comment_status":"closed","ping_status":"closed","sticky":false,"template":"","format":"standard","meta":{"footnotes":""},"categories":[24,26],"tags":[],"class_list":["post-103752","post","type-post","status-publish","format-standard","has-post-thumbnail","hentry","category-politica","category-sociedad"],"yoast_head":"<!-- This site is optimized with the Yoast SEO plugin v25.9 - https:\/\/yoast.com\/wordpress\/plugins\/seo\/ -->\n<title>Los H\u00e9roes de Malvinas ya tienen su monumento que los homenajea en la Patagonia - Noticias Radio Reflejos<\/title>\n<meta name=\"robots\" content=\"index, follow, max-snippet:-1, max-image-preview:large, max-video-preview:-1\" \/>\n<link rel=\"canonical\" href=\"https:\/\/www.noticiasradioreflejos.com.ar\/2021\/los-heroes-de-malvinas-ya-tienen-su-monumento-que-los-homenajea-en-la-patagonia\/\" \/>\n<meta property=\"og:locale\" content=\"es_ES\" \/>\n<meta property=\"og:type\" content=\"article\" \/>\n<meta property=\"og:title\" content=\"Los H\u00e9roes de Malvinas ya tienen su monumento que los homenajea en la Patagonia - Noticias Radio Reflejos\" \/>\n<meta property=\"og:description\" content=\"Acaba de inaugurarse en la Patagonia\u00a0el\u00a0monumento m\u00e1s alto que jam\u00e1s haya existido en homenaje a los\u00a0soldados argentinos que combatieron en la Guerra de Malvinas\u00a0ante Reino Unido en 1982: su estructura pesa 20 toneladas y la estatura tiene 15 metros de altura, pero si se le suma el pedestal llega a los 17 metros.\" \/>\n<meta property=\"og:url\" content=\"https:\/\/www.noticiasradioreflejos.com.ar\/2021\/los-heroes-de-malvinas-ya-tienen-su-monumento-que-los-homenajea-en-la-patagonia\/\" \/>\n<meta property=\"og:site_name\" content=\"Noticias Radio Reflejos\" \/>\n<meta property=\"article:published_time\" content=\"2024-06-10T13:26:32+00:00\" \/>\n<meta property=\"og:image\" content=\"https:\/\/www.noticiasradioreflejos.com.ar\/2021\/wp-content\/uploads\/2024\/06\/estatua-al-Soldado-Zapala.jpg\" \/>\n\t<meta property=\"og:image:width\" content=\"482\" \/>\n\t<meta property=\"og:image:height\" content=\"360\" \/>\n\t<meta property=\"og:image:type\" content=\"image\/jpeg\" \/>\n<meta name=\"author\" content=\"Arnaldo Botto\" \/>\n<meta name=\"twitter:card\" content=\"summary_large_image\" \/>\n<script type=\"application\/ld+json\" class=\"yoast-schema-graph\">{\"@context\":\"https:\/\/schema.org\",\"@graph\":[{\"@type\":\"WebPage\",\"@id\":\"https:\/\/www.noticiasradioreflejos.com.ar\/2021\/los-heroes-de-malvinas-ya-tienen-su-monumento-que-los-homenajea-en-la-patagonia\/\",\"url\":\"https:\/\/www.noticiasradioreflejos.com.ar\/2021\/los-heroes-de-malvinas-ya-tienen-su-monumento-que-los-homenajea-en-la-patagonia\/\",\"name\":\"Los H\u00e9roes de Malvinas ya tienen su monumento que los homenajea en la Patagonia - Noticias Radio Reflejos\",\"isPartOf\":{\"@id\":\"https:\/\/www.noticiasradioreflejos.com.ar\/2021\/#website\"},\"primaryImageOfPage\":{\"@id\":\"https:\/\/www.noticiasradioreflejos.com.ar\/2021\/los-heroes-de-malvinas-ya-tienen-su-monumento-que-los-homenajea-en-la-patagonia\/#primaryimage\"},\"image\":{\"@id\":\"https:\/\/www.noticiasradioreflejos.com.ar\/2021\/los-heroes-de-malvinas-ya-tienen-su-monumento-que-los-homenajea-en-la-patagonia\/#primaryimage\"},\"thumbnailUrl\":\"https:\/\/www.noticiasradioreflejos.com.ar\/2021\/wp-content\/uploads\/2024\/06\/estatua-al-Soldado-Zapala.jpg\",\"datePublished\":\"2024-06-10T13:26:32+00:00\",\"author\":{\"@id\":\"https:\/\/www.noticiasradioreflejos.com.ar\/2021\/#\/schema\/person\/ad82545263dcc5ec0996818884fd5fb1\"},\"breadcrumb\":{\"@id\":\"https:\/\/www.noticiasradioreflejos.com.ar\/2021\/los-heroes-de-malvinas-ya-tienen-su-monumento-que-los-homenajea-en-la-patagonia\/#breadcrumb\"},\"inLanguage\":\"es\",\"potentialAction\":[{\"@type\":\"ReadAction\",\"target\":[\"https:\/\/www.noticiasradioreflejos.com.ar\/2021\/los-heroes-de-malvinas-ya-tienen-su-monumento-que-los-homenajea-en-la-patagonia\/\"]}]},{\"@type\":\"ImageObject\",\"inLanguage\":\"es\",\"@id\":\"https:\/\/www.noticiasradioreflejos.com.ar\/2021\/los-heroes-de-malvinas-ya-tienen-su-monumento-que-los-homenajea-en-la-patagonia\/#primaryimage\",\"url\":\"https:\/\/www.noticiasradioreflejos.com.ar\/2021\/wp-content\/uploads\/2024\/06\/estatua-al-Soldado-Zapala.jpg\",\"contentUrl\":\"https:\/\/www.noticiasradioreflejos.com.ar\/2021\/wp-content\/uploads\/2024\/06\/estatua-al-Soldado-Zapala.jpg\",\"width\":482,\"height\":360},{\"@type\":\"BreadcrumbList\",\"@id\":\"https:\/\/www.noticiasradioreflejos.com.ar\/2021\/los-heroes-de-malvinas-ya-tienen-su-monumento-que-los-homenajea-en-la-patagonia\/#breadcrumb\",\"itemListElement\":[{\"@type\":\"ListItem\",\"position\":1,\"name\":\"Portada\",\"item\":\"https:\/\/www.noticiasradioreflejos.com.ar\/2021\/\"},{\"@type\":\"ListItem\",\"position\":2,\"name\":\"Los H\u00e9roes de Malvinas ya tienen su monumento que los homenajea en la Patagonia\"}]},{\"@type\":\"WebSite\",\"@id\":\"https:\/\/www.noticiasradioreflejos.com.ar\/2021\/#website\",\"url\":\"https:\/\/www.noticiasradioreflejos.com.ar\/2021\/\",\"name\":\"Noticias Radio Reflejos\",\"description\":\"Las noticias de mi comarca\",\"potentialAction\":[{\"@type\":\"SearchAction\",\"target\":{\"@type\":\"EntryPoint\",\"urlTemplate\":\"https:\/\/www.noticiasradioreflejos.com.ar\/2021\/?s={search_term_string}\"},\"query-input\":{\"@type\":\"PropertyValueSpecification\",\"valueRequired\":true,\"valueName\":\"search_term_string\"}}],\"inLanguage\":\"es\"},{\"@type\":\"Person\",\"@id\":\"https:\/\/www.noticiasradioreflejos.com.ar\/2021\/#\/schema\/person\/ad82545263dcc5ec0996818884fd5fb1\",\"name\":\"Arnaldo Botto\",\"image\":{\"@type\":\"ImageObject\",\"inLanguage\":\"es\",\"@id\":\"https:\/\/www.noticiasradioreflejos.com.ar\/2021\/#\/schema\/person\/image\/\",\"url\":\"https:\/\/secure.gravatar.com\/avatar\/55cb5e37c1efa326397366e6974cb338056df65cb50e7d64d1cf314e87504837?s=96&d=mm&r=g\",\"contentUrl\":\"https:\/\/secure.gravatar.com\/avatar\/55cb5e37c1efa326397366e6974cb338056df65cb50e7d64d1cf314e87504837?s=96&d=mm&r=g\",\"caption\":\"Arnaldo Botto\"},\"url\":\"https:\/\/www.noticiasradioreflejos.com.ar\/2021\/author\/arnaldo\/\"}]}<\/script>\n<!-- \/ Yoast SEO plugin. -->","yoast_head_json":{"title":"Los H\u00e9roes de Malvinas ya tienen su monumento que los homenajea en la Patagonia - Noticias Radio Reflejos","robots":{"index":"index","follow":"follow","max-snippet":"max-snippet:-1","max-image-preview":"max-image-preview:large","max-video-preview":"max-video-preview:-1"},"canonical":"https:\/\/www.noticiasradioreflejos.com.ar\/2021\/los-heroes-de-malvinas-ya-tienen-su-monumento-que-los-homenajea-en-la-patagonia\/","og_locale":"es_ES","og_type":"article","og_title":"Los H\u00e9roes de Malvinas ya tienen su monumento que los homenajea en la Patagonia - Noticias Radio Reflejos","og_description":"Acaba de inaugurarse en la Patagonia\u00a0el\u00a0monumento m\u00e1s alto que jam\u00e1s haya existido en homenaje a los\u00a0soldados argentinos que combatieron en la Guerra de Malvinas\u00a0ante Reino Unido en 1982: su estructura pesa 20 toneladas y la estatura tiene 15 metros de altura, pero si se le suma el pedestal llega a los 17 metros.","og_url":"https:\/\/www.noticiasradioreflejos.com.ar\/2021\/los-heroes-de-malvinas-ya-tienen-su-monumento-que-los-homenajea-en-la-patagonia\/","og_site_name":"Noticias Radio Reflejos","article_published_time":"2024-06-10T13:26:32+00:00","og_image":[{"width":482,"height":360,"url":"https:\/\/www.noticiasradioreflejos.com.ar\/2021\/wp-content\/uploads\/2024\/06\/estatua-al-Soldado-Zapala.jpg","type":"image\/jpeg"}],"author":"Arnaldo Botto","twitter_card":"summary_large_image","schema":{"@context":"https:\/\/schema.org","@graph":[{"@type":"WebPage","@id":"https:\/\/www.noticiasradioreflejos.com.ar\/2021\/los-heroes-de-malvinas-ya-tienen-su-monumento-que-los-homenajea-en-la-patagonia\/","url":"https:\/\/www.noticiasradioreflejos.com.ar\/2021\/los-heroes-de-malvinas-ya-tienen-su-monumento-que-los-homenajea-en-la-patagonia\/","name":"Los H\u00e9roes de Malvinas ya tienen su monumento que los homenajea en la Patagonia - Noticias Radio Reflejos","isPartOf":{"@id":"https:\/\/www.noticiasradioreflejos.com.ar\/2021\/#website"},"primaryImageOfPage":{"@id":"https:\/\/www.noticiasradioreflejos.com.ar\/2021\/los-heroes-de-malvinas-ya-tienen-su-monumento-que-los-homenajea-en-la-patagonia\/#primaryimage"},"image":{"@id":"https:\/\/www.noticiasradioreflejos.com.ar\/2021\/los-heroes-de-malvinas-ya-tienen-su-monumento-que-los-homenajea-en-la-patagonia\/#primaryimage"},"thumbnailUrl":"https:\/\/www.noticiasradioreflejos.com.ar\/2021\/wp-content\/uploads\/2024\/06\/estatua-al-Soldado-Zapala.jpg","datePublished":"2024-06-10T13:26:32+00:00","author":{"@id":"https:\/\/www.noticiasradioreflejos.com.ar\/2021\/#\/schema\/person\/ad82545263dcc5ec0996818884fd5fb1"},"breadcrumb":{"@id":"https:\/\/www.noticiasradioreflejos.com.ar\/2021\/los-heroes-de-malvinas-ya-tienen-su-monumento-que-los-homenajea-en-la-patagonia\/#breadcrumb"},"inLanguage":"es","potentialAction":[{"@type":"ReadAction","target":["https:\/\/www.noticiasradioreflejos.com.ar\/2021\/los-heroes-de-malvinas-ya-tienen-su-monumento-que-los-homenajea-en-la-patagonia\/"]}]},{"@type":"ImageObject","inLanguage":"es","@id":"https:\/\/www.noticiasradioreflejos.com.ar\/2021\/los-heroes-de-malvinas-ya-tienen-su-monumento-que-los-homenajea-en-la-patagonia\/#primaryimage","url":"https:\/\/www.noticiasradioreflejos.com.ar\/2021\/wp-content\/uploads\/2024\/06\/estatua-al-Soldado-Zapala.jpg","contentUrl":"https:\/\/www.noticiasradioreflejos.com.ar\/2021\/wp-content\/uploads\/2024\/06\/estatua-al-Soldado-Zapala.jpg","width":482,"height":360},{"@type":"BreadcrumbList","@id":"https:\/\/www.noticiasradioreflejos.com.ar\/2021\/los-heroes-de-malvinas-ya-tienen-su-monumento-que-los-homenajea-en-la-patagonia\/#breadcrumb","itemListElement":[{"@type":"ListItem","position":1,"name":"Portada","item":"https:\/\/www.noticiasradioreflejos.com.ar\/2021\/"},{"@type":"ListItem","position":2,"name":"Los H\u00e9roes de Malvinas ya tienen su monumento que los homenajea en la Patagonia"}]},{"@type":"WebSite","@id":"https:\/\/www.noticiasradioreflejos.com.ar\/2021\/#website","url":"https:\/\/www.noticiasradioreflejos.com.ar\/2021\/","name":"Noticias Radio Reflejos","description":"Las noticias de mi comarca","potentialAction":[{"@type":"SearchAction","target":{"@type":"EntryPoint","urlTemplate":"https:\/\/www.noticiasradioreflejos.com.ar\/2021\/?s={search_term_string}"},"query-input":{"@type":"PropertyValueSpecification","valueRequired":true,"valueName":"search_term_string"}}],"inLanguage":"es"},{"@type":"Person","@id":"https:\/\/www.noticiasradioreflejos.com.ar\/2021\/#\/schema\/person\/ad82545263dcc5ec0996818884fd5fb1","name":"Arnaldo Botto","image":{"@type":"ImageObject","inLanguage":"es","@id":"https:\/\/www.noticiasradioreflejos.com.ar\/2021\/#\/schema\/person\/image\/","url":"https:\/\/secure.gravatar.com\/avatar\/55cb5e37c1efa326397366e6974cb338056df65cb50e7d64d1cf314e87504837?s=96&d=mm&r=g","contentUrl":"https:\/\/secure.gravatar.com\/avatar\/55cb5e37c1efa326397366e6974cb338056df65cb50e7d64d1cf314e87504837?s=96&d=mm&r=g","caption":"Arnaldo Botto"},"url":"https:\/\/www.noticiasradioreflejos.com.ar\/2021\/author\/arnaldo\/"}]}},"_links":{"self":[{"href":"https:\/\/www.noticiasradioreflejos.com.ar\/2021\/wp-json\/wp\/v2\/posts\/103752","targetHints":{"allow":["GET"]}}],"collection":[{"href":"https:\/\/www.noticiasradioreflejos.com.ar\/2021\/wp-json\/wp\/v2\/posts"}],"about":[{"href":"https:\/\/www.noticiasradioreflejos.com.ar\/2021\/wp-json\/wp\/v2\/types\/post"}],"author":[{"embeddable":true,"href":"https:\/\/www.noticiasradioreflejos.com.ar\/2021\/wp-json\/wp\/v2\/users\/3"}],"replies":[{"embeddable":true,"href":"https:\/\/www.noticiasradioreflejos.com.ar\/2021\/wp-json\/wp\/v2\/comments?post=103752"}],"version-history":[{"count":1,"href":"https:\/\/www.noticiasradioreflejos.com.ar\/2021\/wp-json\/wp\/v2\/posts\/103752\/revisions"}],"predecessor-version":[{"id":103755,"href":"https:\/\/www.noticiasradioreflejos.com.ar\/2021\/wp-json\/wp\/v2\/posts\/103752\/revisions\/103755"}],"wp:featuredmedia":[{"embeddable":true,"href":"https:\/\/www.noticiasradioreflejos.com.ar\/2021\/wp-json\/wp\/v2\/media\/103753"}],"wp:attachment":[{"href":"https:\/\/www.noticiasradioreflejos.com.ar\/2021\/wp-json\/wp\/v2\/media?parent=103752"}],"wp:term":[{"taxonomy":"category","embeddable":true,"href":"https:\/\/www.noticiasradioreflejos.com.ar\/2021\/wp-json\/wp\/v2\/categories?post=103752"},{"taxonomy":"post_tag","embeddable":true,"href":"https:\/\/www.noticiasradioreflejos.com.ar\/2021\/wp-json\/wp\/v2\/tags?post=103752"}],"curies":[{"name":"wp","href":"https:\/\/api.w.org\/{rel}","templated":true}]}}