{"id":103747,"date":"2024-06-10T10:12:55","date_gmt":"2024-06-10T13:12:55","guid":{"rendered":"https:\/\/www.noticiasradioreflejos.com.ar\/2021\/?p=103747"},"modified":"2024-06-10T10:12:55","modified_gmt":"2024-06-10T13:12:55","slug":"cuando-es-el-dia-del-padre-2024","status":"publish","type":"post","link":"https:\/\/www.noticiasradioreflejos.com.ar\/2021\/cuando-es-el-dia-del-padre-2024\/","title":{"rendered":"Cu\u00e1ndo es el d\u00eda del padre 2024"},"content":{"rendered":"<p>Aunque su origen se remonta a Estados Unidos, esta festividad se ha extendido a nivel mundial, adapt\u00e1ndose a diferentes tradiciones y fechas en cada pa\u00eds.<!--more--><\/p>\n<div class=\"nota_contenido \">\n<div class=\"media nota-media\"><img decoding=\"async\" class=\"i-amphtml-fill-content i-amphtml-replaced-content\" src=\"https:\/\/cdn.eldestapeweb.com\/eldestape\/062023\/1686800994420.webp?cw=770&amp;ch=440&amp;extw=jpeg\" alt=\"D\u00eda del Padre\" data-amp-auto-lightbox-disable=\"\" \/><span class=\"epigrafe_mustang\"><label class=\"descripcion\">El D\u00eda del Padre es una ocasi\u00f3n especial para expresar amor y gratitud hacia los padres y figuras paternas en nuestras vidas.<\/label><\/span><\/div>\n<div class=\"cuerpo lbp-cuerpo\" data-mrf-recirculation=\"Nota: contenido\">\n<div class=\"banner container_publi AMP_P3 desktop \" data-tipo=\"tipo_desktop \"><\/div>\n<p>El\u00a0<a class=\"link\" href=\"https:\/\/www.eldestapeweb.com\/tag\/dia-del-padre\">D\u00eda del Padre<\/a>\u00a0es una celebraci\u00f3n especial en la que se honra la figura paterna y su importante papel en la familia. Aunque esta festividad se celebra en diferentes fechas en todo el mundo,\u00a0<strong>en Argentina se festeja tradicionalmente el tercer domingo de junio<\/strong>. En 2024, los argentinos tendr\u00e1n la oportunidad de homenajear a sus padres el domingo 16 de junio.<\/p>\n<p>&nbsp;<\/p>\n<h2 class=\"h2\">Origen del D\u00eda del Padre<\/h2>\n<p>El origen de esta celebraci\u00f3n se remonta a<strong>\u00a0Estados Unidos a principios del siglo XX<\/strong>. Se dice que la idea surgi\u00f3 gracias a Sonora Smart Dood, quien consider\u00f3 que los padres merec\u00edan un d\u00eda especial al igual que las madres. Inspirada por un serm\u00f3n sobre el D\u00eda de la Madre, present\u00f3 una petici\u00f3n a la Alianza Ministerial de Spokane en 1909.\u00a0<strong>El 19 de junio de 1910, se celebr\u00f3 el primer D\u00eda del Padre en esa ciudad.<\/strong><\/p>\n<p>La primera declaraci\u00f3n oficial del D\u00eda del Padre lleg\u00f3 en\u00a0<strong>1924<\/strong>, cuando el presidente estadounidense Calvin Coolidge reconoci\u00f3 la celebraci\u00f3n. Posteriormente, en 1966, el presidente Lyndon B. Johnson estableci\u00f3 que se celebrar\u00eda cada tercer domingo de junio. Finalmente, en 1972,\u00a0<strong>Nixon lo convirti\u00f3 en ley a nivel nacional.<\/strong><\/p>\n<h2 class=\"h2\">Curiosidades sobre el d\u00eda del padre<\/h2>\n<p>Adem\u00e1s de ser una ocasi\u00f3n para honrar a los padres, el D\u00eda del Padre tiene algunas curiosidades interesantes asociadas a su celebraci\u00f3n. Por ejemplo,\u00a0<strong>en algunos pa\u00edses como Alemania y Suiza, se celebra el D\u00eda del Padre el mismo d\u00eda que el D\u00eda de San Jos\u00e9, el 19 de marzo<\/strong>. En otros lugares, como en Espa\u00f1a, se celebra el 19 de marzo pero con el nombre de \u00abD\u00eda del Padre y San Jos\u00e9\u00bb.<\/p>\n<p>Otra curiosidad es que el\u00a0<strong>regalo m\u00e1s com\u00fan\u00a0<\/strong>para los padres en este d\u00eda suelen ser las\u00a0<strong>corbatas<\/strong>. Este accesorio se ha convertido en un s\u00edmbolo cl\u00e1sico de la celebraci\u00f3n, aunque en la actualidad los regalos pueden variar desde experiencias \u00fanicas hasta peque\u00f1os gestos de cari\u00f1o.<\/p>\n<h2 class=\"h2\">Cu\u00e1ndo es el D\u00eda del Padre en cada parte del mundo<\/h2>\n<p>&nbsp;<\/p>\n<div class=\"fixed-container\">\n<p>&nbsp;<\/p>\n<div class=\"img-epigrafe\">El D\u00eda del Padre var\u00eda en fecha y forma de conmemoraci\u00f3n en diferentes partes del mundo.\u00a0<strong>En Estados Unidos y muchos otros pa\u00edses, se celebra el tercer domingo de junio<\/strong>.\u00a0En esta ocasi\u00f3n, las familias suelen reunirse para expresar su amor y agradecimiento hacia los padres, ya sea a trav\u00e9s de regalos, tarjetas con mensajes emotivos o compartiendo actividades especiales juntos, como una comida familiar o una salida recreativa.<\/div>\n<\/div>\n<div class=\"publiamp container\" data-tipo=\"tipo_desktop \" data-pos=\"AMP_P2_cuerpo\"><\/div>\n<p>Por otro lado,\u00a0<strong>en algunos pa\u00edses de Europa, como Espa\u00f1a, Italia y Portugal, el D\u00eda del Padre se celebra el 19 de marzo<\/strong>, coincidiendo con la festividad de San Jos\u00e9, padre adoptivo de Jes\u00fas en la tradici\u00f3n cristiana. Esta fecha tiene una connotaci\u00f3n religiosa y cultural importante, y es una oportunidad para rendir homenaje a los padres y figuras paternas en la vida de las personas. Es importante destacar que, aunque estas son algunas de las fechas m\u00e1s comunes para celebrar el D\u00eda del Padre, existen variaciones en otros pa\u00edses y culturas, donde la fecha y las tradiciones pueden ser diferentes.<\/p>\n<\/div>\n<\/div>\n","protected":false},"excerpt":{"rendered":"<p>Aunque su origen se remonta a Estados Unidos, esta festividad se ha extendido a nivel mundial, adapt\u00e1ndose a diferentes tradiciones y fechas en cada pa\u00eds.<\/p>\n","protected":false},"author":3,"featured_media":0,"comment_status":"closed","ping_status":"closed","sticky":false,"template":"","format":"standard","meta":{"footnotes":""},"categories":[26],"tags":[],"class_list":["post-103747","post","type-post","status-publish","format-standard","hentry","category-sociedad"],"yoast_head":"<!-- This site is optimized with the Yoast SEO plugin v25.9 - https:\/\/yoast.com\/wordpress\/plugins\/seo\/ -->\n<title>Cu\u00e1ndo es el d\u00eda del padre 2024 - Noticias Radio Reflejos<\/title>\n<meta name=\"robots\" content=\"index, follow, max-snippet:-1, max-image-preview:large, max-video-preview:-1\" \/>\n<link rel=\"canonical\" href=\"https:\/\/www.noticiasradioreflejos.com.ar\/2021\/cuando-es-el-dia-del-padre-2024\/\" \/>\n<meta property=\"og:locale\" content=\"es_ES\" \/>\n<meta property=\"og:type\" content=\"article\" \/>\n<meta property=\"og:title\" content=\"Cu\u00e1ndo es el d\u00eda del padre 2024 - Noticias Radio Reflejos\" \/>\n<meta property=\"og:description\" content=\"Aunque su origen se remonta a Estados Unidos, esta festividad se ha extendido a nivel mundial, adapt\u00e1ndose a diferentes tradiciones y fechas en cada pa\u00eds.\" \/>\n<meta property=\"og:url\" content=\"https:\/\/www.noticiasradioreflejos.com.ar\/2021\/cuando-es-el-dia-del-padre-2024\/\" \/>\n<meta property=\"og:site_name\" content=\"Noticias Radio Reflejos\" \/>\n<meta property=\"article:published_time\" content=\"2024-06-10T13:12:55+00:00\" \/>\n<meta property=\"og:image\" content=\"https:\/\/cdn.eldestapeweb.com\/eldestape\/062023\/1686800994420.webp?cw=770&amp;ch=440&amp;extw=jpeg\" \/>\n<meta name=\"author\" content=\"Arnaldo Botto\" \/>\n<meta name=\"twitter:card\" content=\"summary_large_image\" \/>\n<script type=\"application\/ld+json\" class=\"yoast-schema-graph\">{\"@context\":\"https:\/\/schema.org\",\"@graph\":[{\"@type\":\"WebPage\",\"@id\":\"https:\/\/www.noticiasradioreflejos.com.ar\/2021\/cuando-es-el-dia-del-padre-2024\/\",\"url\":\"https:\/\/www.noticiasradioreflejos.com.ar\/2021\/cuando-es-el-dia-del-padre-2024\/\",\"name\":\"Cu\u00e1ndo es el d\u00eda del padre 2024 - Noticias Radio Reflejos\",\"isPartOf\":{\"@id\":\"https:\/\/www.noticiasradioreflejos.com.ar\/2021\/#website\"},\"primaryImageOfPage\":{\"@id\":\"https:\/\/www.noticiasradioreflejos.com.ar\/2021\/cuando-es-el-dia-del-padre-2024\/#primaryimage\"},\"image\":{\"@id\":\"https:\/\/www.noticiasradioreflejos.com.ar\/2021\/cuando-es-el-dia-del-padre-2024\/#primaryimage\"},\"thumbnailUrl\":\"https:\/\/cdn.eldestapeweb.com\/eldestape\/062023\/1686800994420.webp?cw=770&amp;ch=440&amp;extw=jpeg\",\"datePublished\":\"2024-06-10T13:12:55+00:00\",\"author\":{\"@id\":\"https:\/\/www.noticiasradioreflejos.com.ar\/2021\/#\/schema\/person\/ad82545263dcc5ec0996818884fd5fb1\"},\"breadcrumb\":{\"@id\":\"https:\/\/www.noticiasradioreflejos.com.ar\/2021\/cuando-es-el-dia-del-padre-2024\/#breadcrumb\"},\"inLanguage\":\"es\",\"potentialAction\":[{\"@type\":\"ReadAction\",\"target\":[\"https:\/\/www.noticiasradioreflejos.com.ar\/2021\/cuando-es-el-dia-del-padre-2024\/\"]}]},{\"@type\":\"ImageObject\",\"inLanguage\":\"es\",\"@id\":\"https:\/\/www.noticiasradioreflejos.com.ar\/2021\/cuando-es-el-dia-del-padre-2024\/#primaryimage\",\"url\":\"https:\/\/cdn.eldestapeweb.com\/eldestape\/062023\/1686800994420.webp?cw=770&amp;ch=440&amp;extw=jpeg\",\"contentUrl\":\"https:\/\/cdn.eldestapeweb.com\/eldestape\/062023\/1686800994420.webp?cw=770&amp;ch=440&amp;extw=jpeg\"},{\"@type\":\"BreadcrumbList\",\"@id\":\"https:\/\/www.noticiasradioreflejos.com.ar\/2021\/cuando-es-el-dia-del-padre-2024\/#breadcrumb\",\"itemListElement\":[{\"@type\":\"ListItem\",\"position\":1,\"name\":\"Portada\",\"item\":\"https:\/\/www.noticiasradioreflejos.com.ar\/2021\/\"},{\"@type\":\"ListItem\",\"position\":2,\"name\":\"Cu\u00e1ndo es el d\u00eda del padre 2024\"}]},{\"@type\":\"WebSite\",\"@id\":\"https:\/\/www.noticiasradioreflejos.com.ar\/2021\/#website\",\"url\":\"https:\/\/www.noticiasradioreflejos.com.ar\/2021\/\",\"name\":\"Noticias Radio Reflejos\",\"description\":\"Las noticias de mi comarca\",\"potentialAction\":[{\"@type\":\"SearchAction\",\"target\":{\"@type\":\"EntryPoint\",\"urlTemplate\":\"https:\/\/www.noticiasradioreflejos.com.ar\/2021\/?s={search_term_string}\"},\"query-input\":{\"@type\":\"PropertyValueSpecification\",\"valueRequired\":true,\"valueName\":\"search_term_string\"}}],\"inLanguage\":\"es\"},{\"@type\":\"Person\",\"@id\":\"https:\/\/www.noticiasradioreflejos.com.ar\/2021\/#\/schema\/person\/ad82545263dcc5ec0996818884fd5fb1\",\"name\":\"Arnaldo Botto\",\"image\":{\"@type\":\"ImageObject\",\"inLanguage\":\"es\",\"@id\":\"https:\/\/www.noticiasradioreflejos.com.ar\/2021\/#\/schema\/person\/image\/\",\"url\":\"https:\/\/secure.gravatar.com\/avatar\/55cb5e37c1efa326397366e6974cb338056df65cb50e7d64d1cf314e87504837?s=96&d=mm&r=g\",\"contentUrl\":\"https:\/\/secure.gravatar.com\/avatar\/55cb5e37c1efa326397366e6974cb338056df65cb50e7d64d1cf314e87504837?s=96&d=mm&r=g\",\"caption\":\"Arnaldo Botto\"},\"url\":\"https:\/\/www.noticiasradioreflejos.com.ar\/2021\/author\/arnaldo\/\"}]}<\/script>\n<!-- \/ Yoast SEO plugin. -->","yoast_head_json":{"title":"Cu\u00e1ndo es el d\u00eda del padre 2024 - Noticias Radio Reflejos","robots":{"index":"index","follow":"follow","max-snippet":"max-snippet:-1","max-image-preview":"max-image-preview:large","max-video-preview":"max-video-preview:-1"},"canonical":"https:\/\/www.noticiasradioreflejos.com.ar\/2021\/cuando-es-el-dia-del-padre-2024\/","og_locale":"es_ES","og_type":"article","og_title":"Cu\u00e1ndo es el d\u00eda del padre 2024 - Noticias Radio Reflejos","og_description":"Aunque su origen se remonta a Estados Unidos, esta festividad se ha extendido a nivel mundial, adapt\u00e1ndose a diferentes tradiciones y fechas en cada pa\u00eds.","og_url":"https:\/\/www.noticiasradioreflejos.com.ar\/2021\/cuando-es-el-dia-del-padre-2024\/","og_site_name":"Noticias Radio Reflejos","article_published_time":"2024-06-10T13:12:55+00:00","og_image":[{"url":"https:\/\/cdn.eldestapeweb.com\/eldestape\/062023\/1686800994420.webp?cw=770&amp;ch=440&amp;extw=jpeg","type":"","width":"","height":""}],"author":"Arnaldo Botto","twitter_card":"summary_large_image","schema":{"@context":"https:\/\/schema.org","@graph":[{"@type":"WebPage","@id":"https:\/\/www.noticiasradioreflejos.com.ar\/2021\/cuando-es-el-dia-del-padre-2024\/","url":"https:\/\/www.noticiasradioreflejos.com.ar\/2021\/cuando-es-el-dia-del-padre-2024\/","name":"Cu\u00e1ndo es el d\u00eda del padre 2024 - Noticias Radio Reflejos","isPartOf":{"@id":"https:\/\/www.noticiasradioreflejos.com.ar\/2021\/#website"},"primaryImageOfPage":{"@id":"https:\/\/www.noticiasradioreflejos.com.ar\/2021\/cuando-es-el-dia-del-padre-2024\/#primaryimage"},"image":{"@id":"https:\/\/www.noticiasradioreflejos.com.ar\/2021\/cuando-es-el-dia-del-padre-2024\/#primaryimage"},"thumbnailUrl":"https:\/\/cdn.eldestapeweb.com\/eldestape\/062023\/1686800994420.webp?cw=770&amp;ch=440&amp;extw=jpeg","datePublished":"2024-06-10T13:12:55+00:00","author":{"@id":"https:\/\/www.noticiasradioreflejos.com.ar\/2021\/#\/schema\/person\/ad82545263dcc5ec0996818884fd5fb1"},"breadcrumb":{"@id":"https:\/\/www.noticiasradioreflejos.com.ar\/2021\/cuando-es-el-dia-del-padre-2024\/#breadcrumb"},"inLanguage":"es","potentialAction":[{"@type":"ReadAction","target":["https:\/\/www.noticiasradioreflejos.com.ar\/2021\/cuando-es-el-dia-del-padre-2024\/"]}]},{"@type":"ImageObject","inLanguage":"es","@id":"https:\/\/www.noticiasradioreflejos.com.ar\/2021\/cuando-es-el-dia-del-padre-2024\/#primaryimage","url":"https:\/\/cdn.eldestapeweb.com\/eldestape\/062023\/1686800994420.webp?cw=770&amp;ch=440&amp;extw=jpeg","contentUrl":"https:\/\/cdn.eldestapeweb.com\/eldestape\/062023\/1686800994420.webp?cw=770&amp;ch=440&amp;extw=jpeg"},{"@type":"BreadcrumbList","@id":"https:\/\/www.noticiasradioreflejos.com.ar\/2021\/cuando-es-el-dia-del-padre-2024\/#breadcrumb","itemListElement":[{"@type":"ListItem","position":1,"name":"Portada","item":"https:\/\/www.noticiasradioreflejos.com.ar\/2021\/"},{"@type":"ListItem","position":2,"name":"Cu\u00e1ndo es el d\u00eda del padre 2024"}]},{"@type":"WebSite","@id":"https:\/\/www.noticiasradioreflejos.com.ar\/2021\/#website","url":"https:\/\/www.noticiasradioreflejos.com.ar\/2021\/","name":"Noticias Radio Reflejos","description":"Las noticias de mi comarca","potentialAction":[{"@type":"SearchAction","target":{"@type":"EntryPoint","urlTemplate":"https:\/\/www.noticiasradioreflejos.com.ar\/2021\/?s={search_term_string}"},"query-input":{"@type":"PropertyValueSpecification","valueRequired":true,"valueName":"search_term_string"}}],"inLanguage":"es"},{"@type":"Person","@id":"https:\/\/www.noticiasradioreflejos.com.ar\/2021\/#\/schema\/person\/ad82545263dcc5ec0996818884fd5fb1","name":"Arnaldo Botto","image":{"@type":"ImageObject","inLanguage":"es","@id":"https:\/\/www.noticiasradioreflejos.com.ar\/2021\/#\/schema\/person\/image\/","url":"https:\/\/secure.gravatar.com\/avatar\/55cb5e37c1efa326397366e6974cb338056df65cb50e7d64d1cf314e87504837?s=96&d=mm&r=g","contentUrl":"https:\/\/secure.gravatar.com\/avatar\/55cb5e37c1efa326397366e6974cb338056df65cb50e7d64d1cf314e87504837?s=96&d=mm&r=g","caption":"Arnaldo Botto"},"url":"https:\/\/www.noticiasradioreflejos.com.ar\/2021\/author\/arnaldo\/"}]}},"_links":{"self":[{"href":"https:\/\/www.noticiasradioreflejos.com.ar\/2021\/wp-json\/wp\/v2\/posts\/103747","targetHints":{"allow":["GET"]}}],"collection":[{"href":"https:\/\/www.noticiasradioreflejos.com.ar\/2021\/wp-json\/wp\/v2\/posts"}],"about":[{"href":"https:\/\/www.noticiasradioreflejos.com.ar\/2021\/wp-json\/wp\/v2\/types\/post"}],"author":[{"embeddable":true,"href":"https:\/\/www.noticiasradioreflejos.com.ar\/2021\/wp-json\/wp\/v2\/users\/3"}],"replies":[{"embeddable":true,"href":"https:\/\/www.noticiasradioreflejos.com.ar\/2021\/wp-json\/wp\/v2\/comments?post=103747"}],"version-history":[{"count":2,"href":"https:\/\/www.noticiasradioreflejos.com.ar\/2021\/wp-json\/wp\/v2\/posts\/103747\/revisions"}],"predecessor-version":[{"id":103754,"href":"https:\/\/www.noticiasradioreflejos.com.ar\/2021\/wp-json\/wp\/v2\/posts\/103747\/revisions\/103754"}],"wp:attachment":[{"href":"https:\/\/www.noticiasradioreflejos.com.ar\/2021\/wp-json\/wp\/v2\/media?parent=103747"}],"wp:term":[{"taxonomy":"category","embeddable":true,"href":"https:\/\/www.noticiasradioreflejos.com.ar\/2021\/wp-json\/wp\/v2\/categories?post=103747"},{"taxonomy":"post_tag","embeddable":true,"href":"https:\/\/www.noticiasradioreflejos.com.ar\/2021\/wp-json\/wp\/v2\/tags?post=103747"}],"curies":[{"name":"wp","href":"https:\/\/api.w.org\/{rel}","templated":true}]}}