{"id":103717,"date":"2024-06-10T07:36:41","date_gmt":"2024-06-10T10:36:41","guid":{"rendered":"https:\/\/www.noticiasradioreflejos.com.ar\/2021\/?p=103717"},"modified":"2024-06-10T07:36:41","modified_gmt":"2024-06-10T10:36:41","slug":"10-de-junio-dia-nacional-de-la-seguridad-vial","status":"publish","type":"post","link":"https:\/\/www.noticiasradioreflejos.com.ar\/2021\/10-de-junio-dia-nacional-de-la-seguridad-vial\/","title":{"rendered":"10 de junio &#8211; D\u00eda Nacional de la Seguridad Vial"},"content":{"rendered":"<p><b>SINIESTRALIDAD VIAL: UNA PROBLEM\u00c1TICA QUE REQUIERE UNA ATENCI\u00d3N SERIA Y ADECUADA<\/b><\/p>\n<div align=\"center\">\n<p style=\"text-align: left;\" align=\"center\">L<i>os datos preliminares de la ANSV indican que\u00a0en Argentina, en el a\u00f1o 2023, murieron 12 personas por d\u00eda en siniestros viales. Para cambiar esta realidad, el organismo se propone, a corto y largo plazo, y a partir de datos precisos y confiables, implementar pol\u00edticas p\u00fablicas que generen menos muertos y heridos<\/i><\/p>\n<\/div>\n<p><!--more--><\/p>\n<div align=\"center\">\n<div align=\"center\">\n<div align=\"center\">\n<div style=\"text-align: left;\" align=\"center\"><span style=\"text-align: left;\">Los siniestros viales en Argentina son una problem\u00e1tica seria que solo el a\u00f1o pasado se cobr\u00f3 la vida de 12 personas por d\u00eda, seg\u00fan las estad\u00edsticas anuales elaboradas por la Direcci\u00f3n de Estad\u00edstica Vial del Observatorio Vial de la Agencia Nacional de Seguridad Vial (ANSV).<\/span><\/div>\n<div align=\"center\"><\/div>\n<div align=\"center\">\n<div style=\"text-align: left;\">Esta realidad indica que se deben tomar medidas serias y adecuadas que tengan un sustento basado en datos confiables y precisos.<\/div>\n<div style=\"text-align: left;\">Pr\u00f3ximo a cumplirse un nuevo D\u00eda Nacional de la Seguridad Vial, la ANSV entiende que estos datos, informaci\u00f3n \u00fatil proporcionada por las provincias, son la clave para implementar estrategias y acciones de prevenci\u00f3n, concientizaci\u00f3n, educaci\u00f3n y control, destinadas a reducir los siniestros viales y sus consecuencias.<\/div>\n<div style=\"text-align: left;\">Las estad\u00edsticas 2023 oficiales (aunque a\u00fan son parciales y preliminares) reflejan que 4.369 personas murieron en 3.642 siniestros viales en todo el territorio nacional. De este total, se desprende que la mayor cantidad de fallecidos fueron motociclistas, siendo 4 de cada 10 de las v\u00edctimas fatales (40%). En regiones como en el NOA y en el NEA, la mortalidad de los motociclistas aumenta al 58% y 59% del total de las v\u00edctimas, respectivamente.<\/div>\n<div style=\"text-align: left;\">En segundo lugar, el tipo de usuario con m\u00e1s v\u00edctimas fueron quienes se trasladaban en auto (25%), seguido por peatones (10%). En cuanto al rango de edad, el 38% fueron personas de entre 15 y 34 a\u00f1os y, de acuerdo al g\u00e9nero, el 75% fueron hombres.<\/div>\n<div style=\"text-align: left;\">Sobre la caracterizaci\u00f3n de los siniestros viales fatales, el 53% fueron por colisi\u00f3n, el 12% por vuelcos y el 11% por atropellamiento de peatones. El 46% de los hechos viales ocurrieron en rutas (mayormente nacionales) y de acuerdo a la franja horaria, sucedieron casi en porcentajes iguales, tanto de d\u00eda como de noche.<\/div>\n<div style=\"text-align: left;\">Estos datos son el resultado de un trabajo coordinado con las provincias,\u00a0y permiten tener fuentes demostrables y una metodolog\u00eda con rigurosidad cient\u00edfica. Se trata de datos parciales y preliminares, que son de acceso p\u00fablico\u00a0y est\u00e1n\u00a0disponibles para toda la ciudadan\u00eda en el sitio web del organismo nacional.<\/div>\n<div style=\"text-align: left;\">La siniestralidad vial es un fen\u00f3meno multifactorial que puede darse por la imprudencia de los conductores, el mal estado de las v\u00edas, la distracci\u00f3n de quienes van al volante\u00a0y\u00a0la falta de conocimiento sobre la conducci\u00f3n segura, o bien, por una combinaci\u00f3n de todo esto.<\/div>\n<div style=\"text-align: left;\">Las soluciones, por su parte, requieren del compromiso de organismos nacionales, provinciales y municipales, adem\u00e1s de la participaci\u00f3n activa de organizaciones de la sociedad civil y medios de comunicaci\u00f3n. Solo con la intervenci\u00f3n de esta multiplicidad de actores en conjunto es que se podr\u00e1 lograr concientizar a la sociedad, prevenir siniestros y revertir estos n\u00fameros que preocupan.<\/div>\n<div style=\"text-align: left;\"><b><i>\u00a0<\/i><\/b><\/div>\n<div style=\"text-align: left;\"><b><i>Acceso al Informe de siniestralidad vial fatal A\u00f1o 2023:<\/i><\/b><i>\u00a0<\/i><i><u><a id=\"m_363197408855917013OWAd81e9684-1ff5-3079-5422-1658acda3c4a\" href=\"https:\/\/www.argentina.gob.ar\/sites\/default\/files\/2018\/12\/informe_de_siniestralidad_fatal_2023-febrero_2024.pdf\" target=\"_blank\" rel=\"noopener\" data-saferedirecturl=\"https:\/\/www.google.com\/url?q=https:\/\/www.argentina.gob.ar\/sites\/default\/files\/2018\/12\/informe_de_siniestralidad_fatal_2023-febrero_2024.pdf&amp;source=gmail&amp;ust=1718101499293000&amp;usg=AOvVaw19tAjLQ6QcHSd2IhVv8il4\">https:\/\/www.argentina.gob.ar\/<wbr \/>sites\/default\/files\/2018\/12\/<wbr \/>informe_de_siniestralidad_<wbr \/>fatal_2023-febrero_2024.pdf<\/a><\/u><\/i><\/div>\n<div style=\"text-align: left;\"><\/div>\n<\/div>\n<\/div>\n<\/div>\n<\/div>\n<p><a title=\"2024_info observatorio prensa\" href=\"https:\/\/www.flickr.com\/photos\/182279889@N02\/53781759548\/in\/dateposted-public\/\" data-flickr-embed=\"true\"><img loading=\"lazy\" decoding=\"async\" class=\"aligncenter\" src=\"https:\/\/live.staticflickr.com\/65535\/53781759548_ff9a52f8dd_c.jpg\" alt=\"2024_info observatorio prensa\" width=\"566\" height=\"800\" \/><\/a><\/p>\n","protected":false},"excerpt":{"rendered":"<p>SINIESTRALIDAD VIAL: UNA PROBLEM\u00c1TICA QUE REQUIERE UNA ATENCI\u00d3N SERIA Y ADECUADA Los datos preliminares de la ANSV indican que\u00a0en Argentina, en el a\u00f1o 2023, murieron 12 personas por d\u00eda en siniestros viales. Para cambiar esta realidad, el organismo se propone, a corto y largo plazo, y a partir de datos precisos y confiables, implementar pol\u00edticas [&hellip;]<\/p>\n","protected":false},"author":3,"featured_media":103718,"comment_status":"closed","ping_status":"closed","sticky":false,"template":"","format":"standard","meta":{"footnotes":""},"categories":[24,26],"tags":[],"class_list":["post-103717","post","type-post","status-publish","format-standard","has-post-thumbnail","hentry","category-politica","category-sociedad"],"yoast_head":"<!-- This site is optimized with the Yoast SEO plugin v25.9 - https:\/\/yoast.com\/wordpress\/plugins\/seo\/ -->\n<title>10 de junio - D\u00eda Nacional de la Seguridad Vial - Noticias Radio Reflejos<\/title>\n<meta name=\"robots\" content=\"index, follow, max-snippet:-1, max-image-preview:large, max-video-preview:-1\" \/>\n<link rel=\"canonical\" href=\"https:\/\/www.noticiasradioreflejos.com.ar\/2021\/10-de-junio-dia-nacional-de-la-seguridad-vial\/\" \/>\n<meta property=\"og:locale\" content=\"es_ES\" \/>\n<meta property=\"og:type\" content=\"article\" \/>\n<meta property=\"og:title\" content=\"10 de junio - D\u00eda Nacional de la Seguridad Vial - Noticias Radio Reflejos\" \/>\n<meta property=\"og:description\" content=\"SINIESTRALIDAD VIAL: UNA PROBLEM\u00c1TICA QUE REQUIERE UNA ATENCI\u00d3N SERIA Y ADECUADA Los datos preliminares de la ANSV indican que\u00a0en Argentina, en el a\u00f1o 2023, murieron 12 personas por d\u00eda en siniestros viales. Para cambiar esta realidad, el organismo se propone, a corto y largo plazo, y a partir de datos precisos y confiables, implementar pol\u00edticas [&hellip;]\" \/>\n<meta property=\"og:url\" content=\"https:\/\/www.noticiasradioreflejos.com.ar\/2021\/10-de-junio-dia-nacional-de-la-seguridad-vial\/\" \/>\n<meta property=\"og:site_name\" content=\"Noticias Radio Reflejos\" \/>\n<meta property=\"article:published_time\" content=\"2024-06-10T10:36:41+00:00\" \/>\n<meta property=\"og:image\" content=\"https:\/\/www.noticiasradioreflejos.com.ar\/2021\/wp-content\/uploads\/2024\/06\/ANSV-Dia-Nacional-de-la-Seguridad-Vial.jpeg\" \/>\n\t<meta property=\"og:image:width\" content=\"1280\" \/>\n\t<meta property=\"og:image:height\" content=\"960\" \/>\n\t<meta property=\"og:image:type\" content=\"image\/jpeg\" \/>\n<meta name=\"author\" content=\"Arnaldo Botto\" \/>\n<meta name=\"twitter:card\" content=\"summary_large_image\" \/>\n<script type=\"application\/ld+json\" class=\"yoast-schema-graph\">{\"@context\":\"https:\/\/schema.org\",\"@graph\":[{\"@type\":\"WebPage\",\"@id\":\"https:\/\/www.noticiasradioreflejos.com.ar\/2021\/10-de-junio-dia-nacional-de-la-seguridad-vial\/\",\"url\":\"https:\/\/www.noticiasradioreflejos.com.ar\/2021\/10-de-junio-dia-nacional-de-la-seguridad-vial\/\",\"name\":\"10 de junio - D\u00eda Nacional de la Seguridad Vial - Noticias Radio Reflejos\",\"isPartOf\":{\"@id\":\"https:\/\/www.noticiasradioreflejos.com.ar\/2021\/#website\"},\"primaryImageOfPage\":{\"@id\":\"https:\/\/www.noticiasradioreflejos.com.ar\/2021\/10-de-junio-dia-nacional-de-la-seguridad-vial\/#primaryimage\"},\"image\":{\"@id\":\"https:\/\/www.noticiasradioreflejos.com.ar\/2021\/10-de-junio-dia-nacional-de-la-seguridad-vial\/#primaryimage\"},\"thumbnailUrl\":\"https:\/\/www.noticiasradioreflejos.com.ar\/2021\/wp-content\/uploads\/2024\/06\/ANSV-Dia-Nacional-de-la-Seguridad-Vial.jpeg\",\"datePublished\":\"2024-06-10T10:36:41+00:00\",\"author\":{\"@id\":\"https:\/\/www.noticiasradioreflejos.com.ar\/2021\/#\/schema\/person\/ad82545263dcc5ec0996818884fd5fb1\"},\"breadcrumb\":{\"@id\":\"https:\/\/www.noticiasradioreflejos.com.ar\/2021\/10-de-junio-dia-nacional-de-la-seguridad-vial\/#breadcrumb\"},\"inLanguage\":\"es\",\"potentialAction\":[{\"@type\":\"ReadAction\",\"target\":[\"https:\/\/www.noticiasradioreflejos.com.ar\/2021\/10-de-junio-dia-nacional-de-la-seguridad-vial\/\"]}]},{\"@type\":\"ImageObject\",\"inLanguage\":\"es\",\"@id\":\"https:\/\/www.noticiasradioreflejos.com.ar\/2021\/10-de-junio-dia-nacional-de-la-seguridad-vial\/#primaryimage\",\"url\":\"https:\/\/www.noticiasradioreflejos.com.ar\/2021\/wp-content\/uploads\/2024\/06\/ANSV-Dia-Nacional-de-la-Seguridad-Vial.jpeg\",\"contentUrl\":\"https:\/\/www.noticiasradioreflejos.com.ar\/2021\/wp-content\/uploads\/2024\/06\/ANSV-Dia-Nacional-de-la-Seguridad-Vial.jpeg\",\"width\":1280,\"height\":960},{\"@type\":\"BreadcrumbList\",\"@id\":\"https:\/\/www.noticiasradioreflejos.com.ar\/2021\/10-de-junio-dia-nacional-de-la-seguridad-vial\/#breadcrumb\",\"itemListElement\":[{\"@type\":\"ListItem\",\"position\":1,\"name\":\"Portada\",\"item\":\"https:\/\/www.noticiasradioreflejos.com.ar\/2021\/\"},{\"@type\":\"ListItem\",\"position\":2,\"name\":\"10 de junio &#8211; D\u00eda Nacional de la Seguridad Vial\"}]},{\"@type\":\"WebSite\",\"@id\":\"https:\/\/www.noticiasradioreflejos.com.ar\/2021\/#website\",\"url\":\"https:\/\/www.noticiasradioreflejos.com.ar\/2021\/\",\"name\":\"Noticias Radio Reflejos\",\"description\":\"Las noticias de mi comarca\",\"potentialAction\":[{\"@type\":\"SearchAction\",\"target\":{\"@type\":\"EntryPoint\",\"urlTemplate\":\"https:\/\/www.noticiasradioreflejos.com.ar\/2021\/?s={search_term_string}\"},\"query-input\":{\"@type\":\"PropertyValueSpecification\",\"valueRequired\":true,\"valueName\":\"search_term_string\"}}],\"inLanguage\":\"es\"},{\"@type\":\"Person\",\"@id\":\"https:\/\/www.noticiasradioreflejos.com.ar\/2021\/#\/schema\/person\/ad82545263dcc5ec0996818884fd5fb1\",\"name\":\"Arnaldo Botto\",\"image\":{\"@type\":\"ImageObject\",\"inLanguage\":\"es\",\"@id\":\"https:\/\/www.noticiasradioreflejos.com.ar\/2021\/#\/schema\/person\/image\/\",\"url\":\"https:\/\/secure.gravatar.com\/avatar\/55cb5e37c1efa326397366e6974cb338056df65cb50e7d64d1cf314e87504837?s=96&d=mm&r=g\",\"contentUrl\":\"https:\/\/secure.gravatar.com\/avatar\/55cb5e37c1efa326397366e6974cb338056df65cb50e7d64d1cf314e87504837?s=96&d=mm&r=g\",\"caption\":\"Arnaldo Botto\"},\"url\":\"https:\/\/www.noticiasradioreflejos.com.ar\/2021\/author\/arnaldo\/\"}]}<\/script>\n<!-- \/ Yoast SEO plugin. -->","yoast_head_json":{"title":"10 de junio - D\u00eda Nacional de la Seguridad Vial - Noticias Radio Reflejos","robots":{"index":"index","follow":"follow","max-snippet":"max-snippet:-1","max-image-preview":"max-image-preview:large","max-video-preview":"max-video-preview:-1"},"canonical":"https:\/\/www.noticiasradioreflejos.com.ar\/2021\/10-de-junio-dia-nacional-de-la-seguridad-vial\/","og_locale":"es_ES","og_type":"article","og_title":"10 de junio - D\u00eda Nacional de la Seguridad Vial - Noticias Radio Reflejos","og_description":"SINIESTRALIDAD VIAL: UNA PROBLEM\u00c1TICA QUE REQUIERE UNA ATENCI\u00d3N SERIA Y ADECUADA Los datos preliminares de la ANSV indican que\u00a0en Argentina, en el a\u00f1o 2023, murieron 12 personas por d\u00eda en siniestros viales. Para cambiar esta realidad, el organismo se propone, a corto y largo plazo, y a partir de datos precisos y confiables, implementar pol\u00edticas [&hellip;]","og_url":"https:\/\/www.noticiasradioreflejos.com.ar\/2021\/10-de-junio-dia-nacional-de-la-seguridad-vial\/","og_site_name":"Noticias Radio Reflejos","article_published_time":"2024-06-10T10:36:41+00:00","og_image":[{"width":1280,"height":960,"url":"https:\/\/www.noticiasradioreflejos.com.ar\/2021\/wp-content\/uploads\/2024\/06\/ANSV-Dia-Nacional-de-la-Seguridad-Vial.jpeg","type":"image\/jpeg"}],"author":"Arnaldo Botto","twitter_card":"summary_large_image","schema":{"@context":"https:\/\/schema.org","@graph":[{"@type":"WebPage","@id":"https:\/\/www.noticiasradioreflejos.com.ar\/2021\/10-de-junio-dia-nacional-de-la-seguridad-vial\/","url":"https:\/\/www.noticiasradioreflejos.com.ar\/2021\/10-de-junio-dia-nacional-de-la-seguridad-vial\/","name":"10 de junio - D\u00eda Nacional de la Seguridad Vial - Noticias Radio Reflejos","isPartOf":{"@id":"https:\/\/www.noticiasradioreflejos.com.ar\/2021\/#website"},"primaryImageOfPage":{"@id":"https:\/\/www.noticiasradioreflejos.com.ar\/2021\/10-de-junio-dia-nacional-de-la-seguridad-vial\/#primaryimage"},"image":{"@id":"https:\/\/www.noticiasradioreflejos.com.ar\/2021\/10-de-junio-dia-nacional-de-la-seguridad-vial\/#primaryimage"},"thumbnailUrl":"https:\/\/www.noticiasradioreflejos.com.ar\/2021\/wp-content\/uploads\/2024\/06\/ANSV-Dia-Nacional-de-la-Seguridad-Vial.jpeg","datePublished":"2024-06-10T10:36:41+00:00","author":{"@id":"https:\/\/www.noticiasradioreflejos.com.ar\/2021\/#\/schema\/person\/ad82545263dcc5ec0996818884fd5fb1"},"breadcrumb":{"@id":"https:\/\/www.noticiasradioreflejos.com.ar\/2021\/10-de-junio-dia-nacional-de-la-seguridad-vial\/#breadcrumb"},"inLanguage":"es","potentialAction":[{"@type":"ReadAction","target":["https:\/\/www.noticiasradioreflejos.com.ar\/2021\/10-de-junio-dia-nacional-de-la-seguridad-vial\/"]}]},{"@type":"ImageObject","inLanguage":"es","@id":"https:\/\/www.noticiasradioreflejos.com.ar\/2021\/10-de-junio-dia-nacional-de-la-seguridad-vial\/#primaryimage","url":"https:\/\/www.noticiasradioreflejos.com.ar\/2021\/wp-content\/uploads\/2024\/06\/ANSV-Dia-Nacional-de-la-Seguridad-Vial.jpeg","contentUrl":"https:\/\/www.noticiasradioreflejos.com.ar\/2021\/wp-content\/uploads\/2024\/06\/ANSV-Dia-Nacional-de-la-Seguridad-Vial.jpeg","width":1280,"height":960},{"@type":"BreadcrumbList","@id":"https:\/\/www.noticiasradioreflejos.com.ar\/2021\/10-de-junio-dia-nacional-de-la-seguridad-vial\/#breadcrumb","itemListElement":[{"@type":"ListItem","position":1,"name":"Portada","item":"https:\/\/www.noticiasradioreflejos.com.ar\/2021\/"},{"@type":"ListItem","position":2,"name":"10 de junio &#8211; D\u00eda Nacional de la Seguridad Vial"}]},{"@type":"WebSite","@id":"https:\/\/www.noticiasradioreflejos.com.ar\/2021\/#website","url":"https:\/\/www.noticiasradioreflejos.com.ar\/2021\/","name":"Noticias Radio Reflejos","description":"Las noticias de mi comarca","potentialAction":[{"@type":"SearchAction","target":{"@type":"EntryPoint","urlTemplate":"https:\/\/www.noticiasradioreflejos.com.ar\/2021\/?s={search_term_string}"},"query-input":{"@type":"PropertyValueSpecification","valueRequired":true,"valueName":"search_term_string"}}],"inLanguage":"es"},{"@type":"Person","@id":"https:\/\/www.noticiasradioreflejos.com.ar\/2021\/#\/schema\/person\/ad82545263dcc5ec0996818884fd5fb1","name":"Arnaldo Botto","image":{"@type":"ImageObject","inLanguage":"es","@id":"https:\/\/www.noticiasradioreflejos.com.ar\/2021\/#\/schema\/person\/image\/","url":"https:\/\/secure.gravatar.com\/avatar\/55cb5e37c1efa326397366e6974cb338056df65cb50e7d64d1cf314e87504837?s=96&d=mm&r=g","contentUrl":"https:\/\/secure.gravatar.com\/avatar\/55cb5e37c1efa326397366e6974cb338056df65cb50e7d64d1cf314e87504837?s=96&d=mm&r=g","caption":"Arnaldo Botto"},"url":"https:\/\/www.noticiasradioreflejos.com.ar\/2021\/author\/arnaldo\/"}]}},"_links":{"self":[{"href":"https:\/\/www.noticiasradioreflejos.com.ar\/2021\/wp-json\/wp\/v2\/posts\/103717","targetHints":{"allow":["GET"]}}],"collection":[{"href":"https:\/\/www.noticiasradioreflejos.com.ar\/2021\/wp-json\/wp\/v2\/posts"}],"about":[{"href":"https:\/\/www.noticiasradioreflejos.com.ar\/2021\/wp-json\/wp\/v2\/types\/post"}],"author":[{"embeddable":true,"href":"https:\/\/www.noticiasradioreflejos.com.ar\/2021\/wp-json\/wp\/v2\/users\/3"}],"replies":[{"embeddable":true,"href":"https:\/\/www.noticiasradioreflejos.com.ar\/2021\/wp-json\/wp\/v2\/comments?post=103717"}],"version-history":[{"count":1,"href":"https:\/\/www.noticiasradioreflejos.com.ar\/2021\/wp-json\/wp\/v2\/posts\/103717\/revisions"}],"predecessor-version":[{"id":103719,"href":"https:\/\/www.noticiasradioreflejos.com.ar\/2021\/wp-json\/wp\/v2\/posts\/103717\/revisions\/103719"}],"wp:featuredmedia":[{"embeddable":true,"href":"https:\/\/www.noticiasradioreflejos.com.ar\/2021\/wp-json\/wp\/v2\/media\/103718"}],"wp:attachment":[{"href":"https:\/\/www.noticiasradioreflejos.com.ar\/2021\/wp-json\/wp\/v2\/media?parent=103717"}],"wp:term":[{"taxonomy":"category","embeddable":true,"href":"https:\/\/www.noticiasradioreflejos.com.ar\/2021\/wp-json\/wp\/v2\/categories?post=103717"},{"taxonomy":"post_tag","embeddable":true,"href":"https:\/\/www.noticiasradioreflejos.com.ar\/2021\/wp-json\/wp\/v2\/tags?post=103717"}],"curies":[{"name":"wp","href":"https:\/\/api.w.org\/{rel}","templated":true}]}}