{"id":103692,"date":"2024-06-08T09:55:21","date_gmt":"2024-06-08T12:55:21","guid":{"rendered":"https:\/\/www.noticiasradioreflejos.com.ar\/2021\/?p=103692"},"modified":"2024-06-08T09:56:22","modified_gmt":"2024-06-08T12:56:22","slug":"sabado-gris-y-domingo-con-lluvias-en-la-comarca","status":"publish","type":"post","link":"https:\/\/www.noticiasradioreflejos.com.ar\/2021\/sabado-gris-y-domingo-con-lluvias-en-la-comarca\/","title":{"rendered":"S\u00e1bado gris y domingo con lluvias en la comarca."},"content":{"rendered":"<p class=\"article-deck\">El Servicio Meteorol\u00f3gico Nacional alert\u00f3 que podr\u00edan desmejorar las condiciones del clima en las pr\u00f3ximas horas en la zona de Ventania.<!--more--><\/p>\n<p>Las<strong>\u00a0<\/strong><strong>altas temperaturas<\/strong><strong>\u00a0<\/strong>que sorprendieron los \u00faltimos d\u00edas a la\u00a0<strong>Comarca serrana y alrededores<\/strong>\u00a0dar\u00edan paso a un cambio brusco en el\u00a0<strong>clima<\/strong>, con la posible llegada de\u00a0<strong>lluvias<\/strong>\u00a0este fin de semana.<\/p>\n<p>Mi\u00e9rcoles, jueves y viernes tuvimos marcas superiores a los 20\u00b0 en toda la regi\u00f3n,\u00a0 y se espera que el lunes inicie con buenas condiciones del clima, pero podr\u00eda cerrar con algo de inestabilidad.<\/p>\n<h3>Cu\u00e1ndo llegan las lluvias a Buenos Aires<\/h3>\n<p>El\u00a0<strong>Servicio Meteorol\u00f3gico Nacional (SMN)<\/strong>\u00a0prev\u00e9 un\u00a0<strong>s\u00e1bado<\/strong> con neblina en la madrugada y ma\u00f1ana, y cielo mayormente nublado para la tarde y noche, acompa\u00f1ado por temperaturas de entre 14 y 21 grados.<\/p>\n<p>En tanto,\u00a0<strong>ser\u00eda el domingo cuando podr\u00edan regresar las precipitaciones: hay probabilidad de chaparrones para la madrugada y ma\u00f1ana<\/strong>, pero mejorando en la tarde con cielo parcialmente nublado. Las temperaturas arrancar\u00e1n en 17\u00b0 y por la noche descender\u00e1n de los 10\u00b0.<\/p>\n<h3>C\u00f3mo sigue el clima en Sierra de la Ventana<\/h3>\n<p><strong>Lunes se espera con buenas condiciones<\/strong>. Cielo parcialmente nublado para todo el d\u00eda, con temperaturas de entre 6 y 17 grados.<\/p>\n<p>En tanto, el martes se mantendr\u00eda con cielo parcialmente nublado en la madrugada y ma\u00f1ana, pero mayormente nublado en la tarde y noche, con marcas de 9 y 17 grados. Se esperan chaparrones aislados martes al mediod\u00eda y jueves desde el mediod\u00eda y tarde.<\/p>\n","protected":false},"excerpt":{"rendered":"<p>El Servicio Meteorol\u00f3gico Nacional alert\u00f3 que podr\u00edan desmejorar las condiciones del clima en las pr\u00f3ximas horas en la zona de Ventania.<\/p>\n","protected":false},"author":3,"featured_media":67263,"comment_status":"closed","ping_status":"closed","sticky":false,"template":"","format":"standard","meta":{"footnotes":""},"categories":[46],"tags":[48],"class_list":["post-103692","post","type-post","status-publish","format-standard","has-post-thumbnail","hentry","category-ciencia-y-tecnologia","tag-destacada"],"yoast_head":"<!-- This site is optimized with the Yoast SEO plugin v25.9 - https:\/\/yoast.com\/wordpress\/plugins\/seo\/ -->\n<title>S\u00e1bado gris y domingo con lluvias en la comarca. - Noticias Radio Reflejos<\/title>\n<meta name=\"robots\" content=\"index, follow, max-snippet:-1, max-image-preview:large, max-video-preview:-1\" \/>\n<link rel=\"canonical\" href=\"https:\/\/www.noticiasradioreflejos.com.ar\/2021\/sabado-gris-y-domingo-con-lluvias-en-la-comarca\/\" \/>\n<meta property=\"og:locale\" content=\"es_ES\" \/>\n<meta property=\"og:type\" content=\"article\" \/>\n<meta property=\"og:title\" content=\"S\u00e1bado gris y domingo con lluvias en la comarca. - Noticias Radio Reflejos\" \/>\n<meta property=\"og:description\" content=\"El Servicio Meteorol\u00f3gico Nacional alert\u00f3 que podr\u00edan desmejorar las condiciones del clima en las pr\u00f3ximas horas en la zona de Ventania.\" \/>\n<meta property=\"og:url\" content=\"https:\/\/www.noticiasradioreflejos.com.ar\/2021\/sabado-gris-y-domingo-con-lluvias-en-la-comarca\/\" \/>\n<meta property=\"og:site_name\" content=\"Noticias Radio Reflejos\" \/>\n<meta property=\"article:published_time\" content=\"2024-06-08T12:55:21+00:00\" \/>\n<meta property=\"article:modified_time\" content=\"2024-06-08T12:56:22+00:00\" \/>\n<meta property=\"og:image\" content=\"https:\/\/www.noticiasradioreflejos.com.ar\/2021\/wp-content\/uploads\/2022\/01\/Av-Roca-con-lluvias.jpg\" \/>\n\t<meta property=\"og:image:width\" content=\"2048\" \/>\n\t<meta property=\"og:image:height\" content=\"1365\" \/>\n\t<meta property=\"og:image:type\" content=\"image\/jpeg\" \/>\n<meta name=\"author\" content=\"Arnaldo Botto\" \/>\n<meta name=\"twitter:card\" content=\"summary_large_image\" \/>\n<script type=\"application\/ld+json\" class=\"yoast-schema-graph\">{\"@context\":\"https:\/\/schema.org\",\"@graph\":[{\"@type\":\"WebPage\",\"@id\":\"https:\/\/www.noticiasradioreflejos.com.ar\/2021\/sabado-gris-y-domingo-con-lluvias-en-la-comarca\/\",\"url\":\"https:\/\/www.noticiasradioreflejos.com.ar\/2021\/sabado-gris-y-domingo-con-lluvias-en-la-comarca\/\",\"name\":\"S\u00e1bado gris y domingo con lluvias en la comarca. - Noticias Radio Reflejos\",\"isPartOf\":{\"@id\":\"https:\/\/www.noticiasradioreflejos.com.ar\/2021\/#website\"},\"primaryImageOfPage\":{\"@id\":\"https:\/\/www.noticiasradioreflejos.com.ar\/2021\/sabado-gris-y-domingo-con-lluvias-en-la-comarca\/#primaryimage\"},\"image\":{\"@id\":\"https:\/\/www.noticiasradioreflejos.com.ar\/2021\/sabado-gris-y-domingo-con-lluvias-en-la-comarca\/#primaryimage\"},\"thumbnailUrl\":\"https:\/\/www.noticiasradioreflejos.com.ar\/2021\/wp-content\/uploads\/2022\/01\/Av-Roca-con-lluvias.jpg\",\"datePublished\":\"2024-06-08T12:55:21+00:00\",\"dateModified\":\"2024-06-08T12:56:22+00:00\",\"author\":{\"@id\":\"https:\/\/www.noticiasradioreflejos.com.ar\/2021\/#\/schema\/person\/ad82545263dcc5ec0996818884fd5fb1\"},\"breadcrumb\":{\"@id\":\"https:\/\/www.noticiasradioreflejos.com.ar\/2021\/sabado-gris-y-domingo-con-lluvias-en-la-comarca\/#breadcrumb\"},\"inLanguage\":\"es\",\"potentialAction\":[{\"@type\":\"ReadAction\",\"target\":[\"https:\/\/www.noticiasradioreflejos.com.ar\/2021\/sabado-gris-y-domingo-con-lluvias-en-la-comarca\/\"]}]},{\"@type\":\"ImageObject\",\"inLanguage\":\"es\",\"@id\":\"https:\/\/www.noticiasradioreflejos.com.ar\/2021\/sabado-gris-y-domingo-con-lluvias-en-la-comarca\/#primaryimage\",\"url\":\"https:\/\/www.noticiasradioreflejos.com.ar\/2021\/wp-content\/uploads\/2022\/01\/Av-Roca-con-lluvias.jpg\",\"contentUrl\":\"https:\/\/www.noticiasradioreflejos.com.ar\/2021\/wp-content\/uploads\/2022\/01\/Av-Roca-con-lluvias.jpg\",\"width\":2048,\"height\":1365},{\"@type\":\"BreadcrumbList\",\"@id\":\"https:\/\/www.noticiasradioreflejos.com.ar\/2021\/sabado-gris-y-domingo-con-lluvias-en-la-comarca\/#breadcrumb\",\"itemListElement\":[{\"@type\":\"ListItem\",\"position\":1,\"name\":\"Portada\",\"item\":\"https:\/\/www.noticiasradioreflejos.com.ar\/2021\/\"},{\"@type\":\"ListItem\",\"position\":2,\"name\":\"S\u00e1bado gris y domingo con lluvias en la comarca.\"}]},{\"@type\":\"WebSite\",\"@id\":\"https:\/\/www.noticiasradioreflejos.com.ar\/2021\/#website\",\"url\":\"https:\/\/www.noticiasradioreflejos.com.ar\/2021\/\",\"name\":\"Noticias Radio Reflejos\",\"description\":\"Las noticias de mi comarca\",\"potentialAction\":[{\"@type\":\"SearchAction\",\"target\":{\"@type\":\"EntryPoint\",\"urlTemplate\":\"https:\/\/www.noticiasradioreflejos.com.ar\/2021\/?s={search_term_string}\"},\"query-input\":{\"@type\":\"PropertyValueSpecification\",\"valueRequired\":true,\"valueName\":\"search_term_string\"}}],\"inLanguage\":\"es\"},{\"@type\":\"Person\",\"@id\":\"https:\/\/www.noticiasradioreflejos.com.ar\/2021\/#\/schema\/person\/ad82545263dcc5ec0996818884fd5fb1\",\"name\":\"Arnaldo Botto\",\"image\":{\"@type\":\"ImageObject\",\"inLanguage\":\"es\",\"@id\":\"https:\/\/www.noticiasradioreflejos.com.ar\/2021\/#\/schema\/person\/image\/\",\"url\":\"https:\/\/secure.gravatar.com\/avatar\/55cb5e37c1efa326397366e6974cb338056df65cb50e7d64d1cf314e87504837?s=96&d=mm&r=g\",\"contentUrl\":\"https:\/\/secure.gravatar.com\/avatar\/55cb5e37c1efa326397366e6974cb338056df65cb50e7d64d1cf314e87504837?s=96&d=mm&r=g\",\"caption\":\"Arnaldo Botto\"},\"url\":\"https:\/\/www.noticiasradioreflejos.com.ar\/2021\/author\/arnaldo\/\"}]}<\/script>\n<!-- \/ Yoast SEO plugin. -->","yoast_head_json":{"title":"S\u00e1bado gris y domingo con lluvias en la comarca. - Noticias Radio Reflejos","robots":{"index":"index","follow":"follow","max-snippet":"max-snippet:-1","max-image-preview":"max-image-preview:large","max-video-preview":"max-video-preview:-1"},"canonical":"https:\/\/www.noticiasradioreflejos.com.ar\/2021\/sabado-gris-y-domingo-con-lluvias-en-la-comarca\/","og_locale":"es_ES","og_type":"article","og_title":"S\u00e1bado gris y domingo con lluvias en la comarca. - Noticias Radio Reflejos","og_description":"El Servicio Meteorol\u00f3gico Nacional alert\u00f3 que podr\u00edan desmejorar las condiciones del clima en las pr\u00f3ximas horas en la zona de Ventania.","og_url":"https:\/\/www.noticiasradioreflejos.com.ar\/2021\/sabado-gris-y-domingo-con-lluvias-en-la-comarca\/","og_site_name":"Noticias Radio Reflejos","article_published_time":"2024-06-08T12:55:21+00:00","article_modified_time":"2024-06-08T12:56:22+00:00","og_image":[{"width":2048,"height":1365,"url":"https:\/\/www.noticiasradioreflejos.com.ar\/2021\/wp-content\/uploads\/2022\/01\/Av-Roca-con-lluvias.jpg","type":"image\/jpeg"}],"author":"Arnaldo Botto","twitter_card":"summary_large_image","schema":{"@context":"https:\/\/schema.org","@graph":[{"@type":"WebPage","@id":"https:\/\/www.noticiasradioreflejos.com.ar\/2021\/sabado-gris-y-domingo-con-lluvias-en-la-comarca\/","url":"https:\/\/www.noticiasradioreflejos.com.ar\/2021\/sabado-gris-y-domingo-con-lluvias-en-la-comarca\/","name":"S\u00e1bado gris y domingo con lluvias en la comarca. - Noticias Radio Reflejos","isPartOf":{"@id":"https:\/\/www.noticiasradioreflejos.com.ar\/2021\/#website"},"primaryImageOfPage":{"@id":"https:\/\/www.noticiasradioreflejos.com.ar\/2021\/sabado-gris-y-domingo-con-lluvias-en-la-comarca\/#primaryimage"},"image":{"@id":"https:\/\/www.noticiasradioreflejos.com.ar\/2021\/sabado-gris-y-domingo-con-lluvias-en-la-comarca\/#primaryimage"},"thumbnailUrl":"https:\/\/www.noticiasradioreflejos.com.ar\/2021\/wp-content\/uploads\/2022\/01\/Av-Roca-con-lluvias.jpg","datePublished":"2024-06-08T12:55:21+00:00","dateModified":"2024-06-08T12:56:22+00:00","author":{"@id":"https:\/\/www.noticiasradioreflejos.com.ar\/2021\/#\/schema\/person\/ad82545263dcc5ec0996818884fd5fb1"},"breadcrumb":{"@id":"https:\/\/www.noticiasradioreflejos.com.ar\/2021\/sabado-gris-y-domingo-con-lluvias-en-la-comarca\/#breadcrumb"},"inLanguage":"es","potentialAction":[{"@type":"ReadAction","target":["https:\/\/www.noticiasradioreflejos.com.ar\/2021\/sabado-gris-y-domingo-con-lluvias-en-la-comarca\/"]}]},{"@type":"ImageObject","inLanguage":"es","@id":"https:\/\/www.noticiasradioreflejos.com.ar\/2021\/sabado-gris-y-domingo-con-lluvias-en-la-comarca\/#primaryimage","url":"https:\/\/www.noticiasradioreflejos.com.ar\/2021\/wp-content\/uploads\/2022\/01\/Av-Roca-con-lluvias.jpg","contentUrl":"https:\/\/www.noticiasradioreflejos.com.ar\/2021\/wp-content\/uploads\/2022\/01\/Av-Roca-con-lluvias.jpg","width":2048,"height":1365},{"@type":"BreadcrumbList","@id":"https:\/\/www.noticiasradioreflejos.com.ar\/2021\/sabado-gris-y-domingo-con-lluvias-en-la-comarca\/#breadcrumb","itemListElement":[{"@type":"ListItem","position":1,"name":"Portada","item":"https:\/\/www.noticiasradioreflejos.com.ar\/2021\/"},{"@type":"ListItem","position":2,"name":"S\u00e1bado gris y domingo con lluvias en la comarca."}]},{"@type":"WebSite","@id":"https:\/\/www.noticiasradioreflejos.com.ar\/2021\/#website","url":"https:\/\/www.noticiasradioreflejos.com.ar\/2021\/","name":"Noticias Radio Reflejos","description":"Las noticias de mi comarca","potentialAction":[{"@type":"SearchAction","target":{"@type":"EntryPoint","urlTemplate":"https:\/\/www.noticiasradioreflejos.com.ar\/2021\/?s={search_term_string}"},"query-input":{"@type":"PropertyValueSpecification","valueRequired":true,"valueName":"search_term_string"}}],"inLanguage":"es"},{"@type":"Person","@id":"https:\/\/www.noticiasradioreflejos.com.ar\/2021\/#\/schema\/person\/ad82545263dcc5ec0996818884fd5fb1","name":"Arnaldo Botto","image":{"@type":"ImageObject","inLanguage":"es","@id":"https:\/\/www.noticiasradioreflejos.com.ar\/2021\/#\/schema\/person\/image\/","url":"https:\/\/secure.gravatar.com\/avatar\/55cb5e37c1efa326397366e6974cb338056df65cb50e7d64d1cf314e87504837?s=96&d=mm&r=g","contentUrl":"https:\/\/secure.gravatar.com\/avatar\/55cb5e37c1efa326397366e6974cb338056df65cb50e7d64d1cf314e87504837?s=96&d=mm&r=g","caption":"Arnaldo Botto"},"url":"https:\/\/www.noticiasradioreflejos.com.ar\/2021\/author\/arnaldo\/"}]}},"_links":{"self":[{"href":"https:\/\/www.noticiasradioreflejos.com.ar\/2021\/wp-json\/wp\/v2\/posts\/103692","targetHints":{"allow":["GET"]}}],"collection":[{"href":"https:\/\/www.noticiasradioreflejos.com.ar\/2021\/wp-json\/wp\/v2\/posts"}],"about":[{"href":"https:\/\/www.noticiasradioreflejos.com.ar\/2021\/wp-json\/wp\/v2\/types\/post"}],"author":[{"embeddable":true,"href":"https:\/\/www.noticiasradioreflejos.com.ar\/2021\/wp-json\/wp\/v2\/users\/3"}],"replies":[{"embeddable":true,"href":"https:\/\/www.noticiasradioreflejos.com.ar\/2021\/wp-json\/wp\/v2\/comments?post=103692"}],"version-history":[{"count":2,"href":"https:\/\/www.noticiasradioreflejos.com.ar\/2021\/wp-json\/wp\/v2\/posts\/103692\/revisions"}],"predecessor-version":[{"id":103694,"href":"https:\/\/www.noticiasradioreflejos.com.ar\/2021\/wp-json\/wp\/v2\/posts\/103692\/revisions\/103694"}],"wp:featuredmedia":[{"embeddable":true,"href":"https:\/\/www.noticiasradioreflejos.com.ar\/2021\/wp-json\/wp\/v2\/media\/67263"}],"wp:attachment":[{"href":"https:\/\/www.noticiasradioreflejos.com.ar\/2021\/wp-json\/wp\/v2\/media?parent=103692"}],"wp:term":[{"taxonomy":"category","embeddable":true,"href":"https:\/\/www.noticiasradioreflejos.com.ar\/2021\/wp-json\/wp\/v2\/categories?post=103692"},{"taxonomy":"post_tag","embeddable":true,"href":"https:\/\/www.noticiasradioreflejos.com.ar\/2021\/wp-json\/wp\/v2\/tags?post=103692"}],"curies":[{"name":"wp","href":"https:\/\/api.w.org\/{rel}","templated":true}]}}