{"id":103681,"date":"2024-06-08T09:27:47","date_gmt":"2024-06-08T12:27:47","guid":{"rendered":"https:\/\/www.noticiasradioreflejos.com.ar\/2021\/?p=103681"},"modified":"2024-06-08T09:27:47","modified_gmt":"2024-06-08T12:27:47","slug":"universidades-van-a-un-paro-de-48-horas-ante-la-falta-de-respuestas-del-gobierno","status":"publish","type":"post","link":"https:\/\/www.noticiasradioreflejos.com.ar\/2021\/universidades-van-a-un-paro-de-48-horas-ante-la-falta-de-respuestas-del-gobierno\/","title":{"rendered":"Universidades van a un paro de 48 horas \u00abante la falta de respuestas del Gobierno\u00bb"},"content":{"rendered":"<p>Ser\u00e1 para el pr\u00f3ximo martes y mi\u00e9rcoles. Adem\u00e1s los gremios docentes universitarios se movilizar\u00e1n al Congreso junto a otros sindicatos el 12 de junio, desde las 9 hs, para exigirle a los senadores que voten en contra de la Ley Bases.<!--more--><br \/>\nLa Federaci\u00f3n de Docentes de las Universidades (FEDUN) confirm\u00f3 hoy el paro de 48 horas para el pr\u00f3ximo martes y mi\u00e9rcoles \u201cdebido a la falta de respuesta por parte del Gobierno nacional\u201d.<\/p>\n<p>La ratificaci\u00f3n de la medida de fuerza se adopt\u00f3 en el marco de una asamblea de secretarios generales con la participaci\u00f3n de gremios de base para analizar la continuidad del plan de lucha contra el ajuste del financiamiento.<\/p>\n<p>De esta manera, resolvieron \u201cconvocar a un paro de 48 horas para los d\u00edas 11 y 12 de junio, debido a la falta de respuesta por parte del gobierno nacional\u201d.<\/p>\n<p>Adem\u00e1s, resolvieron \u201cmovilizar el pr\u00f3ximo mi\u00e9rcoles 12 de junio frente al Congreso de la Naci\u00f3n, a las 9 hs, para manifestar el absoluto rechazo a la Ley Bases y exigirle a los senadores y las senadoras que voten en contra\u201d.<\/p>\n<p>Luego del plenario, el secretario general de la FEDUN, Daniel Ricci, lament\u00f3 que \u00abdesde la multitudinaria marcha en la que todos los argentinos y las argentinas se expresaron en defensa de la Universidad P\u00fablica ya pas\u00f3 m\u00e1s de un mes y a\u00fan no tuvimos ninguna respuesta del gobierno\u201d.<\/p>\n<p>\u201cEn el \u00faltimo tiempo nuestros salarios siguen deterior\u00e1ndose mes a mes, ya llevamos perdido m\u00e1s de un 60 por ciento de poder adquisitivo frente a la inflaci\u00f3n y no vamos a seguir tolerando este deterioro y falta de respeto\u201d, indic\u00f3.<\/p>\n<p>\u00abEs por eso que convocamos a este paro de 48 horas y, en caso de no tener respuesta, profundizaremos el plan de lucha y convocaremos a nuevas medidas de fuerza\u201d, advirti\u00f3 el dirigente sindical.<\/p>\n<p>&nbsp;<\/p>\n<p><em><strong>Fuente NA<\/strong><\/em><\/p>\n","protected":false},"excerpt":{"rendered":"<p>Ser\u00e1 para el pr\u00f3ximo martes y mi\u00e9rcoles. Adem\u00e1s los gremios docentes universitarios se movilizar\u00e1n al Congreso junto a otros sindicatos el 12 de junio, desde las 9 hs, para exigirle a los senadores que voten en contra de la Ley Bases.<\/p>\n","protected":false},"author":3,"featured_media":103682,"comment_status":"closed","ping_status":"closed","sticky":false,"template":"","format":"standard","meta":{"footnotes":""},"categories":[34],"tags":[],"class_list":["post-103681","post","type-post","status-publish","format-standard","has-post-thumbnail","hentry","category-educacion"],"yoast_head":"<!-- This site is optimized with the Yoast SEO plugin v25.9 - https:\/\/yoast.com\/wordpress\/plugins\/seo\/ -->\n<title>Universidades van a un paro de 48 horas &quot;ante la falta de respuestas del Gobierno&quot; - Noticias Radio Reflejos<\/title>\n<meta name=\"robots\" content=\"index, follow, max-snippet:-1, max-image-preview:large, max-video-preview:-1\" \/>\n<link rel=\"canonical\" href=\"https:\/\/www.noticiasradioreflejos.com.ar\/2021\/universidades-van-a-un-paro-de-48-horas-ante-la-falta-de-respuestas-del-gobierno\/\" \/>\n<meta property=\"og:locale\" content=\"es_ES\" \/>\n<meta property=\"og:type\" content=\"article\" \/>\n<meta property=\"og:title\" content=\"Universidades van a un paro de 48 horas &quot;ante la falta de respuestas del Gobierno&quot; - Noticias Radio Reflejos\" \/>\n<meta property=\"og:description\" content=\"Ser\u00e1 para el pr\u00f3ximo martes y mi\u00e9rcoles. Adem\u00e1s los gremios docentes universitarios se movilizar\u00e1n al Congreso junto a otros sindicatos el 12 de junio, desde las 9 hs, para exigirle a los senadores que voten en contra de la Ley Bases.\" \/>\n<meta property=\"og:url\" content=\"https:\/\/www.noticiasradioreflejos.com.ar\/2021\/universidades-van-a-un-paro-de-48-horas-ante-la-falta-de-respuestas-del-gobierno\/\" \/>\n<meta property=\"og:site_name\" content=\"Noticias Radio Reflejos\" \/>\n<meta property=\"article:published_time\" content=\"2024-06-08T12:27:47+00:00\" \/>\n<meta property=\"og:image\" content=\"https:\/\/www.noticiasradioreflejos.com.ar\/2021\/wp-content\/uploads\/2024\/06\/universidad.jpg\" \/>\n\t<meta property=\"og:image:width\" content=\"1101\" \/>\n\t<meta property=\"og:image:height\" content=\"720\" \/>\n\t<meta property=\"og:image:type\" content=\"image\/jpeg\" \/>\n<meta name=\"author\" content=\"Arnaldo Botto\" \/>\n<meta name=\"twitter:card\" content=\"summary_large_image\" \/>\n<script type=\"application\/ld+json\" class=\"yoast-schema-graph\">{\"@context\":\"https:\/\/schema.org\",\"@graph\":[{\"@type\":\"WebPage\",\"@id\":\"https:\/\/www.noticiasradioreflejos.com.ar\/2021\/universidades-van-a-un-paro-de-48-horas-ante-la-falta-de-respuestas-del-gobierno\/\",\"url\":\"https:\/\/www.noticiasradioreflejos.com.ar\/2021\/universidades-van-a-un-paro-de-48-horas-ante-la-falta-de-respuestas-del-gobierno\/\",\"name\":\"Universidades van a un paro de 48 horas \\\"ante la falta de respuestas del Gobierno\\\" - Noticias Radio Reflejos\",\"isPartOf\":{\"@id\":\"https:\/\/www.noticiasradioreflejos.com.ar\/2021\/#website\"},\"primaryImageOfPage\":{\"@id\":\"https:\/\/www.noticiasradioreflejos.com.ar\/2021\/universidades-van-a-un-paro-de-48-horas-ante-la-falta-de-respuestas-del-gobierno\/#primaryimage\"},\"image\":{\"@id\":\"https:\/\/www.noticiasradioreflejos.com.ar\/2021\/universidades-van-a-un-paro-de-48-horas-ante-la-falta-de-respuestas-del-gobierno\/#primaryimage\"},\"thumbnailUrl\":\"https:\/\/www.noticiasradioreflejos.com.ar\/2021\/wp-content\/uploads\/2024\/06\/universidad.jpg\",\"datePublished\":\"2024-06-08T12:27:47+00:00\",\"author\":{\"@id\":\"https:\/\/www.noticiasradioreflejos.com.ar\/2021\/#\/schema\/person\/ad82545263dcc5ec0996818884fd5fb1\"},\"breadcrumb\":{\"@id\":\"https:\/\/www.noticiasradioreflejos.com.ar\/2021\/universidades-van-a-un-paro-de-48-horas-ante-la-falta-de-respuestas-del-gobierno\/#breadcrumb\"},\"inLanguage\":\"es\",\"potentialAction\":[{\"@type\":\"ReadAction\",\"target\":[\"https:\/\/www.noticiasradioreflejos.com.ar\/2021\/universidades-van-a-un-paro-de-48-horas-ante-la-falta-de-respuestas-del-gobierno\/\"]}]},{\"@type\":\"ImageObject\",\"inLanguage\":\"es\",\"@id\":\"https:\/\/www.noticiasradioreflejos.com.ar\/2021\/universidades-van-a-un-paro-de-48-horas-ante-la-falta-de-respuestas-del-gobierno\/#primaryimage\",\"url\":\"https:\/\/www.noticiasradioreflejos.com.ar\/2021\/wp-content\/uploads\/2024\/06\/universidad.jpg\",\"contentUrl\":\"https:\/\/www.noticiasradioreflejos.com.ar\/2021\/wp-content\/uploads\/2024\/06\/universidad.jpg\",\"width\":1101,\"height\":720},{\"@type\":\"BreadcrumbList\",\"@id\":\"https:\/\/www.noticiasradioreflejos.com.ar\/2021\/universidades-van-a-un-paro-de-48-horas-ante-la-falta-de-respuestas-del-gobierno\/#breadcrumb\",\"itemListElement\":[{\"@type\":\"ListItem\",\"position\":1,\"name\":\"Portada\",\"item\":\"https:\/\/www.noticiasradioreflejos.com.ar\/2021\/\"},{\"@type\":\"ListItem\",\"position\":2,\"name\":\"Universidades van a un paro de 48 horas \u00abante la falta de respuestas del Gobierno\u00bb\"}]},{\"@type\":\"WebSite\",\"@id\":\"https:\/\/www.noticiasradioreflejos.com.ar\/2021\/#website\",\"url\":\"https:\/\/www.noticiasradioreflejos.com.ar\/2021\/\",\"name\":\"Noticias Radio Reflejos\",\"description\":\"Las noticias de mi comarca\",\"potentialAction\":[{\"@type\":\"SearchAction\",\"target\":{\"@type\":\"EntryPoint\",\"urlTemplate\":\"https:\/\/www.noticiasradioreflejos.com.ar\/2021\/?s={search_term_string}\"},\"query-input\":{\"@type\":\"PropertyValueSpecification\",\"valueRequired\":true,\"valueName\":\"search_term_string\"}}],\"inLanguage\":\"es\"},{\"@type\":\"Person\",\"@id\":\"https:\/\/www.noticiasradioreflejos.com.ar\/2021\/#\/schema\/person\/ad82545263dcc5ec0996818884fd5fb1\",\"name\":\"Arnaldo Botto\",\"image\":{\"@type\":\"ImageObject\",\"inLanguage\":\"es\",\"@id\":\"https:\/\/www.noticiasradioreflejos.com.ar\/2021\/#\/schema\/person\/image\/\",\"url\":\"https:\/\/secure.gravatar.com\/avatar\/55cb5e37c1efa326397366e6974cb338056df65cb50e7d64d1cf314e87504837?s=96&d=mm&r=g\",\"contentUrl\":\"https:\/\/secure.gravatar.com\/avatar\/55cb5e37c1efa326397366e6974cb338056df65cb50e7d64d1cf314e87504837?s=96&d=mm&r=g\",\"caption\":\"Arnaldo Botto\"},\"url\":\"https:\/\/www.noticiasradioreflejos.com.ar\/2021\/author\/arnaldo\/\"}]}<\/script>\n<!-- \/ Yoast SEO plugin. -->","yoast_head_json":{"title":"Universidades van a un paro de 48 horas \"ante la falta de respuestas del Gobierno\" - Noticias Radio Reflejos","robots":{"index":"index","follow":"follow","max-snippet":"max-snippet:-1","max-image-preview":"max-image-preview:large","max-video-preview":"max-video-preview:-1"},"canonical":"https:\/\/www.noticiasradioreflejos.com.ar\/2021\/universidades-van-a-un-paro-de-48-horas-ante-la-falta-de-respuestas-del-gobierno\/","og_locale":"es_ES","og_type":"article","og_title":"Universidades van a un paro de 48 horas \"ante la falta de respuestas del Gobierno\" - Noticias Radio Reflejos","og_description":"Ser\u00e1 para el pr\u00f3ximo martes y mi\u00e9rcoles. Adem\u00e1s los gremios docentes universitarios se movilizar\u00e1n al Congreso junto a otros sindicatos el 12 de junio, desde las 9 hs, para exigirle a los senadores que voten en contra de la Ley Bases.","og_url":"https:\/\/www.noticiasradioreflejos.com.ar\/2021\/universidades-van-a-un-paro-de-48-horas-ante-la-falta-de-respuestas-del-gobierno\/","og_site_name":"Noticias Radio Reflejos","article_published_time":"2024-06-08T12:27:47+00:00","og_image":[{"width":1101,"height":720,"url":"https:\/\/www.noticiasradioreflejos.com.ar\/2021\/wp-content\/uploads\/2024\/06\/universidad.jpg","type":"image\/jpeg"}],"author":"Arnaldo Botto","twitter_card":"summary_large_image","schema":{"@context":"https:\/\/schema.org","@graph":[{"@type":"WebPage","@id":"https:\/\/www.noticiasradioreflejos.com.ar\/2021\/universidades-van-a-un-paro-de-48-horas-ante-la-falta-de-respuestas-del-gobierno\/","url":"https:\/\/www.noticiasradioreflejos.com.ar\/2021\/universidades-van-a-un-paro-de-48-horas-ante-la-falta-de-respuestas-del-gobierno\/","name":"Universidades van a un paro de 48 horas \"ante la falta de respuestas del Gobierno\" - Noticias Radio Reflejos","isPartOf":{"@id":"https:\/\/www.noticiasradioreflejos.com.ar\/2021\/#website"},"primaryImageOfPage":{"@id":"https:\/\/www.noticiasradioreflejos.com.ar\/2021\/universidades-van-a-un-paro-de-48-horas-ante-la-falta-de-respuestas-del-gobierno\/#primaryimage"},"image":{"@id":"https:\/\/www.noticiasradioreflejos.com.ar\/2021\/universidades-van-a-un-paro-de-48-horas-ante-la-falta-de-respuestas-del-gobierno\/#primaryimage"},"thumbnailUrl":"https:\/\/www.noticiasradioreflejos.com.ar\/2021\/wp-content\/uploads\/2024\/06\/universidad.jpg","datePublished":"2024-06-08T12:27:47+00:00","author":{"@id":"https:\/\/www.noticiasradioreflejos.com.ar\/2021\/#\/schema\/person\/ad82545263dcc5ec0996818884fd5fb1"},"breadcrumb":{"@id":"https:\/\/www.noticiasradioreflejos.com.ar\/2021\/universidades-van-a-un-paro-de-48-horas-ante-la-falta-de-respuestas-del-gobierno\/#breadcrumb"},"inLanguage":"es","potentialAction":[{"@type":"ReadAction","target":["https:\/\/www.noticiasradioreflejos.com.ar\/2021\/universidades-van-a-un-paro-de-48-horas-ante-la-falta-de-respuestas-del-gobierno\/"]}]},{"@type":"ImageObject","inLanguage":"es","@id":"https:\/\/www.noticiasradioreflejos.com.ar\/2021\/universidades-van-a-un-paro-de-48-horas-ante-la-falta-de-respuestas-del-gobierno\/#primaryimage","url":"https:\/\/www.noticiasradioreflejos.com.ar\/2021\/wp-content\/uploads\/2024\/06\/universidad.jpg","contentUrl":"https:\/\/www.noticiasradioreflejos.com.ar\/2021\/wp-content\/uploads\/2024\/06\/universidad.jpg","width":1101,"height":720},{"@type":"BreadcrumbList","@id":"https:\/\/www.noticiasradioreflejos.com.ar\/2021\/universidades-van-a-un-paro-de-48-horas-ante-la-falta-de-respuestas-del-gobierno\/#breadcrumb","itemListElement":[{"@type":"ListItem","position":1,"name":"Portada","item":"https:\/\/www.noticiasradioreflejos.com.ar\/2021\/"},{"@type":"ListItem","position":2,"name":"Universidades van a un paro de 48 horas \u00abante la falta de respuestas del Gobierno\u00bb"}]},{"@type":"WebSite","@id":"https:\/\/www.noticiasradioreflejos.com.ar\/2021\/#website","url":"https:\/\/www.noticiasradioreflejos.com.ar\/2021\/","name":"Noticias Radio Reflejos","description":"Las noticias de mi comarca","potentialAction":[{"@type":"SearchAction","target":{"@type":"EntryPoint","urlTemplate":"https:\/\/www.noticiasradioreflejos.com.ar\/2021\/?s={search_term_string}"},"query-input":{"@type":"PropertyValueSpecification","valueRequired":true,"valueName":"search_term_string"}}],"inLanguage":"es"},{"@type":"Person","@id":"https:\/\/www.noticiasradioreflejos.com.ar\/2021\/#\/schema\/person\/ad82545263dcc5ec0996818884fd5fb1","name":"Arnaldo Botto","image":{"@type":"ImageObject","inLanguage":"es","@id":"https:\/\/www.noticiasradioreflejos.com.ar\/2021\/#\/schema\/person\/image\/","url":"https:\/\/secure.gravatar.com\/avatar\/55cb5e37c1efa326397366e6974cb338056df65cb50e7d64d1cf314e87504837?s=96&d=mm&r=g","contentUrl":"https:\/\/secure.gravatar.com\/avatar\/55cb5e37c1efa326397366e6974cb338056df65cb50e7d64d1cf314e87504837?s=96&d=mm&r=g","caption":"Arnaldo Botto"},"url":"https:\/\/www.noticiasradioreflejos.com.ar\/2021\/author\/arnaldo\/"}]}},"_links":{"self":[{"href":"https:\/\/www.noticiasradioreflejos.com.ar\/2021\/wp-json\/wp\/v2\/posts\/103681","targetHints":{"allow":["GET"]}}],"collection":[{"href":"https:\/\/www.noticiasradioreflejos.com.ar\/2021\/wp-json\/wp\/v2\/posts"}],"about":[{"href":"https:\/\/www.noticiasradioreflejos.com.ar\/2021\/wp-json\/wp\/v2\/types\/post"}],"author":[{"embeddable":true,"href":"https:\/\/www.noticiasradioreflejos.com.ar\/2021\/wp-json\/wp\/v2\/users\/3"}],"replies":[{"embeddable":true,"href":"https:\/\/www.noticiasradioreflejos.com.ar\/2021\/wp-json\/wp\/v2\/comments?post=103681"}],"version-history":[{"count":1,"href":"https:\/\/www.noticiasradioreflejos.com.ar\/2021\/wp-json\/wp\/v2\/posts\/103681\/revisions"}],"predecessor-version":[{"id":103683,"href":"https:\/\/www.noticiasradioreflejos.com.ar\/2021\/wp-json\/wp\/v2\/posts\/103681\/revisions\/103683"}],"wp:featuredmedia":[{"embeddable":true,"href":"https:\/\/www.noticiasradioreflejos.com.ar\/2021\/wp-json\/wp\/v2\/media\/103682"}],"wp:attachment":[{"href":"https:\/\/www.noticiasradioreflejos.com.ar\/2021\/wp-json\/wp\/v2\/media?parent=103681"}],"wp:term":[{"taxonomy":"category","embeddable":true,"href":"https:\/\/www.noticiasradioreflejos.com.ar\/2021\/wp-json\/wp\/v2\/categories?post=103681"},{"taxonomy":"post_tag","embeddable":true,"href":"https:\/\/www.noticiasradioreflejos.com.ar\/2021\/wp-json\/wp\/v2\/tags?post=103681"}],"curies":[{"name":"wp","href":"https:\/\/api.w.org\/{rel}","templated":true}]}}